{"id":8901,"date":"2021-06-16T08:34:47","date_gmt":"2021-06-16T06:34:47","guid":{"rendered":"https:\/\/www.maistendencia.com\/blog\/?p=8901"},"modified":"2024-01-01T22:31:24","modified_gmt":"2024-01-01T20:31:24","slug":"estilo-para-este-verano-2021","status":"publish","type":"post","link":"https:\/\/www.maistendencia.com\/blog\/estilo-para-este-verano-2021\/","title":{"rendered":"Estilo para este verano 2021"},"content":{"rendered":"<p style=\"text-align: justify;\">Como cada nueva temporada, empiezan a ponerse en tendencia esas prendas que veremos por todas partes este verano 2021. En esta ocasi\u00f3n vamos a hablarte de varios <strong>estilos para chica<\/strong> que no puedes pasar por alto para no dejarte acalorar por las altas temperaturas ourensanas. Todos los art\u00edculos est\u00e1n disponibles en <a href=\"https:\/\/www.maistendencia.com\" target=\"_blank\" rel=\"noopener noreferrer\">Maistendencia<\/a>, y puedes <strong>comprarlos f\u00e1cilmente pinchando en cada una de las fotos<\/strong>.<\/p>\n<h3>Vestidos<\/h3>\n<p style=\"text-align: justify;\">En primer lugar, uno de los elementos que m\u00e1s nos gusta lucir en verano son los vestidos: son fresquitos, c\u00f3modos, y un todo en uno que nos facilita el proceso de escoger qu\u00e9 ropa nos vamos a poner ese d\u00eda.<\/p>\n<p><a href=\"https:\/\/www.maistendencia.com\/vestidos\/3444-vestido-mahavira-sessun-bordados-incrustados\" target=\"_blank\" rel=\"noopener noreferrer\"><img loading=\"lazy\" decoding=\"async\" class=\"alignnone size-full wp-image-8896\" src=\"https:\/\/www.maistendencia.com\/blog\/wp-content\/uploads\/2021\/05\/vestido-mahavira-sessun-1.jpg\" alt=\"vestido-mahavira-sessun-1\" width=\"1500\" height=\"959\" srcset=\"https:\/\/www.maistendencia.com\/blog\/wp-content\/uploads\/2021\/05\/vestido-mahavira-sessun-1.jpg 1500w, https:\/\/www.maistendencia.com\/blog\/wp-content\/uploads\/2021\/05\/vestido-mahavira-sessun-1-300x192.jpg 300w, https:\/\/www.maistendencia.com\/blog\/wp-content\/uploads\/2021\/05\/vestido-mahavira-sessun-1-1024x655.jpg 1024w, https:\/\/www.maistendencia.com\/blog\/wp-content\/uploads\/2021\/05\/vestido-mahavira-sessun-1-50x33.jpg 50w\" sizes=\"auto, (max-width: 1500px) 100vw, 1500px\" \/><\/a><\/p>\n<p style=\"text-align: justify;\">Empezamos con un <strong>vestido cut out<\/strong> en color blanco que nos recuerda a esas pel\u00edculas antiguas de Hollywood con sus mangas bombachas y sus detalles bordados. Nos parece perfecto para cualquier tarde de verano en la que te apetezca hacer alg\u00fan plan especial.<\/p>\n<p><a href=\"https:\/\/www.maistendencia.com\/vestidos\/3443-vestido-eolia-sessun-cuello-escote\" target=\"_blank\" rel=\"noopener noreferrer\"><img loading=\"lazy\" decoding=\"async\" class=\"alignnone size-full wp-image-8895\" src=\"https:\/\/www.maistendencia.com\/blog\/wp-content\/uploads\/2021\/05\/vestido-eolia-sessun-2.jpg\" alt=\"vestido-eolia-sessun-2\" width=\"1500\" height=\"922\" srcset=\"https:\/\/www.maistendencia.com\/blog\/wp-content\/uploads\/2021\/05\/vestido-eolia-sessun-2.jpg 1500w, https:\/\/www.maistendencia.com\/blog\/wp-content\/uploads\/2021\/05\/vestido-eolia-sessun-2-300x184.jpg 300w, https:\/\/www.maistendencia.com\/blog\/wp-content\/uploads\/2021\/05\/vestido-eolia-sessun-2-1024x629.jpg 1024w\" sizes=\"auto, (max-width: 1500px) 100vw, 1500px\" \/><\/a><\/p>\n<p style=\"text-align: justify;\">Un vestido m\u00e1s juguet\u00f3n es este midi naranja con volantes con el que saltar\u00e1s como un pajarillo all\u00e1 donde vayas gracias al movimiento que tiene esta prenda. Una opci\u00f3n para cualquier momento y lugar con una <strong>espalda abierta preciosa<\/strong>.<\/p>\n<p><a href=\"https:\/\/www.maistendencia.com\/vestidos\/3442-vestido-upala-sessun-print-exclusivo\" target=\"_blank\" rel=\"noopener noreferrer\"><img loading=\"lazy\" decoding=\"async\" class=\"alignnone size-full wp-image-8897\" src=\"https:\/\/www.maistendencia.com\/blog\/wp-content\/uploads\/2021\/05\/vestido-upala-sessun-1.jpg\" alt=\"vestido-upala-sessun-1\" width=\"1500\" height=\"922\" srcset=\"https:\/\/www.maistendencia.com\/blog\/wp-content\/uploads\/2021\/05\/vestido-upala-sessun-1.jpg 1500w, https:\/\/www.maistendencia.com\/blog\/wp-content\/uploads\/2021\/05\/vestido-upala-sessun-1-300x184.jpg 300w, https:\/\/www.maistendencia.com\/blog\/wp-content\/uploads\/2021\/05\/vestido-upala-sessun-1-1024x629.jpg 1024w\" sizes=\"auto, (max-width: 1500px) 100vw, 1500px\" \/><\/a><\/p>\n<p style=\"text-align: justify;\">Un todoterreno: c\u00f3modo, combinable y vers\u00e1til. El <strong>efecto fruncido<\/strong> est\u00e1 de moda este a\u00f1o y le da un toque diferente a este vestido midi. Vayas a donde vayas, no querr\u00e1s dejar de pon\u00e9rtelo.<\/p>\n<h3>Calzado<\/h3>\n<p><a href=\"https:\/\/www.maistendencia.com\/calzado-mujer\/3338-sandalia-piel-corte-asimetrico-plana-lawren-204\/2\" target=\"_blank\" rel=\"noopener noreferrer\"><img loading=\"lazy\" decoding=\"async\" class=\"alignnone size-full wp-image-8893\" src=\"https:\/\/www.maistendencia.com\/blog\/wp-content\/uploads\/2021\/05\/Sandalia-piel-corte-asimetrico-plana-Lawren-1.jpeg\" alt=\"Sandalia-piel-corte-asimetrico-plana-Lawren-1\" width=\"1700\" height=\"1700\" srcset=\"https:\/\/www.maistendencia.com\/blog\/wp-content\/uploads\/2021\/05\/Sandalia-piel-corte-asimetrico-plana-Lawren-1.jpeg 1700w, https:\/\/www.maistendencia.com\/blog\/wp-content\/uploads\/2021\/05\/Sandalia-piel-corte-asimetrico-plana-Lawren-1-150x150.jpeg 150w, https:\/\/www.maistendencia.com\/blog\/wp-content\/uploads\/2021\/05\/Sandalia-piel-corte-asimetrico-plana-Lawren-1-300x300.jpeg 300w, https:\/\/www.maistendencia.com\/blog\/wp-content\/uploads\/2021\/05\/Sandalia-piel-corte-asimetrico-plana-Lawren-1-1024x1024.jpeg 1024w\" sizes=\"auto, (max-width: 1700px) 100vw, 1700px\" \/><\/a><\/p>\n<p style=\"text-align: justify;\">Pero cualquier vestido ha de ir combinado con un buen calzado, \u00bfno? Tenemos tres opciones de sandalias que combinan perfectamente con estos tres vestidos, empezando con estas sandalias planas de cuero con corte asim\u00e9trico que aportan a nuestro look un <strong>aire boho<\/strong>.<\/p>\n<p><a href=\"https:\/\/www.maistendencia.com\/calzado-mujer\/3351-cuna-estilo-rafia-de-piel-kaola-mujer\" target=\"_blank\" rel=\"noopener noreferrer\"><img loading=\"lazy\" decoding=\"async\" class=\"alignnone size-full wp-image-8886\" src=\"https:\/\/www.maistendencia.com\/blog\/wp-content\/uploads\/2021\/05\/Cuna-estilo-rafia-de-piel-Kaola-1.jpeg\" alt=\"Cuna-estilo-rafia-de-piel-Kaola-1\" width=\"1500\" height=\"1500\" srcset=\"https:\/\/www.maistendencia.com\/blog\/wp-content\/uploads\/2021\/05\/Cuna-estilo-rafia-de-piel-Kaola-1.jpeg 1500w, https:\/\/www.maistendencia.com\/blog\/wp-content\/uploads\/2021\/05\/Cuna-estilo-rafia-de-piel-Kaola-1-150x150.jpeg 150w, https:\/\/www.maistendencia.com\/blog\/wp-content\/uploads\/2021\/05\/Cuna-estilo-rafia-de-piel-Kaola-1-300x300.jpeg 300w, https:\/\/www.maistendencia.com\/blog\/wp-content\/uploads\/2021\/05\/Cuna-estilo-rafia-de-piel-Kaola-1-1024x1024.jpeg 1024w\" sizes=\"auto, (max-width: 1500px) 100vw, 1500px\" \/><\/a><\/p>\n<p style=\"text-align: justify;\">Si eres m\u00e1s de tac\u00f3n o quieres un resultado un poco m\u00e1s arreglado, estas cu\u00f1as con el mismo tipo de <strong>cuero marr\u00f3n natural<\/strong> ser\u00e1n un gran aliado.<\/p>\n<p><a href=\"https:\/\/www.maistendencia.com\/calzado-mujer\/3345-esclava-hebilla-plastico-marino-reciclado-autenti\" target=\"_blank\" rel=\"noopener noreferrer\"><img loading=\"lazy\" decoding=\"async\" class=\"alignnone size-full wp-image-8887\" src=\"https:\/\/www.maistendencia.com\/blog\/wp-content\/uploads\/2021\/05\/Esclava-hebilla-plastico-marino-reciclado-Autenti-4.jpg\" alt=\"Esclava-hebilla-plastico-marino-reciclado-Autenti-4\" width=\"1500\" height=\"836\" srcset=\"https:\/\/www.maistendencia.com\/blog\/wp-content\/uploads\/2021\/05\/Esclava-hebilla-plastico-marino-reciclado-Autenti-4.jpg 1500w, https:\/\/www.maistendencia.com\/blog\/wp-content\/uploads\/2021\/05\/Esclava-hebilla-plastico-marino-reciclado-Autenti-4-300x167.jpg 300w, https:\/\/www.maistendencia.com\/blog\/wp-content\/uploads\/2021\/05\/Esclava-hebilla-plastico-marino-reciclado-Autenti-4-1024x571.jpg 1024w\" sizes=\"auto, (max-width: 1500px) 100vw, 1500px\" \/><\/a><\/p>\n<p style=\"text-align: justify;\">Las sandalias de dedo est\u00e1n de moda este a\u00f1o no solo para andar por casa o ir a la playa, sino tambi\u00e9n para salir con modelos como estos mucho m\u00e1s fashionistas de lo que estamos acostumbrados. Elige tu color favorito y l\u00facelas con todo tipo de prendas. <strong>Tip: v\u00edstete con un conjunto monocromo para que destaquen mucho m\u00e1s en tu look<\/strong>.<\/p>\n<p><a href=\"https:\/\/www.maistendencia.com\/calzado-mujer\/3466-lona-baja-con-plataforma-color-blanco-beis-y-negro\" target=\"_blank\" rel=\"noopener noreferrer\"><img loading=\"lazy\" decoding=\"async\" class=\"alignnone size-full wp-image-8888\" src=\"https:\/\/www.maistendencia.com\/blog\/wp-content\/uploads\/2021\/05\/Lona-baja-con-plataforma-color-blanco-beis-y-negro-5.jpeg\" alt=\"Lona-baja-con-plataforma-color-blanco-beis-y-negro-5\" width=\"1500\" height=\"1500\" srcset=\"https:\/\/www.maistendencia.com\/blog\/wp-content\/uploads\/2021\/05\/Lona-baja-con-plataforma-color-blanco-beis-y-negro-5.jpeg 1500w, https:\/\/www.maistendencia.com\/blog\/wp-content\/uploads\/2021\/05\/Lona-baja-con-plataforma-color-blanco-beis-y-negro-5-150x150.jpeg 150w, https:\/\/www.maistendencia.com\/blog\/wp-content\/uploads\/2021\/05\/Lona-baja-con-plataforma-color-blanco-beis-y-negro-5-300x300.jpeg 300w, https:\/\/www.maistendencia.com\/blog\/wp-content\/uploads\/2021\/05\/Lona-baja-con-plataforma-color-blanco-beis-y-negro-5-1024x1024.jpeg 1024w\" sizes=\"auto, (max-width: 1500px) 100vw, 1500px\" \/><\/a><\/p>\n<p style=\"text-align: justify;\">No pod\u00edamos olvidarnos de un par de deportivas o tenis para los d\u00edas en que vamos a caminar un poco m\u00e1s de lo normal o nos apetece vestirnos m\u00e1s c\u00f3modos con unos simples joggers y una camiseta floja. Estas <strong>zapatillas estilo Converse de plataforma<\/strong> tienen todo lo que le pedimos a unas deportivas para convertirse en nuestras favoritas.<\/p>\n<h3>Pantalones<\/h3>\n<p><a href=\"https:\/\/www.maistendencia.com\/pantalones\/1892-pantalon-maison-scotch-vichy\" target=\"_blank\" rel=\"noopener noreferrer\"><img loading=\"lazy\" decoding=\"async\" class=\"alignnone size-full wp-image-8890\" src=\"https:\/\/www.maistendencia.com\/blog\/wp-content\/uploads\/2021\/05\/Pantalon-Maison-Scotch-vichy.jpg\" alt=\"Pantalon-Maison-Scotch-vichy\" width=\"1500\" height=\"959\" srcset=\"https:\/\/www.maistendencia.com\/blog\/wp-content\/uploads\/2021\/05\/Pantalon-Maison-Scotch-vichy.jpg 1500w, https:\/\/www.maistendencia.com\/blog\/wp-content\/uploads\/2021\/05\/Pantalon-Maison-Scotch-vichy-300x192.jpg 300w, https:\/\/www.maistendencia.com\/blog\/wp-content\/uploads\/2021\/05\/Pantalon-Maison-Scotch-vichy-1024x655.jpg 1024w, https:\/\/www.maistendencia.com\/blog\/wp-content\/uploads\/2021\/05\/Pantalon-Maison-Scotch-vichy-50x33.jpg 50w\" sizes=\"auto, (max-width: 1500px) 100vw, 1500px\" \/><\/a><\/p>\n<p style=\"text-align: justify;\">En cuanto a pantalones apostamos, c\u00f3mo no este a\u00f1o, por el <strong>estampado de vichy<\/strong>. Est\u00e1 en todas partes y sabemos que lo quieres. Adem\u00e1s, estos pantalones son fresquitos y con un tejido el\u00e1stico perfecto para pasear, bailar y llevarlos al fin del mundo si hace falta.<\/p>\n<p><a href=\"https:\/\/www.maistendencia.com\/pantalones\/3408-pantalon-lola-harris-wilson-mujer\" target=\"_blank\" rel=\"noopener noreferrer\"><img loading=\"lazy\" decoding=\"async\" class=\"alignnone size-full wp-image-8889\" src=\"https:\/\/www.maistendencia.com\/blog\/wp-content\/uploads\/2021\/05\/pantalon-lola-harris-wilson.jpeg\" alt=\"Lona-baja-con-plataforma-color-blanco-beis-y-negro-5\" width=\"635\" height=\"485\" srcset=\"https:\/\/www.maistendencia.com\/blog\/wp-content\/uploads\/2021\/05\/pantalon-lola-harris-wilson.jpeg 635w, https:\/\/www.maistendencia.com\/blog\/wp-content\/uploads\/2021\/05\/pantalon-lola-harris-wilson-300x229.jpeg 300w\" sizes=\"auto, (max-width: 635px) 100vw, 635px\" \/><\/a><\/p>\n<p style=\"text-align: justify;\">Otro pantal\u00f3n para ir al fin del mundo por lo holgado y c\u00f3modo que es para verano al no pegarse al cuerpo es este azul\u00f3n o azul klein. Los <strong>colores fuertes son un <em>statement<\/em><\/strong> y nos preguntamos si eres de las que se atrever\u00edan con un color como este.<\/p>\n<p><a href=\"https:\/\/www.maistendencia.com\/pantalones\/329-pantalon-mujer-sessun-seaky-fleur-de-sel\" target=\"_blank\" rel=\"noopener noreferrer\"><img loading=\"lazy\" decoding=\"async\" class=\"alignnone size-full wp-image-8891\" src=\"https:\/\/www.maistendencia.com\/blog\/wp-content\/uploads\/2021\/05\/Pantalon-Mujer-sessun-Seaky-Fleur-de-sel-1.jpg\" alt=\"Pantalon-Mujer-sessun-Seaky-Fleur-de-sel-1\" width=\"1500\" height=\"922\" srcset=\"https:\/\/www.maistendencia.com\/blog\/wp-content\/uploads\/2021\/05\/Pantalon-Mujer-sessun-Seaky-Fleur-de-sel-1.jpg 1500w, https:\/\/www.maistendencia.com\/blog\/wp-content\/uploads\/2021\/05\/Pantalon-Mujer-sessun-Seaky-Fleur-de-sel-1-300x184.jpg 300w, https:\/\/www.maistendencia.com\/blog\/wp-content\/uploads\/2021\/05\/Pantalon-Mujer-sessun-Seaky-Fleur-de-sel-1-1024x629.jpg 1024w\" sizes=\"auto, (max-width: 1500px) 100vw, 1500px\" \/><\/a><\/p>\n<p style=\"text-align: justify;\">Por \u00faltimo en cuanto a pantalones, tenemos este nude o beige elegido como el <strong>pantal\u00f3n vers\u00e1til<\/strong> que todas deber\u00edamos tener en nuestro armario. Combinable a m\u00e1s no poder y de corte \u00abpirata\u00bb es un modelo que puedes empezar a lucir desde estos \u00faltimos d\u00edas de primavera hasta el mes de octubre.<\/p>\n<h3>Partes de arriba<\/h3>\n<p><a href=\"https:\/\/www.maistendencia.com\/camisas-blusas-y-camisetas\/3439-blusa-kimia-21s-sessun-cuello-abotonado-mangas\" target=\"_blank\" rel=\"noopener noreferrer\"><img loading=\"lazy\" decoding=\"async\" class=\"alignnone size-full wp-image-8883\" src=\"https:\/\/www.maistendencia.com\/blog\/wp-content\/uploads\/2021\/05\/blusa-kimia-21s-sessun-1.jpg\" alt=\"blusa-kimia-21s-sessun-1\" width=\"1500\" height=\"922\" srcset=\"https:\/\/www.maistendencia.com\/blog\/wp-content\/uploads\/2021\/05\/blusa-kimia-21s-sessun-1.jpg 1500w, https:\/\/www.maistendencia.com\/blog\/wp-content\/uploads\/2021\/05\/blusa-kimia-21s-sessun-1-300x184.jpg 300w, https:\/\/www.maistendencia.com\/blog\/wp-content\/uploads\/2021\/05\/blusa-kimia-21s-sessun-1-1024x629.jpg 1024w\" sizes=\"auto, (max-width: 1500px) 100vw, 1500px\" \/><\/a><\/p>\n<p style=\"text-align: justify;\">Si recomendamos un pantal\u00f3n combinable no pod\u00edamos olvidarnos de una camisa o camiseta que cumpla tambi\u00e9n con esa funci\u00f3n. Para ir a la playa, a tomar algo, a trabajar&#8230; Las opciones de esta camisa de <strong>lino<\/strong> de manga fruncida son infinitas.<\/p>\n<p><a href=\"https:\/\/www.maistendencia.com\/camisas-blusas-y-camisetas\/3414-camisa-oversize-brown-seeusoon-mujer\" target=\"_blank\" rel=\"noopener noreferrer\"><img loading=\"lazy\" decoding=\"async\" class=\"alignnone size-full wp-image-8884\" src=\"https:\/\/www.maistendencia.com\/blog\/wp-content\/uploads\/2021\/05\/camisa-oversize-brown-see-u-soon-3.jpg\" alt=\"camisa-oversize-brown-see-u-soon-3\" width=\"1500\" height=\"922\" srcset=\"https:\/\/www.maistendencia.com\/blog\/wp-content\/uploads\/2021\/05\/camisa-oversize-brown-see-u-soon-3.jpg 1500w, https:\/\/www.maistendencia.com\/blog\/wp-content\/uploads\/2021\/05\/camisa-oversize-brown-see-u-soon-3-300x184.jpg 300w, https:\/\/www.maistendencia.com\/blog\/wp-content\/uploads\/2021\/05\/camisa-oversize-brown-see-u-soon-3-1024x629.jpg 1024w\" sizes=\"auto, (max-width: 1500px) 100vw, 1500px\" \/><\/a><\/p>\n<p style=\"text-align: justify;\">Las <strong>camisas estampadas<\/strong> son camisas de verano. Azules, rojos, amarillos&#8230; todos los tonos se aceptan para combatir el calor y el bochorno de esta temporada con un toque de color y alegr\u00eda.<\/p>\n<p><a href=\"https:\/\/www.maistendencia.com\/camisas-blusas-y-camisetas\/3401-blusa-estampado-geometrico-maison-scoth\" target=\"_blank\" rel=\"noopener noreferrer\"><img loading=\"lazy\" decoding=\"async\" class=\"alignnone size-full wp-image-8882\" src=\"https:\/\/www.maistendencia.com\/blog\/wp-content\/uploads\/2021\/05\/blusa-estampada-maison-scotch.jpeg\" alt=\"blusa-estampada-maison-scotch\" width=\"1125\" height=\"1500\" srcset=\"https:\/\/www.maistendencia.com\/blog\/wp-content\/uploads\/2021\/05\/blusa-estampada-maison-scotch.jpeg 1125w, https:\/\/www.maistendencia.com\/blog\/wp-content\/uploads\/2021\/05\/blusa-estampada-maison-scotch-225x300.jpeg 225w, https:\/\/www.maistendencia.com\/blog\/wp-content\/uploads\/2021\/05\/blusa-estampada-maison-scotch-768x1024.jpeg 768w\" sizes=\"auto, (max-width: 1125px) 100vw, 1125px\" \/><\/a> <a href=\"https:\/\/www.maistendencia.com\/cazadoras-y-parkas\/3422-sudadera-manga-ancha-maison-scotch-mujer\" target=\"_blank\" rel=\"noopener noreferrer\"><img loading=\"lazy\" decoding=\"async\" class=\"alignnone size-full wp-image-8894\" src=\"https:\/\/www.maistendencia.com\/blog\/wp-content\/uploads\/2021\/05\/sudadera-manga-ancha-maison-scotch-3.jpeg\" alt=\"sudadera-manga-ancha-maison-scotch-3\" width=\"1125\" height=\"1500\" srcset=\"https:\/\/www.maistendencia.com\/blog\/wp-content\/uploads\/2021\/05\/sudadera-manga-ancha-maison-scotch-3.jpeg 1125w, https:\/\/www.maistendencia.com\/blog\/wp-content\/uploads\/2021\/05\/sudadera-manga-ancha-maison-scotch-3-225x300.jpeg 225w, https:\/\/www.maistendencia.com\/blog\/wp-content\/uploads\/2021\/05\/sudadera-manga-ancha-maison-scotch-3-768x1024.jpeg 768w\" sizes=\"auto, (max-width: 1125px) 100vw, 1125px\" \/><\/a><\/p>\n<p style=\"text-align: justify;\">Te estar\u00e1s preguntando por qu\u00e9 te recomendamos para el verano en Ourense dos prendas de manga larga como estas. Es muy sencillo: imaginamos que querr\u00e1s salir a dar paseos nocturnos ahora que se puede o quiz\u00e1s hacer alg\u00fan viaje este verano aunque sea sin salir de Espa\u00f1a, y <strong>una manga larga siempre hace falta en nuestra maleta<\/strong>. Te damos dos opciones: una camisa y una sudadera un poco m\u00e1s calentita por si refresca.<\/p>\n<h3>Joyer\u00eda<\/h3>\n<p><a href=\"https:\/\/www.maistendencia.com\/pendientes\/1227-pendientes-uno-de-50-hojas-pen0642oro0000u\" target=\"_blank\" rel=\"noopener noreferrer\"><img loading=\"lazy\" decoding=\"async\" class=\"alignnone size-full wp-image-8892\" src=\"https:\/\/www.maistendencia.com\/blog\/wp-content\/uploads\/2021\/05\/Pendientes-Uno-de-50-Hojas-PEN0642ORO0000U1-e1622199696422.jpeg\" alt=\"Pendientes-Uno-de-50-Hojas-PEN0642ORO0000U1\" width=\"1050\" height=\"477\" srcset=\"https:\/\/www.maistendencia.com\/blog\/wp-content\/uploads\/2021\/05\/Pendientes-Uno-de-50-Hojas-PEN0642ORO0000U1-e1622199696422.jpeg 1050w, https:\/\/www.maistendencia.com\/blog\/wp-content\/uploads\/2021\/05\/Pendientes-Uno-de-50-Hojas-PEN0642ORO0000U1-e1622199696422-300x136.jpeg 300w, https:\/\/www.maistendencia.com\/blog\/wp-content\/uploads\/2021\/05\/Pendientes-Uno-de-50-Hojas-PEN0642ORO0000U1-e1622199696422-1024x465.jpeg 1024w\" sizes=\"auto, (max-width: 1050px) 100vw, 1050px\" \/><\/a> <a href=\"https:\/\/www.maistendencia.com\/collares-y-colgantes\/1336-collar-uno-de-50-navy-col1379oro0000u\" target=\"_blank\" rel=\"noopener noreferrer\"><img loading=\"lazy\" decoding=\"async\" class=\"alignnone size-full wp-image-8885\" src=\"https:\/\/www.maistendencia.com\/blog\/wp-content\/uploads\/2021\/05\/Collar-Uno-De-50-NAVY-COL1379ORO0000U-1.jpg\" alt=\"Collar-Uno-De-50-NAVY-COL1379ORO0000U-1\" width=\"1500\" height=\"852\" srcset=\"https:\/\/www.maistendencia.com\/blog\/wp-content\/uploads\/2021\/05\/Collar-Uno-De-50-NAVY-COL1379ORO0000U-1.jpg 1500w, https:\/\/www.maistendencia.com\/blog\/wp-content\/uploads\/2021\/05\/Collar-Uno-De-50-NAVY-COL1379ORO0000U-1-300x170.jpg 300w, https:\/\/www.maistendencia.com\/blog\/wp-content\/uploads\/2021\/05\/Collar-Uno-De-50-NAVY-COL1379ORO0000U-1-1024x582.jpg 1024w\" sizes=\"auto, (max-width: 1500px) 100vw, 1500px\" \/><\/a><\/p>\n<p style=\"text-align: justify;\">De joyas, los <strong>dorados y oros<\/strong> son los reyes del verano. Las cadenas dobles y triples con abalorios y los pendientes peque\u00f1os minimalistas son el adorno perfecto para completar tus estilismos.<\/p>\n<p style=\"text-align: justify;\">Compra estas prendas y accesorios en <a href=\"www.maistendencia.com\" target=\"_blank\" rel=\"noopener noreferrer\">www.maistendencia.com<\/a> para coger el verano con gusto y buen humor.<\/p>\n<strong>Texto de<\/strong><br\/><br\/><div style=\"width:100%;height:auto;\"><div style=\"float:left;margin:0px 10px 10px 0px;\"><img alt='' src='https:\/\/secure.gravatar.com\/avatar\/131f1bf6d42065a0c1d3ecc19f8c6e5a?s=111&amp;d=https%3A%2F%2Fsecure.gravatar.com%2Favatar%2Fad516503a11cd5ca435acc9bb6523536%3Fs%3D111&amp;r=G' class='avatar avatar-111 photo' height='111' width='111' \/><\/div><div style=\"padding-left:25%;\"><strong>Alba R Cougil<\/strong><br\/><br\/><a href=\"mailto:acougil@ourensecca.com\">Correo electr\u00f3nico<\/a><br\/><br\/><div class=\"author-description\"><div class=\"autor-enlaces\"><\/div><\/div><\/div><\/div><div class=\"clear\"><\/div>\n<strong>Fotograf\u00edas de<\/strong><br\/><br\/><div style=\"width:100%;height:auto;\"><div style=\"float:left;margin:0px 10px 10px 0px;\"><img loading=\"lazy\" decoding=\"async\" src=\"https:\/\/www.maistendencia.com\/blog\/wp-content\/authors\/alexcarausan-13.jpg\" class=\"avatar photo\" alt=\"Alex Carausan\" width=\"111\" height=\"111\" \/><\/div><div style=\"padding-left:25%;\"><strong>Alex Carausan<\/strong><br\/><br\/><a href=\"mailto:\">Correo electr\u00f3nico<\/a><br\/><br\/><div class=\"author-description\"><div class=\"autor-enlaces\"><a class=\"link-web\" style=\"margin-bottom:10px;margin-right:10px\" href=\"http:\/\/www.alexcarausan.com\"  target=\"_blank\">http:\/\/www.alexcarausan.com<\/a><a class=\"link-ins\" href=\"https:\/\/www.instagram.com\/alexcarausan\/\" target=\"_blank\">https:\/\/www.instagram.com\/alexcarausan\/<\/a><\/div><\/div><\/div><\/div><div class=\"clear\"><\/div>\n","protected":false},"excerpt":{"rendered":"<p>Como cada nueva temporada, empiezan a ponerse en tendencia esas prendas que veremos por todas partes este verano 2021. En esta ocasi\u00f3n vamos a hablarte de varios estilos para chica que no puedes pasar por&#8230;<br \/><a href=\"https:\/\/www.maistendencia.com\/blog\/estilo-para-este-verano-2021\/\"> Continuar leyendo&#8230;<\/a><\/p>\n","protected":false},"author":28,"featured_media":8902,"comment_status":"open","ping_status":"closed","sticky":false,"template":"","format":"standard","meta":{"footnotes":""},"categories":[11,3],"tags":[393,666,679,444,62,518,622,691,681,403,676,13,420,324],"class_list":["post-8901","post","type-post","status-publish","format-standard","has-post-thumbnail","hentry","category-looks","category-moda","tag-calzado","tag-camisas","tag-collar","tag-joyeria","tag-moda","tag-moda-joven","tag-moda-mujer","tag-nueva-coleccion","tag-pendientes","tag-primavera","tag-sandalias","tag-tendencias","tag-verano","tag-vestidos"],"aioseo_notices":[],"_links":{"self":[{"href":"https:\/\/www.maistendencia.com\/blog\/wp-json\/wp\/v2\/posts\/8901","targetHints":{"allow":["GET"]}}],"collection":[{"href":"https:\/\/www.maistendencia.com\/blog\/wp-json\/wp\/v2\/posts"}],"about":[{"href":"https:\/\/www.maistendencia.com\/blog\/wp-json\/wp\/v2\/types\/post"}],"author":[{"embeddable":true,"href":"https:\/\/www.maistendencia.com\/blog\/wp-json\/wp\/v2\/users\/28"}],"replies":[{"embeddable":true,"href":"https:\/\/www.maistendencia.com\/blog\/wp-json\/wp\/v2\/comments?post=8901"}],"version-history":[{"count":1,"href":"https:\/\/www.maistendencia.com\/blog\/wp-json\/wp\/v2\/posts\/8901\/revisions"}],"predecessor-version":[{"id":9062,"href":"https:\/\/www.maistendencia.com\/blog\/wp-json\/wp\/v2\/posts\/8901\/revisions\/9062"}],"wp:featuredmedia":[{"embeddable":true,"href":"https:\/\/www.maistendencia.com\/blog\/wp-json\/wp\/v2\/media\/8902"}],"wp:attachment":[{"href":"https:\/\/www.maistendencia.com\/blog\/wp-json\/wp\/v2\/media?parent=8901"}],"wp:term":[{"taxonomy":"category","embeddable":true,"href":"https:\/\/www.maistendencia.com\/blog\/wp-json\/wp\/v2\/categories?post=8901"},{"taxonomy":"post_tag","embeddable":true,"href":"https:\/\/www.maistendencia.com\/blog\/wp-json\/wp\/v2\/tags?post=8901"}],"curies":[{"name":"wp","href":"https:\/\/api.w.org\/{rel}","templated":true}]}}