{"id":8856,"date":"2021-06-15T08:30:52","date_gmt":"2021-06-15T06:30:52","guid":{"rendered":"https:\/\/www.maistendencia.com\/blog\/?p=8856"},"modified":"2021-06-15T08:37:05","modified_gmt":"2021-06-15T06:37:05","slug":"el-primer-wedding-planner-de-ourense","status":"publish","type":"post","link":"https:\/\/www.maistendencia.com\/blog\/el-primer-wedding-planner-de-ourense\/","title":{"rendered":"El primer wedding planner de Ourense"},"content":{"rendered":"<p style=\"text-align: justify;\"><a href=\"https:\/\/www.event-bodas.com\/\" target=\"_blank\" rel=\"noopener noreferrer\">Event<\/a> es una <strong>agencia de organizaci\u00f3n de eventos<\/strong> que se dedica a planificar todo tipo de acontecimientos: fiestas para particulares, bodas, comuniones, bautizos, aniversarios y comidas para empresas.<\/p>\n<p style=\"text-align: justify;\">Ofrecen servicios de organizaci\u00f3n \u00edntegra de cualquier evento de principio a fin o bien <strong>prestaciones concretas<\/strong> como el dise\u00f1o de invitaciones, servicio de catering para fiestas en casas privadas, alquiler de menaje \u2014mesas, sillas, decoraci\u00f3n\u2014, <strong>zonas de chillout,<\/strong> <strong>mesas dulces<\/strong>, detalles para invitados, <strong>alquiler de coches<\/strong>, zona photocall, contrataci\u00f3n de actuaciones musicales, <strong>animaci\u00f3n infantil<\/strong> o servicio de guarder\u00eda. En <a href=\"https:\/\/www.ourensecentro.com\/asociados-ourense-centro\/168\/event-bodas-y-fiestas\" target=\"_blank\" rel=\"noopener noreferrer\">Event<\/a> pueden buscar por ti todo lo que intervenga en la organizaci\u00f3n de cualquier acto para que te despreocupes en ese d\u00eda \u00fanico.<\/p>\n<p><img loading=\"lazy\" decoding=\"async\" class=\"alignnone size-full wp-image-8855\" src=\"https:\/\/www.maistendencia.com\/blog\/wp-content\/uploads\/2021\/05\/Event-organizacion-de-eventos-12.jpg\" alt=\"Event organizacion de eventos\" width=\"1500\" height=\"651\" srcset=\"https:\/\/www.maistendencia.com\/blog\/wp-content\/uploads\/2021\/05\/Event-organizacion-de-eventos-12.jpg 1500w, https:\/\/www.maistendencia.com\/blog\/wp-content\/uploads\/2021\/05\/Event-organizacion-de-eventos-12-300x130.jpg 300w, https:\/\/www.maistendencia.com\/blog\/wp-content\/uploads\/2021\/05\/Event-organizacion-de-eventos-12-1024x444.jpg 1024w\" sizes=\"auto, (max-width: 1500px) 100vw, 1500px\" \/><\/p>\n<p style=\"text-align: justify;\">Algo muy importante a destacar es que la organizadora de eventos o wedding planner<strong> no cobra por el proceso de planificaci\u00f3n<\/strong> que hay detr\u00e1s de un evento, s\u00f3lo el precio de cada servicio que se contrate.<\/p>\n<p><img loading=\"lazy\" decoding=\"async\" class=\"alignnone size-full wp-image-8854\" src=\"https:\/\/www.maistendencia.com\/blog\/wp-content\/uploads\/2021\/05\/Event-organizacion-de-eventos-11.jpg\" alt=\"Event organizacion de eventos\" width=\"1500\" height=\"994\" srcset=\"https:\/\/www.maistendencia.com\/blog\/wp-content\/uploads\/2021\/05\/Event-organizacion-de-eventos-11.jpg 1500w, https:\/\/www.maistendencia.com\/blog\/wp-content\/uploads\/2021\/05\/Event-organizacion-de-eventos-11-300x199.jpg 300w, https:\/\/www.maistendencia.com\/blog\/wp-content\/uploads\/2021\/05\/Event-organizacion-de-eventos-11-1024x679.jpg 1024w, https:\/\/www.maistendencia.com\/blog\/wp-content\/uploads\/2021\/05\/Event-organizacion-de-eventos-11-400x266.jpg 400w, https:\/\/www.maistendencia.com\/blog\/wp-content\/uploads\/2021\/05\/Event-organizacion-de-eventos-11-50x33.jpg 50w\" sizes=\"auto, (max-width: 1500px) 100vw, 1500px\" \/><\/p>\n<p style=\"text-align: justify;\">Teresa Rodr\u00edguez, la due\u00f1a de <a href=\"https:\/\/www.event-bodas.com\/\" target=\"_blank\" rel=\"noopener noreferrer\">Event<\/a>, nos aclar\u00f3 que pueden hacer este servicio de manera gratuita gracias a que <strong>trabajan a comisi\u00f3n con los proveedores<\/strong> de servicios como la decoraci\u00f3n o la m\u00fasica. Esto les permite cobrar a sus clientes el <strong>mismo precio que encontrar\u00edan contratando esos servicios fuera de Event o incluso menor<\/strong>, ya que los proveedores les hacen precios especiales. Adem\u00e1s, ella tambi\u00e9n est\u00e1 en las bodas o eventos para garantizar que todo est\u00e1 coordinado en el momento pertinente y la celebraci\u00f3n sale a la perfecci\u00f3n.<\/p>\n<p><img loading=\"lazy\" decoding=\"async\" class=\"aligncenter size-full wp-image-8869\" src=\"https:\/\/www.maistendencia.com\/blog\/wp-content\/uploads\/2021\/05\/event-organizacion-de-eventos-en-Ourense-5.jpg\" alt=\"event organizacion de eventos en Ourense\" width=\"1500\" height=\"759\" srcset=\"https:\/\/www.maistendencia.com\/blog\/wp-content\/uploads\/2021\/05\/event-organizacion-de-eventos-en-Ourense-5.jpg 1500w, https:\/\/www.maistendencia.com\/blog\/wp-content\/uploads\/2021\/05\/event-organizacion-de-eventos-en-Ourense-5-300x152.jpg 300w, https:\/\/www.maistendencia.com\/blog\/wp-content\/uploads\/2021\/05\/event-organizacion-de-eventos-en-Ourense-5-1024x518.jpg 1024w\" sizes=\"auto, (max-width: 1500px) 100vw, 1500px\" \/><\/p>\n<p style=\"text-align: justify;\">En Event trabajan dos personas m\u00e1s dos de cocina, ya que ahora cuentan con servicio propio de catering. Tambi\u00e9n llevan <strong>men\u00fas de mediod\u00eda a empresas<\/strong> y realizan coffee breaks y brunch para reuniones. Adem\u00e1s de eso, otra novedad es que ofrecen un servicio especializado en<strong> productos americanos<\/strong> para mesas degustaci\u00f3n o fiestas tem\u00e1ticas.<\/p>\n<p><img loading=\"lazy\" decoding=\"async\" class=\"aligncenter size-full wp-image-8870\" src=\"https:\/\/www.maistendencia.com\/blog\/wp-content\/uploads\/2021\/05\/event-organizacion-de-eventos-en-Ourense-6.jpg\" alt=\"event organizacion de eventos en Ourense\" width=\"1500\" height=\"1018\" srcset=\"https:\/\/www.maistendencia.com\/blog\/wp-content\/uploads\/2021\/05\/event-organizacion-de-eventos-en-Ourense-6.jpg 1500w, https:\/\/www.maistendencia.com\/blog\/wp-content\/uploads\/2021\/05\/event-organizacion-de-eventos-en-Ourense-6-300x204.jpg 300w, https:\/\/www.maistendencia.com\/blog\/wp-content\/uploads\/2021\/05\/event-organizacion-de-eventos-en-Ourense-6-1024x695.jpg 1024w, https:\/\/www.maistendencia.com\/blog\/wp-content\/uploads\/2021\/05\/event-organizacion-de-eventos-en-Ourense-6-50x33.jpg 50w\" sizes=\"auto, (max-width: 1500px) 100vw, 1500px\" \/> <img loading=\"lazy\" decoding=\"async\" class=\"aligncenter size-full wp-image-8868\" src=\"https:\/\/www.maistendencia.com\/blog\/wp-content\/uploads\/2021\/05\/Mesa-catering-event.jpg\" alt=\"Mesa-catering-event\" width=\"1359\" height=\"839\" srcset=\"https:\/\/www.maistendencia.com\/blog\/wp-content\/uploads\/2021\/05\/Mesa-catering-event.jpg 1359w, https:\/\/www.maistendencia.com\/blog\/wp-content\/uploads\/2021\/05\/Mesa-catering-event-300x185.jpg 300w, https:\/\/www.maistendencia.com\/blog\/wp-content\/uploads\/2021\/05\/Mesa-catering-event-1024x632.jpg 1024w\" sizes=\"auto, (max-width: 1359px) 100vw, 1359px\" \/><\/p>\n<p style=\"text-align: justify;\">La empresa empez\u00f3 <strong>hace 23 a\u00f1os<\/strong>, en 1998, como la <strong>primera agencia de eventos de Ourense<\/strong>; y el a\u00f1o pasado decidi\u00f3 cambiarse desde Celso Emilio Ferreiro a la calle Pena Corneira 10. Teresa nos cont\u00f3 que se plantearon el cambio de local a causa de la pandemia, ya que llevaban un tiempo pensando en coger un espacio m\u00e1s grande para dar mayor visibilidad a los art\u00edculos de regalo para celebraciones que tienen a la venta. Nos coment\u00f3 que <strong>\u00abera la \u00e9poca id\u00f3nea, al ser un a\u00f1o de par\u00f3n\u00bb<\/strong>.<\/p>\n<p><img loading=\"lazy\" decoding=\"async\" class=\"alignnone size-full wp-image-8853\" src=\"https:\/\/www.maistendencia.com\/blog\/wp-content\/uploads\/2021\/05\/Event-organizacion-de-eventos-10.jpg\" alt=\"Event organizacion de eventos\" width=\"1500\" height=\"994\" srcset=\"https:\/\/www.maistendencia.com\/blog\/wp-content\/uploads\/2021\/05\/Event-organizacion-de-eventos-10.jpg 1500w, https:\/\/www.maistendencia.com\/blog\/wp-content\/uploads\/2021\/05\/Event-organizacion-de-eventos-10-300x199.jpg 300w, https:\/\/www.maistendencia.com\/blog\/wp-content\/uploads\/2021\/05\/Event-organizacion-de-eventos-10-1024x679.jpg 1024w, https:\/\/www.maistendencia.com\/blog\/wp-content\/uploads\/2021\/05\/Event-organizacion-de-eventos-10-400x266.jpg 400w, https:\/\/www.maistendencia.com\/blog\/wp-content\/uploads\/2021\/05\/Event-organizacion-de-eventos-10-50x33.jpg 50w\" sizes=\"auto, (max-width: 1500px) 100vw, 1500px\" \/> <img loading=\"lazy\" decoding=\"async\" class=\"alignnone size-full wp-image-8848\" src=\"https:\/\/www.maistendencia.com\/blog\/wp-content\/uploads\/2021\/05\/Event-organizacion-de-eventos-5.jpg\" alt=\"Event organizacion de eventos\" width=\"1500\" height=\"994\" srcset=\"https:\/\/www.maistendencia.com\/blog\/wp-content\/uploads\/2021\/05\/Event-organizacion-de-eventos-5.jpg 1500w, https:\/\/www.maistendencia.com\/blog\/wp-content\/uploads\/2021\/05\/Event-organizacion-de-eventos-5-300x199.jpg 300w, https:\/\/www.maistendencia.com\/blog\/wp-content\/uploads\/2021\/05\/Event-organizacion-de-eventos-5-1024x679.jpg 1024w, https:\/\/www.maistendencia.com\/blog\/wp-content\/uploads\/2021\/05\/Event-organizacion-de-eventos-5-400x266.jpg 400w, https:\/\/www.maistendencia.com\/blog\/wp-content\/uploads\/2021\/05\/Event-organizacion-de-eventos-5-50x33.jpg 50w\" sizes=\"auto, (max-width: 1500px) 100vw, 1500px\" \/><img loading=\"lazy\" decoding=\"async\" class=\"aligncenter size-full wp-image-8844\" src=\"https:\/\/www.maistendencia.com\/blog\/wp-content\/uploads\/2021\/05\/Event-organizacion-de-eventos-1.jpg\" alt=\"Event organizacion de eventos-1\" width=\"1500\" height=\"994\" srcset=\"https:\/\/www.maistendencia.com\/blog\/wp-content\/uploads\/2021\/05\/Event-organizacion-de-eventos-1.jpg 1500w, https:\/\/www.maistendencia.com\/blog\/wp-content\/uploads\/2021\/05\/Event-organizacion-de-eventos-1-300x199.jpg 300w, https:\/\/www.maistendencia.com\/blog\/wp-content\/uploads\/2021\/05\/Event-organizacion-de-eventos-1-1024x679.jpg 1024w, https:\/\/www.maistendencia.com\/blog\/wp-content\/uploads\/2021\/05\/Event-organizacion-de-eventos-1-400x266.jpg 400w, https:\/\/www.maistendencia.com\/blog\/wp-content\/uploads\/2021\/05\/Event-organizacion-de-eventos-1-50x33.jpg 50w\" sizes=\"auto, (max-width: 1500px) 100vw, 1500px\" \/><\/p>\n<p style=\"text-align: justify;\">En cuanto a las perspectivas para este a\u00f1o y este nuevo local, Teresa nos respondi\u00f3 as\u00ed: \u00abAbrimos en Diciembre y ahora que salimos del estado de alarma la gente se empieza a volver a animar a hacer eventos con m\u00e1s ganas. Este a\u00f1o tenemos sobre todo comuniones y bodas peque\u00f1as, <strong>los eventos han pasado a hacerse en casas rurales o particulares para mayor seguridad al no tener espacios compartidos\u00bb<\/strong>. Los eventos se est\u00e1n organizando con poca antelaci\u00f3n porque hasta ahora ha habido mucha incertidumbre.<\/p>\n<p style=\"text-align: justify;\">Organiza tu ceremonia con Event <strong>visit\u00e1ndolos en la calle Pena Corneira 10<\/strong> o <a href=\"https:\/\/www.event-bodas.com\/\" target=\"_blank\" rel=\"noopener noreferrer\">en su p\u00e1gina web<\/a>.<\/p>\n<p style=\"text-align: justify;\"><img loading=\"lazy\" decoding=\"async\" class=\"alignnone size-full wp-image-8850\" src=\"https:\/\/www.maistendencia.com\/blog\/wp-content\/uploads\/2021\/05\/Event-organizacion-de-eventos-7.jpg\" alt=\"Event organizacion de eventos\" width=\"1500\" height=\"994\" srcset=\"https:\/\/www.maistendencia.com\/blog\/wp-content\/uploads\/2021\/05\/Event-organizacion-de-eventos-7.jpg 1500w, https:\/\/www.maistendencia.com\/blog\/wp-content\/uploads\/2021\/05\/Event-organizacion-de-eventos-7-300x199.jpg 300w, https:\/\/www.maistendencia.com\/blog\/wp-content\/uploads\/2021\/05\/Event-organizacion-de-eventos-7-1024x679.jpg 1024w, https:\/\/www.maistendencia.com\/blog\/wp-content\/uploads\/2021\/05\/Event-organizacion-de-eventos-7-400x266.jpg 400w, https:\/\/www.maistendencia.com\/blog\/wp-content\/uploads\/2021\/05\/Event-organizacion-de-eventos-7-50x33.jpg 50w\" sizes=\"auto, (max-width: 1500px) 100vw, 1500px\" \/><\/p>\n<strong>Texto de<\/strong><br\/><br\/><div style=\"width:100%;height:auto;\"><div style=\"float:left;margin:0px 10px 10px 0px;\"><img alt='' src='https:\/\/secure.gravatar.com\/avatar\/131f1bf6d42065a0c1d3ecc19f8c6e5a?s=111&amp;d=https%3A%2F%2Fsecure.gravatar.com%2Favatar%2Fad516503a11cd5ca435acc9bb6523536%3Fs%3D111&amp;r=G' class='avatar avatar-111 photo' height='111' width='111' \/><\/div><div style=\"padding-left:25%;\"><strong>Alba R Cougil<\/strong><br\/><br\/><a href=\"mailto:acougil@ourensecca.com\">Correo electr\u00f3nico<\/a><br\/><br\/><div class=\"author-description\"><div class=\"autor-enlaces\"><\/div><\/div><\/div><\/div><div class=\"clear\"><\/div>\n<strong>Fotograf\u00edas de<\/strong><br\/><br\/><div style=\"width:100%;height:auto;\"><div style=\"float:left;margin:0px 10px 10px 0px;\"><img loading=\"lazy\" decoding=\"async\" src=\"https:\/\/www.maistendencia.com\/blog\/wp-content\/authors\/alexcarausan-13.jpg\" class=\"avatar photo\" alt=\"Alex Carausan\" width=\"111\" height=\"111\" \/><\/div><div style=\"padding-left:25%;\"><strong>Alex Carausan<\/strong><br\/><br\/><a href=\"mailto:\">Correo electr\u00f3nico<\/a><br\/><br\/><div class=\"author-description\"><div class=\"autor-enlaces\"><a class=\"link-web\" style=\"margin-bottom:10px;margin-right:10px\" href=\"http:\/\/www.alexcarausan.com\"  target=\"_blank\">http:\/\/www.alexcarausan.com<\/a><a class=\"link-ins\" href=\"https:\/\/www.instagram.com\/alexcarausan\/\" target=\"_blank\">https:\/\/www.instagram.com\/alexcarausan\/<\/a><\/div><\/div><\/div><\/div><div class=\"clear\"><\/div>\n","protected":false},"excerpt":{"rendered":"<p>Event es una agencia de organizaci\u00f3n de eventos que se dedica a planificar todo tipo de acontecimientos: fiestas para particulares, bodas, comuniones, bautizos, aniversarios y comidas para empresas. Ofrecen servicios de organizaci\u00f3n \u00edntegra de cualquier&#8230;<br \/><a href=\"https:\/\/www.maistendencia.com\/blog\/el-primer-wedding-planner-de-ourense\/\"> Continuar leyendo&#8230;<\/a><\/p>\n","protected":false},"author":28,"featured_media":8851,"comment_status":"open","ping_status":"closed","sticky":false,"template":"","format":"standard","meta":{"footnotes":""},"categories":[5,57],"tags":[229,212,489,230,692,693,320,694,648,403,420],"class_list":["post-8856","post","type-post","status-publish","format-standard","has-post-thumbnail","hentry","category-celebra","category-de-tiendas","tag-bautizo","tag-boda","tag-celebraciones","tag-comunion","tag-event-bodas","tag-eventos","tag-fiesta","tag-novios","tag-organizacion","tag-primavera","tag-verano"],"aioseo_notices":[],"_links":{"self":[{"href":"https:\/\/www.maistendencia.com\/blog\/wp-json\/wp\/v2\/posts\/8856","targetHints":{"allow":["GET"]}}],"collection":[{"href":"https:\/\/www.maistendencia.com\/blog\/wp-json\/wp\/v2\/posts"}],"about":[{"href":"https:\/\/www.maistendencia.com\/blog\/wp-json\/wp\/v2\/types\/post"}],"author":[{"embeddable":true,"href":"https:\/\/www.maistendencia.com\/blog\/wp-json\/wp\/v2\/users\/28"}],"replies":[{"embeddable":true,"href":"https:\/\/www.maistendencia.com\/blog\/wp-json\/wp\/v2\/comments?post=8856"}],"version-history":[{"count":2,"href":"https:\/\/www.maistendencia.com\/blog\/wp-json\/wp\/v2\/posts\/8856\/revisions"}],"predecessor-version":[{"id":8923,"href":"https:\/\/www.maistendencia.com\/blog\/wp-json\/wp\/v2\/posts\/8856\/revisions\/8923"}],"wp:featuredmedia":[{"embeddable":true,"href":"https:\/\/www.maistendencia.com\/blog\/wp-json\/wp\/v2\/media\/8851"}],"wp:attachment":[{"href":"https:\/\/www.maistendencia.com\/blog\/wp-json\/wp\/v2\/media?parent=8856"}],"wp:term":[{"taxonomy":"category","embeddable":true,"href":"https:\/\/www.maistendencia.com\/blog\/wp-json\/wp\/v2\/categories?post=8856"},{"taxonomy":"post_tag","embeddable":true,"href":"https:\/\/www.maistendencia.com\/blog\/wp-json\/wp\/v2\/tags?post=8856"}],"curies":[{"name":"wp","href":"https:\/\/api.w.org\/{rel}","templated":true}]}}