{"id":8284,"date":"2021-02-12T15:16:11","date_gmt":"2021-02-12T13:16:11","guid":{"rendered":"https:\/\/www.maistendencia.com\/blog\/?p=8284"},"modified":"2021-02-12T15:56:42","modified_gmt":"2021-02-12T13:56:42","slug":"celebra-san-valentin-por-todo-lo-alto-con-flores-dulces-y-vinos","status":"publish","type":"post","link":"https:\/\/www.maistendencia.com\/blog\/celebra-san-valentin-por-todo-lo-alto-con-flores-dulces-y-vinos\/","title":{"rendered":"Celebra San Valent\u00edn por todo lo alto con flores, dulces y vinos"},"content":{"rendered":"<p style=\"text-align: justify;\">Ya queda menos para San Valent\u00edn, un d\u00eda muy esperado por aquellos que est\u00e1n en pareja, ya que invita a hacer <strong>planes rom\u00e1nticos<\/strong> y pasar una velada un poco m\u00e1s especial de lo normal con nuestra media naranja. En Maistendencia te hacemos algunas recomendaciones sobre c\u00f3mo puedes pasar este d\u00eda para convertirlo en <strong>uno de esos para recordar.<\/strong><\/p>\n<h3>Regala dulces<\/h3>\n<figure id=\"attachment_8272\" aria-describedby=\"caption-attachment-8272\" style=\"width: 1500px\" class=\"wp-caption alignnone\"><img loading=\"lazy\" decoding=\"async\" class=\"wp-image-8272 size-full\" src=\"https:\/\/www.maistendencia.com\/blog\/wp-content\/uploads\/2021\/02\/pack-regalo-san-valentin-dulces-enredos-1.jpg\" alt=\"pack regalo san valentin dulces enredos-1\" width=\"1500\" height=\"693\" srcset=\"https:\/\/www.maistendencia.com\/blog\/wp-content\/uploads\/2021\/02\/pack-regalo-san-valentin-dulces-enredos-1.jpg 1500w, https:\/\/www.maistendencia.com\/blog\/wp-content\/uploads\/2021\/02\/pack-regalo-san-valentin-dulces-enredos-1-300x139.jpg 300w, https:\/\/www.maistendencia.com\/blog\/wp-content\/uploads\/2021\/02\/pack-regalo-san-valentin-dulces-enredos-1-1024x473.jpg 1024w\" sizes=\"auto, (max-width: 1500px) 100vw, 1500px\" \/><figcaption id=\"caption-attachment-8272\" class=\"wp-caption-text\">Dulces de Enredos.<\/figcaption><\/figure>\n<p style=\"text-align: justify;\">Hay algunas cosas que son indispensables para un d\u00eda como San Valent\u00edn, y una de ellas son los dulces. Sean como sean, lo que tenemos m\u00e1s que claro es que <strong>el chocolate no puede faltar<\/strong>, as\u00ed como las t\u00edpicas formas de corazones en bombones y postres.<\/p>\n<p style=\"text-align: justify;\"><strong>Brochetas de chuches<\/strong>, ramos de <strong>flores de gominola<\/strong>\u00a0o <strong>rosas de chocolate<\/strong> son algunas de las apuestas de <a href=\"https:\/\/www.maistendencia.com\/tiendas\/27_enredos.html\" target=\"_blank\" rel=\"noopener noreferrer\">Enredos<\/a>, que cada a\u00f1o se saca una novedad de la manga para sorprendernos por esta celebraci\u00f3n. Tambi\u00e9n preparan botes de chuches especiales de San Valent\u00edn, evidentemente en tonos rosas y rojos.<\/p>\n<figure id=\"attachment_8275\" aria-describedby=\"caption-attachment-8275\" style=\"width: 1500px\" class=\"wp-caption alignnone\"><img loading=\"lazy\" decoding=\"async\" class=\"wp-image-8275 size-full\" src=\"https:\/\/www.maistendencia.com\/blog\/wp-content\/uploads\/2021\/02\/pack-regalo-san-valentin-dulces-lambetadas-3.jpg\" alt=\"pack regalo san valentin dulces lambetadas-3\" width=\"1500\" height=\"994\" srcset=\"https:\/\/www.maistendencia.com\/blog\/wp-content\/uploads\/2021\/02\/pack-regalo-san-valentin-dulces-lambetadas-3.jpg 1500w, https:\/\/www.maistendencia.com\/blog\/wp-content\/uploads\/2021\/02\/pack-regalo-san-valentin-dulces-lambetadas-3-300x199.jpg 300w, https:\/\/www.maistendencia.com\/blog\/wp-content\/uploads\/2021\/02\/pack-regalo-san-valentin-dulces-lambetadas-3-1024x679.jpg 1024w, https:\/\/www.maistendencia.com\/blog\/wp-content\/uploads\/2021\/02\/pack-regalo-san-valentin-dulces-lambetadas-3-400x266.jpg 400w, https:\/\/www.maistendencia.com\/blog\/wp-content\/uploads\/2021\/02\/pack-regalo-san-valentin-dulces-lambetadas-3-50x33.jpg 50w\" sizes=\"auto, (max-width: 1500px) 100vw, 1500px\" \/><figcaption id=\"caption-attachment-8275\" class=\"wp-caption-text\">Dulces de Lambetadas.<\/figcaption><\/figure>\n<p style=\"text-align: justify;\">Si ya eres hiper fan del mundo chucher\u00eda, puedes comprar una<strong> tarta de San Valent\u00edn<\/strong> de golosinas para la ocasi\u00f3n, que puedes comer con tu pareja mientras disfrut\u00e1is de una<strong> buena serie o pel\u00edcula<\/strong>. Est\u00e1 disponible en <a href=\"https:\/\/www.ourensecentro.com\/asociados-ourense-centro\/399\/lambetadas\" target=\"_blank\" rel=\"noopener noreferrer\">Lambetadas<\/a>, donde tambi\u00e9n tienen otros productos tem\u00e1ticos como la rosa de chocolate (todo un cl\u00e1sico de esta fecha), piruletas o bombones.<\/p>\n<figure id=\"attachment_8273\" aria-describedby=\"caption-attachment-8273\" style=\"width: 1500px\" class=\"wp-caption alignnone\"><img loading=\"lazy\" decoding=\"async\" class=\"wp-image-8273 size-full\" src=\"https:\/\/www.maistendencia.com\/blog\/wp-content\/uploads\/2021\/02\/pack-regalo-san-valentin-dulces-lambetadas-1.jpg\" alt=\"pack regalo san valentin dulces enredos-1\" width=\"1500\" height=\"994\" srcset=\"https:\/\/www.maistendencia.com\/blog\/wp-content\/uploads\/2021\/02\/pack-regalo-san-valentin-dulces-lambetadas-1.jpg 1500w, https:\/\/www.maistendencia.com\/blog\/wp-content\/uploads\/2021\/02\/pack-regalo-san-valentin-dulces-lambetadas-1-300x199.jpg 300w, https:\/\/www.maistendencia.com\/blog\/wp-content\/uploads\/2021\/02\/pack-regalo-san-valentin-dulces-lambetadas-1-1024x679.jpg 1024w, https:\/\/www.maistendencia.com\/blog\/wp-content\/uploads\/2021\/02\/pack-regalo-san-valentin-dulces-lambetadas-1-400x266.jpg 400w, https:\/\/www.maistendencia.com\/blog\/wp-content\/uploads\/2021\/02\/pack-regalo-san-valentin-dulces-lambetadas-1-50x33.jpg 50w\" sizes=\"auto, (max-width: 1500px) 100vw, 1500px\" \/><figcaption id=\"caption-attachment-8273\" class=\"wp-caption-text\">Dulces de Lambetadas.<\/figcaption><\/figure>\n<h3>Desayunos rom\u00e1nticos<\/h3>\n<figure id=\"attachment_8280\" aria-describedby=\"caption-attachment-8280\" style=\"width: 1468px\" class=\"wp-caption alignnone\"><img loading=\"lazy\" decoding=\"async\" class=\"wp-image-8280 size-full\" src=\"https:\/\/www.maistendencia.com\/blog\/wp-content\/uploads\/2021\/02\/regalo-desayunos-de-san-valentin.jpg\" alt=\"regalo-desayunos-de-san-valentin\" width=\"1468\" height=\"960\" srcset=\"https:\/\/www.maistendencia.com\/blog\/wp-content\/uploads\/2021\/02\/regalo-desayunos-de-san-valentin.jpg 1468w, https:\/\/www.maistendencia.com\/blog\/wp-content\/uploads\/2021\/02\/regalo-desayunos-de-san-valentin-300x196.jpg 300w, https:\/\/www.maistendencia.com\/blog\/wp-content\/uploads\/2021\/02\/regalo-desayunos-de-san-valentin-1024x670.jpg 1024w, https:\/\/www.maistendencia.com\/blog\/wp-content\/uploads\/2021\/02\/regalo-desayunos-de-san-valentin-50x33.jpg 50w\" sizes=\"auto, (max-width: 1468px) 100vw, 1468px\" \/><figcaption id=\"caption-attachment-8280\" class=\"wp-caption-text\">Desayuno de Confiter\u00eda Milhojas.<\/figcaption><\/figure>\n<p style=\"text-align: justify;\">Otra opci\u00f3n para compartir con tu pareja son los desayunos a domicilio de <a href=\"https:\/\/www.ourensecentro.com\/asociados-ourense-centro\/143\/confiteria-mil-hojas\" target=\"_blank\" rel=\"noopener noreferrer\">Milhojas<\/a>, que no podemos dejar de recomendar. Aunque est\u00e1n disponibles durante todo el a\u00f1o, en Milhojas se reinventan para San Valent\u00edn incluyendo un mont\u00f3n de <strong>novedades con motivos rom\u00e1nticos<\/strong>. Disfruta de un desayuno en pareja con zumo, boller\u00eda, caf\u00e9, cereales, chocolates&#8230; tem\u00e1ticos de San Valent\u00edn y consulta en Milhojas c\u00f3mo quieres tu desayuno para que te lo preparen <strong>de manera personalizada<\/strong>.<\/p>\n<p style=\"text-align: justify;\">Adem\u00e1s de los desayunos, en su confiter\u00eda tambi\u00e9n puedes encontrar todo tipo de <strong>chocolates y dulces en forma de coraz\u00f3n<\/strong> ideales para regalar por San Valent\u00edn, as\u00ed como otros productos que tambi\u00e9n pueden ser un buen complemento como vinos especiales de San Valent\u00edn.<\/p>\n<figure id=\"attachment_8276\" aria-describedby=\"caption-attachment-8276\" style=\"width: 1500px\" class=\"wp-caption alignnone\"><img loading=\"lazy\" decoding=\"async\" class=\"wp-image-8276 size-full\" src=\"https:\/\/www.maistendencia.com\/blog\/wp-content\/uploads\/2021\/02\/pack-regalo-san-valentin-milhojas-1.jpg\" alt=\"pack regalo san valentin milhojas-1\" width=\"1500\" height=\"994\" srcset=\"https:\/\/www.maistendencia.com\/blog\/wp-content\/uploads\/2021\/02\/pack-regalo-san-valentin-milhojas-1.jpg 1500w, https:\/\/www.maistendencia.com\/blog\/wp-content\/uploads\/2021\/02\/pack-regalo-san-valentin-milhojas-1-300x199.jpg 300w, https:\/\/www.maistendencia.com\/blog\/wp-content\/uploads\/2021\/02\/pack-regalo-san-valentin-milhojas-1-1024x679.jpg 1024w, https:\/\/www.maistendencia.com\/blog\/wp-content\/uploads\/2021\/02\/pack-regalo-san-valentin-milhojas-1-400x266.jpg 400w, https:\/\/www.maistendencia.com\/blog\/wp-content\/uploads\/2021\/02\/pack-regalo-san-valentin-milhojas-1-50x33.jpg 50w\" sizes=\"auto, (max-width: 1500px) 100vw, 1500px\" \/><figcaption id=\"caption-attachment-8276\" class=\"wp-caption-text\">Productos de Confiter\u00eda Milhojas.<\/figcaption><\/figure>\n<p style=\"text-align: justify;\">En <a href=\"https:\/\/www.ourensecentro.com\/asociados-ourense-centro\/402\/la-ibense\" target=\"_blank\" rel=\"noopener noreferrer\">La Ibense<\/a> tambi\u00e9n puedes comprar tu desayuno para el D\u00eda de los Enamorados y llev\u00e1rtelo a casa. Podr\u00e1s encontrar su <strong>amplio surtido de productos<\/strong> que ya conocemos con decoraciones tem\u00e1ticas para San Valent\u00edn: cruasanes, magdalenas, donuts, napolitanas, zumos naturales, caf\u00e9s de todo tipo, chocolate con churros y una buena variedad de pinchos para que tomes un <strong>desayuno completo con tu pareja<\/strong>.<\/p>\n<p style=\"text-align: justify;\">Si tus favoritos son<strong>\u00a0los helados<\/strong> de La Ibense, tambi\u00e9n son una opci\u00f3n genial para comer algo dulce en la fecha de San Valent\u00edn. Tienen tarrinas de 1 litro y 1\/2 litro en todos sus sabores de helado para que te puedas llevar a casa tu favorito.<\/p>\n<figure id=\"attachment_8282\" aria-describedby=\"caption-attachment-8282\" style=\"width: 1500px\" class=\"wp-caption alignnone\"><img loading=\"lazy\" decoding=\"async\" class=\"wp-image-8282 size-full\" src=\"https:\/\/www.maistendencia.com\/blog\/wp-content\/uploads\/2021\/02\/la-ibense-desayuno-para-regalo-de-san-valentin.jpg\" alt=\"la ibense desayuno para regalo de san valentin\" width=\"1500\" height=\"994\" srcset=\"https:\/\/www.maistendencia.com\/blog\/wp-content\/uploads\/2021\/02\/la-ibense-desayuno-para-regalo-de-san-valentin.jpg 1500w, https:\/\/www.maistendencia.com\/blog\/wp-content\/uploads\/2021\/02\/la-ibense-desayuno-para-regalo-de-san-valentin-300x199.jpg 300w, https:\/\/www.maistendencia.com\/blog\/wp-content\/uploads\/2021\/02\/la-ibense-desayuno-para-regalo-de-san-valentin-1024x679.jpg 1024w, https:\/\/www.maistendencia.com\/blog\/wp-content\/uploads\/2021\/02\/la-ibense-desayuno-para-regalo-de-san-valentin-400x266.jpg 400w, https:\/\/www.maistendencia.com\/blog\/wp-content\/uploads\/2021\/02\/la-ibense-desayuno-para-regalo-de-san-valentin-50x33.jpg 50w\" sizes=\"auto, (max-width: 1500px) 100vw, 1500px\" \/><figcaption id=\"caption-attachment-8282\" class=\"wp-caption-text\">Desayuno de La Ibense.<\/figcaption><\/figure>\n<h3>Regala vinos y producto gastron\u00f3mico<\/h3>\n<figure id=\"attachment_8271\" aria-describedby=\"caption-attachment-8271\" style=\"width: 1500px\" class=\"wp-caption alignnone\"><img loading=\"lazy\" decoding=\"async\" class=\"wp-image-8271 size-full\" src=\"https:\/\/www.maistendencia.com\/blog\/wp-content\/uploads\/2021\/02\/pack-regalo-san-valentin-don-pablo-1.jpg\" alt=\"pack regalo san valentin don pablo-1\" width=\"1500\" height=\"994\" srcset=\"https:\/\/www.maistendencia.com\/blog\/wp-content\/uploads\/2021\/02\/pack-regalo-san-valentin-don-pablo-1.jpg 1500w, https:\/\/www.maistendencia.com\/blog\/wp-content\/uploads\/2021\/02\/pack-regalo-san-valentin-don-pablo-1-300x199.jpg 300w, https:\/\/www.maistendencia.com\/blog\/wp-content\/uploads\/2021\/02\/pack-regalo-san-valentin-don-pablo-1-1024x679.jpg 1024w, https:\/\/www.maistendencia.com\/blog\/wp-content\/uploads\/2021\/02\/pack-regalo-san-valentin-don-pablo-1-400x266.jpg 400w, https:\/\/www.maistendencia.com\/blog\/wp-content\/uploads\/2021\/02\/pack-regalo-san-valentin-don-pablo-1-50x33.jpg 50w\" sizes=\"auto, (max-width: 1500px) 100vw, 1500px\" \/><figcaption id=\"caption-attachment-8271\" class=\"wp-caption-text\">Productos gastron\u00f3micos de Don Pablo Gourmet.<\/figcaption><\/figure>\n<p style=\"text-align: justify;\">Si te apetece regalar productos de degustaci\u00f3n para convertir el D\u00eda de los Enamorados en toda <strong>una experiencia gourmet<\/strong>, <a href=\"https:\/\/www.maistendencia.com\/tiendas\/17_don-pablo-gourmet.html\" target=\"_blank\" rel=\"noopener noreferrer\">Don Pablo Gourmet<\/a> nos propone una amplia selecci\u00f3n de productos gastron\u00f3micos para que crees tu propia cesta de San Valent\u00edn. Regala una <strong>cesta regalo de productos gastron\u00f3micos<\/strong> por San Valent\u00edn y divi\u00e9rtete probando con tu pareja nuevos productos acompa\u00f1ados de un buen vino a tu elecci\u00f3n.<\/p>\n<figure id=\"attachment_8283\" aria-describedby=\"caption-attachment-8283\" style=\"width: 1500px\" class=\"wp-caption alignnone\"><img loading=\"lazy\" decoding=\"async\" class=\"wp-image-8283 size-full\" src=\"https:\/\/www.maistendencia.com\/blog\/wp-content\/uploads\/2021\/02\/tenda-santorum-vino-Finca-de-San-Martin-para-regalo-de-san-valentin.jpg\" alt=\"tenda santorum vino Finca de San Martin para regalo de san valentin\" width=\"1500\" height=\"994\" srcset=\"https:\/\/www.maistendencia.com\/blog\/wp-content\/uploads\/2021\/02\/tenda-santorum-vino-Finca-de-San-Martin-para-regalo-de-san-valentin.jpg 1500w, https:\/\/www.maistendencia.com\/blog\/wp-content\/uploads\/2021\/02\/tenda-santorum-vino-Finca-de-San-Martin-para-regalo-de-san-valentin-300x199.jpg 300w, https:\/\/www.maistendencia.com\/blog\/wp-content\/uploads\/2021\/02\/tenda-santorum-vino-Finca-de-San-Martin-para-regalo-de-san-valentin-1024x679.jpg 1024w, https:\/\/www.maistendencia.com\/blog\/wp-content\/uploads\/2021\/02\/tenda-santorum-vino-Finca-de-San-Martin-para-regalo-de-san-valentin-400x266.jpg 400w, https:\/\/www.maistendencia.com\/blog\/wp-content\/uploads\/2021\/02\/tenda-santorum-vino-Finca-de-San-Martin-para-regalo-de-san-valentin-50x33.jpg 50w\" sizes=\"auto, (max-width: 1500px) 100vw, 1500px\" \/><figcaption id=\"caption-attachment-8283\" class=\"wp-caption-text\">Vinos de Tenda Santorum.<\/figcaption><\/figure>\n<p style=\"text-align: justify;\">Una ocasi\u00f3n como San Valent\u00edn merece un brindis para celebrar el amor. Desde <a href=\"https:\/\/www.maistendencia.com\/tiendas\/38_tenda-santorum.html\" target=\"_blank\" rel=\"noopener noreferrer\">Tenda Santorum<\/a> nos recomiendan este <strong>Finca San Mart\u00edn<\/strong> procedente de la Rioja Alavesa para disfrutar como se merece un d\u00eda tan se\u00f1alado. Se trata de un <strong>Crianza con un toque frutal<\/strong>, muy fresco, de buena acidez. Esperamos que te animes a probarlo, ya que el d\u00eda lo merece.<\/p>\n<h3>Regala flores<\/h3>\n<figure id=\"attachment_8278\" aria-describedby=\"caption-attachment-8278\" style=\"width: 1866px\" class=\"wp-caption alignnone\"><img loading=\"lazy\" decoding=\"async\" class=\"wp-image-8278 size-full\" src=\"https:\/\/www.maistendencia.com\/blog\/wp-content\/uploads\/2021\/02\/rosas-preservadas-san-valentin-floristeria-milagros-albitos-22.jpg\" alt=\"rosas-preservadas-san-valentin-floristeria-milagros-albitos-22\" width=\"1866\" height=\"994\" srcset=\"https:\/\/www.maistendencia.com\/blog\/wp-content\/uploads\/2021\/02\/rosas-preservadas-san-valentin-floristeria-milagros-albitos-22.jpg 1866w, https:\/\/www.maistendencia.com\/blog\/wp-content\/uploads\/2021\/02\/rosas-preservadas-san-valentin-floristeria-milagros-albitos-22-300x160.jpg 300w, https:\/\/www.maistendencia.com\/blog\/wp-content\/uploads\/2021\/02\/rosas-preservadas-san-valentin-floristeria-milagros-albitos-22-1024x545.jpg 1024w\" sizes=\"auto, (max-width: 1866px) 100vw, 1866px\" \/><figcaption id=\"caption-attachment-8278\" class=\"wp-caption-text\">Rosa de Florister\u00eda Milagros Albitos.<\/figcaption><\/figure>\n<p style=\"text-align: justify;\">Una de esas cosas que se nos viene directamente a la mente al pensar en San Valent\u00edn son <strong>las flores<\/strong>, tan recurridas en estas fechas. Nos encanta lo bien que huelen, sus colores y la alegr\u00eda que dan a cualquier lugar, y es por ello que las flores siguen siendo para nosotros una<strong> apuesta segura de San Valent\u00edn<\/strong>.<\/p>\n<p style=\"text-align: justify;\">En <a href=\"https:\/\/www.artefloralmilagrosalbitos.com\/\" target=\"_blank\" rel=\"noopener noreferrer\">Milagros Albitos<\/a> dispones de una amplia variedad de rosas de diferentes colores para que regales por San Valent\u00edn aquella que m\u00e1s te guste. La rosa roja es el <strong>s\u00edmbolo del amor y la pasi\u00f3n<\/strong>, pero los otros colores tambi\u00e9n tienen significados muy interesantes: la rosa blanca representa la inocencia y el futuro en com\u00fan, la rosa roja es el aprecio y las buenas intenciones hacia la otra persona, la amarilla simboliza la amistad&#8230; <strong>hay una rosa especial para cada tipo de relaci\u00f3n<\/strong>.<\/p>\n<figure id=\"attachment_8277\" aria-describedby=\"caption-attachment-8277\" style=\"width: 1500px\" class=\"wp-caption alignnone\"><img loading=\"lazy\" decoding=\"async\" class=\"wp-image-8277 size-full\" src=\"https:\/\/www.maistendencia.com\/blog\/wp-content\/uploads\/2021\/02\/rosas-san-valentin-floristeria-milagros-albitos-1.jpg\" alt=\"rosas san valentin floristeria milagros albitos-1\" width=\"1500\" height=\"994\" srcset=\"https:\/\/www.maistendencia.com\/blog\/wp-content\/uploads\/2021\/02\/rosas-san-valentin-floristeria-milagros-albitos-1.jpg 1500w, https:\/\/www.maistendencia.com\/blog\/wp-content\/uploads\/2021\/02\/rosas-san-valentin-floristeria-milagros-albitos-1-300x199.jpg 300w, https:\/\/www.maistendencia.com\/blog\/wp-content\/uploads\/2021\/02\/rosas-san-valentin-floristeria-milagros-albitos-1-1024x679.jpg 1024w, https:\/\/www.maistendencia.com\/blog\/wp-content\/uploads\/2021\/02\/rosas-san-valentin-floristeria-milagros-albitos-1-400x266.jpg 400w, https:\/\/www.maistendencia.com\/blog\/wp-content\/uploads\/2021\/02\/rosas-san-valentin-floristeria-milagros-albitos-1-50x33.jpg 50w\" sizes=\"auto, (max-width: 1500px) 100vw, 1500px\" \/><figcaption id=\"caption-attachment-8277\" class=\"wp-caption-text\">Rosas de Florister\u00eda Milagros Albitos.<\/figcaption><\/figure>\n<p style=\"text-align: justify;\">Si te encantan las flores pero prefieres que tu regalo sea algo duradero, ya que las flores naturales se conservan solo alrededor de una semana, una opci\u00f3n que puede satisfacer tus gustos es regalar una <strong>rosa preservada<\/strong> como la que te ense\u00f1amos a continuaci\u00f3n. Esta forma de regalar rosas es una idea genial de <a href=\"https:\/\/www.ourensecentro.com\/asociados-ourense-centro\/171\/floristeria-dracena\" target=\"_blank\" rel=\"noopener noreferrer\">Florister\u00eda Dr\u00e1cena<\/a> para aquellos que quieren que sus <strong>flores duren siempre bonitas<\/strong>.<\/p>\n<figure id=\"attachment_8281\" aria-describedby=\"caption-attachment-8281\" style=\"width: 1468px\" class=\"wp-caption alignnone\"><img loading=\"lazy\" decoding=\"async\" class=\"wp-image-8281 size-full\" src=\"https:\/\/www.maistendencia.com\/blog\/wp-content\/uploads\/2021\/02\/rosas-preservadas-dracena.jpg\" alt=\"rosas-preservadas-dracena\" width=\"1468\" height=\"960\" srcset=\"https:\/\/www.maistendencia.com\/blog\/wp-content\/uploads\/2021\/02\/rosas-preservadas-dracena.jpg 1468w, https:\/\/www.maistendencia.com\/blog\/wp-content\/uploads\/2021\/02\/rosas-preservadas-dracena-300x196.jpg 300w, https:\/\/www.maistendencia.com\/blog\/wp-content\/uploads\/2021\/02\/rosas-preservadas-dracena-1024x670.jpg 1024w, https:\/\/www.maistendencia.com\/blog\/wp-content\/uploads\/2021\/02\/rosas-preservadas-dracena-50x33.jpg 50w\" sizes=\"auto, (max-width: 1468px) 100vw, 1468px\" \/><figcaption id=\"caption-attachment-8281\" class=\"wp-caption-text\">Rosa preservada de Florister\u00eda Dr\u00e1cena.<\/figcaption><\/figure>\n<p>Y t\u00fa, \u00bfqu\u00e9 vas a regalar por San Valent\u00edn? \u00a1Desde Maistendencia esperamos que celebres el d\u00eda como se merece!<\/p>\n<strong>Texto de<\/strong><br\/><br\/><div style=\"width:100%;height:auto;\"><div style=\"float:left;margin:0px 10px 10px 0px;\"><img alt='' src='https:\/\/secure.gravatar.com\/avatar\/131f1bf6d42065a0c1d3ecc19f8c6e5a?s=111&amp;d=https%3A%2F%2Fsecure.gravatar.com%2Favatar%2Fad516503a11cd5ca435acc9bb6523536%3Fs%3D111&amp;r=G' class='avatar avatar-111 photo' height='111' width='111' \/><\/div><div style=\"padding-left:25%;\"><strong>Alba R Cougil<\/strong><br\/><br\/><a href=\"mailto:acougil@ourensecca.com\">Correo electr\u00f3nico<\/a><br\/><br\/><div class=\"author-description\"><div class=\"autor-enlaces\"><\/div><\/div><\/div><\/div><div class=\"clear\"><\/div>\n<strong>Fotograf\u00edas de<\/strong><br\/><br\/><div style=\"width:100%;height:auto;\"><div style=\"float:left;margin:0px 10px 10px 0px;\"><img loading=\"lazy\" decoding=\"async\" src=\"https:\/\/www.maistendencia.com\/blog\/wp-content\/authors\/alexcarausan-13.jpg\" class=\"avatar photo\" alt=\"Alex Carausan\" width=\"111\" height=\"111\" \/><\/div><div style=\"padding-left:25%;\"><strong>Alex Carausan<\/strong><br\/><br\/><a href=\"mailto:\">Correo electr\u00f3nico<\/a><br\/><br\/><div class=\"author-description\"><div class=\"autor-enlaces\"><a class=\"link-web\" style=\"margin-bottom:10px;margin-right:10px\" href=\"http:\/\/www.alexcarausan.com\"  target=\"_blank\">http:\/\/www.alexcarausan.com<\/a><a class=\"link-ins\" href=\"https:\/\/www.instagram.com\/alexcarausan\/\" target=\"_blank\">https:\/\/www.instagram.com\/alexcarausan\/<\/a><\/div><\/div><\/div><\/div><div class=\"clear\"><\/div>\n","protected":false},"excerpt":{"rendered":"<p>Ya queda menos para San Valent\u00edn, un d\u00eda muy esperado por aquellos que est\u00e1n en pareja, ya que invita a hacer planes rom\u00e1nticos y pasar una velada un poco m\u00e1s especial de lo normal con&#8230;<br \/><a href=\"https:\/\/www.maistendencia.com\/blog\/celebra-san-valentin-por-todo-lo-alto-con-flores-dulces-y-vinos\/\"> Continuar leyendo&#8230;<\/a><\/p>\n","protected":false},"author":28,"featured_media":8312,"comment_status":"open","ping_status":"closed","sticky":false,"template":"","format":"standard","meta":{"footnotes":""},"categories":[5],"tags":[327,366,631,600,368,369,371,372,625,601,642,60,58,391,392],"class_list":["post-8284","post","type-post","status-publish","format-standard","has-post-thumbnail","hentry","category-celebra","tag-chocolate","tag-confiteria-mil-hojas","tag-desayuno","tag-don-pablo-gourmet","tag-enredos","tag-flores","tag-floristeria-dracena","tag-floristeria-milagros-albitos","tag-la-ibense","tag-lambetadas","tag-productos-gastronomicos","tag-regalos","tag-san-valentin","tag-tenda-santorum","tag-vino"],"aioseo_notices":[],"_links":{"self":[{"href":"https:\/\/www.maistendencia.com\/blog\/wp-json\/wp\/v2\/posts\/8284","targetHints":{"allow":["GET"]}}],"collection":[{"href":"https:\/\/www.maistendencia.com\/blog\/wp-json\/wp\/v2\/posts"}],"about":[{"href":"https:\/\/www.maistendencia.com\/blog\/wp-json\/wp\/v2\/types\/post"}],"author":[{"embeddable":true,"href":"https:\/\/www.maistendencia.com\/blog\/wp-json\/wp\/v2\/users\/28"}],"replies":[{"embeddable":true,"href":"https:\/\/www.maistendencia.com\/blog\/wp-json\/wp\/v2\/comments?post=8284"}],"version-history":[{"count":1,"href":"https:\/\/www.maistendencia.com\/blog\/wp-json\/wp\/v2\/posts\/8284\/revisions"}],"predecessor-version":[{"id":8313,"href":"https:\/\/www.maistendencia.com\/blog\/wp-json\/wp\/v2\/posts\/8284\/revisions\/8313"}],"wp:featuredmedia":[{"embeddable":true,"href":"https:\/\/www.maistendencia.com\/blog\/wp-json\/wp\/v2\/media\/8312"}],"wp:attachment":[{"href":"https:\/\/www.maistendencia.com\/blog\/wp-json\/wp\/v2\/media?parent=8284"}],"wp:term":[{"taxonomy":"category","embeddable":true,"href":"https:\/\/www.maistendencia.com\/blog\/wp-json\/wp\/v2\/categories?post=8284"},{"taxonomy":"post_tag","embeddable":true,"href":"https:\/\/www.maistendencia.com\/blog\/wp-json\/wp\/v2\/tags?post=8284"}],"curies":[{"name":"wp","href":"https:\/\/api.w.org\/{rel}","templated":true}]}}