{"id":7688,"date":"2020-11-26T12:05:20","date_gmt":"2020-11-26T10:05:20","guid":{"rendered":"https:\/\/www.maistendencia.com\/blog\/?p=7688"},"modified":"2023-01-20T00:38:15","modified_gmt":"2023-01-19T22:38:15","slug":"black-friday-una-fecha-para-aprovechar","status":"publish","type":"post","link":"https:\/\/www.maistendencia.com\/blog\/black-friday-una-fecha-para-aprovechar\/","title":{"rendered":"Black Friday, una fecha para aprovechar"},"content":{"rendered":"<p style=\"text-align: justify;\">Esta semana tiene lugar el esperado <a href=\"https:\/\/es.wikipedia.org\/wiki\/Viernes_negro_(compras)\" target=\"_blank\" rel=\"noopener noreferrer\">Black Friday<\/a>, que como cada a\u00f1o se celebra un d\u00eda despu\u00e9s del Acci\u00f3n de Gracias estadounidense, en este caso el pr\u00f3ximo <strong>viernes 27 de noviembre.<\/strong> Es un d\u00eda especial para aprovechar los descuentos que hacen todas las tiendas y darte un capricho con ese producto que siempre est\u00e1s a punto de comprar pero no te hace falta, ya que <strong>con los precios reducidos del Black Friday no tienes excusa<\/strong>.<\/p>\n<p style=\"text-align: justify;\">Son muchas las tiendas de nuestra ciudad que se acogen a esta promoci\u00f3n del Viernes Negro o Black Friday, pero este a\u00f1o te recomendamos en especial que visites las tiendas de tu barrio o ese <strong>negocio local que siempre te ha dado curiosidad<\/strong> para aprovechar esos descuentos que nos ofrecen. En las <a href=\"https:\/\/www.ourensecentro.com\/asociados-ourense-centro\/pagina\/1\" target=\"_blank\" rel=\"noopener noreferrer\">tiendas de Ourense Centro<\/a> puedes encontrar productos muy especiales que no pueden seguir pasando desapercibidos.<\/p>\n<p style=\"text-align: justify;\">El Black Friday ya lleva en Ourense varios a\u00f1os y es siempre un <strong>d\u00eda esperado<\/strong>, y cada vez son m\u00e1s las tiendas que se acogen a esta fecha de promociones. Puedes encontrar rebajas en las secciones de <strong>moda, complementos, calzado, joyer\u00eda, muebles, deportes<\/strong>&#8230; as\u00ed que estamos convencidos de que habr\u00e1 alguna oferta que se adapte a lo que necesitas en este momento. An\u00edmate a dar una vuelta por <a href=\"https:\/\/www.ourensecentro.com\/asociados-ourense-centro\/pagina\/1\" target=\"_blank\" rel=\"noopener noreferrer\">Ourense Centro<\/a> el viernes y disfruta de los descuentos que en muchos casos se ampl\u00edan a <strong>todo el fin de semana<\/strong> para que los clientes tengamos varias oportunidades de realizar compras a precios m\u00e1s que buenos.<\/p>\n<p><img loading=\"lazy\" decoding=\"async\" class=\"alignnone size-full wp-image-7691\" src=\"https:\/\/www.maistendencia.com\/blog\/wp-content\/uploads\/2020\/11\/compra-en-ourense-centro-black-friday-descuentos.jpg\" alt=\"compra-en-ourense-centro-black-friday-descuentos\" width=\"1350\" height=\"900\" srcset=\"https:\/\/www.maistendencia.com\/blog\/wp-content\/uploads\/2020\/11\/compra-en-ourense-centro-black-friday-descuentos.jpg 1350w, https:\/\/www.maistendencia.com\/blog\/wp-content\/uploads\/2020\/11\/compra-en-ourense-centro-black-friday-descuentos-300x200.jpg 300w, https:\/\/www.maistendencia.com\/blog\/wp-content\/uploads\/2020\/11\/compra-en-ourense-centro-black-friday-descuentos-1024x683.jpg 1024w, https:\/\/www.maistendencia.com\/blog\/wp-content\/uploads\/2020\/11\/compra-en-ourense-centro-black-friday-descuentos-400x266.jpg 400w, https:\/\/www.maistendencia.com\/blog\/wp-content\/uploads\/2020\/11\/compra-en-ourense-centro-black-friday-descuentos-50x33.jpg 50w\" sizes=\"auto, (max-width: 1350px) 100vw, 1350px\" \/><\/p>\n<p style=\"text-align: justify;\">A continuaci\u00f3n te dejamos con un <strong>listado de los descuentos<\/strong> que puedes encontrar este Black Friday en nuestros establecimientos asociados, para que vayas organizando la lista de las tiendas por las que tienes que pasar s\u00ed o s\u00ed este viernes:<\/p>\n<h3>Moda<\/h3>\n<p><a href=\"https:\/\/4elementos.es\/es\/\" target=\"_blank\" rel=\"noopener noreferrer\"><strong>4 Elementos<\/strong><\/a> \u2013 Hasta el 50% DTO. en art\u00edculos seleccionados. Hasta el domingo.<br \/>\n<a href=\"https:\/\/www.adolfodominguez.com\/en-gb\/?gclid=Cj0KCQiAwf39BRCCARIsALXWETzY1AdIoSghA-6ed2YzTPnbXBb9ihCrpea0O8YjniQ9ec2Ru8Zx7JAaAmQDEALw_wcB\" target=\"_blank\" rel=\"noopener noreferrer\"><strong>Adolfo Dom\u00ednguez<\/strong><\/a> \u2013 30% DTO. hasta el domingo incluido.<br \/>\n<a href=\"https:\/\/www.maistendencia.com\/tiendas\/29_anna.html\" target=\"_blank\" rel=\"noopener noreferrer\"><strong>Anna<\/strong><\/a> \u2013 20% DTO. en todo excepto prendas b\u00e1sicas.<br \/>\n<a href=\"https:\/\/www.frankstore.es\/\" target=\"_blank\" rel=\"noopener noreferrer\"><strong>Frank<\/strong><\/a> \u201320% DTO.<br \/>\n<a href=\"https:\/\/es-es.facebook.com\/pages\/category\/Men-s-Clothing-Store\/J-J-Ourense-182671795160426\/\" target=\"_blank\" rel=\"noopener noreferrer\"><strong>J&amp;J<\/strong><\/a> \u2013 20% DTO hasta el domingo.<br \/>\n<a href=\"http:\/\/www.komodamoda.es\/\" target=\"_blank\" rel=\"noopener noreferrer\"><strong>Komodamoda<\/strong><\/a> \u2013 Hasta el 30% DTO. en prendas seleccionadas.<br \/>\n<a href=\"https:\/\/www.facebook.com\/people\/La-Camiseria-Juan-Barros\/100008611219083\" target=\"_blank\" rel=\"noopener noreferrer\"><strong>La camiser\u00eda<\/strong><\/a> \u2013 Camisas y jers\u00e9is de punto 49,90. Resto de art\u00edculos 20% DTO. Jueves y Viernes.<br \/>\n<a href=\"https:\/\/lakari.net\/\" target=\"_blank\" rel=\"noopener noreferrer\"><strong>Lakar\u00ed<\/strong><\/a> \u2013 15% DTO. Viernes y s\u00e1bado.<br \/>\n<a href=\"https:\/\/www.maistendencia.com\/tiendas\/18_marco-valenti.html\" target=\"_blank\" rel=\"noopener noreferrer\"><strong>Marco Valenti<\/strong><\/a> \u2013 20% DTO.<br \/>\n<a href=\"https:\/\/www.nv.style\/\" target=\"_blank\" rel=\"noopener noreferrer\"><strong>Nuria Vidal<\/strong><\/a> \u2013 20% en bolsos y calzado de la temporada. Zona outlet desde el 50% hasta el 70% DTO. Liquidaci\u00f3n de ropa con un 70%. Viernes y s\u00e1bado.<br \/>\n<a href=\"http:\/\/ramoshop.com\/\" target=\"_blank\" rel=\"noopener noreferrer\"><strong>Ramos Shop<\/strong><\/a> \u2013 20% DTO. en todos los art\u00edculos desde el lunes 23 de noviembre.<br \/>\n<a href=\"https:\/\/www.seriebourense.com\/\" target=\"_blank\" rel=\"noopener noreferrer\"><strong>Serie B<\/strong><\/a> \u2013 20% en art\u00edculos seleccionados.<br \/>\n<a href=\"https:\/\/sniker.es\/\" target=\"_blank\" rel=\"noopener noreferrer\"><strong>Sniker<\/strong><\/a> \u2013 20% DTO.<br \/>\n<a href=\"https:\/\/www.facebook.com\/thetownconceptstore\" target=\"_blank\" rel=\"noopener noreferrer\"><strong>The ToWn Concept Store<\/strong><\/a> \u2013 3&#215;2 (Gratis el art\u00edculo de menor importe) P\u00e1gina web: 25% DTO. en todos los art\u00edculos con el c\u00f3digo Black.<br \/>\n<a href=\"https:\/\/www.varelaintimo.com\/\" target=\"_blank\" rel=\"noopener noreferrer\"><strong>Varela \u00cdntimo<\/strong><\/a> \u2013 Viernes 27 y s\u00e1bado 28 (s\u00f3lo de ma\u00f1anas) 21% de DTO. a partir de la segunda prenda y sucesivas, siempre en las de menor valor y packs se venden completos.<br \/>\n<a href=\"https:\/\/www.varelaintimo.com\/\" target=\"_blank\" rel=\"noopener noreferrer\"><strong>Varela \u00cdntimo Mujer<\/strong><\/a> \u2013 20% DTO. en todos los art\u00edculos.<\/p>\n<h3>Joyer\u00eda<\/h3>\n<p><a href=\"https:\/\/www.maistendencia.com\/tiendas\/9_sierra-joyeros.html\" target=\"_blank\" rel=\"noopener noreferrer\"><strong>Sierra Joyeros (Paseo)<\/strong><\/a> \u2013 20% DTO.<br \/>\n<a href=\"http:\/\/www.joyeriavila.es\/\" target=\"_blank\" rel=\"noopener noreferrer\"><strong>Joyer\u00eda Vila<\/strong><\/a> \u2013 Hasta el 50% DTO.<br \/>\n<a href=\"https:\/\/www.joyeriafuentefria.com\/\" target=\"_blank\" rel=\"noopener noreferrer\"><strong>Joyer\u00eda Fuentefr\u00eda<\/strong><\/a> \u2013 Platadepalo 2&#215;1, Pandora 20% de DTO. Resto de art\u00edculos del 10 al 30% DTO.<br \/>\n<a href=\"https:\/\/www.joyeriasuyza.com\/\" target=\"_blank\" rel=\"noopener noreferrer\"><strong>Joyer\u00eda Suyza<\/strong><\/a> \u2013 Del 15% al 20% DTO.<\/p>\n<h3>Complementos y calzado<\/h3>\n<p><a href=\"http:\/\/catchalot.es\/\" target=\"_blank\" rel=\"noopener noreferrer\"><strong>Catchalot<\/strong><\/a> \u2013 20 % DTO. menos art\u00edculos marcados con el punto rojo que que ter\u00e1n un 10% DTO.<br \/>\n<a href=\"https:\/\/www.maistendencia.com\/tiendas\/50_merceria-musko.html\" target=\"_blank\" rel=\"noopener noreferrer\"><strong>Mercer\u00eda Musko<\/strong><\/a> \u2013 21% en todos los art\u00edculos.<br \/>\n<a href=\"https:\/\/es-la.facebook.com\/opdiagonal\" target=\"_blank\" rel=\"noopener noreferrer\"><strong>\u00d3ptica Diagonal<\/strong><\/a> \u2013 Hasta el 50% DTO.<br \/>\n<a href=\"https:\/\/www.opticalia.es\/es\/optica-ourense-rua-do-paseo-2-opticalia-casa-de-los-lentes\" target=\"_blank\" rel=\"noopener noreferrer\"><strong>Opticalia<\/strong><\/a> \u2013 50% DTO en gafas de sol. Con tus nuevas lentes graduadas te regalamos la montura. Otras promociones en tienda. Hasta el s\u00e1bado.<br \/>\n<a href=\"https:\/\/www.worldmujer.com\/\" target=\"_blank\" rel=\"noopener noreferrer\"><strong>World Mujer<\/strong><\/a> \u201310 % DTO. en todos los art\u00edculos.<br \/>\n<a href=\"https:\/\/www.worldmujer.com\/\" target=\"_blank\" rel=\"noopener noreferrer\"><strong>World Shoe<\/strong><\/a> \u201310 % DTO. en todos los art\u00edculos.<\/p>\n<h3>Ni\u00f1os<\/h3>\n<p><a href=\"https:\/\/www.ourensecentro.com\/asociados-ourense-centro\/406\/junior\" target=\"_blank\" rel=\"noopener noreferrer\"><strong>Junior<\/strong><\/a> \u2013 20% DTO.<br \/>\n<a href=\"https:\/\/www.maistendencia.com\/tiendas\/39_la-pequena-coqueta.html\" target=\"_blank\" rel=\"noopener noreferrer\"><strong>La Peque\u00f1a Coqueta<\/strong><\/a> \u2013 20% en colecciones seleccionadas hasta el s\u00e1bado.<br \/>\n<a href=\"https:\/\/www.maistendencia.com\/tiendas\/11_pasinos.html\" target=\"_blank\" rel=\"noopener noreferrer\"><strong>Pasi\u00f1os<\/strong><\/a> \u2013 20% DTO.<\/p>\n<h3>Deportes<\/h3>\n<p><a href=\"https:\/\/www.intersport.es\/\" target=\"_blank\" rel=\"noopener noreferrer\"><strong>Intersport Bouso<\/strong><\/a> \u2013 Tolo el textil y calzado desde el 20% hasta el 50% DTO. Toda la semana hasta el s\u00e1bado 28.<br \/>\n<a href=\"http:\/\/www.turini.es\/\" target=\"_blank\" rel=\"noopener noreferrer\"><strong>Turini Sport<\/strong><\/a> \u2013 20% en art\u00edculos de la temporada. Descuento especial del 50% en art\u00edculos seleccionados.<\/p>\n<h3>Librer\u00edas<\/h3>\n<p><a href=\"https:\/\/es-es.facebook.com\/nobelinternacional\" target=\"_blank\" rel=\"noopener noreferrer\"><strong>Espazo Lector Nobel Internacional<\/strong><\/a> \u2013 25% DTO. en mochilas, juegos y art\u00edculos seleccionados y 10% DTO. en papeler\u00eda (Del 23 al 27)Viernes: 5% de DTO. en libros (*menos libro de texto).<br \/>\n<a href=\"https:\/\/www.maistendencia.com\/tiendas\/13_libreria-padre-feijoo.html\" target=\"_blank\" rel=\"noopener noreferrer\"><strong>Librer\u00eda Padre Feij\u00f3o<\/strong><\/a> \u2013 5% DTO. en todos los libros. 10% DTO. en papeler\u00eda.<br \/>\n<a href=\"https:\/\/www.libreriaplatero.net\/\" target=\"_blank\" rel=\"noopener noreferrer\"><strong>Librer\u00eda Platero<\/strong><\/a> \u2013 5% DTO. en todos os libros. 10% DTO. en papeler\u00eda.<\/p>\n<p><strong>Decoraci\u00f3n<\/strong><\/p>\n<p><a href=\"https:\/\/www.banak.com\/tienda\/ourense\" target=\"_blank\" rel=\"noopener noreferrer\"><strong>Banak Importa<\/strong><\/a> \u2013 Hasta 65% muebles y decoraci\u00f3n.<br \/>\n<a href=\"https:\/\/www.maistendencia.com\/tiendas\/41_lumeal.html\" target=\"_blank\" rel=\"noopener noreferrer\"><strong>Lumeal<\/strong><\/a> \u2013 Visillo a 12,95\u20ac \/ metro.<br \/>\n<a href=\"https:\/\/es-es.facebook.com\/pages\/category\/Home-Decor\/Mandarina-home-Ourense-1828482794076876\/\" target=\"_blank\" rel=\"noopener noreferrer\"><strong>Mandarina Home<\/strong><\/a> \u2013 15% DTO. Jueves y viernes.<br \/>\n<a href=\"https:\/\/www.maistendencia.com\/tiendas\/10_muebles-feijoo.html\" target=\"_blank\" rel=\"noopener noreferrer\"><strong>Muebles Feij\u00f3o<\/strong><\/a> \u2013 Hasta el 20% DTO. en art\u00edculos de exposici\u00f3n, muebles y puericultura.<\/p>\n<h3>Peluquer\u00eda y est\u00e9tica<\/h3>\n<p><a href=\"https:\/\/www.facebook.com\/leticiacelaabeautylounge\/\" target=\"_blank\" rel=\"noopener noreferrer\"><strong>Leticia Cela\u00e1<\/strong><\/a> \u2013 Bonos de 5 +1 y 10 +3 en tratamientos corporales y 4 +1 en tratamientos faciales, masajes a 10\u20ac. Hasta el viernes.<br \/>\n<a href=\"http:\/\/www.cachaldoraseoane.com\/galeria\/18\/1\/academia-jorge-3\" target=\"_blank\" rel=\"noopener noreferrer\"><strong>Academia Jorge 3<\/strong><\/a> \u2013 20 % DTO. en venta de productos.<br \/>\n<a href=\"http:\/\/www.cachaldoraseoane.com\/\" target=\"_blank\" rel=\"noopener noreferrer\"><strong>Cachaldora Seoane (Celso Emilio Ferreiro)<\/strong> <\/a>\u2013 20 % DTO. en venta de productos.<br \/>\n<a href=\"https:\/\/www.maistendencia.com\/tiendas\/22_cachaldora-seoane.html\" target=\"_blank\" rel=\"noopener noreferrer\"><strong>Cachaldora Seoane (Paseo)<\/strong><\/a> \u2013 20 % DTO. en venta de productos.<\/p>\n<h3>Hosteler\u00eda<\/h3>\n<p><a href=\"https:\/\/www.facebook.com\/La-Ibense-102150761127731\/\" target=\"_blank\" rel=\"noopener noreferrer\"><strong>La Ibense<\/strong><\/a> \u2013 20% DTO. en tarrinas de helado de medio litro y un litro.<br \/>\n<a href=\"https:\/\/teandnature.com\/\" target=\"_blank\" rel=\"noopener noreferrer\"><strong>Tea &amp; Nature<\/strong><\/a> \u2013 15% DTO. en accesorios.<\/p>\n<p style=\"text-align: justify;\">Esperamos que disfrutes de esta edici\u00f3n del <strong>Black Friday<\/strong> y le saques el mejor partido a sus descuentos. Si te apetece puedes decirnos en los comentarios cu\u00e1l ha sido <strong>tu compra m\u00e1s celebrada<\/strong> del Viernes Negro este a\u00f1o.<\/p>\n<strong>Texto de<\/strong><br\/><br\/><div style=\"width:100%;height:auto;\"><div style=\"float:left;margin:0px 10px 10px 0px;\"><img alt='' src='https:\/\/secure.gravatar.com\/avatar\/131f1bf6d42065a0c1d3ecc19f8c6e5a?s=111&amp;d=https%3A%2F%2Fsecure.gravatar.com%2Favatar%2Fad516503a11cd5ca435acc9bb6523536%3Fs%3D111&amp;r=G' class='avatar avatar-111 photo' height='111' width='111' \/><\/div><div style=\"padding-left:25%;\"><strong>Alba R Cougil<\/strong><br\/><br\/><a href=\"mailto:acougil@ourensecca.com\">Correo electr\u00f3nico<\/a><br\/><br\/><div class=\"author-description\"><div class=\"autor-enlaces\"><\/div><\/div><\/div><\/div><div class=\"clear\"><\/div>\n","protected":false},"excerpt":{"rendered":"<p>Esta semana tiene lugar el esperado Black Friday, que como cada a\u00f1o se celebra un d\u00eda despu\u00e9s del Acci\u00f3n de Gracias estadounidense, en este caso el pr\u00f3ximo viernes 27 de noviembre. Es un d\u00eda especial&#8230;<br \/><a href=\"https:\/\/www.maistendencia.com\/blog\/black-friday-una-fecha-para-aprovechar\/\"> Continuar leyendo&#8230;<\/a><\/p>\n","protected":false},"author":28,"featured_media":7702,"comment_status":"open","ping_status":"closed","sticky":false,"template":"","format":"standard","meta":{"footnotes":""},"categories":[57],"tags":[290,147,38,227,62,146,292],"class_list":["post-7688","post","type-post","status-publish","format-standard","has-post-thumbnail","hentry","category-de-tiendas","tag-black-friday","tag-centro-comercial-aberto-ourense-centro","tag-compras","tag-descuentos","tag-moda","tag-ourense-centro","tag-rebajas"],"aioseo_notices":[],"_links":{"self":[{"href":"https:\/\/www.maistendencia.com\/blog\/wp-json\/wp\/v2\/posts\/7688","targetHints":{"allow":["GET"]}}],"collection":[{"href":"https:\/\/www.maistendencia.com\/blog\/wp-json\/wp\/v2\/posts"}],"about":[{"href":"https:\/\/www.maistendencia.com\/blog\/wp-json\/wp\/v2\/types\/post"}],"author":[{"embeddable":true,"href":"https:\/\/www.maistendencia.com\/blog\/wp-json\/wp\/v2\/users\/28"}],"replies":[{"embeddable":true,"href":"https:\/\/www.maistendencia.com\/blog\/wp-json\/wp\/v2\/comments?post=7688"}],"version-history":[{"count":3,"href":"https:\/\/www.maistendencia.com\/blog\/wp-json\/wp\/v2\/posts\/7688\/revisions"}],"predecessor-version":[{"id":9035,"href":"https:\/\/www.maistendencia.com\/blog\/wp-json\/wp\/v2\/posts\/7688\/revisions\/9035"}],"wp:featuredmedia":[{"embeddable":true,"href":"https:\/\/www.maistendencia.com\/blog\/wp-json\/wp\/v2\/media\/7702"}],"wp:attachment":[{"href":"https:\/\/www.maistendencia.com\/blog\/wp-json\/wp\/v2\/media?parent=7688"}],"wp:term":[{"taxonomy":"category","embeddable":true,"href":"https:\/\/www.maistendencia.com\/blog\/wp-json\/wp\/v2\/categories?post=7688"},{"taxonomy":"post_tag","embeddable":true,"href":"https:\/\/www.maistendencia.com\/blog\/wp-json\/wp\/v2\/tags?post=7688"}],"curies":[{"name":"wp","href":"https:\/\/api.w.org\/{rel}","templated":true}]}}