{"id":7342,"date":"2020-10-23T11:30:39","date_gmt":"2020-10-23T09:30:39","guid":{"rendered":"https:\/\/www.maistendencia.com\/blog\/?p=7342"},"modified":"2020-11-12T09:33:24","modified_gmt":"2020-11-12T07:33:24","slug":"flores-para-conmemorar-a-los-que-mas-queremos","status":"publish","type":"post","link":"https:\/\/www.maistendencia.com\/blog\/flores-para-conmemorar-a-los-que-mas-queremos\/","title":{"rendered":"Flores para conmemorar a los que m\u00e1s queremos"},"content":{"rendered":"<p style=\"text-align: justify;\">El mes de octubre ya se acerca a su final, y con \u00e9l llegan las festividades de <strong>Todos los Santos y Fieles Difuntos<\/strong>, d\u00edas especiales para recordar a los que ya no est\u00e1n con nosotros. En estas fechas es habitual que visitemos los santuarios y llevemos flores al cementerio en homenaje a nuestros seres queridos, y hoy te vamos a contar<strong> de d\u00f3nde viene esta tradici\u00f3n<\/strong> tan antigua.<\/p>\n<figure id=\"attachment_7374\" aria-describedby=\"caption-attachment-7374\" style=\"width: 1500px\" class=\"wp-caption alignnone\"><img loading=\"lazy\" decoding=\"async\" class=\"wp-image-7374 size-full\" src=\"https:\/\/www.maistendencia.com\/blog\/wp-content\/uploads\/2020\/10\/Centro-floral-dia-de-todos-los-santos-artikel-2.jpg\" alt=\"Centro floral dia de todos los santos Hiper 100\" width=\"1500\" height=\"695\" srcset=\"https:\/\/www.maistendencia.com\/blog\/wp-content\/uploads\/2020\/10\/Centro-floral-dia-de-todos-los-santos-artikel-2.jpg 1500w, https:\/\/www.maistendencia.com\/blog\/wp-content\/uploads\/2020\/10\/Centro-floral-dia-de-todos-los-santos-artikel-2-300x139.jpg 300w, https:\/\/www.maistendencia.com\/blog\/wp-content\/uploads\/2020\/10\/Centro-floral-dia-de-todos-los-santos-artikel-2-1024x474.jpg 1024w\" sizes=\"auto, (max-width: 1500px) 100vw, 1500px\" \/><figcaption id=\"caption-attachment-7374\" class=\"wp-caption-text\">Centro de margaritas artificiales de Hiper100. Sus precios van desde los 19\u20ac a los 40\u20ac.<\/figcaption><\/figure>\n<p style=\"text-align: justify;\">El D\u00eda de Todos los Santos se empez\u00f3 a celebrar el 13 de mayo en la Iglesia de Oriente. En la Iglesia Occidental se empieza a festejar cuando el emperador de Oriente dona el Parten\u00f3n de Atenas a la Iglesia Cat\u00f3lica en el siglo VII, que pasa de ser un templo dedicado a todos los <a href=\"https:\/\/es.wikipedia.org\/wiki\/Dioses_ol%C3%ADmpicos#:~:text=Zeus%2C%20Hera%2C%20Poseid%C3%B3n%2C%20Ares,variables%20que%20completaban%20la%20docena.\" target=\"_blank\" rel=\"noopener noreferrer\">dioses del Olimpo<\/a> a una iglesia en honor a la Virgen Mar\u00eda y Todos los Santos. Posteriormente, el Papa Gregorio III <strong>cambia la fecha del 13 de mayo al 1 de noviembre<\/strong>, d\u00eda en que consagra una de las capillas de la Bas\u00edlica de San Pedro de Roma a Todos los Santos.<\/p>\n<figure id=\"attachment_7404\" aria-describedby=\"caption-attachment-7404\" style=\"width: 1418px\" class=\"wp-caption alignnone\"><img loading=\"lazy\" decoding=\"async\" class=\"wp-image-7404 size-full\" src=\"https:\/\/www.maistendencia.com\/blog\/wp-content\/uploads\/2020\/10\/Centro-floral-dia-de-todos-los-santos-dracena.jpg\" alt=\"Centro-floral-dia-de-todos-los-santos-dracena\" width=\"1418\" height=\"695\" srcset=\"https:\/\/www.maistendencia.com\/blog\/wp-content\/uploads\/2020\/10\/Centro-floral-dia-de-todos-los-santos-dracena.jpg 1418w, https:\/\/www.maistendencia.com\/blog\/wp-content\/uploads\/2020\/10\/Centro-floral-dia-de-todos-los-santos-dracena-300x147.jpg 300w, https:\/\/www.maistendencia.com\/blog\/wp-content\/uploads\/2020\/10\/Centro-floral-dia-de-todos-los-santos-dracena-1024x502.jpg 1024w\" sizes=\"auto, (max-width: 1418px) 100vw, 1418px\" \/><figcaption id=\"caption-attachment-7404\" class=\"wp-caption-text\">Encuentra gran variedad de flores naturales en Florister\u00eda Dr\u00e1cena. Cuentan con servicio de entrega donde t\u00fa lo pidas.<\/figcaption><\/figure>\n<p style=\"text-align: justify;\">Por otro lado, el 2 de noviembre o D\u00eda de Fieles Difuntos se recuerda a todas las personas que fallecieron en la gracia de Dios, y al igual que Todos los Santos, el d\u00eda coincide con las fechas en que la cultura celta celebraba el <a href=\"https:\/\/es.wikipedia.org\/wiki\/Samhain\" target=\"_blank\" rel=\"noopener noreferrer\">final del verano y de las cosechas<\/a>, que simbolizaban la muerte y el paso a un nuevo a\u00f1o en el calendario celta. De este modo, la Iglesia Cat\u00f3lica eligi\u00f3 instaurar estas dos festividades a estas alturas del a\u00f1o para <strong>eliminar el rito de la tradici\u00f3n pagana<\/strong> dando paso a nuestro d\u00eda de Todos los Santos, que ya es una tradici\u00f3n con siglos de antig\u00fcedad.<\/p>\n<figure id=\"attachment_7390\" aria-describedby=\"caption-attachment-7390\" style=\"width: 1500px\" class=\"wp-caption alignnone\"><img loading=\"lazy\" decoding=\"async\" class=\"wp-image-7390 size-full\" src=\"https:\/\/www.maistendencia.com\/blog\/wp-content\/uploads\/2020\/10\/Centro-floral-dia-de-todos-los-santos-milagros-albitos.jpg\" alt=\"Centro floral dia de todos los santos milagros albitos y floristeria milvia\" width=\"1500\" height=\"695\" srcset=\"https:\/\/www.maistendencia.com\/blog\/wp-content\/uploads\/2020\/10\/Centro-floral-dia-de-todos-los-santos-milagros-albitos.jpg 1500w, https:\/\/www.maistendencia.com\/blog\/wp-content\/uploads\/2020\/10\/Centro-floral-dia-de-todos-los-santos-milagros-albitos-300x139.jpg 300w, https:\/\/www.maistendencia.com\/blog\/wp-content\/uploads\/2020\/10\/Centro-floral-dia-de-todos-los-santos-milagros-albitos-1024x474.jpg 1024w\" sizes=\"auto, (max-width: 1500px) 100vw, 1500px\" \/><figcaption id=\"caption-attachment-7390\" class=\"wp-caption-text\">Centro de rosas naturales. Florister\u00eda Milagros Albitos y Florister\u00eda Milvia.<\/figcaption><\/figure>\n<p style=\"text-align: justify;\">En cuanto a la decoraci\u00f3n con flores, anta\u00f1o <strong>se velaba a los muertos al aire libre<\/strong>, donde exhib\u00edan los cuerpos para corroborar que estos no volv\u00edan a la vida y para que la gente orase por sus almas. Como no exist\u00edan todav\u00eda t\u00e9cnicas de conservaci\u00f3n o embalsamamiento, normalmente los cuerpos empezaban a descomponerse y oler mal con el paso de las horas, y por ello se les pon\u00eda flores encima y se aromatizaba con varitas de incienso para paliar el hedor.<\/p>\n<p style=\"text-align: justify;\">La tradici\u00f3n de colocar flores a los muertos <strong>se conserva desde la Edad Antigua<\/strong> en diversos pa\u00edses europeos como Francia, B\u00e9lgica, Reino Unido, Luxemburgo, Polonia, etc. A modo de curiosidad, <strong>en Francia<\/strong> este d\u00eda, llamado <a href=\"https:\/\/sobrefrancia.com\/2013\/09\/04\/la-toussaint-el-recuerdo-a-los-difuntos\/\" target=\"_blank\" rel=\"noopener noreferrer\">la <em>Toussaint<\/em><\/a>, es muy similar a nuestra cultura: los familiares visitan las tumbas, las limpian y les dejan flores a sus seres queridos, que por tradici\u00f3n han de ser crisantemos en particular.<\/p>\n<figure id=\"attachment_7376\" aria-describedby=\"caption-attachment-7376\" style=\"width: 1500px\" class=\"wp-caption alignnone\"><img loading=\"lazy\" decoding=\"async\" class=\"wp-image-7376 size-full\" src=\"https:\/\/www.maistendencia.com\/blog\/wp-content\/uploads\/2020\/10\/Centro-floral-dia-de-todos-los-santos-artikel-1-1.jpg\" alt=\"Centro de rosas artificiales de Artikel. Dia de Todos Los Santos.\" width=\"1500\" height=\"695\" srcset=\"https:\/\/www.maistendencia.com\/blog\/wp-content\/uploads\/2020\/10\/Centro-floral-dia-de-todos-los-santos-artikel-1-1.jpg 1500w, https:\/\/www.maistendencia.com\/blog\/wp-content\/uploads\/2020\/10\/Centro-floral-dia-de-todos-los-santos-artikel-1-1-300x139.jpg 300w, https:\/\/www.maistendencia.com\/blog\/wp-content\/uploads\/2020\/10\/Centro-floral-dia-de-todos-los-santos-artikel-1-1-1024x474.jpg 1024w\" sizes=\"auto, (max-width: 1500px) 100vw, 1500px\" \/><figcaption id=\"caption-attachment-7376\" class=\"wp-caption-text\">Centro de rosas artificiales de Artikel. Adaptan cualquiera de sus ramos al recipiente que t\u00fa les lleves o puedes comprarlo en su tienda. Precios de 30\u20ac a 60\u20ac.<\/figcaption><\/figure>\n<p style=\"text-align: justify;\">Cada uno tiene su peque\u00f1a tradici\u00f3n personal para estas fechas, pero las flores siempre est\u00e1n presentes. <strong>En M\u00e9xico<\/strong> el d\u00eda de los muertos es toda una celebraci\u00f3n llena de color: dulces, canciones, decoraciones de todo tipo y, por supuesto, tambi\u00e9n flores, que hacen que el recuerdo de los seres queridos se convierta en una <a href=\"https:\/\/news.un.org\/es\/story\/2019\/10\/1464731\" target=\"_blank\" rel=\"noopener noreferrer\">fiesta llena de alegr\u00eda<\/a> por los momentos que esas personas han regalado a los dem\u00e1s.<\/p>\n<figure id=\"attachment_7388\" aria-describedby=\"caption-attachment-7388\" style=\"width: 1500px\" class=\"wp-caption alignnone\"><img loading=\"lazy\" decoding=\"async\" class=\"wp-image-7388 size-full\" src=\"https:\/\/www.maistendencia.com\/blog\/wp-content\/uploads\/2020\/10\/Centro-floral-dia-de-todos-los-santos-milvia-milagros-albitos-7.jpg\" alt=\"Centro floral Dia de Todos los Santos Florister\u00eda Milagros Albitos y Milvia\" width=\"1500\" height=\"994\" srcset=\"https:\/\/www.maistendencia.com\/blog\/wp-content\/uploads\/2020\/10\/Centro-floral-dia-de-todos-los-santos-milvia-milagros-albitos-7.jpg 1500w, https:\/\/www.maistendencia.com\/blog\/wp-content\/uploads\/2020\/10\/Centro-floral-dia-de-todos-los-santos-milvia-milagros-albitos-7-300x199.jpg 300w, https:\/\/www.maistendencia.com\/blog\/wp-content\/uploads\/2020\/10\/Centro-floral-dia-de-todos-los-santos-milvia-milagros-albitos-7-1024x679.jpg 1024w, https:\/\/www.maistendencia.com\/blog\/wp-content\/uploads\/2020\/10\/Centro-floral-dia-de-todos-los-santos-milvia-milagros-albitos-7-400x266.jpg 400w, https:\/\/www.maistendencia.com\/blog\/wp-content\/uploads\/2020\/10\/Centro-floral-dia-de-todos-los-santos-milvia-milagros-albitos-7-50x33.jpg 50w\" sizes=\"auto, (max-width: 1500px) 100vw, 1500px\" \/><figcaption id=\"caption-attachment-7388\" class=\"wp-caption-text\">En Milvia y Milagros Albitos puedes encontrar ramos naturales para crear tus propias decoraciones.<\/figcaption><\/figure>\n<p style=\"text-align: justify;\">No importa cu\u00e1l sea tu forma de celebrarlo ni qu\u00e9 opci\u00f3n elijas para decorar en este d\u00eda, pero nos queda claro que lo principal es que las flores acompa\u00f1en <strong>con su color y su perfume<\/strong>.<\/p>\n<p style=\"text-align: justify;\">Naturales, artificiales para que tengan m\u00e1s durabilidad y se mantengan siempre bonitas, centros con diferentes variedades florales, un sencillo ramo\u2026 <strong>Cu\u00e9ntanos cu\u00e1l es tu opci\u00f3n favorita<\/strong> y qu\u00e9 te ha parecido este repaso por la historia del d\u00eda de Fieles Difuntos y el uso de las flores en la tradici\u00f3n religiosa.<\/p>\n<p>A continuaci\u00f3n puedes ver m\u00e1s opciones de centros para este d\u00eda:<\/p>\n<h3>Florister\u00eda Milagros Albitos y Florister\u00eda Milvia<\/h3>\n<p>Flores naturales.<img loading=\"lazy\" decoding=\"async\" class=\"alignnone size-full wp-image-7389\" src=\"https:\/\/www.maistendencia.com\/blog\/wp-content\/uploads\/2020\/10\/Centro-floral-dia-de-todos-los-santos-milvia-milagros-albitos-8.jpg\" alt=\"Centro floral dia de todos los santos milagros albitos y floristeria milvia\" width=\"1500\" height=\"994\" srcset=\"https:\/\/www.maistendencia.com\/blog\/wp-content\/uploads\/2020\/10\/Centro-floral-dia-de-todos-los-santos-milvia-milagros-albitos-8.jpg 1500w, https:\/\/www.maistendencia.com\/blog\/wp-content\/uploads\/2020\/10\/Centro-floral-dia-de-todos-los-santos-milvia-milagros-albitos-8-300x199.jpg 300w, https:\/\/www.maistendencia.com\/blog\/wp-content\/uploads\/2020\/10\/Centro-floral-dia-de-todos-los-santos-milvia-milagros-albitos-8-1024x679.jpg 1024w, https:\/\/www.maistendencia.com\/blog\/wp-content\/uploads\/2020\/10\/Centro-floral-dia-de-todos-los-santos-milvia-milagros-albitos-8-400x266.jpg 400w, https:\/\/www.maistendencia.com\/blog\/wp-content\/uploads\/2020\/10\/Centro-floral-dia-de-todos-los-santos-milvia-milagros-albitos-8-50x33.jpg 50w\" sizes=\"auto, (max-width: 1500px) 100vw, 1500px\" \/> <img loading=\"lazy\" decoding=\"async\" class=\"alignnone size-full wp-image-7387\" src=\"https:\/\/www.maistendencia.com\/blog\/wp-content\/uploads\/2020\/10\/Centro-floral-dia-de-todos-los-santos-milvia-milagros-albitos-6.jpg\" alt=\"\" width=\"1500\" height=\"994\" srcset=\"https:\/\/www.maistendencia.com\/blog\/wp-content\/uploads\/2020\/10\/Centro-floral-dia-de-todos-los-santos-milvia-milagros-albitos-6.jpg 1500w, https:\/\/www.maistendencia.com\/blog\/wp-content\/uploads\/2020\/10\/Centro-floral-dia-de-todos-los-santos-milvia-milagros-albitos-6-300x199.jpg 300w, https:\/\/www.maistendencia.com\/blog\/wp-content\/uploads\/2020\/10\/Centro-floral-dia-de-todos-los-santos-milvia-milagros-albitos-6-1024x679.jpg 1024w, https:\/\/www.maistendencia.com\/blog\/wp-content\/uploads\/2020\/10\/Centro-floral-dia-de-todos-los-santos-milvia-milagros-albitos-6-400x266.jpg 400w, https:\/\/www.maistendencia.com\/blog\/wp-content\/uploads\/2020\/10\/Centro-floral-dia-de-todos-los-santos-milvia-milagros-albitos-6-50x33.jpg 50w\" sizes=\"auto, (max-width: 1500px) 100vw, 1500px\" \/> <img loading=\"lazy\" decoding=\"async\" class=\"alignnone size-full wp-image-7386\" src=\"https:\/\/www.maistendencia.com\/blog\/wp-content\/uploads\/2020\/10\/Centro-floral-dia-de-todos-los-santos-milvia-milagros-albitos-3.jpg\" alt=\"\" width=\"1500\" height=\"994\" srcset=\"https:\/\/www.maistendencia.com\/blog\/wp-content\/uploads\/2020\/10\/Centro-floral-dia-de-todos-los-santos-milvia-milagros-albitos-3.jpg 1500w, https:\/\/www.maistendencia.com\/blog\/wp-content\/uploads\/2020\/10\/Centro-floral-dia-de-todos-los-santos-milvia-milagros-albitos-3-300x199.jpg 300w, https:\/\/www.maistendencia.com\/blog\/wp-content\/uploads\/2020\/10\/Centro-floral-dia-de-todos-los-santos-milvia-milagros-albitos-3-1024x679.jpg 1024w, https:\/\/www.maistendencia.com\/blog\/wp-content\/uploads\/2020\/10\/Centro-floral-dia-de-todos-los-santos-milvia-milagros-albitos-3-400x266.jpg 400w, https:\/\/www.maistendencia.com\/blog\/wp-content\/uploads\/2020\/10\/Centro-floral-dia-de-todos-los-santos-milvia-milagros-albitos-3-50x33.jpg 50w\" sizes=\"auto, (max-width: 1500px) 100vw, 1500px\" \/><\/p>\n<h3>Artikel<\/h3>\n<p>Flores artificiales.<img loading=\"lazy\" decoding=\"async\" class=\"alignnone size-full wp-image-7383\" src=\"https:\/\/www.maistendencia.com\/blog\/wp-content\/uploads\/2020\/10\/Centro-floral-dia-de-todos-los-santos-artikel-5-2.jpg\" alt=\"\" width=\"1500\" height=\"994\" srcset=\"https:\/\/www.maistendencia.com\/blog\/wp-content\/uploads\/2020\/10\/Centro-floral-dia-de-todos-los-santos-artikel-5-2.jpg 1500w, https:\/\/www.maistendencia.com\/blog\/wp-content\/uploads\/2020\/10\/Centro-floral-dia-de-todos-los-santos-artikel-5-2-300x199.jpg 300w, https:\/\/www.maistendencia.com\/blog\/wp-content\/uploads\/2020\/10\/Centro-floral-dia-de-todos-los-santos-artikel-5-2-1024x679.jpg 1024w, https:\/\/www.maistendencia.com\/blog\/wp-content\/uploads\/2020\/10\/Centro-floral-dia-de-todos-los-santos-artikel-5-2-400x266.jpg 400w, https:\/\/www.maistendencia.com\/blog\/wp-content\/uploads\/2020\/10\/Centro-floral-dia-de-todos-los-santos-artikel-5-2-50x33.jpg 50w\" sizes=\"auto, (max-width: 1500px) 100vw, 1500px\" \/> <img loading=\"lazy\" decoding=\"async\" class=\"alignnone size-full wp-image-7381\" src=\"https:\/\/www.maistendencia.com\/blog\/wp-content\/uploads\/2020\/10\/Centro-floral-dia-de-todos-los-santos-artikel-3-1.jpg\" alt=\"\" width=\"1500\" height=\"994\" srcset=\"https:\/\/www.maistendencia.com\/blog\/wp-content\/uploads\/2020\/10\/Centro-floral-dia-de-todos-los-santos-artikel-3-1.jpg 1500w, https:\/\/www.maistendencia.com\/blog\/wp-content\/uploads\/2020\/10\/Centro-floral-dia-de-todos-los-santos-artikel-3-1-300x199.jpg 300w, https:\/\/www.maistendencia.com\/blog\/wp-content\/uploads\/2020\/10\/Centro-floral-dia-de-todos-los-santos-artikel-3-1-1024x679.jpg 1024w, https:\/\/www.maistendencia.com\/blog\/wp-content\/uploads\/2020\/10\/Centro-floral-dia-de-todos-los-santos-artikel-3-1-400x266.jpg 400w, https:\/\/www.maistendencia.com\/blog\/wp-content\/uploads\/2020\/10\/Centro-floral-dia-de-todos-los-santos-artikel-3-1-50x33.jpg 50w\" sizes=\"auto, (max-width: 1500px) 100vw, 1500px\" \/><\/p>\n<h3>Hiper 100<\/h3>\n<p>Flores artificiales.<img loading=\"lazy\" decoding=\"async\" class=\"alignnone size-full wp-image-7378\" src=\"https:\/\/www.maistendencia.com\/blog\/wp-content\/uploads\/2020\/10\/Centro-floral-dia-de-todos-los-santos-artikel-4.jpg\" alt=\"\" width=\"1500\" height=\"695\" srcset=\"https:\/\/www.maistendencia.com\/blog\/wp-content\/uploads\/2020\/10\/Centro-floral-dia-de-todos-los-santos-artikel-4.jpg 1500w, https:\/\/www.maistendencia.com\/blog\/wp-content\/uploads\/2020\/10\/Centro-floral-dia-de-todos-los-santos-artikel-4-300x139.jpg 300w, https:\/\/www.maistendencia.com\/blog\/wp-content\/uploads\/2020\/10\/Centro-floral-dia-de-todos-los-santos-artikel-4-1024x474.jpg 1024w\" sizes=\"auto, (max-width: 1500px) 100vw, 1500px\" \/><img loading=\"lazy\" decoding=\"async\" class=\"alignnone size-full wp-image-7385\" src=\"https:\/\/www.maistendencia.com\/blog\/wp-content\/uploads\/2020\/10\/Centro-floral-dia-de-todos-los-santos-hiper-100-1.jpg\" alt=\"\" width=\"1500\" height=\"994\" srcset=\"https:\/\/www.maistendencia.com\/blog\/wp-content\/uploads\/2020\/10\/Centro-floral-dia-de-todos-los-santos-hiper-100-1.jpg 1500w, https:\/\/www.maistendencia.com\/blog\/wp-content\/uploads\/2020\/10\/Centro-floral-dia-de-todos-los-santos-hiper-100-1-300x199.jpg 300w, https:\/\/www.maistendencia.com\/blog\/wp-content\/uploads\/2020\/10\/Centro-floral-dia-de-todos-los-santos-hiper-100-1-1024x679.jpg 1024w, https:\/\/www.maistendencia.com\/blog\/wp-content\/uploads\/2020\/10\/Centro-floral-dia-de-todos-los-santos-hiper-100-1-400x266.jpg 400w, https:\/\/www.maistendencia.com\/blog\/wp-content\/uploads\/2020\/10\/Centro-floral-dia-de-todos-los-santos-hiper-100-1-50x33.jpg 50w\" sizes=\"auto, (max-width: 1500px) 100vw, 1500px\" \/> <img loading=\"lazy\" decoding=\"async\" class=\"alignnone size-full wp-image-7379\" src=\"https:\/\/www.maistendencia.com\/blog\/wp-content\/uploads\/2020\/10\/Centro-floral-dia-de-todos-los-santos-artikel-3.jpg\" alt=\"\" width=\"1500\" height=\"695\" srcset=\"https:\/\/www.maistendencia.com\/blog\/wp-content\/uploads\/2020\/10\/Centro-floral-dia-de-todos-los-santos-artikel-3.jpg 1500w, https:\/\/www.maistendencia.com\/blog\/wp-content\/uploads\/2020\/10\/Centro-floral-dia-de-todos-los-santos-artikel-3-300x139.jpg 300w, https:\/\/www.maistendencia.com\/blog\/wp-content\/uploads\/2020\/10\/Centro-floral-dia-de-todos-los-santos-artikel-3-1024x474.jpg 1024w\" sizes=\"auto, (max-width: 1500px) 100vw, 1500px\" \/> \u00a0<img loading=\"lazy\" decoding=\"async\" class=\"alignnone size-full wp-image-7377\" src=\"https:\/\/www.maistendencia.com\/blog\/wp-content\/uploads\/2020\/10\/Centro-floral-dia-de-todos-los-santos-artikel-5-1.jpg\" alt=\"\" width=\"1500\" height=\"695\" srcset=\"https:\/\/www.maistendencia.com\/blog\/wp-content\/uploads\/2020\/10\/Centro-floral-dia-de-todos-los-santos-artikel-5-1.jpg 1500w, https:\/\/www.maistendencia.com\/blog\/wp-content\/uploads\/2020\/10\/Centro-floral-dia-de-todos-los-santos-artikel-5-1-300x139.jpg 300w, https:\/\/www.maistendencia.com\/blog\/wp-content\/uploads\/2020\/10\/Centro-floral-dia-de-todos-los-santos-artikel-5-1-1024x474.jpg 1024w\" sizes=\"auto, (max-width: 1500px) 100vw, 1500px\" \/><\/p>\n<h3>Florister\u00eda Dr\u00e1cena<\/h3>\n<p>Flores naturales.<img loading=\"lazy\" decoding=\"async\" class=\"alignnone size-full wp-image-7405\" src=\"https:\/\/www.maistendencia.com\/blog\/wp-content\/uploads\/2020\/10\/Centro-floral-dia-de-todos-los-santos-dracena-2.jpg\" alt=\"Centro-floral-dia-de-todos-los-santos-dracena\" width=\"1010\" height=\"631\" srcset=\"https:\/\/www.maistendencia.com\/blog\/wp-content\/uploads\/2020\/10\/Centro-floral-dia-de-todos-los-santos-dracena-2.jpg 1010w, https:\/\/www.maistendencia.com\/blog\/wp-content\/uploads\/2020\/10\/Centro-floral-dia-de-todos-los-santos-dracena-2-300x187.jpg 300w\" sizes=\"auto, (max-width: 1010px) 100vw, 1010px\" \/> <img loading=\"lazy\" decoding=\"async\" class=\"alignnone size-full wp-image-7406\" src=\"https:\/\/www.maistendencia.com\/blog\/wp-content\/uploads\/2020\/10\/Centro-floral-dia-de-todos-los-santos-dracena-3.jpg\" alt=\"Centro-floral-dia-de-todos-los-santos-dracena\" width=\"828\" height=\"576\" srcset=\"https:\/\/www.maistendencia.com\/blog\/wp-content\/uploads\/2020\/10\/Centro-floral-dia-de-todos-los-santos-dracena-3.jpg 828w, https:\/\/www.maistendencia.com\/blog\/wp-content\/uploads\/2020\/10\/Centro-floral-dia-de-todos-los-santos-dracena-3-300x209.jpg 300w\" sizes=\"auto, (max-width: 828px) 100vw, 828px\" \/> <img loading=\"lazy\" decoding=\"async\" class=\"alignnone size-full wp-image-7407\" src=\"https:\/\/www.maistendencia.com\/blog\/wp-content\/uploads\/2020\/10\/Centro-floral-dia-de-todos-los-santos-dracena-4.jpg\" alt=\"Centro-floral-dia-de-todos-los-santos-dracena\" width=\"1500\" height=\"1125\" srcset=\"https:\/\/www.maistendencia.com\/blog\/wp-content\/uploads\/2020\/10\/Centro-floral-dia-de-todos-los-santos-dracena-4.jpg 1500w, https:\/\/www.maistendencia.com\/blog\/wp-content\/uploads\/2020\/10\/Centro-floral-dia-de-todos-los-santos-dracena-4-300x225.jpg 300w, https:\/\/www.maistendencia.com\/blog\/wp-content\/uploads\/2020\/10\/Centro-floral-dia-de-todos-los-santos-dracena-4-1024x768.jpg 1024w\" sizes=\"auto, (max-width: 1500px) 100vw, 1500px\" \/><\/p>\n<strong>Texto de<\/strong><br\/><br\/><div style=\"width:100%;height:auto;\"><div style=\"float:left;margin:0px 10px 10px 0px;\"><img alt='' src='https:\/\/secure.gravatar.com\/avatar\/131f1bf6d42065a0c1d3ecc19f8c6e5a?s=111&amp;d=https%3A%2F%2Fsecure.gravatar.com%2Favatar%2Fad516503a11cd5ca435acc9bb6523536%3Fs%3D111&amp;r=G' class='avatar avatar-111 photo' height='111' width='111' \/><\/div><div style=\"padding-left:25%;\"><strong>Alba R Cougil<\/strong><br\/><br\/><a href=\"mailto:acougil@ourensecca.com\">Correo electr\u00f3nico<\/a><br\/><br\/><div class=\"author-description\"><div class=\"autor-enlaces\"><\/div><\/div><\/div><\/div><div class=\"clear\"><\/div>\n<strong>Fotograf\u00edas de<\/strong><br\/><br\/><div style=\"width:100%;height:auto;\"><div style=\"float:left;margin:0px 10px 10px 0px;\"><img loading=\"lazy\" decoding=\"async\" src=\"https:\/\/www.maistendencia.com\/blog\/wp-content\/authors\/alexcarausan-13.jpg\" class=\"avatar photo\" alt=\"Alex Carausan\" width=\"111\" height=\"111\" \/><\/div><div style=\"padding-left:25%;\"><strong>Alex Carausan<\/strong><br\/><br\/><a href=\"mailto:\">Correo electr\u00f3nico<\/a><br\/><br\/><div class=\"author-description\"><div class=\"autor-enlaces\"><a class=\"link-web\" style=\"margin-bottom:10px;margin-right:10px\" href=\"http:\/\/www.alexcarausan.com\"  target=\"_blank\">http:\/\/www.alexcarausan.com<\/a><a class=\"link-ins\" href=\"https:\/\/www.instagram.com\/alexcarausan\/\" target=\"_blank\">https:\/\/www.instagram.com\/alexcarausan\/<\/a><\/div><\/div><\/div><\/div><div class=\"clear\"><\/div>\n","protected":false},"excerpt":{"rendered":"<p>El mes de octubre ya se acerca a su final, y con \u00e9l llegan las festividades de Todos los Santos y Fieles Difuntos, d\u00edas especiales para recordar a los que ya no est\u00e1n con nosotros&#8230;.<br \/><a href=\"https:\/\/www.maistendencia.com\/blog\/flores-para-conmemorar-a-los-que-mas-queremos\/\"> Continuar leyendo&#8230;<\/a><\/p>\n","protected":false},"author":28,"featured_media":7358,"comment_status":"open","ping_status":"closed","sticky":false,"template":"","format":"standard","meta":{"footnotes":""},"categories":[5],"tags":[595,30,589,591,369,590,371,372,370,340,592],"class_list":["post-7342","post","type-post","status-publish","format-standard","has-post-thumbnail","hentry","category-celebra","tag-artikel","tag-decoracion","tag-dia-de-todos-los-santos","tag-fieles-difuntos","tag-flores","tag-floristeria","tag-floristeria-dracena","tag-floristeria-milagros-albitos","tag-floristeria-milvia","tag-hiper-100","tag-tradicion"],"aioseo_notices":[],"_links":{"self":[{"href":"https:\/\/www.maistendencia.com\/blog\/wp-json\/wp\/v2\/posts\/7342","targetHints":{"allow":["GET"]}}],"collection":[{"href":"https:\/\/www.maistendencia.com\/blog\/wp-json\/wp\/v2\/posts"}],"about":[{"href":"https:\/\/www.maistendencia.com\/blog\/wp-json\/wp\/v2\/types\/post"}],"author":[{"embeddable":true,"href":"https:\/\/www.maistendencia.com\/blog\/wp-json\/wp\/v2\/users\/28"}],"replies":[{"embeddable":true,"href":"https:\/\/www.maistendencia.com\/blog\/wp-json\/wp\/v2\/comments?post=7342"}],"version-history":[{"count":3,"href":"https:\/\/www.maistendencia.com\/blog\/wp-json\/wp\/v2\/posts\/7342\/revisions"}],"predecessor-version":[{"id":7392,"href":"https:\/\/www.maistendencia.com\/blog\/wp-json\/wp\/v2\/posts\/7342\/revisions\/7392"}],"wp:featuredmedia":[{"embeddable":true,"href":"https:\/\/www.maistendencia.com\/blog\/wp-json\/wp\/v2\/media\/7358"}],"wp:attachment":[{"href":"https:\/\/www.maistendencia.com\/blog\/wp-json\/wp\/v2\/media?parent=7342"}],"wp:term":[{"taxonomy":"category","embeddable":true,"href":"https:\/\/www.maistendencia.com\/blog\/wp-json\/wp\/v2\/categories?post=7342"},{"taxonomy":"post_tag","embeddable":true,"href":"https:\/\/www.maistendencia.com\/blog\/wp-json\/wp\/v2\/tags?post=7342"}],"curies":[{"name":"wp","href":"https:\/\/api.w.org\/{rel}","templated":true}]}}