{"id":664,"date":"2015-12-29T17:37:18","date_gmt":"2015-12-29T16:37:18","guid":{"rendered":"http:\/\/localhost\/blog\/desarrollo1412\/?p=664"},"modified":"2019-08-13T12:09:33","modified_gmt":"2019-08-13T10:09:33","slug":"peinado-nochevieja","status":"publish","type":"post","link":"https:\/\/www.maistendencia.com\/blog\/peinado-nochevieja\/","title":{"rendered":"Qu\u00e9 peinado hacerse para la Noche de Fin de A\u00f1o"},"content":{"rendered":"<p>Si esta pregunta est\u00e1 rondando en tu cabeza ser\u00e1 porque al menos has resuelto ya la cuesti\u00f3n del vestido o la <a href=\"https:\/\/www.maistendencia.com\/blog\/empieza-2017-con-estilo-vestidos-para-nochevieja\/\">indumentaria elegida para la Nochevieja<\/a>. En caso contrario, es recomendable que cuanto antes eches un ojo a las propuestas que hacemos en <a href=\"looks-fiesta-femeninos-despedida-2015\" target=\"_blank\" rel=\"noopener noreferrer\">esta entrada del blog<\/a>\u00a0 y lo resuelvas de inmediato porque el <strong>peinado que escojas debe complementar el look<\/strong> que luzcas ese d\u00eda.<\/p>\n<p><strong>La peluquer\u00eda ourensana Paris Diffusion<\/strong> nos recuerda en este <b><a href=\"http:\/\/parisdiffusion.com\/peinados-para-navidad2015\/\" target=\"_blank\" rel=\"noopener noreferrer\">post<\/a> <\/b>, con muy buen criterio, que en cuesti\u00f3n de peinados de fiesta, \u00ab<strong>lo importante es sacar la belleza natural<\/strong>\u00bb por ello, no s\u00f3lo debemos tener en cuenta la moda, sino \u00ablo que nos sienta bien y armoniza con nuestro rostro y estilo global\u00bb.<\/p>\n<p>Hecha esta consideraci\u00f3n, a quien m\u00e1s y a quien menos nos gusta ir a la moda y seguir las tendencias imperantes que, Paris Diffusion, nos resume en dos:<\/p>\n<ol>\n<li><strong>El pelo suelto<\/strong>: Este a\u00f1o siguiendo la estela marcada por las d\u00e9cadas claves de la temporada, la de los 70\u00b4s y 90&#8217;s. se llevan melenas lisas, con raya al medio, por lo general. Para este d\u00eda de fiesta podemos marcar las ondas y deshacerlas un poco para dar un toque natural. Paris Diffusi\u00f3n lo recomienda por tratarse de un peinado \u00absencillo, r\u00e1pido y muy c\u00f3modo\u00bb. Y para quienes luzcan melena riza se\u00f1alan las tenacillas como un arma certera para dar voluptuosidad y glamour al peinado.<\/li>\n<li><strong>El recogido<\/strong>: Es tendencia el mo\u00f1o alto (top knot) o bajo, coronado por una diadema lateral con un tocado brillante.<\/li>\n<\/ol>\n<p>Adem\u00e1s, en cuesti\u00f3n de cabello este a\u00f1o han dado mucho que hablar <b>la coleta<\/b> (desde su versi\u00f3n alta y tirante hasta una baja, m\u00e1s sofisticada, pasando por la lateral y en recogido); las <b>melenas \u00abnew wave\u00bb<\/b> tan t\u00edpicas de los 70, tanto largas como midi; los recogidos o semirecogidos <a class=\"enlace-glosario\" title=\"enlace al glosario\" href=\"glosario\/#b\" target=\"_blank\" rel=\"noopener noreferrer\"><b>boho<\/b><\/a>, ese estilo tan caracter\u00edstico de la bohemia hippie; en cortos:<a href=\"http:\/\/parisdiffusion.com\/tendencias2015peluqueria\/\" target=\"_blank\" rel=\"noopener noreferrer\"> <u>el <\/u><u><b>bob<\/b><\/u><u> y el estilo <\/u><u><b>pixie <\/b><\/u><\/a>(esa adaptaci\u00f3n femenina del cabello corto que se populariz\u00f3 en los 50, m\u00e1s largo en la parte superior de la cabeza y de flequillo m\u00e1s corto) y\u00a0<b><\/b> la <b>trenza<\/b>, tando suelta como recogida, pero semideshecha para ganar naturalidad.<br \/>\nPincha en la galer\u00eda de im\u00e1genes si quieres seguir buscando inspiraci\u00f3n para la noche del a\u00f1o.<\/p>\n<div class=\"texto-galeria\">Ver Galer\u00eda de Im\u00e1genes<br \/>\n<div data-carousel-extra='{\"blog_id\":1,\"permalink\":\"https:\\\/\\\/www.maistendencia.com\\\/blog\\\/peinado-nochevieja\\\/\",\"likes_blog_id\":false}' id='gallery-1' class='gallery galleryid-664 gallery-columns-3 gallery-size-thumbnail'><figure class='gallery-item'>\n\t\t\t<div class='gallery-icon portrait'>\n\t\t\t\t<a href='https:\/\/www.maistendencia.com\/blog\/peinado-nochevieja\/paris-diffusion1\/'><img loading=\"lazy\" decoding=\"async\" width=\"150\" height=\"150\" src=\"https:\/\/www.maistendencia.com\/blog\/wp-content\/uploads\/2015\/12\/paris-diffusion1-150x150.jpg\" class=\"attachment-thumbnail size-thumbnail\" alt=\"peinados trenza\" data-attachment-id=\"884\" data-orig-file=\"https:\/\/www.maistendencia.com\/blog\/wp-content\/uploads\/2015\/12\/paris-diffusion1.jpg\" data-orig-size=\"405,720\" data-comments-opened=\"1\" data-image-meta=\"{&quot;aperture&quot;:&quot;0&quot;,&quot;credit&quot;:&quot;&quot;,&quot;camera&quot;:&quot;&quot;,&quot;caption&quot;:&quot;&quot;,&quot;created_timestamp&quot;:&quot;0&quot;,&quot;copyright&quot;:&quot;&quot;,&quot;focal_length&quot;:&quot;0&quot;,&quot;iso&quot;:&quot;0&quot;,&quot;shutter_speed&quot;:&quot;0&quot;,&quot;title&quot;:&quot;&quot;,&quot;orientation&quot;:&quot;0&quot;,&quot;keywords&quot;:&quot;Array&quot;}\" data-image-title=\"La trenza, reina del 2015\" data-image-description=\"&lt;p&gt;Altas, bajas, de lado a lado de la cabeza, sueltas o recogidas, una, varias, sim\u00e9tricas o asim\u00e9tricas&#8230;la trenza ha reinado durante este a\u00f1o 2015, por lo general, ligeramente deshecha. Se trata de una apuesta segura por la comodidad en una noche de fiesta y que por su durabilidad aguantar\u00e1 el ritmo propio de una noche de fiesta. Si apuestas por una como esta que nos propone &lt;a href=&quot;https:\/\/www.facebook.com\/parisdiffusion&quot; target=&quot;_blank&quot; &gt;Paris Diffusion&lt;\/a&gt;, seguro que no te equivocar\u00e1s.&lt;\/p&gt;\n\" data-medium-file=\"https:\/\/www.maistendencia.com\/blog\/wp-content\/uploads\/2015\/12\/paris-diffusion1-169x300.jpg\" data-large-file=\"https:\/\/www.maistendencia.com\/blog\/wp-content\/uploads\/2015\/12\/paris-diffusion1.jpg\" \/><\/a>\n\t\t\t<\/div><\/figure><figure class='gallery-item'>\n\t\t\t<div class='gallery-icon landscape'>\n\t\t\t\t<a href='https:\/\/www.maistendencia.com\/blog\/peinado-nochevieja\/paris-diffusion22b_1\/'><img loading=\"lazy\" decoding=\"async\" width=\"150\" height=\"150\" src=\"https:\/\/www.maistendencia.com\/blog\/wp-content\/uploads\/2015\/12\/paris-diffusion22b_1-150x150.jpg\" class=\"attachment-thumbnail size-thumbnail\" alt=\"peinados coleta alta\" data-attachment-id=\"887\" data-orig-file=\"https:\/\/www.maistendencia.com\/blog\/wp-content\/uploads\/2015\/12\/paris-diffusion22b_1.jpg\" data-orig-size=\"600,533\" data-comments-opened=\"1\" data-image-meta=\"{&quot;aperture&quot;:&quot;0&quot;,&quot;credit&quot;:&quot;&quot;,&quot;camera&quot;:&quot;&quot;,&quot;caption&quot;:&quot;&quot;,&quot;created_timestamp&quot;:&quot;0&quot;,&quot;copyright&quot;:&quot;&quot;,&quot;focal_length&quot;:&quot;0&quot;,&quot;iso&quot;:&quot;0&quot;,&quot;shutter_speed&quot;:&quot;0&quot;,&quot;title&quot;:&quot;&quot;,&quot;orientation&quot;:&quot;0&quot;,&quot;keywords&quot;:&quot;Array&quot;}\" data-image-title=\"Coleta alta y ahuecada\" data-image-description=\"&lt;p&gt;Es \u00e9sta una opci\u00f3n de recogido de aires retro y original. La propuesta de &lt;a href=&quot;https:\/\/www.facebook.com\/parisdiffusion&quot; target=&quot;_blank&quot; &gt;Paris Diffusion&lt;\/a&gt; se puede redondear con una diadema discreta de puntilla o un lazo de terciopelo negro para que el resultado quede espectacular.&lt;\/p&gt;\n\" data-medium-file=\"https:\/\/www.maistendencia.com\/blog\/wp-content\/uploads\/2015\/12\/paris-diffusion22b_1-300x267.jpg\" data-large-file=\"https:\/\/www.maistendencia.com\/blog\/wp-content\/uploads\/2015\/12\/paris-diffusion22b_1.jpg\" \/><\/a>\n\t\t\t<\/div><\/figure><figure class='gallery-item'>\n\t\t\t<div class='gallery-icon portrait'>\n\t\t\t\t<a href='https:\/\/www.maistendencia.com\/blog\/peinado-nochevieja\/por-los-pelos1\/'><img loading=\"lazy\" decoding=\"async\" width=\"150\" height=\"150\" src=\"https:\/\/www.maistendencia.com\/blog\/wp-content\/uploads\/2015\/12\/por-los-pelos1-150x150.jpg\" class=\"attachment-thumbnail size-thumbnail\" alt=\"peinados coleta baja\" data-attachment-id=\"891\" data-orig-file=\"https:\/\/www.maistendencia.com\/blog\/wp-content\/uploads\/2015\/12\/por-los-pelos1.jpg\" data-orig-size=\"405,720\" data-comments-opened=\"1\" data-image-meta=\"{&quot;aperture&quot;:&quot;0&quot;,&quot;credit&quot;:&quot;&quot;,&quot;camera&quot;:&quot;&quot;,&quot;caption&quot;:&quot;&quot;,&quot;created_timestamp&quot;:&quot;0&quot;,&quot;copyright&quot;:&quot;&quot;,&quot;focal_length&quot;:&quot;0&quot;,&quot;iso&quot;:&quot;0&quot;,&quot;shutter_speed&quot;:&quot;0&quot;,&quot;title&quot;:&quot;&quot;,&quot;orientation&quot;:&quot;0&quot;,&quot;keywords&quot;:&quot;Array&quot;}\" data-image-title=\"Coleta baja\" data-image-description=\"&lt;p&gt;La coleta baja, a la altura de la nuca es la propuesta de la &lt;a href=&quot;https:\/\/www.facebook.com\/peluqueriaporlospelos.ourense&quot; target=&quot;_blank&quot; &gt;Peluquer\u00eda Por los Pelos&lt;\/a&gt;, a la hora de escoger un look sencillo, pero efectivo en una noche de fiesta por su sofisticaci\u00f3n. Puedes ahuecar  un poco la melena en la parte superior, como en la foto. Otra opci\u00f3n, tambi\u00e9n muy de tendencia es mantener el liso tabla pegado al cuero cabelludo y a\u00f1adir peque\u00f1as pincitas de abalorios brillantes.&lt;\/p&gt;\n\" data-medium-file=\"https:\/\/www.maistendencia.com\/blog\/wp-content\/uploads\/2015\/12\/por-los-pelos1-169x300.jpg\" data-large-file=\"https:\/\/www.maistendencia.com\/blog\/wp-content\/uploads\/2015\/12\/por-los-pelos1.jpg\" \/><\/a>\n\t\t\t<\/div><\/figure><figure class='gallery-item'>\n\t\t\t<div class='gallery-icon portrait'>\n\t\t\t\t<a href='https:\/\/www.maistendencia.com\/blog\/peinado-nochevieja\/paris-diffusion3\/'><img loading=\"lazy\" decoding=\"async\" width=\"150\" height=\"150\" src=\"https:\/\/www.maistendencia.com\/blog\/wp-content\/uploads\/2015\/12\/paris-diffusion3-150x150.jpg\" class=\"attachment-thumbnail size-thumbnail\" alt=\"peinados natural\" data-attachment-id=\"888\" data-orig-file=\"https:\/\/www.maistendencia.com\/blog\/wp-content\/uploads\/2015\/12\/paris-diffusion3.jpg\" data-orig-size=\"405,720\" data-comments-opened=\"1\" data-image-meta=\"{&quot;aperture&quot;:&quot;0&quot;,&quot;credit&quot;:&quot;&quot;,&quot;camera&quot;:&quot;&quot;,&quot;caption&quot;:&quot;&quot;,&quot;created_timestamp&quot;:&quot;0&quot;,&quot;copyright&quot;:&quot;&quot;,&quot;focal_length&quot;:&quot;0&quot;,&quot;iso&quot;:&quot;0&quot;,&quot;shutter_speed&quot;:&quot;0&quot;,&quot;title&quot;:&quot;&quot;,&quot;orientation&quot;:&quot;0&quot;,&quot;keywords&quot;:&quot;Array&quot;}\" data-image-title=\"Naturalidad ante todo\" data-image-description=\"&lt;p&gt;Si tienes una melena lisa y fina y no quieres complicarte haciendo un recogido muy trabajado, este a\u00f1o est\u00e1s de suerte, porque se lleva lo natural. Este mo\u00f1o ancho y bajo con ligeros mechones, realizado por &lt;a href=&quot;https:\/\/www.facebook.com\/parisdiffusion&quot; target=&quot;_blank&quot; &gt;Paris Diffusion&lt;\/a&gt; puede ser tu mejor opci\u00f3n para la \u00faltima noche del a\u00f1o. Si quieres darle un puntito de glamour aseg\u00faralo con un pasador joya en un extremo y brillar\u00e1s con luz propia.&lt;\/p&gt;\n\" data-medium-file=\"https:\/\/www.maistendencia.com\/blog\/wp-content\/uploads\/2015\/12\/paris-diffusion3-169x300.jpg\" data-large-file=\"https:\/\/www.maistendencia.com\/blog\/wp-content\/uploads\/2015\/12\/paris-diffusion3.jpg\" \/><\/a>\n\t\t\t<\/div><\/figure><figure class='gallery-item'>\n\t\t\t<div class='gallery-icon portrait'>\n\t\t\t\t<a href='https:\/\/www.maistendencia.com\/blog\/peinado-nochevieja\/paris-diffusion4\/'><img loading=\"lazy\" decoding=\"async\" width=\"150\" height=\"150\" src=\"https:\/\/www.maistendencia.com\/blog\/wp-content\/uploads\/2015\/12\/paris-diffusion4-150x150.jpg\" class=\"attachment-thumbnail size-thumbnail\" alt=\"peinados clasico\" data-attachment-id=\"889\" data-orig-file=\"https:\/\/www.maistendencia.com\/blog\/wp-content\/uploads\/2015\/12\/paris-diffusion4.jpg\" data-orig-size=\"405,720\" data-comments-opened=\"1\" data-image-meta=\"{&quot;aperture&quot;:&quot;0&quot;,&quot;credit&quot;:&quot;&quot;,&quot;camera&quot;:&quot;&quot;,&quot;caption&quot;:&quot;&quot;,&quot;created_timestamp&quot;:&quot;0&quot;,&quot;copyright&quot;:&quot;&quot;,&quot;focal_length&quot;:&quot;0&quot;,&quot;iso&quot;:&quot;0&quot;,&quot;shutter_speed&quot;:&quot;0&quot;,&quot;title&quot;:&quot;&quot;,&quot;orientation&quot;:&quot;0&quot;,&quot;keywords&quot;:&quot;Array&quot;}\" data-image-title=\"Apuesta segura por lo cl\u00e1sico\" data-image-description=\"&lt;p&gt;&lt;a href=&quot;https:\/\/www.facebook.com\/parisdiffusion&quot; target=&quot;_blank&quot; &gt;Paris Diffusion&lt;\/a&gt; exprime la visi\u00f3n del cl\u00e1sico recogido natural, pero trabajado, que a todas nos ronda en la cabeza en esta propuesta. Lo cl\u00e1sico y atemporal nunca falla. &lt;\/p&gt;\n\" data-medium-file=\"https:\/\/www.maistendencia.com\/blog\/wp-content\/uploads\/2015\/12\/paris-diffusion4-169x300.jpg\" data-large-file=\"https:\/\/www.maistendencia.com\/blog\/wp-content\/uploads\/2015\/12\/paris-diffusion4.jpg\" \/><\/a>\n\t\t\t<\/div><\/figure><figure class='gallery-item'>\n\t\t\t<div class='gallery-icon portrait'>\n\t\t\t\t<a href='https:\/\/www.maistendencia.com\/blog\/peinado-nochevieja\/paris-diffusion5\/'><img loading=\"lazy\" decoding=\"async\" width=\"150\" height=\"150\" src=\"https:\/\/www.maistendencia.com\/blog\/wp-content\/uploads\/2015\/12\/paris-diffusion5-150x150.jpg\" class=\"attachment-thumbnail size-thumbnail\" alt=\"peinados boho\" data-attachment-id=\"890\" data-orig-file=\"https:\/\/www.maistendencia.com\/blog\/wp-content\/uploads\/2015\/12\/paris-diffusion5.jpg\" data-orig-size=\"405,720\" data-comments-opened=\"1\" data-image-meta=\"{&quot;aperture&quot;:&quot;0&quot;,&quot;credit&quot;:&quot;&quot;,&quot;camera&quot;:&quot;&quot;,&quot;caption&quot;:&quot;&quot;,&quot;created_timestamp&quot;:&quot;0&quot;,&quot;copyright&quot;:&quot;&quot;,&quot;focal_length&quot;:&quot;0&quot;,&quot;iso&quot;:&quot;0&quot;,&quot;shutter_speed&quot;:&quot;0&quot;,&quot;title&quot;:&quot;&quot;,&quot;orientation&quot;:&quot;0&quot;,&quot;keywords&quot;:&quot;Array&quot;}\" data-image-title=\"Semirrecogido boho\" data-image-description=\"&lt;p&gt;Las melenas son la opci\u00f3n c\u00f3moda, sencilla y sin complicaciones. Dara darle un toque especial durante la noche de Fin de A\u00f1o ponle un poco de movimiento al look trabajando una onda natural y haciendo un semirrecogido, como en esta propuesta de &lt;a href=&quot;https:\/\/www.facebook.com\/parisdiffusion&quot; target=&quot;_blank&quot; &gt;Paris Diffusion&lt;\/a&gt;. Recuerda que los semirrecogidos de inspiraci\u00f3n boho est\u00e1n muy de tendencia.&lt;\/p&gt;\n\" data-medium-file=\"https:\/\/www.maistendencia.com\/blog\/wp-content\/uploads\/2015\/12\/paris-diffusion5-169x300.jpg\" data-large-file=\"https:\/\/www.maistendencia.com\/blog\/wp-content\/uploads\/2015\/12\/paris-diffusion5.jpg\" \/><\/a>\n\t\t\t<\/div><\/figure><figure class='gallery-item'>\n\t\t\t<div class='gallery-icon portrait'>\n\t\t\t\t<a href='https:\/\/www.maistendencia.com\/blog\/peinado-nochevieja\/gallego1\/'><img loading=\"lazy\" decoding=\"async\" width=\"150\" height=\"150\" src=\"https:\/\/www.maistendencia.com\/blog\/wp-content\/uploads\/2015\/12\/gallego1-150x150.jpg\" class=\"attachment-thumbnail size-thumbnail\" alt=\"peinados boho\" data-attachment-id=\"886\" data-orig-file=\"https:\/\/www.maistendencia.com\/blog\/wp-content\/uploads\/2015\/12\/gallego1.jpg\" data-orig-size=\"540,720\" data-comments-opened=\"1\" data-image-meta=\"{&quot;aperture&quot;:&quot;0&quot;,&quot;credit&quot;:&quot;&quot;,&quot;camera&quot;:&quot;&quot;,&quot;caption&quot;:&quot;&quot;,&quot;created_timestamp&quot;:&quot;0&quot;,&quot;copyright&quot;:&quot;&quot;,&quot;focal_length&quot;:&quot;0&quot;,&quot;iso&quot;:&quot;0&quot;,&quot;shutter_speed&quot;:&quot;0&quot;,&quot;title&quot;:&quot;&quot;,&quot;orientation&quot;:&quot;0&quot;,&quot;keywords&quot;:&quot;Array&quot;}\" data-image-title=\"Semirrecogido boho (2)\" data-image-description=\"&lt;p&gt;Otro ejemplo de semirrecogido de inspiraci\u00f3n boho, en este caso de &lt;a href=&quot;https:\/\/www.facebook.com\/gallegoestilismo.orense&quot; target=&quot;_blank&quot; &gt;Gallego Estilismo&lt;\/a&gt; &lt;\/p&gt;\n\" data-medium-file=\"https:\/\/www.maistendencia.com\/blog\/wp-content\/uploads\/2015\/12\/gallego1-225x300.jpg\" data-large-file=\"https:\/\/www.maistendencia.com\/blog\/wp-content\/uploads\/2015\/12\/gallego1.jpg\" \/><\/a>\n\t\t\t<\/div><\/figure><figure class='gallery-item'>\n\t\t\t<div class='gallery-icon landscape'>\n\t\t\t\t<a href='https:\/\/www.maistendencia.com\/blog\/peinado-nochevieja\/por-los-pelos2\/'><img loading=\"lazy\" decoding=\"async\" width=\"150\" height=\"150\" src=\"https:\/\/www.maistendencia.com\/blog\/wp-content\/uploads\/2015\/12\/por-los-pelos2-150x150.jpg\" class=\"attachment-thumbnail size-thumbnail\" alt=\"peinados bob\" data-attachment-id=\"892\" data-orig-file=\"https:\/\/www.maistendencia.com\/blog\/wp-content\/uploads\/2015\/12\/por-los-pelos2.jpg\" data-orig-size=\"386,374\" data-comments-opened=\"1\" data-image-meta=\"{&quot;aperture&quot;:&quot;0&quot;,&quot;credit&quot;:&quot;&quot;,&quot;camera&quot;:&quot;&quot;,&quot;caption&quot;:&quot;&quot;,&quot;created_timestamp&quot;:&quot;0&quot;,&quot;copyright&quot;:&quot;&quot;,&quot;focal_length&quot;:&quot;0&quot;,&quot;iso&quot;:&quot;0&quot;,&quot;shutter_speed&quot;:&quot;0&quot;,&quot;title&quot;:&quot;&quot;,&quot;orientation&quot;:&quot;0&quot;,&quot;keywords&quot;:&quot;Array&quot;}\" data-image-title=\"Corte bob\" data-image-description=\"&lt;p&gt;Si durante este a\u00f1o tambi\u00e9n has ca\u00eddo rendida al corte bob, puedes darle un toque distinto a c\u00f3mo lo sueles lucir el resto del a\u00f1o, es decir, opta por unas ondas naturales que perfilen el extremo de la melena si habitualmente luces un liso asi\u00e1tico o viceversa. Observa la naturalidad del look en esta propuesta de &lt;a href=&quot;https:\/\/www.facebook.com\/peluqueriaporlospelos.ourense&quot; target=&quot;_blank&quot; &gt;Peluquer\u00eda Por los Pelos&lt;\/a&gt;.&lt;\/p&gt;\n\" data-medium-file=\"https:\/\/www.maistendencia.com\/blog\/wp-content\/uploads\/2015\/12\/por-los-pelos2-300x291.jpg\" data-large-file=\"https:\/\/www.maistendencia.com\/blog\/wp-content\/uploads\/2015\/12\/por-los-pelos2.jpg\" \/><\/a>\n\t\t\t<\/div><\/figure><figure class='gallery-item'>\n\t\t\t<div class='gallery-icon portrait'>\n\t\t\t\t<a href='https:\/\/www.maistendencia.com\/blog\/peinado-nochevieja\/cachaldora\/'><img loading=\"lazy\" decoding=\"async\" width=\"150\" height=\"150\" src=\"https:\/\/www.maistendencia.com\/blog\/wp-content\/uploads\/2015\/12\/cachaldora-150x150.jpg\" class=\"attachment-thumbnail size-thumbnail\" alt=\"peinados recogido liso\" data-attachment-id=\"885\" data-orig-file=\"https:\/\/www.maistendencia.com\/blog\/wp-content\/uploads\/2015\/12\/cachaldora.jpg\" data-orig-size=\"549,768\" data-comments-opened=\"1\" data-image-meta=\"{&quot;aperture&quot;:&quot;0&quot;,&quot;credit&quot;:&quot;&quot;,&quot;camera&quot;:&quot;&quot;,&quot;caption&quot;:&quot;&quot;,&quot;created_timestamp&quot;:&quot;0&quot;,&quot;copyright&quot;:&quot;&quot;,&quot;focal_length&quot;:&quot;0&quot;,&quot;iso&quot;:&quot;0&quot;,&quot;shutter_speed&quot;:&quot;0&quot;,&quot;title&quot;:&quot;&quot;,&quot;orientation&quot;:&quot;0&quot;,&quot;keywords&quot;:&quot;Array&quot;}\" data-image-title=\"Recogido liso\" data-image-description=\"&lt;p&gt;La coleta, junto con los recogidos de pelo liso y m\u00e1s bien tirante han dado mucho que hablar durante esta temporada.  Fij\u00e1os el partido que le han sacado los profesionales de &lt;a href=&quot;http:\/\/www.cachaldoraseoane.com\/&quot; target=&quot;_blank&quot; &gt;Cachaldora Seoane&lt;\/a&gt; en esta propuesta.&lt;\/p&gt;\n\" data-medium-file=\"https:\/\/www.maistendencia.com\/blog\/wp-content\/uploads\/2015\/12\/cachaldora-214x300.jpg\" data-large-file=\"https:\/\/www.maistendencia.com\/blog\/wp-content\/uploads\/2015\/12\/cachaldora.jpg\" \/><\/a>\n\t\t\t<\/div><\/figure>\n\t\t<\/div>\n<\/p>\n<\/div>\n<p>Los <b>accesorios<\/b> para el pelo tambi\u00e9n tienen un marcado protagonismo este a\u00f1o, como los pasadores joya. Pero tambi\u00e9n se han visto mucho diademas, turbantes cintas y lazos poblando las melenas m\u00e1s chic. Un consejo: \u00dasalos con mesura si tu indumentaria ya resulta llamativa o, por el contrario, pot\u00e9ncialos si has apostado por un look m\u00e1s minimal para la ropa y otros complementos.<\/p>\n<p>Pasadores joya, pinzas con abalorios, horquillas vintage, cintas, lazos, turbantes o diademas. Los accesorios se han puesto de moda esta temporada y no pod\u00edan faltar en la \u00faltima gran fiesta del a\u00f1o para dar un luz o brillo al peinado. A la hora de usarlos ten siempre en cuenta los dem\u00e1s accesorios que vas a incorporar esa noche y busca el equilibrio entre ellos. En las siguientes im\u00e1genes recogemos algunos peinados donde Gallego Estilismo los ha incorporado.<\/p>\n<div class=\"texto-galeria\">Ver Galer\u00eda de Im\u00e1genes<br \/>\n<div data-carousel-extra='{\"blog_id\":1,\"permalink\":\"https:\\\/\\\/www.maistendencia.com\\\/blog\\\/peinado-nochevieja\\\/\",\"likes_blog_id\":false}' id='gallery-2' class='gallery galleryid-664 gallery-columns-3 gallery-size-thumbnail'><figure class='gallery-item'>\n\t\t\t<div class='gallery-icon portrait'>\n\t\t\t\t<a href='https:\/\/www.maistendencia.com\/blog\/peinado-nochevieja\/accesorios2\/'><img loading=\"lazy\" decoding=\"async\" width=\"150\" height=\"150\" src=\"https:\/\/www.maistendencia.com\/blog\/wp-content\/uploads\/2015\/12\/accesorios2-150x150.jpg\" class=\"attachment-thumbnail size-thumbnail\" alt=\"\" data-attachment-id=\"955\" data-orig-file=\"https:\/\/www.maistendencia.com\/blog\/wp-content\/uploads\/2015\/12\/accesorios2.jpg\" data-orig-size=\"540,720\" data-comments-opened=\"1\" data-image-meta=\"{&quot;aperture&quot;:&quot;0&quot;,&quot;credit&quot;:&quot;&quot;,&quot;camera&quot;:&quot;&quot;,&quot;caption&quot;:&quot;&quot;,&quot;created_timestamp&quot;:&quot;0&quot;,&quot;copyright&quot;:&quot;&quot;,&quot;focal_length&quot;:&quot;0&quot;,&quot;iso&quot;:&quot;0&quot;,&quot;shutter_speed&quot;:&quot;0&quot;,&quot;title&quot;:&quot;&quot;,&quot;orientation&quot;:&quot;0&quot;,&quot;keywords&quot;:&quot;Array&quot;}\" data-image-title=\"\" data-image-description=\"\" data-medium-file=\"https:\/\/www.maistendencia.com\/blog\/wp-content\/uploads\/2015\/12\/accesorios2-225x300.jpg\" data-large-file=\"https:\/\/www.maistendencia.com\/blog\/wp-content\/uploads\/2015\/12\/accesorios2.jpg\" \/><\/a>\n\t\t\t<\/div><\/figure><figure class='gallery-item'>\n\t\t\t<div class='gallery-icon portrait'>\n\t\t\t\t<a href='https:\/\/www.maistendencia.com\/blog\/peinado-nochevieja\/accesorios4\/'><img loading=\"lazy\" decoding=\"async\" width=\"150\" height=\"150\" src=\"https:\/\/www.maistendencia.com\/blog\/wp-content\/uploads\/2015\/12\/accesorios4-150x150.jpg\" class=\"attachment-thumbnail size-thumbnail\" alt=\"\" data-attachment-id=\"957\" data-orig-file=\"https:\/\/www.maistendencia.com\/blog\/wp-content\/uploads\/2015\/12\/accesorios4.jpg\" data-orig-size=\"405,720\" data-comments-opened=\"1\" data-image-meta=\"{&quot;aperture&quot;:&quot;0&quot;,&quot;credit&quot;:&quot;&quot;,&quot;camera&quot;:&quot;&quot;,&quot;caption&quot;:&quot;&quot;,&quot;created_timestamp&quot;:&quot;0&quot;,&quot;copyright&quot;:&quot;&quot;,&quot;focal_length&quot;:&quot;0&quot;,&quot;iso&quot;:&quot;0&quot;,&quot;shutter_speed&quot;:&quot;0&quot;,&quot;title&quot;:&quot;&quot;,&quot;orientation&quot;:&quot;0&quot;,&quot;keywords&quot;:&quot;Array&quot;}\" data-image-title=\"\" data-image-description=\"\" data-medium-file=\"https:\/\/www.maistendencia.com\/blog\/wp-content\/uploads\/2015\/12\/accesorios4-169x300.jpg\" data-large-file=\"https:\/\/www.maistendencia.com\/blog\/wp-content\/uploads\/2015\/12\/accesorios4.jpg\" \/><\/a>\n\t\t\t<\/div><\/figure><figure class='gallery-item'>\n\t\t\t<div class='gallery-icon portrait'>\n\t\t\t\t<a href='https:\/\/www.maistendencia.com\/blog\/peinado-nochevieja\/accesorios5\/'><img loading=\"lazy\" decoding=\"async\" width=\"150\" height=\"150\" src=\"https:\/\/www.maistendencia.com\/blog\/wp-content\/uploads\/2015\/12\/accesorios5-150x150.jpg\" class=\"attachment-thumbnail size-thumbnail\" alt=\"\" data-attachment-id=\"958\" data-orig-file=\"https:\/\/www.maistendencia.com\/blog\/wp-content\/uploads\/2015\/12\/accesorios5.jpg\" data-orig-size=\"540,720\" data-comments-opened=\"1\" data-image-meta=\"{&quot;aperture&quot;:&quot;0&quot;,&quot;credit&quot;:&quot;&quot;,&quot;camera&quot;:&quot;&quot;,&quot;caption&quot;:&quot;&quot;,&quot;created_timestamp&quot;:&quot;0&quot;,&quot;copyright&quot;:&quot;&quot;,&quot;focal_length&quot;:&quot;0&quot;,&quot;iso&quot;:&quot;0&quot;,&quot;shutter_speed&quot;:&quot;0&quot;,&quot;title&quot;:&quot;&quot;,&quot;orientation&quot;:&quot;0&quot;,&quot;keywords&quot;:&quot;Array&quot;}\" data-image-title=\"\" data-image-description=\"\" data-medium-file=\"https:\/\/www.maistendencia.com\/blog\/wp-content\/uploads\/2015\/12\/accesorios5-225x300.jpg\" data-large-file=\"https:\/\/www.maistendencia.com\/blog\/wp-content\/uploads\/2015\/12\/accesorios5.jpg\" \/><\/a>\n\t\t\t<\/div><\/figure><figure class='gallery-item'>\n\t\t\t<div class='gallery-icon landscape'>\n\t\t\t\t<a href='https:\/\/www.maistendencia.com\/blog\/peinado-nochevieja\/accesorios7\/'><img loading=\"lazy\" decoding=\"async\" width=\"150\" height=\"150\" src=\"https:\/\/www.maistendencia.com\/blog\/wp-content\/uploads\/2015\/12\/accesorios7-150x150.jpg\" class=\"attachment-thumbnail size-thumbnail\" alt=\"\" data-attachment-id=\"960\" data-orig-file=\"https:\/\/www.maistendencia.com\/blog\/wp-content\/uploads\/2015\/12\/accesorios7.jpg\" data-orig-size=\"720,540\" data-comments-opened=\"1\" data-image-meta=\"{&quot;aperture&quot;:&quot;0&quot;,&quot;credit&quot;:&quot;&quot;,&quot;camera&quot;:&quot;&quot;,&quot;caption&quot;:&quot;&quot;,&quot;created_timestamp&quot;:&quot;0&quot;,&quot;copyright&quot;:&quot;&quot;,&quot;focal_length&quot;:&quot;0&quot;,&quot;iso&quot;:&quot;0&quot;,&quot;shutter_speed&quot;:&quot;0&quot;,&quot;title&quot;:&quot;&quot;,&quot;orientation&quot;:&quot;0&quot;,&quot;keywords&quot;:&quot;Array&quot;}\" data-image-title=\"\" data-image-description=\"\" data-medium-file=\"https:\/\/www.maistendencia.com\/blog\/wp-content\/uploads\/2015\/12\/accesorios7-300x225.jpg\" data-large-file=\"https:\/\/www.maistendencia.com\/blog\/wp-content\/uploads\/2015\/12\/accesorios7.jpg\" \/><\/a>\n\t\t\t<\/div><\/figure><figure class='gallery-item'>\n\t\t\t<div class='gallery-icon portrait'>\n\t\t\t\t<a href='https:\/\/www.maistendencia.com\/blog\/peinado-nochevieja\/accesorios9\/'><img loading=\"lazy\" decoding=\"async\" width=\"150\" height=\"150\" src=\"https:\/\/www.maistendencia.com\/blog\/wp-content\/uploads\/2015\/12\/accesorios9-150x150.jpg\" class=\"attachment-thumbnail size-thumbnail\" alt=\"\" data-attachment-id=\"961\" data-orig-file=\"https:\/\/www.maistendencia.com\/blog\/wp-content\/uploads\/2015\/12\/accesorios9.jpg\" data-orig-size=\"540,720\" data-comments-opened=\"1\" data-image-meta=\"{&quot;aperture&quot;:&quot;0&quot;,&quot;credit&quot;:&quot;&quot;,&quot;camera&quot;:&quot;&quot;,&quot;caption&quot;:&quot;&quot;,&quot;created_timestamp&quot;:&quot;0&quot;,&quot;copyright&quot;:&quot;&quot;,&quot;focal_length&quot;:&quot;0&quot;,&quot;iso&quot;:&quot;0&quot;,&quot;shutter_speed&quot;:&quot;0&quot;,&quot;title&quot;:&quot;&quot;,&quot;orientation&quot;:&quot;0&quot;,&quot;keywords&quot;:&quot;Array&quot;}\" data-image-title=\"\" data-image-description=\"\" data-medium-file=\"https:\/\/www.maistendencia.com\/blog\/wp-content\/uploads\/2015\/12\/accesorios9-225x300.jpg\" data-large-file=\"https:\/\/www.maistendencia.com\/blog\/wp-content\/uploads\/2015\/12\/accesorios9.jpg\" \/><\/a>\n\t\t\t<\/div><\/figure><figure class='gallery-item'>\n\t\t\t<div class='gallery-icon portrait'>\n\t\t\t\t<a href='https:\/\/www.maistendencia.com\/blog\/peinado-nochevieja\/accesorios11\/'><img loading=\"lazy\" decoding=\"async\" width=\"150\" height=\"150\" src=\"https:\/\/www.maistendencia.com\/blog\/wp-content\/uploads\/2015\/12\/accesorios11-150x150.jpg\" class=\"attachment-thumbnail size-thumbnail\" alt=\"\" data-attachment-id=\"962\" data-orig-file=\"https:\/\/www.maistendencia.com\/blog\/wp-content\/uploads\/2015\/12\/accesorios11.jpg\" data-orig-size=\"540,720\" data-comments-opened=\"1\" data-image-meta=\"{&quot;aperture&quot;:&quot;0&quot;,&quot;credit&quot;:&quot;&quot;,&quot;camera&quot;:&quot;&quot;,&quot;caption&quot;:&quot;&quot;,&quot;created_timestamp&quot;:&quot;0&quot;,&quot;copyright&quot;:&quot;&quot;,&quot;focal_length&quot;:&quot;0&quot;,&quot;iso&quot;:&quot;0&quot;,&quot;shutter_speed&quot;:&quot;0&quot;,&quot;title&quot;:&quot;&quot;,&quot;orientation&quot;:&quot;0&quot;,&quot;keywords&quot;:&quot;Array&quot;}\" data-image-title=\"\" data-image-description=\"\" data-medium-file=\"https:\/\/www.maistendencia.com\/blog\/wp-content\/uploads\/2015\/12\/accesorios11-225x300.jpg\" data-large-file=\"https:\/\/www.maistendencia.com\/blog\/wp-content\/uploads\/2015\/12\/accesorios11.jpg\" \/><\/a>\n\t\t\t<\/div><\/figure><figure class='gallery-item'>\n\t\t\t<div class='gallery-icon portrait'>\n\t\t\t\t<a href='https:\/\/www.maistendencia.com\/blog\/peinado-nochevieja\/accesorios13\/'><img loading=\"lazy\" decoding=\"async\" width=\"150\" height=\"150\" src=\"https:\/\/www.maistendencia.com\/blog\/wp-content\/uploads\/2015\/12\/accesorios13-150x150.jpg\" class=\"attachment-thumbnail size-thumbnail\" alt=\"\" data-attachment-id=\"963\" data-orig-file=\"https:\/\/www.maistendencia.com\/blog\/wp-content\/uploads\/2015\/12\/accesorios13.jpg\" data-orig-size=\"533,540\" data-comments-opened=\"1\" data-image-meta=\"{&quot;aperture&quot;:&quot;0&quot;,&quot;credit&quot;:&quot;&quot;,&quot;camera&quot;:&quot;&quot;,&quot;caption&quot;:&quot;&quot;,&quot;created_timestamp&quot;:&quot;0&quot;,&quot;copyright&quot;:&quot;&quot;,&quot;focal_length&quot;:&quot;0&quot;,&quot;iso&quot;:&quot;0&quot;,&quot;shutter_speed&quot;:&quot;0&quot;,&quot;title&quot;:&quot;&quot;,&quot;orientation&quot;:&quot;0&quot;,&quot;keywords&quot;:&quot;Array&quot;}\" data-image-title=\"\" data-image-description=\"\" data-medium-file=\"https:\/\/www.maistendencia.com\/blog\/wp-content\/uploads\/2015\/12\/accesorios13-296x300.jpg\" data-large-file=\"https:\/\/www.maistendencia.com\/blog\/wp-content\/uploads\/2015\/12\/accesorios13.jpg\" \/><\/a>\n\t\t\t<\/div><\/figure><figure class='gallery-item'>\n\t\t\t<div class='gallery-icon portrait'>\n\t\t\t\t<a href='https:\/\/www.maistendencia.com\/blog\/peinado-nochevieja\/accesorios6\/'><img loading=\"lazy\" decoding=\"async\" width=\"150\" height=\"150\" src=\"https:\/\/www.maistendencia.com\/blog\/wp-content\/uploads\/2015\/12\/accesorios6-150x150.jpg\" class=\"attachment-thumbnail size-thumbnail\" alt=\"\" data-attachment-id=\"959\" data-orig-file=\"https:\/\/www.maistendencia.com\/blog\/wp-content\/uploads\/2015\/12\/accesorios6.jpg\" data-orig-size=\"540,720\" data-comments-opened=\"1\" data-image-meta=\"{&quot;aperture&quot;:&quot;0&quot;,&quot;credit&quot;:&quot;&quot;,&quot;camera&quot;:&quot;&quot;,&quot;caption&quot;:&quot;&quot;,&quot;created_timestamp&quot;:&quot;0&quot;,&quot;copyright&quot;:&quot;&quot;,&quot;focal_length&quot;:&quot;0&quot;,&quot;iso&quot;:&quot;0&quot;,&quot;shutter_speed&quot;:&quot;0&quot;,&quot;title&quot;:&quot;&quot;,&quot;orientation&quot;:&quot;0&quot;,&quot;keywords&quot;:&quot;Array&quot;}\" data-image-title=\"\" data-image-description=\"\" data-medium-file=\"https:\/\/www.maistendencia.com\/blog\/wp-content\/uploads\/2015\/12\/accesorios6-225x300.jpg\" data-large-file=\"https:\/\/www.maistendencia.com\/blog\/wp-content\/uploads\/2015\/12\/accesorios6.jpg\" \/><\/a>\n\t\t\t<\/div><\/figure><figure class='gallery-item'>\n\t\t\t<div class='gallery-icon landscape'>\n\t\t\t\t<a href='https:\/\/www.maistendencia.com\/blog\/peinado-nochevieja\/accesorios3\/'><img loading=\"lazy\" decoding=\"async\" width=\"150\" height=\"150\" src=\"https:\/\/www.maistendencia.com\/blog\/wp-content\/uploads\/2015\/12\/accesorios3-150x150.jpg\" class=\"attachment-thumbnail size-thumbnail\" alt=\"\" data-attachment-id=\"956\" data-orig-file=\"https:\/\/www.maistendencia.com\/blog\/wp-content\/uploads\/2015\/12\/accesorios3.jpg\" data-orig-size=\"634,503\" data-comments-opened=\"1\" data-image-meta=\"{&quot;aperture&quot;:&quot;0&quot;,&quot;credit&quot;:&quot;&quot;,&quot;camera&quot;:&quot;&quot;,&quot;caption&quot;:&quot;&quot;,&quot;created_timestamp&quot;:&quot;0&quot;,&quot;copyright&quot;:&quot;&quot;,&quot;focal_length&quot;:&quot;0&quot;,&quot;iso&quot;:&quot;0&quot;,&quot;shutter_speed&quot;:&quot;0&quot;,&quot;title&quot;:&quot;&quot;,&quot;orientation&quot;:&quot;0&quot;,&quot;keywords&quot;:&quot;Array&quot;}\" data-image-title=\"\" data-image-description=\"\" data-medium-file=\"https:\/\/www.maistendencia.com\/blog\/wp-content\/uploads\/2015\/12\/accesorios3-300x238.jpg\" data-large-file=\"https:\/\/www.maistendencia.com\/blog\/wp-content\/uploads\/2015\/12\/accesorios3.jpg\" \/><\/a>\n\t\t\t<\/div><\/figure>\n\t\t<\/div>\n<\/p>\n<\/div>\n","protected":false},"excerpt":{"rendered":"<p>Si esta pregunta est\u00e1 rondando en tu cabeza ser\u00e1 porque al menos has resuelto ya la cuesti\u00f3n del vestido o la indumentaria elegida para la Nochevieja. En caso contrario, es recomendable que cuanto antes eches&#8230;<br \/><a href=\"https:\/\/www.maistendencia.com\/blog\/peinado-nochevieja\/\"> Continuar leyendo&#8230;<\/a><\/p>\n","protected":false},"author":2,"featured_media":893,"comment_status":"open","ping_status":"closed","sticky":false,"template":"","format":"standard","meta":{"footnotes":""},"categories":[4],"tags":[467,318,319,348,69],"class_list":["post-664","post","type-post","status-publish","format-standard","has-post-thumbnail","hentry","category-cuidate","tag-belleza","tag-fin-de-ano","tag-nochevieja","tag-paris-difussion-peluqueria-y-estetica","tag-peluqueria"],"aioseo_notices":[],"_links":{"self":[{"href":"https:\/\/www.maistendencia.com\/blog\/wp-json\/wp\/v2\/posts\/664","targetHints":{"allow":["GET"]}}],"collection":[{"href":"https:\/\/www.maistendencia.com\/blog\/wp-json\/wp\/v2\/posts"}],"about":[{"href":"https:\/\/www.maistendencia.com\/blog\/wp-json\/wp\/v2\/types\/post"}],"author":[{"embeddable":true,"href":"https:\/\/www.maistendencia.com\/blog\/wp-json\/wp\/v2\/users\/2"}],"replies":[{"embeddable":true,"href":"https:\/\/www.maistendencia.com\/blog\/wp-json\/wp\/v2\/comments?post=664"}],"version-history":[{"count":1,"href":"https:\/\/www.maistendencia.com\/blog\/wp-json\/wp\/v2\/posts\/664\/revisions"}],"predecessor-version":[{"id":7111,"href":"https:\/\/www.maistendencia.com\/blog\/wp-json\/wp\/v2\/posts\/664\/revisions\/7111"}],"wp:featuredmedia":[{"embeddable":true,"href":"https:\/\/www.maistendencia.com\/blog\/wp-json\/wp\/v2\/media\/893"}],"wp:attachment":[{"href":"https:\/\/www.maistendencia.com\/blog\/wp-json\/wp\/v2\/media?parent=664"}],"wp:term":[{"taxonomy":"category","embeddable":true,"href":"https:\/\/www.maistendencia.com\/blog\/wp-json\/wp\/v2\/categories?post=664"},{"taxonomy":"post_tag","embeddable":true,"href":"https:\/\/www.maistendencia.com\/blog\/wp-json\/wp\/v2\/tags?post=664"}],"curies":[{"name":"wp","href":"https:\/\/api.w.org\/{rel}","templated":true}]}}