{"id":6394,"date":"2018-07-02T14:26:17","date_gmt":"2018-07-02T12:26:17","guid":{"rendered":"http:\/\/www.maistendencia.com\/?p=6394"},"modified":"2022-02-07T14:53:54","modified_gmt":"2022-02-07T12:53:54","slug":"algunos-de-los-vestidos-de-moda-de-la-mano-de-miss-ciudad-de-ourense","status":"publish","type":"post","link":"https:\/\/www.maistendencia.com\/blog\/algunos-de-los-vestidos-de-moda-de-la-mano-de-miss-ciudad-de-ourense\/","title":{"rendered":"Algunos de los vestidos de moda de la mano de Miss Ciudad de Ourense"},"content":{"rendered":"<p style=\"text-align: justify;\">Si algo invita a <strong>ponerse vestidos es el calor del verano<\/strong>. Por ello, en esta ocasi\u00f3n nos apetece centrar la atenci\u00f3n en esta prenda, de la que os ense\u00f1aremos opciones muy diferentes de la mano de <a href=\"https:\/\/www.facebook.com\/clothesandcoshop\">Clothes &amp; Co<\/a>, El Sue\u00f1o de Lu y <a href=\"https:\/\/www.maistendencia.com\/blog\/trend-tantra-tres-anos-de-moda-exclusiva\/\">Trend Tantra<\/a>.<\/p>\n<p style=\"text-align: justify;\">Adem\u00e1s, las chicas que posan con los vestidos son <strong>Miss Ciudad de Ourense y la segunda finalista de este galard\u00f3n<\/strong>, dos modelos que <strong>a\u00fan son muy j\u00f3venes pero ya han sabido hacerse hueco en el mundo de la moda<\/strong>.<\/p>\n<p style=\"text-align: justify;\">Qu\u00e9date hasta el final del post para descubrir lo que nos cont\u00f3 Miss Ciudad de Ourense de este sector mientras hac\u00eda la sesi\u00f3n fotogr\u00e1fica.<\/p>\n<div class=\"bloque-destacado-post\"><a href=\"https:\/\/www.maistendencia.com\/1-moda\">P\u00e1sate a echar un vistado a nuestra secci\u00f3n de moda de nuestra tienda online<\/a><\/div>\n<p><img loading=\"lazy\" decoding=\"async\" class=\"alignnone wp-image-6401 size-full\" title=\"Outit mujer Vestido de flores en un color rosa palo\" src=\"https:\/\/www.maistendencia.com\/blog\/wp-content\/uploads\/2018\/07\/sue\u00f1o-de-lu-flores.jpg\" alt=\"Outit mujer Vestido de flores en un color rosa palo\" width=\"2617\" height=\"1815\" srcset=\"https:\/\/www.maistendencia.com\/blog\/wp-content\/uploads\/2018\/07\/sue\u00f1o-de-lu-flores.jpg 2617w, https:\/\/www.maistendencia.com\/blog\/wp-content\/uploads\/2018\/07\/sue\u00f1o-de-lu-flores-300x208.jpg 300w, https:\/\/www.maistendencia.com\/blog\/wp-content\/uploads\/2018\/07\/sue\u00f1o-de-lu-flores-1024x710.jpg 1024w\" sizes=\"auto, (max-width: 2617px) 100vw, 2617px\" \/><\/p>\n<p style=\"text-align: justify;\">En primer lugar tenemos este vestido de flores en un color rosa palo. Se trata de un modelo que sigue la moda de las <strong>mangas con hombros al descubierto<\/strong>, que m\u00e1s tarde o m\u00e1s temprano siempre reaparece cada cierto tiempo. Su estampado floral es tambi\u00e9n ideal para la \u00e9poca, ya que en verano solemos abandonar los colores fr\u00edos del oto\u00f1o y el invierno para <strong>a\u00f1adir nuevos pantones a la gama crom\u00e1tica de nuestro armario.<\/strong> Este vestido es de El Sue\u00f1o de Lu.<\/p>\n<p><img loading=\"lazy\" decoding=\"async\" class=\"alignnone wp-image-6413 size-full\" title=\"Outit mujer Vestido de flores en un color rosa palo\" src=\"https:\/\/www.maistendencia.com\/blog\/wp-content\/uploads\/2018\/07\/flores-sue\u00f1o-de-lu.jpg\" alt=\"Outit mujer Vestido de flores en un color rosa palo\" width=\"2558\" height=\"1818\" srcset=\"https:\/\/www.maistendencia.com\/blog\/wp-content\/uploads\/2018\/07\/flores-sue\u00f1o-de-lu.jpg 2558w, https:\/\/www.maistendencia.com\/blog\/wp-content\/uploads\/2018\/07\/flores-sue\u00f1o-de-lu-300x213.jpg 300w, https:\/\/www.maistendencia.com\/blog\/wp-content\/uploads\/2018\/07\/flores-sue\u00f1o-de-lu-1024x728.jpg 1024w\" sizes=\"auto, (max-width: 2558px) 100vw, 2558px\" \/><\/p>\n<p style=\"text-align: justify;\">Siguiendo con el colorido, esta opci\u00f3n m\u00e1s camisera con<strong> estampado de Frida Kahlo<\/strong> es una buena alternativa para aquellos que quieran un toque colorido pero en su justa medida. Puedes encontrar este modelo en Trend Tantra.<\/p>\n<p><img loading=\"lazy\" decoding=\"async\" class=\"alignnone wp-image-6404 size-full\" title=\"Outfit mujer: Vestido camisero con estampado de Frida Kahlo\" src=\"https:\/\/www.maistendencia.com\/blog\/wp-content\/uploads\/2018\/07\/trendtantra-vestido-flojo.jpg\" alt=\"Outfit mujer: Vestido camisero con estampado de Frida Kahlo\" width=\"2690\" height=\"1793\" srcset=\"https:\/\/www.maistendencia.com\/blog\/wp-content\/uploads\/2018\/07\/trendtantra-vestido-flojo.jpg 2690w, https:\/\/www.maistendencia.com\/blog\/wp-content\/uploads\/2018\/07\/trendtantra-vestido-flojo-300x200.jpg 300w, https:\/\/www.maistendencia.com\/blog\/wp-content\/uploads\/2018\/07\/trendtantra-vestido-flojo-1024x683.jpg 1024w, https:\/\/www.maistendencia.com\/blog\/wp-content\/uploads\/2018\/07\/trendtantra-vestido-flojo-400x266.jpg 400w, https:\/\/www.maistendencia.com\/blog\/wp-content\/uploads\/2018\/07\/trendtantra-vestido-flojo-50x33.jpg 50w\" sizes=\"auto, (max-width: 2690px) 100vw, 2690px\" \/><\/p>\n<p><img loading=\"lazy\" decoding=\"async\" class=\"alignnone wp-image-6406 size-full\" title=\"Outfit mujer: Vestido camisero con estampado de Frida Kahlo\" src=\"https:\/\/www.maistendencia.com\/blog\/wp-content\/uploads\/2018\/07\/trendtantra-vestido-gris.jpg\" alt=\"Outfit mujer: Vestido camisero con estampado de Frida Kahlo\" width=\"2246\" height=\"1674\" srcset=\"https:\/\/www.maistendencia.com\/blog\/wp-content\/uploads\/2018\/07\/trendtantra-vestido-gris.jpg 2246w, https:\/\/www.maistendencia.com\/blog\/wp-content\/uploads\/2018\/07\/trendtantra-vestido-gris-300x224.jpg 300w, https:\/\/www.maistendencia.com\/blog\/wp-content\/uploads\/2018\/07\/trendtantra-vestido-gris-1024x763.jpg 1024w\" sizes=\"auto, (max-width: 2246px) 100vw, 2246px\" \/><\/p>\n<p style=\"text-align: justify;\">Pasamos al mundo de los blancos con dos opciones similares pero muy diferentes. Por un lado, este vestido de gasa con estampado de puntitos,<strong> vaporoso, fresquito debido a su tipo de tejido y muy c\u00f3modo<\/strong>. Es de la tienda Trend Tantra.<\/p>\n<p><img loading=\"lazy\" decoding=\"async\" class=\"alignnone wp-image-6410 size-full\" title=\"Outfit mujer: Vestido blanco de gasa con estampado de puntitos, vaporoso, fresquito\" src=\"https:\/\/www.maistendencia.com\/blog\/wp-content\/uploads\/2018\/07\/vestido-blanco-trendtantra.jpg\" alt=\"Outfit mujer: Vestido blanco de gasa con estampado de puntitos, vaporoso, fresquito\" width=\"1881\" height=\"1448\" srcset=\"https:\/\/www.maistendencia.com\/blog\/wp-content\/uploads\/2018\/07\/vestido-blanco-trendtantra.jpg 1881w, https:\/\/www.maistendencia.com\/blog\/wp-content\/uploads\/2018\/07\/vestido-blanco-trendtantra-300x231.jpg 300w, https:\/\/www.maistendencia.com\/blog\/wp-content\/uploads\/2018\/07\/vestido-blanco-trendtantra-1024x788.jpg 1024w\" sizes=\"auto, (max-width: 1881px) 100vw, 1881px\" \/><\/p>\n<p style=\"text-align: justify;\">Por otro lado os proponemos esta opci\u00f3n de <a href=\"https:\/\/www.facebook.com\/clothesandcoshop\">Clothes &amp; Co<\/a> en <strong>algod\u00f3n<\/strong>, un estilo de vestido m\u00e1s suelto, ya que no se pega tanto a la figura debido a su tejido m\u00e1s r\u00edgido. Tiene un remate en puntilla que lo convierte en una <strong>prenda muy estilosa para lucir en cualquier momento del d\u00eda.<\/strong><\/p>\n<p><img loading=\"lazy\" decoding=\"async\" class=\"alignnone wp-image-6399 size-full\" title=\"Outfit mujer: Vestido m\u00e1s suelto con remate en puntilla\" src=\"https:\/\/www.maistendencia.com\/blog\/wp-content\/uploads\/2018\/07\/clothes-co-vestido.jpg\" alt=\"Outfit mujer: Vestido m\u00e1s suelto con remate en puntilla\" width=\"2570\" height=\"1865\" srcset=\"https:\/\/www.maistendencia.com\/blog\/wp-content\/uploads\/2018\/07\/clothes-co-vestido.jpg 2570w, https:\/\/www.maistendencia.com\/blog\/wp-content\/uploads\/2018\/07\/clothes-co-vestido-300x218.jpg 300w, https:\/\/www.maistendencia.com\/blog\/wp-content\/uploads\/2018\/07\/clothes-co-vestido-1024x743.jpg 1024w\" sizes=\"auto, (max-width: 2570px) 100vw, 2570px\" \/><\/p>\n<p style=\"text-align: justify;\">Siguiendo con <a href=\"https:\/\/www.facebook.com\/clothesandcoshop\">Clothes &amp; Co<\/a>, este vestido verde oscuro es ideal para las tardes de verano, adem\u00e1s de tener un <strong>tejido muy fluido que hace que una vez te lo pongas no quieras quit\u00e1rtelo m\u00e1s<\/strong>.<\/p>\n<p style=\"text-align: justify;\">Puedes ponerle un cintur\u00f3n para que se ajuste muy bien a la cintura o bien dejarlo ca\u00eddo para ocasiones m\u00e1s informales.<\/p>\n<p><img loading=\"lazy\" decoding=\"async\" class=\"alignnone wp-image-6397 size-full\" title=\"outfit mujer: vestido verde oscuro es ideal para las tardes de verano\" src=\"https:\/\/www.maistendencia.com\/blog\/wp-content\/uploads\/2018\/07\/clothes-co-vestido-verda.jpg\" alt=\"outfit mujer: vestido verde oscuro es ideal para las tardes de verano\" width=\"2420\" height=\"1831\" srcset=\"https:\/\/www.maistendencia.com\/blog\/wp-content\/uploads\/2018\/07\/clothes-co-vestido-verda.jpg 2420w, https:\/\/www.maistendencia.com\/blog\/wp-content\/uploads\/2018\/07\/clothes-co-vestido-verda-300x227.jpg 300w, https:\/\/www.maistendencia.com\/blog\/wp-content\/uploads\/2018\/07\/clothes-co-vestido-verda-1024x775.jpg 1024w\" sizes=\"auto, (max-width: 2420px) 100vw, 2420px\" \/><\/p>\n<p><img loading=\"lazy\" decoding=\"async\" class=\"alignnone wp-image-6398 size-full\" title=\"outfit mujer: vestido verde oscuro es ideal para las tardes de verano\" src=\"https:\/\/www.maistendencia.com\/blog\/wp-content\/uploads\/2018\/07\/clothes-co-vestido-verde.jpg\" alt=\"outfit mujer: vestido verde oscuro es ideal para las tardes de verano\" width=\"2818\" height=\"1831\" srcset=\"https:\/\/www.maistendencia.com\/blog\/wp-content\/uploads\/2018\/07\/clothes-co-vestido-verde.jpg 2818w, https:\/\/www.maistendencia.com\/blog\/wp-content\/uploads\/2018\/07\/clothes-co-vestido-verde-300x195.jpg 300w, https:\/\/www.maistendencia.com\/blog\/wp-content\/uploads\/2018\/07\/clothes-co-vestido-verde-1024x665.jpg 1024w, https:\/\/www.maistendencia.com\/blog\/wp-content\/uploads\/2018\/07\/clothes-co-vestido-verde-50x33.jpg 50w\" sizes=\"auto, (max-width: 2818px) 100vw, 2818px\" \/><\/p>\n<p style=\"text-align: justify;\">Por \u00faltimo, otra opci\u00f3n que nos encanta es este vestidito azul de <strong>estampado de raya diplom\u00e1tica<\/strong>, que nos recuerda a los babis de cuando \u00e9ramos peque\u00f1os. Es un tejido muy fresco y, por la forma del vestido, resulta <strong>muy favorecedor en cualquier tipo de cuerpo<\/strong>. Encu\u00e9ntralo en El Sue\u00f1o de Lu.<\/p>\n<p><img loading=\"lazy\" decoding=\"async\" class=\"alignnone wp-image-6402 size-full\" title=\"Outfit mujer: vestidito azul de estampado de raya diplom\u00e1tica\" src=\"https:\/\/www.maistendencia.com\/blog\/wp-content\/uploads\/2018\/07\/sue\u00f1o-de-lu-vestido-a-cuadros.jpg\" alt=\"Outfit mujer: vestidito azul de estampado de raya diplom\u00e1tica\" width=\"3000\" height=\"2000\" srcset=\"https:\/\/www.maistendencia.com\/blog\/wp-content\/uploads\/2018\/07\/sue\u00f1o-de-lu-vestido-a-cuadros.jpg 3000w, https:\/\/www.maistendencia.com\/blog\/wp-content\/uploads\/2018\/07\/sue\u00f1o-de-lu-vestido-a-cuadros-300x200.jpg 300w, https:\/\/www.maistendencia.com\/blog\/wp-content\/uploads\/2018\/07\/sue\u00f1o-de-lu-vestido-a-cuadros-1024x683.jpg 1024w, https:\/\/www.maistendencia.com\/blog\/wp-content\/uploads\/2018\/07\/sue\u00f1o-de-lu-vestido-a-cuadros-400x266.jpg 400w, https:\/\/www.maistendencia.com\/blog\/wp-content\/uploads\/2018\/07\/sue\u00f1o-de-lu-vestido-a-cuadros-50x33.jpg 50w\" sizes=\"auto, (max-width: 3000px) 100vw, 3000px\" \/><\/p>\n<h2>Entrevista a Mar\u00eda Laura Montes Miss Ciudad de Ourense.<\/h2>\n<p style=\"text-align: justify;\"><strong>Mar\u00eda Laura Montes<\/strong>, con 22 a\u00f1os de edad, tiene una corta trayectoria como modelo, que no le impidi\u00f3 coronarse como <strong>Miss Ciudad de Ourense<\/strong> el pasado s\u00e1bado 16 de junio. Seg\u00fan nos dijo, \u201cfue una experiencia nueva, pero la llev\u00e9 con diversi\u00f3n y actitud\u201d.<\/p>\n<p style=\"text-align: justify;\">Respecto a c\u00f3mo se meti\u00f3 en el mundo del modelaje, Mar\u00eda Laura cree que<strong> \u201cla vida te pone donde tienes que estar\u201d.<\/strong> \u201cEmpec\u00e9 a trabajar de cara al p\u00fablico y me di cuenta de que me gustaba mucho el trato con las personas.<\/p>\n<p style=\"text-align: justify;\">Poco a poco me fui moviendo al sector de la imagen, y aunque ahora me gusta mucho el modelaje, nunca tuve la proyecci\u00f3n de estar dedic\u00e1ndome a esto\u201d.<\/p>\n<p><img loading=\"lazy\" decoding=\"async\" class=\"alignnone wp-image-6403 size-full\" title=\"Mar\u00eda Laura Montes Outfits Miss Ciudad de Ourense\" src=\"https:\/\/www.maistendencia.com\/blog\/wp-content\/uploads\/2018\/07\/trendtantra-vestido-blanco-e1530533253206.jpg\" alt=\"Mar\u00eda Laura Montes Outfits Miss Ciudad de Ourense\" width=\"1015\" height=\"1301\" srcset=\"https:\/\/www.maistendencia.com\/blog\/wp-content\/uploads\/2018\/07\/trendtantra-vestido-blanco-e1530533253206.jpg 1015w, https:\/\/www.maistendencia.com\/blog\/wp-content\/uploads\/2018\/07\/trendtantra-vestido-blanco-e1530533253206-234x300.jpg 234w, https:\/\/www.maistendencia.com\/blog\/wp-content\/uploads\/2018\/07\/trendtantra-vestido-blanco-e1530533253206-799x1024.jpg 799w\" sizes=\"auto, (max-width: 1015px) 100vw, 1015px\" \/><\/p>\n<p style=\"text-align: justify;\">Adem\u00e1s de ser modelo, Mar\u00eda Laura, procedente de Venezuela, <strong>lleva cuatro a\u00f1os en Galicia estudiando<\/strong> Ciencias Pol\u00edticas y de la Administraci\u00f3n, y se grad\u00faa este a\u00f1o. Los fines de semana, como la mayor\u00eda de los estudiantes, trabaja en hosteler\u00eda. \u201cAhora me queda introducirme en el sector laboral, aunque lo pr\u00f3ximo va a ser estudiar la carrera de Derecho\u201d.<\/p>\n<p style=\"text-align: justify;\">Mar\u00eda Laura dice que no se querr\u00eda dedicar a ser modelo \u00fanicamente, aunque<strong> \u201ctrabajar de esto me parece muy bonito porque las tiendas conf\u00edan en ti para llevar sus modelos. Esa colaboraci\u00f3n me parece algo m\u00e1gico\u201d.<\/strong><\/p>\n<p>Modelos:\u00a0Agencia Luena<\/p>\n<strong>Texto de<\/strong><br\/><br\/><div style=\"width:100%;height:auto;\"><div style=\"float:left;margin:0px 10px 10px 0px;\"><img alt='' src='https:\/\/secure.gravatar.com\/avatar\/131f1bf6d42065a0c1d3ecc19f8c6e5a?s=111&amp;d=https%3A%2F%2Fsecure.gravatar.com%2Favatar%2Fad516503a11cd5ca435acc9bb6523536%3Fs%3D111&amp;r=G' class='avatar avatar-111 photo' height='111' width='111' \/><\/div><div style=\"padding-left:25%;\"><strong>Alba R Cougil<\/strong><br\/><br\/><a href=\"mailto:acougil@ourensecca.com\">Correo electr\u00f3nico<\/a><br\/><br\/><div class=\"author-description\"><div class=\"autor-enlaces\"><\/div><\/div><\/div><\/div><div class=\"clear\"><\/div>\n<strong>Fotograf\u00edas de<\/strong><br\/><br\/><div style=\"width:100%;height:auto;\"><div style=\"float:left;margin:0px 10px 10px 0px;\"><img loading=\"lazy\" decoding=\"async\" src=\"https:\/\/www.maistendencia.com\/blog\/wp-content\/authors\/Aida-20.jpg\" class=\"avatar photo\" alt=\"Aida Argibay\" width=\"111\" height=\"111\" \/><\/div><div style=\"padding-left:25%;\"><strong>Aida Argibay<\/strong><br\/><br\/><a href=\"mailto:\">Correo electr\u00f3nico<\/a><br\/><br\/><div class=\"author-description\"><div class=\"autor-enlaces\"><\/div><\/div><\/div><\/div><div class=\"clear\"><\/div>\n","protected":false},"excerpt":{"rendered":"<p>Si algo invita a ponerse vestidos es el calor del verano. Por ello, en esta ocasi\u00f3n nos apetece centrar la atenci\u00f3n en esta prenda, de la que os ense\u00f1aremos opciones muy diferentes de la mano&#8230;<br \/><a href=\"https:\/\/www.maistendencia.com\/blog\/algunos-de-los-vestidos-de-moda-de-la-mano-de-miss-ciudad-de-ourense\/\"> Continuar leyendo&#8230;<\/a><\/p>\n","protected":false},"author":28,"featured_media":6400,"comment_status":"open","ping_status":"closed","sticky":false,"template":"","format":"standard","meta":{"footnotes":""},"categories":[11,3],"tags":[581,64,62,518,187,325,120,420,324],"class_list":["post-6394","post","type-post","status-publish","format-standard","has-post-thumbnail","hentry","category-looks","category-moda","tag-clothes-co","tag-el-sueno-de-lu","tag-moda","tag-moda-joven","tag-modelo","tag-mujer","tag-trendtantra","tag-verano","tag-vestidos"],"aioseo_notices":[],"_links":{"self":[{"href":"https:\/\/www.maistendencia.com\/blog\/wp-json\/wp\/v2\/posts\/6394","targetHints":{"allow":["GET"]}}],"collection":[{"href":"https:\/\/www.maistendencia.com\/blog\/wp-json\/wp\/v2\/posts"}],"about":[{"href":"https:\/\/www.maistendencia.com\/blog\/wp-json\/wp\/v2\/types\/post"}],"author":[{"embeddable":true,"href":"https:\/\/www.maistendencia.com\/blog\/wp-json\/wp\/v2\/users\/28"}],"replies":[{"embeddable":true,"href":"https:\/\/www.maistendencia.com\/blog\/wp-json\/wp\/v2\/comments?post=6394"}],"version-history":[{"count":2,"href":"https:\/\/www.maistendencia.com\/blog\/wp-json\/wp\/v2\/posts\/6394\/revisions"}],"predecessor-version":[{"id":9015,"href":"https:\/\/www.maistendencia.com\/blog\/wp-json\/wp\/v2\/posts\/6394\/revisions\/9015"}],"wp:featuredmedia":[{"embeddable":true,"href":"https:\/\/www.maistendencia.com\/blog\/wp-json\/wp\/v2\/media\/6400"}],"wp:attachment":[{"href":"https:\/\/www.maistendencia.com\/blog\/wp-json\/wp\/v2\/media?parent=6394"}],"wp:term":[{"taxonomy":"category","embeddable":true,"href":"https:\/\/www.maistendencia.com\/blog\/wp-json\/wp\/v2\/categories?post=6394"},{"taxonomy":"post_tag","embeddable":true,"href":"https:\/\/www.maistendencia.com\/blog\/wp-json\/wp\/v2\/tags?post=6394"}],"curies":[{"name":"wp","href":"https:\/\/api.w.org\/{rel}","templated":true}]}}