{"id":6286,"date":"2018-06-19T12:35:54","date_gmt":"2018-06-19T10:35:54","guid":{"rendered":"http:\/\/www.maistendencia.com\/?p=6286"},"modified":"2022-02-07T14:55:04","modified_gmt":"2022-02-07T12:55:04","slug":"entrevista-a-el-burdel-de-maria-magdalena-grupo-ourensanorock-rebelde-y-reivindicativo","status":"publish","type":"post","link":"https:\/\/www.maistendencia.com\/blog\/entrevista-a-el-burdel-de-maria-magdalena-grupo-ourensanorock-rebelde-y-reivindicativo\/","title":{"rendered":"<span class=\"antetitulo\"> Entrevista a El Burdel de Mar\u00eda Magdalena, grupo ourensano<\/span><br\/>Rock rebelde y reivindicativo"},"content":{"rendered":"<p style=\"text-align: justify;\">El Burdel de Mar\u00eda Magdalena es un grupo ourensano de hard rock que <strong>surgi\u00f3 \u201ccon una intenci\u00f3n rebelde, de reaccionar contra las injusticias sociales, religiosas y pol\u00edticas\u201d<\/strong>, seg\u00fan lo defini\u00f3 su cantante, Roc\u00edo V\u00e9lez. Adem\u00e1s de Roc\u00edo como vocalista, el grupo est\u00e1 formado por dos guitarristas que son Lucas y Marcos Wallace, Jorge como bater\u00eda y Jorge Ruiz como bajista.<\/p>\n<p style=\"text-align: justify;\">Para cerrar la sesi\u00f3n de conciertos de la <a href=\"http:\/\/www.shoppingnightourensecentro.com\/\">VI Shopping Night<\/a>, El Burdel de Mar\u00eda Magdalena actu\u00f3 en la Praza do Ferro, aunque en esta ocasi\u00f3n s\u00f3lo pudieron asistir <strong>Roc\u00edo y Lucas, cantante y guitarrista, que interpretaron algunas canciones en ac\u00fastico<\/strong>.<\/p>\n<p style=\"text-align: justify;\">El Burdel se cre\u00f3 de manera un poco improvisada, y fue idea de Wallace, uno de los guitarristas. \u201cFue \u00e9l quien propuso el proyecto para poder tocar temas que estaba componiendo, as\u00ed como otros nuestros, y llevarlos al directo\u201d, nos cont\u00f3 Lucas, guitarrista de El Burdel.<\/p>\n<p><img loading=\"lazy\" decoding=\"async\" class=\"aligncenter wp-image-6213 size-full\" title=\"El burdel de maria magdalena\" src=\"http:\/\/www.maistendencia.com\/wp-content\/uploads\/2018\/06\/burdel.jpg\" alt=\"El burdel de maria magdalena\" width=\"510\" height=\"618\" srcset=\"https:\/\/www.maistendencia.com\/blog\/wp-content\/uploads\/2018\/06\/burdel.jpg 510w, https:\/\/www.maistendencia.com\/blog\/wp-content\/uploads\/2018\/06\/burdel-248x300.jpg 248w\" sizes=\"auto, (max-width: 510px) 100vw, 510px\" \/><\/p>\n<p style=\"text-align: justify;\">\u201cLos miembros iniciales de El Burdel de Mar\u00eda Magdalena llevamos tocando juntos y maquinando la banda alrededor de un a\u00f1o. Sin embargo, hasta que pudimos conseguir local de ensayo gracias al <a href=\"https:\/\/es-es.facebook.com\/Espazo-Lusqui%C3%B1os-da-Mocidade-601318506565327\/\">Espazo Lusqui\u00f1os<\/a> y completar la formaci\u00f3n del grupo, en la que nos hac\u00edan falta un bater\u00eda y un bajista, pasaron varios meses\u201d. Para Roc\u00edo, <strong>\u201cpodemos decir que El Burdel se asent\u00f3 como grupo en septiembre del a\u00f1o pasado\u201d<\/strong>. Lucas piensa que tener un local para reunirse les \u201cayud\u00f3 mucho, sobre todo porque all\u00ed disponen de amplificadores y bater\u00eda, lo que facilita mucho el ensayo.<\/p>\n<p style=\"text-align: justify;\">Respecto a la elecci\u00f3n de este nombre tan llamativo, Roc\u00edo nos cont\u00f3 que la primera canci\u00f3n propia que llevaron al directo se titula Judith y trata sobre la violencia de g\u00e9nero. A ra\u00edz de esto, \u201cel nombre surgi\u00f3 un poco como broma, siguiendo con la tem\u00e1tica de esa primera canci\u00f3n, adem\u00e1s de que <strong>quer\u00edamos que fuese un nombre potente, con mucha fuerza<\/strong>\u201d.<\/p>\n<p><img loading=\"lazy\" decoding=\"async\" class=\"alignnone wp-image-6217 size-full\" title=\"El Burdel de Mar\u00eda Magdalena\" src=\"https:\/\/www.maistendencia.com\/blog\/wp-content\/uploads\/2018\/06\/28161854_775641692626889_1270751176931428332_o.jpg\" alt=\"El burdel de maria magdalena\" width=\"720\" height=\"540\" srcset=\"https:\/\/www.maistendencia.com\/blog\/wp-content\/uploads\/2018\/06\/28161854_775641692626889_1270751176931428332_o.jpg 720w, https:\/\/www.maistendencia.com\/blog\/wp-content\/uploads\/2018\/06\/28161854_775641692626889_1270751176931428332_o-300x225.jpg 300w\" sizes=\"auto, (max-width: 720px) 100vw, 720px\" \/><\/p>\n<p style=\"text-align: justify;\">A los miembros de El Burdel les gusta la m\u00fasica en general, pero si tienen que decantarse por alg\u00fan g\u00e9nero musical, el suyo es sin duda el heavy metal, tanto nacional como internacional. <strong>\u201cDe hecho hacemos muchas versiones de Saratoga, alguna de Extremoduro, y de grupos extranjeros como Iron Maiden, que al ser el grupo favorito de Wallace siempre tocamos alguna suya\u201d<\/strong>, nos cont\u00f3 la cantante.<\/p>\n<p style=\"text-align: justify;\">La actuaci\u00f3n de El Burdel de Mar\u00eda Magdalena en la Shopping Night fue un poco diferente de lo que suelen hacer al tratarse de un concierto ac\u00fastico: \u201cNormalmente tocamos temas un poco m\u00e1s heavys que los de hoy, pero como actuamos en ac\u00fastico y solo est\u00e1bamos los dos (Lucas y Roc\u00edo actuaron en d\u00fao en esta ocasi\u00f3n) hicimos un setlist un poco diferente a lo habitual\u201d, seg\u00fan nos dijo Lucas, uno de los guitarristas. <strong>\u201cGeneralmente somos mucho m\u00e1s ca\u00f1eros. Sobre todo, nos gusta hacer temas que dicen algo y protestan por algo, ya sea de manera directa o indirecta\u201d<\/strong>, afirmaba Roc\u00edo de forma rotunda.<\/p>\n<p><img loading=\"lazy\" decoding=\"async\" class=\"alignnone wp-image-6290 size-full\" title=\"El Burdel de Mar\u00eda Magdalena\" src=\"https:\/\/www.maistendencia.com\/blog\/wp-content\/uploads\/2018\/06\/28234969_775649995959392_5899813762463865865_o.jpg\" alt=\"el burdel de maria magdalena\" width=\"1000\" height=\"667\" srcset=\"https:\/\/www.maistendencia.com\/blog\/wp-content\/uploads\/2018\/06\/28234969_775649995959392_5899813762463865865_o.jpg 1000w, https:\/\/www.maistendencia.com\/blog\/wp-content\/uploads\/2018\/06\/28234969_775649995959392_5899813762463865865_o-300x200.jpg 300w, https:\/\/www.maistendencia.com\/blog\/wp-content\/uploads\/2018\/06\/28234969_775649995959392_5899813762463865865_o-400x266.jpg 400w, https:\/\/www.maistendencia.com\/blog\/wp-content\/uploads\/2018\/06\/28234969_775649995959392_5899813762463865865_o-50x33.jpg 50w\" sizes=\"auto, (max-width: 1000px) 100vw, 1000px\" \/><\/p>\n<p style=\"text-align: justify;\">Para ambos la experiencia de tocar en la Plaza del Hierro ha sido muy positiva, adem\u00e1s \u201cel sonido era perfecto\u201d. Lucas se mostraba muy contento con su actuaci\u00f3n en la <a href=\"http:\/\/www.shoppingnightourensecentro.com\/\">Shopping Night<\/a>: \u201cEl ambiente de tocar en la calle me gust\u00f3 bastante, es muy diferente a tocar en una sala, como hab\u00edamos hecho anteriormente\u201d. \u201c<strong>Algunos se paran y te graban, y es muy guay, sobre todo cuando son gente diferente a tu familia y amigos, totalmente an\u00f3nima y desconocida\u201d<\/strong> nos dijo Roc\u00edo con ilusi\u00f3n. \u201cEs una sensaci\u00f3n muy grande\u201d.<\/p>\n<p><img loading=\"lazy\" decoding=\"async\" class=\"alignnone wp-image-6312 size-full\" title=\"El Burdel de Mar\u00eda Magdalena Shopping Night\" src=\"https:\/\/www.maistendencia.com\/blog\/wp-content\/uploads\/2018\/06\/elburdel_shoppingnight.jpg\" alt=\"El Burdel de Mar\u00eda Magdalena Shopping Night\" width=\"2828\" height=\"1886\" srcset=\"https:\/\/www.maistendencia.com\/blog\/wp-content\/uploads\/2018\/06\/elburdel_shoppingnight.jpg 2828w, https:\/\/www.maistendencia.com\/blog\/wp-content\/uploads\/2018\/06\/elburdel_shoppingnight-300x200.jpg 300w, https:\/\/www.maistendencia.com\/blog\/wp-content\/uploads\/2018\/06\/elburdel_shoppingnight-1024x683.jpg 1024w, https:\/\/www.maistendencia.com\/blog\/wp-content\/uploads\/2018\/06\/elburdel_shoppingnight-400x266.jpg 400w, https:\/\/www.maistendencia.com\/blog\/wp-content\/uploads\/2018\/06\/elburdel_shoppingnight-50x33.jpg 50w\" sizes=\"auto, (max-width: 2828px) 100vw, 2828px\" \/><\/p>\n<p style=\"text-align: justify;\">Como planes futuros para la banda, de momento est\u00e1n componiendo \u201cpara salir al directo cargados de energ\u00eda y de Heavy Metal\u201d. Aunque al principio se dedicaban m\u00e1s a hacer covers, ahora la banda se est\u00e1 centrando en <strong>sacar temas propios y trabajando en el ensayo<\/strong> para llevarlos pronto al directo.<\/p>\n<strong>Texto de<\/strong><br\/><br\/><div style=\"width:100%;height:auto;\"><div style=\"float:left;margin:0px 10px 10px 0px;\"><img alt='' src='https:\/\/secure.gravatar.com\/avatar\/131f1bf6d42065a0c1d3ecc19f8c6e5a?s=111&amp;d=https%3A%2F%2Fsecure.gravatar.com%2Favatar%2Fad516503a11cd5ca435acc9bb6523536%3Fs%3D111&amp;r=G' class='avatar avatar-111 photo' height='111' width='111' \/><\/div><div style=\"padding-left:25%;\"><strong>Alba R Cougil<\/strong><br\/><br\/><a href=\"mailto:acougil@ourensecca.com\">Correo electr\u00f3nico<\/a><br\/><br\/><div class=\"author-description\"><div class=\"autor-enlaces\"><\/div><\/div><\/div><\/div><div class=\"clear\"><\/div>\n<strong>Fotograf\u00edas de<\/strong><br\/><br\/><div style=\"width:100%;height:auto;\"><div style=\"float:left;margin:0px 10px 10px 0px;\"><img loading=\"lazy\" decoding=\"async\" src=\"https:\/\/www.maistendencia.com\/blog\/wp-content\/authors\/Aida-20.jpg\" class=\"avatar photo\" alt=\"Aida Argibay\" width=\"111\" height=\"111\" \/><\/div><div style=\"padding-left:25%;\"><strong>Aida Argibay<\/strong><br\/><br\/><a href=\"mailto:\">Correo electr\u00f3nico<\/a><br\/><br\/><div class=\"author-description\"><div class=\"autor-enlaces\"><\/div><\/div><\/div><\/div><div class=\"clear\"><\/div>\n","protected":false},"excerpt":{"rendered":"<p>El Burdel de Mar\u00eda Magdalena es un grupo ourensano de hard rock que surgi\u00f3 \u201ccon una intenci\u00f3n rebelde, de reaccionar contra las injusticias sociales, religiosas y pol\u00edticas\u201d, seg\u00fan lo defini\u00f3 su cantante, Roc\u00edo V\u00e9lez. Adem\u00e1s&#8230;<br \/><a href=\"https:\/\/www.maistendencia.com\/blog\/entrevista-a-el-burdel-de-maria-magdalena-grupo-ourensanorock-rebelde-y-reivindicativo\/\"> Continuar leyendo&#8230;<\/a><\/p>\n","protected":false},"author":28,"featured_media":6216,"comment_status":"open","ping_status":"closed","sticky":false,"template":"","format":"standard","meta":{"footnotes":""},"categories":[8],"tags":[149,554,18,63,567,148],"class_list":["post-6286","post","type-post","status-publish","format-standard","has-post-thumbnail","hentry","category-con-estilo","tag-noitedetendas","tag-espazo-lusquinos","tag-musica","tag-ourense","tag-rock","tag-shopping-night"],"aioseo_notices":[],"_links":{"self":[{"href":"https:\/\/www.maistendencia.com\/blog\/wp-json\/wp\/v2\/posts\/6286","targetHints":{"allow":["GET"]}}],"collection":[{"href":"https:\/\/www.maistendencia.com\/blog\/wp-json\/wp\/v2\/posts"}],"about":[{"href":"https:\/\/www.maistendencia.com\/blog\/wp-json\/wp\/v2\/types\/post"}],"author":[{"embeddable":true,"href":"https:\/\/www.maistendencia.com\/blog\/wp-json\/wp\/v2\/users\/28"}],"replies":[{"embeddable":true,"href":"https:\/\/www.maistendencia.com\/blog\/wp-json\/wp\/v2\/comments?post=6286"}],"version-history":[{"count":2,"href":"https:\/\/www.maistendencia.com\/blog\/wp-json\/wp\/v2\/posts\/6286\/revisions"}],"predecessor-version":[{"id":9017,"href":"https:\/\/www.maistendencia.com\/blog\/wp-json\/wp\/v2\/posts\/6286\/revisions\/9017"}],"wp:featuredmedia":[{"embeddable":true,"href":"https:\/\/www.maistendencia.com\/blog\/wp-json\/wp\/v2\/media\/6216"}],"wp:attachment":[{"href":"https:\/\/www.maistendencia.com\/blog\/wp-json\/wp\/v2\/media?parent=6286"}],"wp:term":[{"taxonomy":"category","embeddable":true,"href":"https:\/\/www.maistendencia.com\/blog\/wp-json\/wp\/v2\/categories?post=6286"},{"taxonomy":"post_tag","embeddable":true,"href":"https:\/\/www.maistendencia.com\/blog\/wp-json\/wp\/v2\/tags?post=6286"}],"curies":[{"name":"wp","href":"https:\/\/api.w.org\/{rel}","templated":true}]}}