{"id":6218,"date":"2018-06-11T18:34:49","date_gmt":"2018-06-11T16:34:49","guid":{"rendered":"http:\/\/www.maistendencia.com\/?p=6218"},"modified":"2019-08-09T09:47:33","modified_gmt":"2019-08-09T07:47:33","slug":"entrevista-a-mind-the-gap-grupo-musical-ourensano","status":"publish","type":"post","link":"https:\/\/www.maistendencia.com\/blog\/entrevista-a-mind-the-gap-grupo-musical-ourensano\/","title":{"rendered":"<span class=\"antetitulo\"> Entrevista a Mind the Gap, grupo musical ourensano<\/span><br\/> \u00abSonamos muy a nosotros y poco m\u00e1s\u00bb"},"content":{"rendered":"<p style=\"text-align: justify;\"><a href=\"https:\/\/es-es.facebook.com\/MindtheGapOu\/\">Mind the Gap<\/a> son Mart\u00edn, Juan y Roi, tres chavales ourensanos que empiezan en el mundo de la m\u00fasica con muchas ganas. <strong>Mart\u00edn, el vocalista, nos contaba c\u00f3mo empez\u00f3 la banda:<\/strong> \u201cJuan y yo nos conocimos en otro grupo. El bater\u00eda y el guitarrista se fueron y tuvimos que disolverlo, pero Juan y yo quer\u00edamos continuar con alg\u00fan proyecto en com\u00fan, as\u00ed que pusimos un anuncio de que busc\u00e1bamos bater\u00eda, al que respondi\u00f3 Roi\u201d. As\u00ed fue como quedaron para conocerse, tomar un caf\u00e9 y charlar sobre la forma en que quer\u00edan hacer el grupo, su estilo de m\u00fasica y las ideas que ten\u00edan en mente.<\/p>\n<p><img loading=\"lazy\" decoding=\"async\" class=\"alignnone wp-image-6204 size-full\" title=\"Mind the Gap, grupo musical ourensano\" src=\"https:\/\/www.maistendencia.com\/blog\/wp-content\/uploads\/2018\/06\/IMG_20180531_135533.jpg\" alt=\"Mind the Gap, grupo musical ourensano\" width=\"1080\" height=\"715\" srcset=\"https:\/\/www.maistendencia.com\/blog\/wp-content\/uploads\/2018\/06\/IMG_20180531_135533.jpg 1080w, https:\/\/www.maistendencia.com\/blog\/wp-content\/uploads\/2018\/06\/IMG_20180531_135533-300x199.jpg 300w, https:\/\/www.maistendencia.com\/blog\/wp-content\/uploads\/2018\/06\/IMG_20180531_135533-1024x678.jpg 1024w, https:\/\/www.maistendencia.com\/blog\/wp-content\/uploads\/2018\/06\/IMG_20180531_135533-400x266.jpg 400w, https:\/\/www.maistendencia.com\/blog\/wp-content\/uploads\/2018\/06\/IMG_20180531_135533-50x33.jpg 50w\" sizes=\"auto, (max-width: 1080px) 100vw, 1080px\" \/><\/p>\n<p style=\"text-align: justify;\">En cuanto al nombre, como muchos ya sabr\u00e9is, \u201cMind the gap es una se\u00f1al que hay en el metro de Londres y significa <em>cuidado con el agujero<\/em>, refiri\u00e9ndose al agujero que hay entre el metro y el and\u00e9n\u201d. <strong>\u201cNos gust\u00f3 ese nombre con el significado de <em>no te caigas por la brecha y mantente estable<\/em>. Le dimos nuestro propio simbolismo\u201d<\/strong>.<\/p>\n<p style=\"text-align: justify;\">Los componentes de Mind the Gap quisieron resaltar que el <a href=\"https:\/\/es-es.facebook.com\/Espazo-Lusqui%C3%B1os-da-Mocidade-601318506565327\/\">Espazo Lusqui\u00f1os<\/a>, sobre todo, ayud\u00f3 a crear un poco de panorama musical en Ourense: \u201cAport\u00f3 bastante vida a la ciudad en este sentido. <strong>Mucha gente que toca instrumentos se anim\u00f3 a juntarse con otros colegas y formar una banda porque tienen un espacio en el que ensayar gratuitamente<\/strong>,<strong> mientras que antes no pod\u00edan pagarse un local y un equipo\u201d<\/strong>, seg\u00fan nos dec\u00eda Mart\u00edn. Para Juan es una comodidad muy grande, y la iniciativa del Concello de abrir este centro ha sido muy buena, tanto para promover la aparici\u00f3n de nuevas bandas como porque ayudan a los grupos principiantes a moverse y despegar.<\/p>\n<p><img loading=\"lazy\" decoding=\"async\" class=\"alignnone wp-image-6223 size-full\" title=\"Concierto de Mind the Gap en la Shopping Night\" src=\"https:\/\/www.maistendencia.com\/blog\/wp-content\/uploads\/2018\/06\/shoppingnight_concierto-mind-the-gap.jpg\" alt=\"Concierto de Mind the Gap en la Shopping Night\" width=\"2665\" height=\"1776\" srcset=\"https:\/\/www.maistendencia.com\/blog\/wp-content\/uploads\/2018\/06\/shoppingnight_concierto-mind-the-gap.jpg 2665w, https:\/\/www.maistendencia.com\/blog\/wp-content\/uploads\/2018\/06\/shoppingnight_concierto-mind-the-gap-300x200.jpg 300w, https:\/\/www.maistendencia.com\/blog\/wp-content\/uploads\/2018\/06\/shoppingnight_concierto-mind-the-gap-1024x682.jpg 1024w, https:\/\/www.maistendencia.com\/blog\/wp-content\/uploads\/2018\/06\/shoppingnight_concierto-mind-the-gap-400x266.jpg 400w, https:\/\/www.maistendencia.com\/blog\/wp-content\/uploads\/2018\/06\/shoppingnight_concierto-mind-the-gap-50x33.jpg 50w\" sizes=\"auto, (max-width: 2665px) 100vw, 2665px\" \/><\/p>\n<p style=\"text-align: justify;\">Los componentes del grupo nos comentaban que individualmente tienen unas influencias muy variadas, lo que se puede ver tambi\u00e9n en el grupo.<\/p>\n<p style=\"text-align: justify;\">Mart\u00edn lo tiene muy claro: \u201cSonamos muy a nosotros y poco m\u00e1s\u201d. <strong>\u201cEn general nuestras influencias son grupos como Muse, Arctic Monkeys, grupos del grunge de los 90 como Nirvana, Soundgarden, Alice in chains o algunos grupos un poco m\u00e1s modernos como puede ser Panic at the disco\u201d<\/strong>. \u201cYo soy s\u00faper fan de Primus y Red Hot Chili Peppers, Grand Funk Railroad&#8230; escucho mucha variedad\u201d, afirm\u00f3 Juan.<\/p>\n<p style=\"text-align: justify;\">Definen su estilo como rock alternativo, pero<strong> su objetivo es sonar diferente a lo anterior en cada canci\u00f3n y experimentar un poco.<\/strong> Mart\u00edn nos daba unas pistas sobre qu\u00e9 esperar de su m\u00fasica: \u201cEl rock alternativo puede englobar muchas cosas diferentes, un d\u00eda podemos hacer una canci\u00f3n m\u00e1s orientada al jazz como <em>Fake money<\/em>, y despu\u00e9s podemos hacer <em>Collapsed Empire<\/em>, que tiene la escala egipcia, una progresi\u00f3n de acordes que se utiliza much\u00edsimo en m\u00fasica flamenca\u201d.<\/p>\n<p><img loading=\"lazy\" decoding=\"async\" class=\"alignnone wp-image-6203 size-full\" title=\"Mind the Gap, grupo musical ourensano\" src=\"https:\/\/www.maistendencia.com\/blog\/wp-content\/uploads\/2018\/06\/20180531_013554-e1528732662723.jpg\" alt=\"Mind the Gap, grupo musical ourensano\" width=\"966\" height=\"596\" srcset=\"https:\/\/www.maistendencia.com\/blog\/wp-content\/uploads\/2018\/06\/20180531_013554-e1528732662723.jpg 966w, https:\/\/www.maistendencia.com\/blog\/wp-content\/uploads\/2018\/06\/20180531_013554-e1528732662723-300x185.jpg 300w\" sizes=\"auto, (max-width: 966px) 100vw, 966px\" \/><\/p>\n<p style=\"text-align: justify;\">Sus impresiones despu\u00e9s del concierto que dieron la noche de la <a href=\"http:\/\/www.shoppingnightourensecentro.com\/\">Shopping Night<\/a> fueron muy positivas. La Praza do Ferro se trata de un lugar por el que pasan con mucha frecuencia, y no se esperaban dar un concierto all\u00ed un d\u00eda.<\/p>\n<p style=\"text-align: justify;\">Lo que m\u00e1s les gust\u00f3 de su actuaci\u00f3n fue <strong>\u201cver c\u00f3mo la gente se paraba porque le llam\u00e1bamos la atenci\u00f3n, u otros se marchaban porque no les gust\u00e1bamos tanto\u201d<\/strong>. \u201cTres personas se acercaron a felicitarnos al acabar el concierto, y eso para nosotros es se\u00f1al de que hemos dado una buena actuaci\u00f3n. Para el que no lo sepa, que se te acerquen tres personas es much\u00edsimo, el r\u00e9cord\u201d, nos dec\u00eda Juan, ilusionado tras tocar algunos de sus temas.<\/p>\n<p><img loading=\"lazy\" decoding=\"async\" class=\"alignnone wp-image-6205 size-full\" title=\"Mind the Gap, grupo musical ourensano\" src=\"https:\/\/www.maistendencia.com\/blog\/wp-content\/uploads\/2018\/06\/IMG_20180531_135548-e1528732730937.jpg\" alt=\"Mind the Gap, grupo musical ourensano\" width=\"1080\" height=\"880\" srcset=\"https:\/\/www.maistendencia.com\/blog\/wp-content\/uploads\/2018\/06\/IMG_20180531_135548-e1528732730937.jpg 1080w, https:\/\/www.maistendencia.com\/blog\/wp-content\/uploads\/2018\/06\/IMG_20180531_135548-e1528732730937-300x244.jpg 300w, https:\/\/www.maistendencia.com\/blog\/wp-content\/uploads\/2018\/06\/IMG_20180531_135548-e1528732730937-1024x834.jpg 1024w\" sizes=\"auto, (max-width: 1080px) 100vw, 1080px\" \/><\/p>\n<p style=\"text-align: justify;\">Mind the Gap cumplieron este mes de junio un a\u00f1o como grupo musical, y el pasado fin de semana ya daban un concierto en <a href=\"https:\/\/es-es.facebook.com\/elpueblocafecultural\/\">El Pueblo Caf\u00e9 Cultural<\/a> junto a los chicos de Connectica y otros grupos.<\/p>\n<p style=\"text-align: justify;\"><strong>Otro de los planes que tienen en marcha es la grabaci\u00f3n de un EP<\/strong>. \u201cEstamos preparando una maqueta, falta grabar las \u00faltimas cosas y masterizar, y una vez que lo saquemos tambi\u00e9n nos abriremos un canal de Youtube para poder subir nuestras canciones y llegar a m\u00e1s gente\u201d.<\/p>\n<p>Fotograf\u00edas cedidas por Mind the Gap.<\/p>\n<strong>Texto de<\/strong><br\/><br\/><div style=\"width:100%;height:auto;\"><div style=\"float:left;margin:0px 10px 10px 0px;\"><img alt='' src='https:\/\/secure.gravatar.com\/avatar\/131f1bf6d42065a0c1d3ecc19f8c6e5a?s=111&amp;d=https%3A%2F%2Fsecure.gravatar.com%2Favatar%2Fad516503a11cd5ca435acc9bb6523536%3Fs%3D111&amp;r=G' class='avatar avatar-111 photo' height='111' width='111' \/><\/div><div style=\"padding-left:25%;\"><strong>Alba R Cougil<\/strong><br\/><br\/><a href=\"mailto:acougil@ourensecca.com\">Correo electr\u00f3nico<\/a><br\/><br\/><div class=\"author-description\"><div class=\"autor-enlaces\"><\/div><\/div><\/div><\/div><div class=\"clear\"><\/div>\n","protected":false},"excerpt":{"rendered":"<p>Mind the Gap son Mart\u00edn, Juan y Roi, tres chavales ourensanos que empiezan en el mundo de la m\u00fasica con muchas ganas. Mart\u00edn, el vocalista, nos contaba c\u00f3mo empez\u00f3 la banda: \u201cJuan y yo nos&#8230;<br \/><a href=\"https:\/\/www.maistendencia.com\/blog\/entrevista-a-mind-the-gap-grupo-musical-ourensano\/\"> Continuar leyendo&#8230;<\/a><\/p>\n","protected":false},"author":28,"featured_media":6222,"comment_status":"open","ping_status":"closed","sticky":false,"template":"","format":"standard","meta":{"footnotes":""},"categories":[8],"tags":[149,531,554,553,18,63,567,148],"class_list":["post-6218","post","type-post","status-publish","format-standard","has-post-thumbnail","hentry","category-con-estilo","tag-noitedetendas","tag-entrevista","tag-espazo-lusquinos","tag-indie","tag-musica","tag-ourense","tag-rock","tag-shopping-night"],"aioseo_notices":[],"_links":{"self":[{"href":"https:\/\/www.maistendencia.com\/blog\/wp-json\/wp\/v2\/posts\/6218","targetHints":{"allow":["GET"]}}],"collection":[{"href":"https:\/\/www.maistendencia.com\/blog\/wp-json\/wp\/v2\/posts"}],"about":[{"href":"https:\/\/www.maistendencia.com\/blog\/wp-json\/wp\/v2\/types\/post"}],"author":[{"embeddable":true,"href":"https:\/\/www.maistendencia.com\/blog\/wp-json\/wp\/v2\/users\/28"}],"replies":[{"embeddable":true,"href":"https:\/\/www.maistendencia.com\/blog\/wp-json\/wp\/v2\/comments?post=6218"}],"version-history":[{"count":1,"href":"https:\/\/www.maistendencia.com\/blog\/wp-json\/wp\/v2\/posts\/6218\/revisions"}],"predecessor-version":[{"id":6787,"href":"https:\/\/www.maistendencia.com\/blog\/wp-json\/wp\/v2\/posts\/6218\/revisions\/6787"}],"wp:featuredmedia":[{"embeddable":true,"href":"https:\/\/www.maistendencia.com\/blog\/wp-json\/wp\/v2\/media\/6222"}],"wp:attachment":[{"href":"https:\/\/www.maistendencia.com\/blog\/wp-json\/wp\/v2\/media?parent=6218"}],"wp:term":[{"taxonomy":"category","embeddable":true,"href":"https:\/\/www.maistendencia.com\/blog\/wp-json\/wp\/v2\/categories?post=6218"},{"taxonomy":"post_tag","embeddable":true,"href":"https:\/\/www.maistendencia.com\/blog\/wp-json\/wp\/v2\/tags?post=6218"}],"curies":[{"name":"wp","href":"https:\/\/api.w.org\/{rel}","templated":true}]}}