{"id":617,"date":"2015-12-28T09:30:05","date_gmt":"2015-12-28T08:30:05","guid":{"rendered":"http:\/\/localhost\/blog\/desarrollo1412\/?p=617"},"modified":"2019-08-13T12:21:45","modified_gmt":"2019-08-13T10:21:45","slug":"looks-fiesta-femeninos-despedida-2015","status":"publish","type":"post","link":"https:\/\/www.maistendencia.com\/blog\/looks-fiesta-femeninos-despedida-2015\/","title":{"rendered":"18 looks de fiesta femeninos para inspirar tu despedida al 2015"},"content":{"rendered":"<p>\u00a1Fiesta!, \u00bfqui\u00e9n dijo fiesta? Durante esta \u00faltima semana del a\u00f1o esta palabra no dejar\u00e1 de sonar en tu cabeza hasta el \u00faltimo minuto del mism\u00edsimo 31 de diciembre. La <strong>despedida del a\u00f1o es el acontecimiento festivo m\u00e1s universalizado<\/strong> y para cuya preparaci\u00f3n nos esmeramos m\u00e1s que cualquier d\u00eda de los 364 restantes con la intenci\u00f3n de <a href=\"https:\/\/www.maistendencia.com\/blog\/empieza-2017-con-estilo-vestidos-para-nochevieja\/\">lucir un look de impacto<\/a>.<\/p>\n<p>A sabiendas del traj\u00edn que representan las navidades, de los ires y venires entre reuniones familiares, con amigos y de empresa, hemos querido echarte un cable, por si te falta tiempo para elegir el que ser\u00e1 tu \u00abmodelito de fin de a\u00f1o\u00bb perfecto.<\/p>\n<h2>18 propuestas para lucir un look de impacto en fin de a\u00f1o<\/h2>\n<p>En la siguiente galer\u00eda fotogr\u00e1fica seleccionamos para ti un total de <strong>18 propuestas<\/strong> dej\u00e1ndonos ir de la mano de las tiendas que conforman nuestro comercio de proximidad en el centro de la ciudad de Ourense. En ellas encontramos tendencia, variedad, originalidad, calidad y precio.<\/p>\n<p>Sabemos adem\u00e1s que el <strong>asesoramiento personal y profesional<\/strong> tiene su se\u00f1a de identidad en las tiendas de proximidad, lo que tambi\u00e9n es una garant\u00eda para ahorrar tiempo en tu elecci\u00f3n.<\/p>\n<p>Encuentra en esta galer\u00eda de fotos tu inspiraci\u00f3n y tu look perfecto. \u00a1Suerte y feliz a\u00f1o!<\/p>\n<div class=\"texto-galeria\">\n<p>Ver galer\u00eda de im\u00e1genes<\/p>\n<div data-carousel-extra='{\"blog_id\":1,\"permalink\":\"https:\\\/\\\/www.maistendencia.com\\\/blog\\\/looks-fiesta-femeninos-despedida-2015\\\/\",\"likes_blog_id\":false}' id='gallery-1' class='gallery galleryid-617 gallery-columns-3 gallery-size-thumbnail'><figure class='gallery-item'>\n\t\t\t<div class='gallery-icon landscape'>\n\t\t\t\t<a href='https:\/\/www.maistendencia.com\/blog\/looks-fiesta-femeninos-despedida-2015\/clothesco1\/'><img loading=\"lazy\" decoding=\"async\" width=\"150\" height=\"150\" src=\"https:\/\/www.maistendencia.com\/blog\/wp-content\/uploads\/2015\/12\/clothesco1-150x150.jpg\" class=\"attachment-thumbnail size-thumbnail\" alt=\"\" data-attachment-id=\"835\" data-orig-file=\"https:\/\/www.maistendencia.com\/blog\/wp-content\/uploads\/2015\/12\/clothesco1.jpg\" data-orig-size=\"720,540\" data-comments-opened=\"1\" data-image-meta=\"{&quot;aperture&quot;:&quot;0&quot;,&quot;credit&quot;:&quot;&quot;,&quot;camera&quot;:&quot;&quot;,&quot;caption&quot;:&quot;&quot;,&quot;created_timestamp&quot;:&quot;0&quot;,&quot;copyright&quot;:&quot;&quot;,&quot;focal_length&quot;:&quot;0&quot;,&quot;iso&quot;:&quot;0&quot;,&quot;shutter_speed&quot;:&quot;0&quot;,&quot;title&quot;:&quot;&quot;,&quot;orientation&quot;:&quot;0&quot;,&quot;keywords&quot;:&quot;Array&quot;}\" data-image-title=\"Vu\u00e9lvete velvet\" data-image-description=\"&lt;p&gt;El terciopelo: el tejido m\u00e1s suave, de tacto m\u00e1s suntuoso y adem\u00e1s brillante, lo hacen perfecto para los looks m\u00e1s glamourosos  y deluxe de las fiestas. Despu\u00e9s de su \u00e9poca grunge en los noventa y antes en los 70, se reinventa en colores y espesores estas fiestas. Escogemos este modelo de &lt;a href=&quot;https:\/\/www.facebook.com\/clothesandcoshop\/&quot; target=&quot;_blank&quot;&gt;ClothesAndCO&lt;\/a&gt;, un mono rojo burdeos de Masscob para resplandecer los \u00faltimos d\u00edas del a\u00f1o.  &lt;\/p&gt;\n\" data-medium-file=\"https:\/\/www.maistendencia.com\/blog\/wp-content\/uploads\/2015\/12\/clothesco1-300x225.jpg\" data-large-file=\"https:\/\/www.maistendencia.com\/blog\/wp-content\/uploads\/2015\/12\/clothesco1.jpg\" \/><\/a>\n\t\t\t<\/div><\/figure><figure class='gallery-item'>\n\t\t\t<div class='gallery-icon portrait'>\n\t\t\t\t<a href='https:\/\/www.maistendencia.com\/blog\/looks-fiesta-femeninos-despedida-2015\/burbrujas\/'><img loading=\"lazy\" decoding=\"async\" width=\"150\" height=\"150\" src=\"https:\/\/www.maistendencia.com\/blog\/wp-content\/uploads\/2015\/12\/Burbrujas-150x150.jpg\" class=\"attachment-thumbnail size-thumbnail\" alt=\"\" data-attachment-id=\"841\" data-orig-file=\"https:\/\/www.maistendencia.com\/blog\/wp-content\/uploads\/2015\/12\/Burbrujas.jpg\" data-orig-size=\"248,720\" data-comments-opened=\"1\" data-image-meta=\"{&quot;aperture&quot;:&quot;0&quot;,&quot;credit&quot;:&quot;&quot;,&quot;camera&quot;:&quot;&quot;,&quot;caption&quot;:&quot;&quot;,&quot;created_timestamp&quot;:&quot;0&quot;,&quot;copyright&quot;:&quot;&quot;,&quot;focal_length&quot;:&quot;0&quot;,&quot;iso&quot;:&quot;0&quot;,&quot;shutter_speed&quot;:&quot;0&quot;,&quot;title&quot;:&quot;&quot;,&quot;orientation&quot;:&quot;0&quot;,&quot;keywords&quot;:&quot;Array&quot;}\" data-image-title=\"La m\u00e1s rebelde\" data-image-description=\"&lt;p&gt;Si te apetece sacar tu lado m\u00e1s rebelde estas fiestas,f\u00edjate en esta propuesta de &lt;a href=&quot;https:\/\/www.facebook.com\/BurBrujas-383123638536112&quot; target=&quot;_blank&quot;&gt;Burbrujas&lt;\/a&gt;: un vestido de brillante cuero negro entallado a la cintura y sin mangas. Lo puedes combinar con botines de media ca\u00f1a, como en la foto y atraer\u00e1s las miradas hacia tu lado m\u00e1s salvaje.&lt;\/p&gt;\n\" data-medium-file=\"https:\/\/www.maistendencia.com\/blog\/wp-content\/uploads\/2015\/12\/Burbrujas-103x300.jpg\" data-large-file=\"https:\/\/www.maistendencia.com\/blog\/wp-content\/uploads\/2015\/12\/Burbrujas.jpg\" \/><\/a>\n\t\t\t<\/div><\/figure><figure class='gallery-item'>\n\t\t\t<div class='gallery-icon portrait'>\n\t\t\t\t<a href='https:\/\/www.maistendencia.com\/blog\/looks-fiesta-femeninos-despedida-2015\/trendtantra11\/'><img loading=\"lazy\" decoding=\"async\" width=\"150\" height=\"150\" src=\"https:\/\/www.maistendencia.com\/blog\/wp-content\/uploads\/2015\/12\/trendtantra11-150x150.jpg\" class=\"attachment-thumbnail size-thumbnail\" alt=\"\" data-attachment-id=\"833\" data-orig-file=\"https:\/\/www.maistendencia.com\/blog\/wp-content\/uploads\/2015\/12\/trendtantra11.jpg\" data-orig-size=\"540,720\" data-comments-opened=\"1\" data-image-meta=\"{&quot;aperture&quot;:&quot;0&quot;,&quot;credit&quot;:&quot;&quot;,&quot;camera&quot;:&quot;&quot;,&quot;caption&quot;:&quot;&quot;,&quot;created_timestamp&quot;:&quot;0&quot;,&quot;copyright&quot;:&quot;&quot;,&quot;focal_length&quot;:&quot;0&quot;,&quot;iso&quot;:&quot;0&quot;,&quot;shutter_speed&quot;:&quot;0&quot;,&quot;title&quot;:&quot;&quot;,&quot;orientation&quot;:&quot;0&quot;,&quot;keywords&quot;:&quot;Array&quot;}\" data-image-title=\"Sofisticada y femenina\" data-image-description=\"&lt;p&gt;El mono fue una prenda estrella en primavera y verano. Y el fr\u00edo invierno (aunque este no lo sea) la recupera para conformar un look de fiesta, que no pierde pizca de feminidad. A medio camino entre un vestido largo y una falda pantal\u00f3n, esta propuesta de &lt;a href=&quot;https:\/\/es-es.facebook.com\/Soy-Una-Chica-Trendtantra-264536460253428\/&quot; target=&quot;_blank&quot;&gt;Soy Una Chica Trendtantra&lt;\/a&gt; resulta sencilla y sofisticada, para las fiesteras m\u00e1s sutiles.  &lt;\/p&gt;\n\" data-medium-file=\"https:\/\/www.maistendencia.com\/blog\/wp-content\/uploads\/2015\/12\/trendtantra11-225x300.jpg\" data-large-file=\"https:\/\/www.maistendencia.com\/blog\/wp-content\/uploads\/2015\/12\/trendtantra11.jpg\" \/><\/a>\n\t\t\t<\/div><\/figure><figure class='gallery-item'>\n\t\t\t<div class='gallery-icon portrait'>\n\t\t\t\t<a href='https:\/\/www.maistendencia.com\/blog\/looks-fiesta-femeninos-despedida-2015\/anna\/'><img loading=\"lazy\" decoding=\"async\" width=\"150\" height=\"150\" src=\"https:\/\/www.maistendencia.com\/blog\/wp-content\/uploads\/2015\/12\/Anna-150x150.jpg\" class=\"attachment-thumbnail size-thumbnail\" alt=\"\" data-attachment-id=\"839\" data-orig-file=\"https:\/\/www.maistendencia.com\/blog\/wp-content\/uploads\/2015\/12\/Anna.jpg\" data-orig-size=\"620,720\" data-comments-opened=\"1\" data-image-meta=\"{&quot;aperture&quot;:&quot;0&quot;,&quot;credit&quot;:&quot;&quot;,&quot;camera&quot;:&quot;&quot;,&quot;caption&quot;:&quot;&quot;,&quot;created_timestamp&quot;:&quot;0&quot;,&quot;copyright&quot;:&quot;&quot;,&quot;focal_length&quot;:&quot;0&quot;,&quot;iso&quot;:&quot;0&quot;,&quot;shutter_speed&quot;:&quot;0&quot;,&quot;title&quot;:&quot;&quot;,&quot;orientation&quot;:&quot;0&quot;,&quot;keywords&quot;:&quot;Array&quot;}\" data-image-title=\"Pantal\u00f3n militar, pero de gala\" data-image-description=\"&lt;p&gt;Un top negro profuso de lentejuelas con amplio escote a la espalda y combinado con pantal\u00f3n recto con fina raya blanca en el lateral, de est\u00e9tica militar de gala, forman el t\u00e1ndem perfecto para dar un toque de feminidad y sofisticaci\u00f3n para las mujeres que decidan apostar por el pantal\u00f3n para la noche de fiesta. La propuesta la formula la boutique &lt;a href=&quot;https:\/\/www.facebook.com\/ANNA-305763959621459&quot; target=&quot;_blank&quot;&gt;ANNA&lt;\/a&gt;.&lt;\/p&gt;\n\" data-medium-file=\"https:\/\/www.maistendencia.com\/blog\/wp-content\/uploads\/2015\/12\/Anna-258x300.jpg\" data-large-file=\"https:\/\/www.maistendencia.com\/blog\/wp-content\/uploads\/2015\/12\/Anna.jpg\" \/><\/a>\n\t\t\t<\/div><\/figure><figure class='gallery-item'>\n\t\t\t<div class='gallery-icon portrait'>\n\t\t\t\t<a href='https:\/\/www.maistendencia.com\/blog\/looks-fiesta-femeninos-despedida-2015\/trendtantra9_4\/'><img loading=\"lazy\" decoding=\"async\" width=\"150\" height=\"150\" src=\"https:\/\/www.maistendencia.com\/blog\/wp-content\/uploads\/2015\/12\/trendtantra9_4-150x150.jpg\" class=\"attachment-thumbnail size-thumbnail\" alt=\"\" data-attachment-id=\"831\" data-orig-file=\"https:\/\/www.maistendencia.com\/blog\/wp-content\/uploads\/2015\/12\/trendtantra9_4.jpg\" data-orig-size=\"720,960\" data-comments-opened=\"1\" data-image-meta=\"{&quot;aperture&quot;:&quot;0&quot;,&quot;credit&quot;:&quot;&quot;,&quot;camera&quot;:&quot;&quot;,&quot;caption&quot;:&quot;&quot;,&quot;created_timestamp&quot;:&quot;0&quot;,&quot;copyright&quot;:&quot;&quot;,&quot;focal_length&quot;:&quot;0&quot;,&quot;iso&quot;:&quot;0&quot;,&quot;shutter_speed&quot;:&quot;0&quot;,&quot;title&quot;:&quot;&quot;,&quot;orientation&quot;:&quot;0&quot;,&quot;keywords&quot;:&quot;Array&quot;}\" data-image-title=\"Una ca\u00edda en ascenso\" data-image-description=\"&lt;p&gt;La falda de tul es tendencia en 2015\/16. Optar por este tejido ligero y vaporoso, pero con mucho cuerpo y volumen har\u00e1 que escales en ascenso a la cumbre de la fiesta, como el  \u201cgrand jet\u00e9\u201d de una bailarina de ballet. La propuesta de &lt;a href=&quot;https:\/\/es-es.facebook.com\/Soy-Una-Chica-Trendtantra-264536460253428\/&quot; target=&quot;_blank&quot;&gt;Soy Una Chica Trendtantra&lt;\/a&gt; elige el negro falda, media y zapato sal\u00f3n, una continuidad que alarga la figura.&lt;\/p&gt;\n\" data-medium-file=\"https:\/\/www.maistendencia.com\/blog\/wp-content\/uploads\/2015\/12\/trendtantra9_4-225x300.jpg\" data-large-file=\"https:\/\/www.maistendencia.com\/blog\/wp-content\/uploads\/2015\/12\/trendtantra9_4.jpg\" \/><\/a>\n\t\t\t<\/div><\/figure><figure class='gallery-item'>\n\t\t\t<div class='gallery-icon landscape'>\n\t\t\t\t<a href='https:\/\/www.maistendencia.com\/blog\/looks-fiesta-femeninos-despedida-2015\/serieb\/'><img loading=\"lazy\" decoding=\"async\" width=\"150\" height=\"150\" src=\"https:\/\/www.maistendencia.com\/blog\/wp-content\/uploads\/2015\/12\/SerieB-150x150.jpg\" class=\"attachment-thumbnail size-thumbnail\" alt=\"\" srcset=\"https:\/\/www.maistendencia.com\/blog\/wp-content\/uploads\/2015\/12\/SerieB-150x150.jpg 150w, https:\/\/www.maistendencia.com\/blog\/wp-content\/uploads\/2015\/12\/SerieB-300x300.jpg 300w, https:\/\/www.maistendencia.com\/blog\/wp-content\/uploads\/2015\/12\/SerieB.jpg 720w\" sizes=\"auto, (max-width: 150px) 100vw, 150px\" data-attachment-id=\"842\" data-orig-file=\"https:\/\/www.maistendencia.com\/blog\/wp-content\/uploads\/2015\/12\/SerieB.jpg\" data-orig-size=\"720,720\" data-comments-opened=\"1\" data-image-meta=\"{&quot;aperture&quot;:&quot;0&quot;,&quot;credit&quot;:&quot;&quot;,&quot;camera&quot;:&quot;&quot;,&quot;caption&quot;:&quot;&quot;,&quot;created_timestamp&quot;:&quot;0&quot;,&quot;copyright&quot;:&quot;&quot;,&quot;focal_length&quot;:&quot;0&quot;,&quot;iso&quot;:&quot;0&quot;,&quot;shutter_speed&quot;:&quot;0&quot;,&quot;title&quot;:&quot;&quot;,&quot;orientation&quot;:&quot;0&quot;,&quot;keywords&quot;:&quot;Array&quot;}\" data-image-title=\"Una princesa en la fiesta\" data-image-description=\"&lt;p&gt;Siguiendo con el tul, &lt;a href=&quot;https:\/\/www.facebook.com\/serieb.ourense&quot; target=&quot;_blank&quot;&gt;Serie B&lt;\/a&gt;, nos propone este total look en negro de la firma Scotch Soda, compuesto por una falda tul, capa&lt;\/p&gt;\n&lt;p&gt;sobre capa, y camiseta con detalles dorados en la manga. El extra de brillo lo encontramos en el zapato de sal\u00f3n adornado&lt;\/p&gt;\n&lt;p&gt;con lentejuelas y lazo negro que acompa\u00f1a el conjunto. ideal para sentirse como una princesa en la pista de baile estas fiestas.&lt;\/p&gt;\n\" data-medium-file=\"https:\/\/www.maistendencia.com\/blog\/wp-content\/uploads\/2015\/12\/SerieB-300x300.jpg\" data-large-file=\"https:\/\/www.maistendencia.com\/blog\/wp-content\/uploads\/2015\/12\/SerieB.jpg\" \/><\/a>\n\t\t\t<\/div><\/figure><figure class='gallery-item'>\n\t\t\t<div class='gallery-icon landscape'>\n\t\t\t\t<a href='https:\/\/www.maistendencia.com\/blog\/looks-fiesta-femeninos-despedida-2015\/pabloenrique1\/'><img loading=\"lazy\" decoding=\"async\" width=\"150\" height=\"150\" src=\"https:\/\/www.maistendencia.com\/blog\/wp-content\/uploads\/2015\/12\/pabloenrique1-150x150.jpg\" class=\"attachment-thumbnail size-thumbnail\" alt=\"\" srcset=\"https:\/\/www.maistendencia.com\/blog\/wp-content\/uploads\/2015\/12\/pabloenrique1-150x150.jpg 150w, https:\/\/www.maistendencia.com\/blog\/wp-content\/uploads\/2015\/12\/pabloenrique1-300x300.jpg 300w, https:\/\/www.maistendencia.com\/blog\/wp-content\/uploads\/2015\/12\/pabloenrique1.jpg 720w\" sizes=\"auto, (max-width: 150px) 100vw, 150px\" data-attachment-id=\"838\" data-orig-file=\"https:\/\/www.maistendencia.com\/blog\/wp-content\/uploads\/2015\/12\/pabloenrique1.jpg\" data-orig-size=\"720,720\" data-comments-opened=\"1\" data-image-meta=\"{&quot;aperture&quot;:&quot;0&quot;,&quot;credit&quot;:&quot;&quot;,&quot;camera&quot;:&quot;&quot;,&quot;caption&quot;:&quot;&quot;,&quot;created_timestamp&quot;:&quot;0&quot;,&quot;copyright&quot;:&quot;&quot;,&quot;focal_length&quot;:&quot;0&quot;,&quot;iso&quot;:&quot;0&quot;,&quot;shutter_speed&quot;:&quot;0&quot;,&quot;title&quot;:&quot;&quot;,&quot;orientation&quot;:&quot;0&quot;,&quot;keywords&quot;:&quot;Array&quot;}\" data-image-title=\"Sin dejar flecos sueltos\" data-image-description=\"&lt;p&gt;Los flecos como tendencia no son una novedad. Hab\u00edan saltado a los escaparates y tiendas en prendas como camisetas o chalecos d\u00e1ndole un aire bohemio o vintage. Sin embargo, s\u00ed es m\u00e1s novedosa la tendencia de incorporarlos a prendas de fiesta o celebraciones, como ha sucedido este a\u00f1o. Se trata de flecos sofisticados, con ca\u00eddas elegantes. Este vestido de &lt;a href=&quot;https:\/\/www.facebook.com\/pabloenriqueboutique&quot; target=&quot;_blank&quot;&gt;Pablo Enrique Boutique&lt;\/a&gt; es un ejemplo, que adem\u00e1s nos recuerda los felices a\u00f1os 20. Resulta una elecci\u00f3n ideal para darle movimiento a nuestro look durante toda la noche de fiesta.&lt;\/p&gt;\n\" data-medium-file=\"https:\/\/www.maistendencia.com\/blog\/wp-content\/uploads\/2015\/12\/pabloenrique1-300x300.jpg\" data-large-file=\"https:\/\/www.maistendencia.com\/blog\/wp-content\/uploads\/2015\/12\/pabloenrique1.jpg\" \/><\/a>\n\t\t\t<\/div><\/figure><figure class='gallery-item'>\n\t\t\t<div class='gallery-icon landscape'>\n\t\t\t\t<a href='https:\/\/www.maistendencia.com\/blog\/looks-fiesta-femeninos-despedida-2015\/clothesco2\/'><img loading=\"lazy\" decoding=\"async\" width=\"150\" height=\"150\" src=\"https:\/\/www.maistendencia.com\/blog\/wp-content\/uploads\/2015\/12\/clothesco2-150x150.jpg\" class=\"attachment-thumbnail size-thumbnail\" alt=\"\" srcset=\"https:\/\/www.maistendencia.com\/blog\/wp-content\/uploads\/2015\/12\/clothesco2-150x150.jpg 150w, https:\/\/www.maistendencia.com\/blog\/wp-content\/uploads\/2015\/12\/clothesco2-300x300.jpg 300w, https:\/\/www.maistendencia.com\/blog\/wp-content\/uploads\/2015\/12\/clothesco2.jpg 720w\" sizes=\"auto, (max-width: 150px) 100vw, 150px\" data-attachment-id=\"836\" data-orig-file=\"https:\/\/www.maistendencia.com\/blog\/wp-content\/uploads\/2015\/12\/clothesco2.jpg\" data-orig-size=\"720,720\" data-comments-opened=\"1\" data-image-meta=\"{&quot;aperture&quot;:&quot;0&quot;,&quot;credit&quot;:&quot;&quot;,&quot;camera&quot;:&quot;&quot;,&quot;caption&quot;:&quot;&quot;,&quot;created_timestamp&quot;:&quot;0&quot;,&quot;copyright&quot;:&quot;&quot;,&quot;focal_length&quot;:&quot;0&quot;,&quot;iso&quot;:&quot;0&quot;,&quot;shutter_speed&quot;:&quot;0&quot;,&quot;title&quot;:&quot;&quot;,&quot;orientation&quot;:&quot;0&quot;,&quot;keywords&quot;:&quot;Array&quot;}\" data-image-title=\"Look lencero\" data-image-description=\"&lt;p&gt;Para lucir un look lencero en cualquier ocasi\u00f3n festiva es imprescindible a\u00f1adir un punto de moderaci\u00f3n y comedimiento que encontramos en su justa medida en esta propuesta de &lt;a href=&quot;https:\/\/www.facebook.com\/clothesandcoshop\/&quot; target=&quot;_blank&quot;&gt;ClothesAndCO&lt;\/a&gt;, con este vestido de la marca American Vintage, al que acompa\u00f1a este cintur\u00f3n blanco, pero que puedes combinar con opciones m\u00e1s brillantes. &lt;\/p&gt;\n\" data-medium-file=\"https:\/\/www.maistendencia.com\/blog\/wp-content\/uploads\/2015\/12\/clothesco2-300x300.jpg\" data-large-file=\"https:\/\/www.maistendencia.com\/blog\/wp-content\/uploads\/2015\/12\/clothesco2.jpg\" \/><\/a>\n\t\t\t<\/div><\/figure><figure class='gallery-item'>\n\t\t\t<div class='gallery-icon portrait'>\n\t\t\t\t<a href='https:\/\/www.maistendencia.com\/blog\/looks-fiesta-femeninos-despedida-2015\/trendtantra3_4\/'><img loading=\"lazy\" decoding=\"async\" width=\"150\" height=\"150\" src=\"https:\/\/www.maistendencia.com\/blog\/wp-content\/uploads\/2015\/12\/trendtantra3_4-150x150.jpg\" class=\"attachment-thumbnail size-thumbnail\" alt=\"\" data-attachment-id=\"832\" data-orig-file=\"https:\/\/www.maistendencia.com\/blog\/wp-content\/uploads\/2015\/12\/trendtantra3_4.jpg\" data-orig-size=\"720,960\" data-comments-opened=\"1\" data-image-meta=\"{&quot;aperture&quot;:&quot;0&quot;,&quot;credit&quot;:&quot;&quot;,&quot;camera&quot;:&quot;&quot;,&quot;caption&quot;:&quot;&quot;,&quot;created_timestamp&quot;:&quot;0&quot;,&quot;copyright&quot;:&quot;&quot;,&quot;focal_length&quot;:&quot;0&quot;,&quot;iso&quot;:&quot;0&quot;,&quot;shutter_speed&quot;:&quot;0&quot;,&quot;title&quot;:&quot;&quot;,&quot;orientation&quot;:&quot;0&quot;,&quot;keywords&quot;:&quot;Array&quot;}\" data-image-title=\"Al descubierto o casi\" data-image-description=\"&lt;p&gt;Las espaldas al aire o semiveladas se postulan como uno de los protagonistas de estas \u00faltimas noches festivas con las que despediremos el 2015. &lt;a href=&quot;https:\/\/es-es.facebook.com\/Soy-Una-Chica-Trendtantra-264536460253428\/&quot; target=&quot;_blank&quot;&gt;Soy Una Chica Trendtantra&lt;\/a&gt; nos propone una elegante interpretaci\u00f3n de la nueva desnudez con un escote trasero cubierto de encaje. &lt;\/p&gt;\n\" data-medium-file=\"https:\/\/www.maistendencia.com\/blog\/wp-content\/uploads\/2015\/12\/trendtantra3_4-225x300.jpg\" data-large-file=\"https:\/\/www.maistendencia.com\/blog\/wp-content\/uploads\/2015\/12\/trendtantra3_4.jpg\" \/><\/a>\n\t\t\t<\/div><\/figure><figure class='gallery-item'>\n\t\t\t<div class='gallery-icon landscape'>\n\t\t\t\t<a href='https:\/\/www.maistendencia.com\/blog\/looks-fiesta-femeninos-despedida-2015\/anna2\/'><img loading=\"lazy\" decoding=\"async\" width=\"150\" height=\"150\" src=\"https:\/\/www.maistendencia.com\/blog\/wp-content\/uploads\/2015\/12\/Anna2-150x150.jpg\" class=\"attachment-thumbnail size-thumbnail\" alt=\"\" data-attachment-id=\"840\" data-orig-file=\"https:\/\/www.maistendencia.com\/blog\/wp-content\/uploads\/2015\/12\/Anna2.jpg\" data-orig-size=\"720,679\" data-comments-opened=\"1\" data-image-meta=\"{&quot;aperture&quot;:&quot;0&quot;,&quot;credit&quot;:&quot;&quot;,&quot;camera&quot;:&quot;&quot;,&quot;caption&quot;:&quot;&quot;,&quot;created_timestamp&quot;:&quot;0&quot;,&quot;copyright&quot;:&quot;&quot;,&quot;focal_length&quot;:&quot;0&quot;,&quot;iso&quot;:&quot;0&quot;,&quot;shutter_speed&quot;:&quot;0&quot;,&quot;title&quot;:&quot;&quot;,&quot;orientation&quot;:&quot;0&quot;,&quot;keywords&quot;:&quot;Array&quot;}\" data-image-title=\"De lentejuelas y piedritas\" data-image-description=\"&lt;p&gt;Si quieres optar por brillantes lentejuelas acompa\u00f1adas de pedrer\u00eda, la \u00faltima noche del a\u00f1o es la ocasi\u00f3n perfecta para ello. &lt;a href=&quot;https:\/\/www.facebook.com\/ANNA-305763959621459&quot; target=&quot;_blank&quot;&gt;Anna&lt;\/a&gt; te propone este look compuesto de falda dorada recta y ajustada que se recorta en ondas de lentejuelas y se adorna con peque\u00f1as piedrecitas dispuestas en patrones geom\u00e9tricos. Con un un sencillo top negro lograr\u00e1s equilibrar esta eficaz combinaci\u00f3n festiva.&lt;\/p&gt;\n\" data-medium-file=\"https:\/\/www.maistendencia.com\/blog\/wp-content\/uploads\/2015\/12\/Anna2-300x283.jpg\" data-large-file=\"https:\/\/www.maistendencia.com\/blog\/wp-content\/uploads\/2015\/12\/Anna2.jpg\" \/><\/a>\n\t\t\t<\/div><\/figure>\n\t\t<\/div>\n\n<\/div>\n","protected":false},"excerpt":{"rendered":"<p>\u00a1Fiesta!, \u00bfqui\u00e9n dijo fiesta? Durante esta \u00faltima semana del a\u00f1o esta palabra no dejar\u00e1 de sonar en tu cabeza hasta el \u00faltimo minuto del mism\u00edsimo 31 de diciembre. La despedida del a\u00f1o es el acontecimiento&#8230;<br \/><a href=\"https:\/\/www.maistendencia.com\/blog\/looks-fiesta-femeninos-despedida-2015\/\"> Continuar leyendo&#8230;<\/a><\/p>\n","protected":false},"author":2,"featured_media":895,"comment_status":"open","ping_status":"closed","sticky":false,"template":"","format":"standard","meta":{"footnotes":""},"categories":[5,3],"tags":[318,520,319,120,324],"class_list":["post-617","post","type-post","status-publish","format-standard","has-post-thumbnail","hentry","category-celebra","category-moda","tag-fin-de-ano","tag-looks","tag-nochevieja","tag-trendtantra","tag-vestidos"],"aioseo_notices":[],"_links":{"self":[{"href":"https:\/\/www.maistendencia.com\/blog\/wp-json\/wp\/v2\/posts\/617","targetHints":{"allow":["GET"]}}],"collection":[{"href":"https:\/\/www.maistendencia.com\/blog\/wp-json\/wp\/v2\/posts"}],"about":[{"href":"https:\/\/www.maistendencia.com\/blog\/wp-json\/wp\/v2\/types\/post"}],"author":[{"embeddable":true,"href":"https:\/\/www.maistendencia.com\/blog\/wp-json\/wp\/v2\/users\/2"}],"replies":[{"embeddable":true,"href":"https:\/\/www.maistendencia.com\/blog\/wp-json\/wp\/v2\/comments?post=617"}],"version-history":[{"count":1,"href":"https:\/\/www.maistendencia.com\/blog\/wp-json\/wp\/v2\/posts\/617\/revisions"}],"predecessor-version":[{"id":7113,"href":"https:\/\/www.maistendencia.com\/blog\/wp-json\/wp\/v2\/posts\/617\/revisions\/7113"}],"wp:featuredmedia":[{"embeddable":true,"href":"https:\/\/www.maistendencia.com\/blog\/wp-json\/wp\/v2\/media\/895"}],"wp:attachment":[{"href":"https:\/\/www.maistendencia.com\/blog\/wp-json\/wp\/v2\/media?parent=617"}],"wp:term":[{"taxonomy":"category","embeddable":true,"href":"https:\/\/www.maistendencia.com\/blog\/wp-json\/wp\/v2\/categories?post=617"},{"taxonomy":"post_tag","embeddable":true,"href":"https:\/\/www.maistendencia.com\/blog\/wp-json\/wp\/v2\/tags?post=617"}],"curies":[{"name":"wp","href":"https:\/\/api.w.org\/{rel}","templated":true}]}}