{"id":6053,"date":"2018-05-28T18:38:37","date_gmt":"2018-05-28T16:38:37","guid":{"rendered":"http:\/\/www.maistendencia.com\/?p=6053"},"modified":"2019-08-09T09:49:19","modified_gmt":"2019-08-09T07:49:19","slug":"connectica-quien-quiere-dedicarse-a-la-musica-hace-lo-imposible","status":"publish","type":"post","link":"https:\/\/www.maistendencia.com\/blog\/connectica-quien-quiere-dedicarse-a-la-musica-hace-lo-imposible\/","title":{"rendered":"<span class=\"antetitulo\">Entrevista a Connectica, grupo musical ourensano<\/span><br\/>\u201cQuien quiere dedicarse a la m\u00fasica hace lo imposible\u201d"},"content":{"rendered":"<p style=\"text-align: justify;\"><a href=\"https:\/\/es-es.facebook.com\/Connecticaband\/\">Connectica<\/a> es un grupo ourensano de indie pop formado por Diego Peraita (guitarrista, pianista y cantante), Aar\u00f3n Castro (percusi\u00f3n, bater\u00eda y coros), Brian Leal (bajista y coros) y Miguel Inaraja (guitarra solista y coros).<\/p>\n<p style=\"text-align: justify;\">En sus inicios estuvieron influenciados por Leiva o los Rolling Stones, aunque ahora <strong>se inclinan m\u00e1s hacia bandas del panorama indie espa\u00f1ol<\/strong> como Miss Cafe\u00edna, Izal o Sidonie.<\/p>\n<p style=\"text-align: justify;\">Con motivo de la <a href=\"http:\/\/www.shoppingnightourensecentro.com\/\">VI Shopping Night<\/a> Connectica actu\u00f3 en la Praza do Ferro de Ourense y pudimos hacerles una peque\u00f1a entrevista a sus componentes.<\/p>\n<p style=\"text-align: justify;\"><strong>El grupo empez\u00f3 cuando Diego y Brian se conocen y deciden trabajar juntos.<\/strong> \u201cEn esa \u00e9poca yo era cantautor. Algo despu\u00e9s encontramos a Aar\u00f3n y decid\u00ed que form\u00e1semos un tr\u00edo para que mi nombre no apareciera en la portada del disco\u201d, nos comentaba Diego Peraita, el vocalista.<\/p>\n<p style=\"text-align: justify;\">Cuando les preguntamos c\u00f3mo escogieron el nombre del grupo y qu\u00e9 significa, las risas surgieron autom\u00e1ticamente. Peraita, el l\u00edder de Connectica, nos cont\u00f3 que los tres estaban buscando nombre para el grupo y <strong>\u201cun d\u00eda mi pareja me dijo el que ahora es el nombre de la banda\u201d<\/strong>.<\/p>\n<p style=\"text-align: justify;\">Seg\u00fan ellos, el nombre no responde a ning\u00fan motivo especial; \u201cnos gust\u00f3 en comparaci\u00f3n a todos los que ten\u00eda en mente, que eran una mierda\u201d. Posteriormente, conocieron \u201cal enano este de Miguel\u201d (el guitarrista). As\u00ed surgi\u00f3 Connectica, que ya lleva 3 a\u00f1os como formaci\u00f3n musical.<\/p>\n<div id=\"metaslider-id-6002\" style=\"width: 100%; margin: 0 auto;\" class=\"ml-slider-3-108-0 metaslider metaslider-flex metaslider-6002 ml-slider has-dots-nav has-carousel-mode ms-theme-default\" role=\"region\" aria-label=\"Connectica\" data-height=\"700\" data-width=\"700\">\n    <div id=\"metaslider_container_6002\">\n        <div id=\"metaslider_6002\">\n            <ul class='slides'>\n                <li style=\"display: none; width: 100%;\" class=\"slide-6003 ms-image \" aria-roledescription=\"slide\" data-date=\"2018-05-24 16:58:28\" data-filename=\"concierto_connectica.jpg\" data-slide-type=\"image\"><img loading=\"lazy\" decoding=\"async\" width=\"3000\" height=\"2000\" src=\"https:\/\/www.maistendencia.com\/blog\/wp-content\/uploads\/2018\/05\/concierto_connectica.jpg\" class=\"slider-6002 slide-6003 msDefaultImage\" alt=\"Shopping Night, concierto Connectica\" rel=\"\" title=\"Shopping Night, concierto Connectica\" style=\"margin-top: 16.666666666667%\" srcset=\"https:\/\/www.maistendencia.com\/blog\/wp-content\/uploads\/2018\/05\/concierto_connectica.jpg 3000w, https:\/\/www.maistendencia.com\/blog\/wp-content\/uploads\/2018\/05\/concierto_connectica-300x200.jpg 300w, https:\/\/www.maistendencia.com\/blog\/wp-content\/uploads\/2018\/05\/concierto_connectica-1024x683.jpg 1024w, https:\/\/www.maistendencia.com\/blog\/wp-content\/uploads\/2018\/05\/concierto_connectica-400x266.jpg 400w, https:\/\/www.maistendencia.com\/blog\/wp-content\/uploads\/2018\/05\/concierto_connectica-50x33.jpg 50w\" sizes=\"auto, (max-width: 3000px) 100vw, 3000px\" \/><\/li>\n                <li style=\"display: none; width: 100%;\" class=\"slide-6004 ms-image \" aria-roledescription=\"slide\" data-date=\"2018-05-24 16:58:29\" data-filename=\"IMG_2920.jpeg\" data-slide-type=\"image\"><img loading=\"lazy\" decoding=\"async\" width=\"1944\" height=\"1296\" src=\"https:\/\/www.maistendencia.com\/blog\/wp-content\/uploads\/2018\/05\/IMG_2920.jpeg\" class=\"slider-6002 slide-6004 msDefaultImage\" alt=\"Connectica concierto Shopping Night\" rel=\"\" title=\"Connectica concierto shopping Night\" style=\"margin-top: 16.666666666667%\" srcset=\"https:\/\/www.maistendencia.com\/blog\/wp-content\/uploads\/2018\/05\/IMG_2920.jpeg 1944w, https:\/\/www.maistendencia.com\/blog\/wp-content\/uploads\/2018\/05\/IMG_2920-300x200.jpeg 300w, https:\/\/www.maistendencia.com\/blog\/wp-content\/uploads\/2018\/05\/IMG_2920-1024x683.jpeg 1024w, https:\/\/www.maistendencia.com\/blog\/wp-content\/uploads\/2018\/05\/IMG_2920-400x266.jpeg 400w, https:\/\/www.maistendencia.com\/blog\/wp-content\/uploads\/2018\/05\/IMG_2920-50x33.jpeg 50w\" sizes=\"auto, (max-width: 1944px) 100vw, 1944px\" \/><\/li>\n                <li style=\"display: none; width: 100%;\" class=\"slide-6005 ms-image \" aria-roledescription=\"slide\" data-date=\"2018-05-24 16:58:29\" data-filename=\"IMG_2919.jpeg\" data-slide-type=\"image\"><img loading=\"lazy\" decoding=\"async\" width=\"1944\" height=\"1296\" src=\"https:\/\/www.maistendencia.com\/blog\/wp-content\/uploads\/2018\/05\/IMG_2919.jpeg\" class=\"slider-6002 slide-6005 msDefaultImage\" alt=\"Connectica Shopping Night\" rel=\"\" title=\"Connectica Shopping Night\" style=\"margin-top: 16.666666666667%\" srcset=\"https:\/\/www.maistendencia.com\/blog\/wp-content\/uploads\/2018\/05\/IMG_2919.jpeg 1944w, https:\/\/www.maistendencia.com\/blog\/wp-content\/uploads\/2018\/05\/IMG_2919-300x200.jpeg 300w, https:\/\/www.maistendencia.com\/blog\/wp-content\/uploads\/2018\/05\/IMG_2919-1024x683.jpeg 1024w, https:\/\/www.maistendencia.com\/blog\/wp-content\/uploads\/2018\/05\/IMG_2919-400x266.jpeg 400w, https:\/\/www.maistendencia.com\/blog\/wp-content\/uploads\/2018\/05\/IMG_2919-50x33.jpeg 50w\" sizes=\"auto, (max-width: 1944px) 100vw, 1944px\" \/><\/li>\n            <\/ul>\n        <\/div>\n        \n    <\/div>\n<\/div>\n<p style=\"text-align: justify;\">Cada uno de los miembros de Connectica lleg\u00f3 a la m\u00fasica de forma diferente. Aar\u00f3n Castro empez\u00f3 a aprender con <strong>Manuel Padr\u00f3n, uno de los bater\u00edas de Lamatumb\u00e1<\/strong>, los ourensanos que nos hicieron bailar en m\u00e1s de una verbena al ritmo del <a href=\"https:\/\/www.youtube.com\/watch?v=3BmdxZpPOb4\"><em>Licor do negro caf\u00e9<\/em><\/a>. Luego pas\u00f3 por la Escuela Municipal de M\u00fasica y estudi\u00f3 durante tres a\u00f1os en el conservatorio, para terminar form\u00e1ndose de forma independiente.<\/p>\n<p style=\"text-align: justify;\">Miguel Inaraja, el guitarrista, estudi\u00f3 en la academia Bieito Blanco, despu\u00e9s estuvo durante dos a\u00f1os en otra academia y empez\u00f3 en casa de forma autodidacta hasta 2016, de forma similar.<\/p>\n<p style=\"text-align: justify;\">Brian Leal, por su parte, empez\u00f3 a tocar a los 14 a\u00f1os. \u201cUn colega me pregunt\u00f3 si tocaba algo. Yo estaba aprendiendo a tocar la bater\u00eda, pero no me apasionaba mucho. Mi amigo me ense\u00f1\u00f3 el bajo y desde el primer d\u00eda me enamor\u00e9 de \u00e9l\u201d. <strong>\u201cMe dije: esto es mucho mejor que una guitarra\u201d<\/strong>.<\/p>\n<p style=\"text-align: justify;\">Diego empez\u00f3 hace unos once a\u00f1os. Primero toc\u00f3 el bajo e hizo los coros en una banda que se fue a Madrid tiempo despu\u00e9s, y a partir de ah\u00ed empez\u00f3 a tocar solo, mejorar con la guitarra y componer sus propios temas. \u201cQuien quiere dedicarse a la m\u00fasica hace lo imposible\u201d.<\/p>\n<p style=\"text-align: justify;\">Durante la entrevista, los ourensanos Connectica tambi\u00e9n quisieron destacar la labor del <a href=\"https:\/\/es-es.facebook.com\/Espazo-Lusqui%C3%B1os-da-Mocidade-601318506565327\/\">Espazo Lusqui\u00f1os<\/a>, donde realizan sus ensayos. \u201cCuando empiezas como grupo necesitas un espacio para ensayar, reunirte, y no molestar a los vecinos. El Espazo Lusqui\u00f1os ofrece de forma gratuita un lugar en el que dar cabida a tus ensayos y a tus proyectos para empezar a desarrollarlos\u201d, nos dec\u00eda Aar\u00f3n.<\/p>\n<div id=\"metaslider-id-5998\" style=\"width: 100%; margin: 0 auto;\" class=\"ml-slider-3-108-0 metaslider metaslider-flex metaslider-5998 ml-slider has-dots-nav has-carousel-mode ms-theme-default\" role=\"region\" aria-label=\"Connectica\" data-height=\"700\" data-width=\"700\">\n    <div id=\"metaslider_container_5998\">\n        <div id=\"metaslider_5998\">\n            <ul class='slides'>\n                <li style=\"display: none; width: 100%;\" class=\"slide-5999 ms-image \" aria-roledescription=\"slide\" data-date=\"2018-05-24 16:56:36\" data-filename=\"IMG_2927.jpeg\" data-slide-type=\"image\"><img loading=\"lazy\" decoding=\"async\" width=\"1944\" height=\"1296\" src=\"https:\/\/www.maistendencia.com\/blog\/wp-content\/uploads\/2018\/05\/IMG_2927.jpeg\" class=\"slider-5998 slide-5999 msDefaultImage\" alt=\"Connectica Shopping Night\" rel=\"\" title=\"Connectica Shopping Night\" style=\"margin-top: 16.666666666667%\" srcset=\"https:\/\/www.maistendencia.com\/blog\/wp-content\/uploads\/2018\/05\/IMG_2927.jpeg 1944w, https:\/\/www.maistendencia.com\/blog\/wp-content\/uploads\/2018\/05\/IMG_2927-300x200.jpeg 300w, https:\/\/www.maistendencia.com\/blog\/wp-content\/uploads\/2018\/05\/IMG_2927-1024x683.jpeg 1024w, https:\/\/www.maistendencia.com\/blog\/wp-content\/uploads\/2018\/05\/IMG_2927-400x266.jpeg 400w, https:\/\/www.maistendencia.com\/blog\/wp-content\/uploads\/2018\/05\/IMG_2927-50x33.jpeg 50w\" sizes=\"auto, (max-width: 1944px) 100vw, 1944px\" \/><\/li>\n                <li style=\"display: none; width: 100%;\" class=\"slide-6001 ms-image \" aria-roledescription=\"slide\" data-date=\"2018-05-24 16:56:37\" data-filename=\"IMG_2923.jpeg\" data-slide-type=\"image\"><img loading=\"lazy\" decoding=\"async\" width=\"1369\" height=\"1728\" src=\"https:\/\/www.maistendencia.com\/blog\/wp-content\/uploads\/2018\/05\/IMG_2923.jpeg\" class=\"slider-5998 slide-6001 msDefaultImage\" alt=\"Connectica concierto shopping Night\" rel=\"\" title=\"Connectica concierto shopping Night\" style=\"margin: 0 auto; width: 79.224537037037%\" srcset=\"https:\/\/www.maistendencia.com\/blog\/wp-content\/uploads\/2018\/05\/IMG_2923.jpeg 1369w, https:\/\/www.maistendencia.com\/blog\/wp-content\/uploads\/2018\/05\/IMG_2923-238x300.jpeg 238w, https:\/\/www.maistendencia.com\/blog\/wp-content\/uploads\/2018\/05\/IMG_2923-811x1024.jpeg 811w\" sizes=\"auto, (max-width: 1369px) 100vw, 1369px\" \/><\/li>\n                <li style=\"display: none; width: 100%;\" class=\"slide-6000 ms-image \" aria-roledescription=\"slide\" data-date=\"2018-05-24 16:56:36\" data-filename=\"IMG_2924.jpeg\" data-slide-type=\"image\"><img loading=\"lazy\" decoding=\"async\" width=\"1944\" height=\"1296\" src=\"https:\/\/www.maistendencia.com\/blog\/wp-content\/uploads\/2018\/05\/IMG_2924.jpeg\" class=\"slider-5998 slide-6000 msDefaultImage\" alt=\"Connectica Shopping Night\" rel=\"\" title=\"Connectica Shopping Night\" style=\"margin-top: 16.666666666667%\" srcset=\"https:\/\/www.maistendencia.com\/blog\/wp-content\/uploads\/2018\/05\/IMG_2924.jpeg 1944w, https:\/\/www.maistendencia.com\/blog\/wp-content\/uploads\/2018\/05\/IMG_2924-300x200.jpeg 300w, https:\/\/www.maistendencia.com\/blog\/wp-content\/uploads\/2018\/05\/IMG_2924-1024x683.jpeg 1024w, https:\/\/www.maistendencia.com\/blog\/wp-content\/uploads\/2018\/05\/IMG_2924-400x266.jpeg 400w, https:\/\/www.maistendencia.com\/blog\/wp-content\/uploads\/2018\/05\/IMG_2924-50x33.jpeg 50w\" sizes=\"auto, (max-width: 1944px) 100vw, 1944px\" \/><\/li>\n            <\/ul>\n        <\/div>\n        \n    <\/div>\n<\/div>\n<p style=\"text-align: justify;\">Para ellos la actuaci\u00f3n fue muy especial debido al lugar que se convirti\u00f3 por una noche en su escenario, la Praza do Ferro. Para Brian, \u201cestas iniciativas que hace el Centro Comercial Aberto de Ourense son muy buenas para las bandas locales que no tenemos muchas oportunidades para conseguir sitios donde tocar, y m\u00e1s aqu\u00ed en el casco antiguo de Ourense, que es un casco antiguo muy bonito y muy acogedor\u201d.<\/p>\n<p style=\"text-align: justify;\">Diego puntualizaba que <strong>\u201dson sitios que vas tachando, los sitios m\u00e1s emblem\u00e1ticos donde quieres tocar\u201d<\/strong>, aunque nos contaba que la banda ya hab\u00eda tocado previamente en alguno de ellos como la Praza Maior y el Xard\u00edn do Pos\u00edo.<\/p>\n<p style=\"text-align: justify;\">Para el futuro, Connectica est\u00e1 planeando una peque\u00f1a gira para el <strong>EP que acaban de grabar en estudio<\/strong>, que consta de cuatro canciones. A m\u00e1s corto plazo, el d\u00eda 9 de junio estar\u00e1n actuando en <a href=\"https:\/\/es-es.facebook.com\/elpueblocafecultural\/\">El Pueblo Caf\u00e9 Cultural<\/a> junto a tres grupos m\u00e1s: Mind the Gap, Hugo Torreiro y los Downside, entre otros proyectos que no han querido desvelar de momento.<\/p>\n<p>Fotograf\u00edas cedidas por Connectica.<\/p>\n<strong>Texto de<\/strong><br\/><br\/><div style=\"width:100%;height:auto;\"><div style=\"float:left;margin:0px 10px 10px 0px;\"><img alt='' src='https:\/\/secure.gravatar.com\/avatar\/131f1bf6d42065a0c1d3ecc19f8c6e5a?s=111&amp;d=https%3A%2F%2Fsecure.gravatar.com%2Favatar%2Fad516503a11cd5ca435acc9bb6523536%3Fs%3D111&amp;r=G' class='avatar avatar-111 photo' height='111' width='111' \/><\/div><div style=\"padding-left:25%;\"><strong>Alba R Cougil<\/strong><br\/><br\/><a href=\"mailto:acougil@ourensecca.com\">Correo electr\u00f3nico<\/a><br\/><br\/><div class=\"author-description\"><div class=\"autor-enlaces\"><\/div><\/div><\/div><\/div><div class=\"clear\"><\/div>\n","protected":false},"excerpt":{"rendered":"<p>Connectica es un grupo ourensano de indie pop formado por Diego Peraita (guitarrista, pianista y cantante), Aar\u00f3n Castro (percusi\u00f3n, bater\u00eda y coros), Brian Leal (bajista y coros) y Miguel Inaraja (guitarra solista y coros). En&#8230;<br \/><a href=\"https:\/\/www.maistendencia.com\/blog\/connectica-quien-quiere-dedicarse-a-la-musica-hace-lo-imposible\/\"> Continuar leyendo&#8230;<\/a><\/p>\n","protected":false},"author":28,"featured_media":5955,"comment_status":"open","ping_status":"closed","sticky":false,"template":"","format":"standard","meta":{"footnotes":""},"categories":[8],"tags":[149,531,554,553,18,63,148],"class_list":["post-6053","post","type-post","status-publish","format-standard","has-post-thumbnail","hentry","category-con-estilo","tag-noitedetendas","tag-entrevista","tag-espazo-lusquinos","tag-indie","tag-musica","tag-ourense","tag-shopping-night"],"aioseo_notices":[],"_links":{"self":[{"href":"https:\/\/www.maistendencia.com\/blog\/wp-json\/wp\/v2\/posts\/6053","targetHints":{"allow":["GET"]}}],"collection":[{"href":"https:\/\/www.maistendencia.com\/blog\/wp-json\/wp\/v2\/posts"}],"about":[{"href":"https:\/\/www.maistendencia.com\/blog\/wp-json\/wp\/v2\/types\/post"}],"author":[{"embeddable":true,"href":"https:\/\/www.maistendencia.com\/blog\/wp-json\/wp\/v2\/users\/28"}],"replies":[{"embeddable":true,"href":"https:\/\/www.maistendencia.com\/blog\/wp-json\/wp\/v2\/comments?post=6053"}],"version-history":[{"count":1,"href":"https:\/\/www.maistendencia.com\/blog\/wp-json\/wp\/v2\/posts\/6053\/revisions"}],"predecessor-version":[{"id":6636,"href":"https:\/\/www.maistendencia.com\/blog\/wp-json\/wp\/v2\/posts\/6053\/revisions\/6636"}],"wp:featuredmedia":[{"embeddable":true,"href":"https:\/\/www.maistendencia.com\/blog\/wp-json\/wp\/v2\/media\/5955"}],"wp:attachment":[{"href":"https:\/\/www.maistendencia.com\/blog\/wp-json\/wp\/v2\/media?parent=6053"}],"wp:term":[{"taxonomy":"category","embeddable":true,"href":"https:\/\/www.maistendencia.com\/blog\/wp-json\/wp\/v2\/categories?post=6053"},{"taxonomy":"post_tag","embeddable":true,"href":"https:\/\/www.maistendencia.com\/blog\/wp-json\/wp\/v2\/tags?post=6053"}],"curies":[{"name":"wp","href":"https:\/\/api.w.org\/{rel}","templated":true}]}}