{"id":5895,"date":"2018-05-21T11:11:52","date_gmt":"2018-05-21T09:11:52","guid":{"rendered":"http:\/\/www.maistendencia.com\/?p=5895"},"modified":"2022-02-07T14:52:27","modified_gmt":"2022-02-07T12:52:27","slug":"el-sombrero-sera-tu-mejor-aliado-este-verano","status":"publish","type":"post","link":"https:\/\/www.maistendencia.com\/blog\/el-sombrero-sera-tu-mejor-aliado-este-verano\/","title":{"rendered":"El sombrero ser\u00e1 tu mejor aliado este verano"},"content":{"rendered":"<p style=\"text-align: justify;\"><strong>Sombreros La Lucha<\/strong> es <strong>una de las tiendas m\u00e1s antiguas de la ciudad<\/strong>, fundada en 1917 y regentada durante estos 100 a\u00f1os como negocio familiar. Sin embargo, pese a que su local y su aspecto no hayan cambiado durante los \u00faltimos a\u00f1os, con ese aire retro que a\u00fan pervive en su escaparate, sus productos tienen mucho que ofrecer en la actualidad y desde sus inicios <strong>brindan la m\u00e1xima calidad<\/strong>.<\/p>\n<h2>Sombreros para primavera-verano que os ayudar\u00e1n a resistir el sol con estilo.<\/h2>\n<p style=\"text-align: justify;\">En este post os ense\u00f1amos una serie de modelos de sombreros para esta primavera-verano que os ayudar\u00e1n a <strong>resistir el sol con estilo<\/strong> y os proteger\u00e1n de sus rayos. Si te encantan los complementos, no sabemos a qu\u00e9 est\u00e1s esperando para adentrarte en el mundo del sombrero de la mano de Sombreros La Lucha. Despu\u00e9s de ver algunos de sus art\u00edculos estamos convencidos de que el sombrero\u00a0<strong>se convertir\u00e1 en tu mejor aliado para este verano<\/strong>.<\/p>\n<h3>Viseras<\/h3>\n<p style=\"text-align: justify;\">Empezamos por los sombreros de chico, entre los que encontramos una amplia gama de modelos que van <strong>desde la visera a la cl\u00e1sica fedora de g\u00e1ngster<\/strong>. La visera que os ense\u00f1amos a continuaci\u00f3n es toda una delicia para este tiempo: es fresquita, hecha de lino y muy c\u00f3moda de llevar. Adem\u00e1s, su <strong>estampado en zig zag a tres colores<\/strong>, pese a que a simple vista parezca una visera con un dise\u00f1o muy sencillo, la hacen una opci\u00f3n muy interesante para lucir en cualquier ocasi\u00f3n, ya sea formal o para tomar algo una tarde calurosa.<\/p>\n<p><img loading=\"lazy\" decoding=\"async\" class=\"alignnone wp-image-5620 size-full\" title=\"Visera a la cl\u00e1sica fedora de g\u00e1ngster\" src=\"http:\/\/www.maistendencia.com\/wp-content\/uploads\/2018\/04\/Sombreros-la-lucha-visera.jpg\" alt=\"Visera a la cl\u00e1sica fedora de g\u00e1ngster\" width=\"2773\" height=\"1848\" srcset=\"https:\/\/www.maistendencia.com\/blog\/wp-content\/uploads\/2018\/04\/Sombreros-la-lucha-visera.jpg 2773w, https:\/\/www.maistendencia.com\/blog\/wp-content\/uploads\/2018\/04\/Sombreros-la-lucha-visera-300x200.jpg 300w, https:\/\/www.maistendencia.com\/blog\/wp-content\/uploads\/2018\/04\/Sombreros-la-lucha-visera-1024x682.jpg 1024w, https:\/\/www.maistendencia.com\/blog\/wp-content\/uploads\/2018\/04\/Sombreros-la-lucha-visera-400x266.jpg 400w, https:\/\/www.maistendencia.com\/blog\/wp-content\/uploads\/2018\/04\/Sombreros-la-lucha-visera-50x33.jpg 50w\" sizes=\"auto, (max-width: 2773px) 100vw, 2773px\" \/><\/p>\n<p><img loading=\"lazy\" decoding=\"async\" class=\"alignnone wp-image-5981 size-large\" title=\"Visera a la cl\u00e1sica fedora de g\u00e1ngster\" src=\"https:\/\/www.maistendencia.com\/blog\/wp-content\/uploads\/2018\/05\/Sombreros-la-lucha-visera-e1526976260118-1024x768.jpg\" alt=\"Sombreros la lucha visera gris\" width=\"604\" height=\"453\" srcset=\"https:\/\/www.maistendencia.com\/blog\/wp-content\/uploads\/2018\/05\/Sombreros-la-lucha-visera-e1526976260118.jpg 1024w, https:\/\/www.maistendencia.com\/blog\/wp-content\/uploads\/2018\/05\/Sombreros-la-lucha-visera-e1526976260118-300x225.jpg 300w\" sizes=\"auto, (max-width: 604px) 100vw, 604px\" \/><\/p>\n<p style=\"text-align: justify;\">Tambi\u00e9n ten\u00e9is disponibles otras opciones de visera como esta en cuero marr\u00f3n, un cl\u00e1sico de este tipo de sombrero un poco diferente gracias a su <strong>efecto desgastado<\/strong>.<\/p>\n<p><img loading=\"lazy\" decoding=\"async\" class=\"alignnone wp-image-5631 size-full\" title=\"Visera marr\u00f3n efecto desgastado\" src=\"https:\/\/www.maistendencia.com\/blog\/wp-content\/uploads\/2018\/04\/La-lucha-gorra.jpg\" alt=\"Visera marr\u00f3n efecto desgastado\" width=\"2913\" height=\"1913\" srcset=\"https:\/\/www.maistendencia.com\/blog\/wp-content\/uploads\/2018\/04\/La-lucha-gorra.jpg 2913w, https:\/\/www.maistendencia.com\/blog\/wp-content\/uploads\/2018\/04\/La-lucha-gorra-300x197.jpg 300w, https:\/\/www.maistendencia.com\/blog\/wp-content\/uploads\/2018\/04\/La-lucha-gorra-1024x672.jpg 1024w, https:\/\/www.maistendencia.com\/blog\/wp-content\/uploads\/2018\/04\/La-lucha-gorra-50x33.jpg 50w\" sizes=\"auto, (max-width: 2913px) 100vw, 2913px\" \/><\/p>\n<p style=\"text-align: justify;\">Para los m\u00e1s atrevidos, \u00bfqu\u00e9 os parece adentraros en el mundo de las viseras con esta visera estampada? Es de un tono granate muy vivo en contraste con el negro de los cuadraditos y 100% algod\u00f3n. <strong>El print de tablero de ajedrez es una de las tendencias de esta primavera-verano 2018<\/strong>, \u00bfpor qu\u00e9 no probarlo en su versi\u00f3n en color burdeos?<\/p>\n<p><img loading=\"lazy\" decoding=\"async\" class=\"alignnone wp-image-5625 size-full\" title=\"Outfits: Visera estampada granate\" src=\"https:\/\/www.maistendencia.com\/blog\/wp-content\/uploads\/2018\/04\/Sombreros-La-lucha-visera-roja.jpg\" alt=\"Outfits: Visera estampada granate\" width=\"2707\" height=\"1895\" srcset=\"https:\/\/www.maistendencia.com\/blog\/wp-content\/uploads\/2018\/04\/Sombreros-La-lucha-visera-roja.jpg 2707w, https:\/\/www.maistendencia.com\/blog\/wp-content\/uploads\/2018\/04\/Sombreros-La-lucha-visera-roja-300x210.jpg 300w, https:\/\/www.maistendencia.com\/blog\/wp-content\/uploads\/2018\/04\/Sombreros-La-lucha-visera-roja-1024x717.jpg 1024w\" sizes=\"auto, (max-width: 2707px) 100vw, 2707px\" \/><\/p>\n<p><img loading=\"lazy\" decoding=\"async\" class=\"alignnone wp-image-5982 size-full\" title=\"Outfits: Visera estampada granate\" src=\"https:\/\/www.maistendencia.com\/blog\/wp-content\/uploads\/2018\/05\/Sombreros-La-lucha-visera-roja-e1526976386770.jpg\" alt=\"Outfits: Visera estampada granate\" width=\"975\" height=\"690\" srcset=\"https:\/\/www.maistendencia.com\/blog\/wp-content\/uploads\/2018\/05\/Sombreros-La-lucha-visera-roja-e1526976386770.jpg 975w, https:\/\/www.maistendencia.com\/blog\/wp-content\/uploads\/2018\/05\/Sombreros-La-lucha-visera-roja-e1526976386770-300x212.jpg 300w\" sizes=\"auto, (max-width: 975px) 100vw, 975px\" \/><\/p>\n<h3>Sombreros de fieltro<\/h3>\n<p style=\"text-align: justify;\">Dejando de lado las viseras, el <strong><em>pork pie<\/em> es otro sombrero cl\u00e1sico que nunca pasa de <a href=\"https:\/\/www.maistendencia.com\/1-moda\">moda<\/a><\/strong>. Tanto en tela como en paja, este sombrero siempre viste cualquier conjunto. El que os sugerimos<strong> est\u00e1 hecho de fieltro de lana<\/strong> y decorado con unos detalles de plumas que lo hacen una opci\u00f3n perfecta para una ocasi\u00f3n especial.<\/p>\n<p><img loading=\"lazy\" decoding=\"async\" class=\"alignnone wp-image-5617 size-full\" title=\"pork pie es otro sombrero cl\u00e1sico que nunca pasa de moda\" src=\"https:\/\/www.maistendencia.com\/blog\/wp-content\/uploads\/2018\/04\/La-lucha-sombrero-hombre.jpg\" alt=\"pork pie es otro sombrero cl\u00e1sico que nunca pasa de moda\" width=\"3000\" height=\"2000\" srcset=\"https:\/\/www.maistendencia.com\/blog\/wp-content\/uploads\/2018\/04\/La-lucha-sombrero-hombre.jpg 3000w, https:\/\/www.maistendencia.com\/blog\/wp-content\/uploads\/2018\/04\/La-lucha-sombrero-hombre-300x200.jpg 300w, https:\/\/www.maistendencia.com\/blog\/wp-content\/uploads\/2018\/04\/La-lucha-sombrero-hombre-1024x683.jpg 1024w, https:\/\/www.maistendencia.com\/blog\/wp-content\/uploads\/2018\/04\/La-lucha-sombrero-hombre-400x266.jpg 400w, https:\/\/www.maistendencia.com\/blog\/wp-content\/uploads\/2018\/04\/La-lucha-sombrero-hombre-50x33.jpg 50w\" sizes=\"auto, (max-width: 3000px) 100vw, 3000px\" \/><\/p>\n<p style=\"text-align: justify;\">En piel de conejo, queremos destacar una opci\u00f3n muy c\u00f3moda y vers\u00e1til en color verde. Se trata de un sombrero tipo<strong> fedora de ala ancha<\/strong> que es moldeable, es decir; se puede enrollar para guardarlo y aplastar sin que pierda su forma, por lo que <strong>puedes llevarlo en cualquier parte<\/strong>. Tiene tambi\u00e9n una cinta decorativa en varios colores.<\/p>\n<p><img loading=\"lazy\" decoding=\"async\" class=\"alignnone wp-image-5624 size-full\" title=\"Sombrero tipo fedora de ala ancha moldeable\" src=\"https:\/\/www.maistendencia.com\/blog\/wp-content\/uploads\/2018\/04\/Sombreros-La-lucha-verde.jpg\" alt=\"Sombrero tipo fedora de ala ancha moldeable\" width=\"2000\" height=\"3000\" srcset=\"https:\/\/www.maistendencia.com\/blog\/wp-content\/uploads\/2018\/04\/Sombreros-La-lucha-verde.jpg 2000w, https:\/\/www.maistendencia.com\/blog\/wp-content\/uploads\/2018\/04\/Sombreros-La-lucha-verde-200x300.jpg 200w, https:\/\/www.maistendencia.com\/blog\/wp-content\/uploads\/2018\/04\/Sombreros-La-lucha-verde-683x1024.jpg 683w\" sizes=\"auto, (max-width: 2000px) 100vw, 2000px\" \/><\/p>\n<p style=\"text-align: justify;\">Otra opci\u00f3n ponible con cualquier outfit es esta fedora que, aunque parezca negra, <strong>combina dos tonos en gris<\/strong> logrando un efecto muy interesante y elegante. El gris m\u00e1s oscuro del cuerpo del sombrero, hecho en lana, contrasta con el claro de la banda decorativa haci\u00e9ndolo el complemento perfecto para cualquier situaci\u00f3n. <strong>Un cl\u00e1sico que nunca falla.<\/strong><\/p>\n<p><img loading=\"lazy\" decoding=\"async\" class=\"alignnone wp-image-5619 size-full\" title=\"Sombreros hombre La lucha gris\" src=\"https:\/\/www.maistendencia.com\/blog\/wp-content\/uploads\/2018\/04\/Sombreros-La-lucha-gris.jpg\" alt=\"Sombreros hombre La lucha gris\" width=\"2625\" height=\"1749\" srcset=\"https:\/\/www.maistendencia.com\/blog\/wp-content\/uploads\/2018\/04\/Sombreros-La-lucha-gris.jpg 2625w, https:\/\/www.maistendencia.com\/blog\/wp-content\/uploads\/2018\/04\/Sombreros-La-lucha-gris-300x200.jpg 300w, https:\/\/www.maistendencia.com\/blog\/wp-content\/uploads\/2018\/04\/Sombreros-La-lucha-gris-1024x682.jpg 1024w, https:\/\/www.maistendencia.com\/blog\/wp-content\/uploads\/2018\/04\/Sombreros-La-lucha-gris-400x266.jpg 400w, https:\/\/www.maistendencia.com\/blog\/wp-content\/uploads\/2018\/04\/Sombreros-La-lucha-gris-50x33.jpg 50w\" sizes=\"auto, (max-width: 2625px) 100vw, 2625px\" \/><\/p>\n<p><img loading=\"lazy\" decoding=\"async\" class=\"alignnone wp-image-5986 size-full\" title=\"Sombreros hombre La lucha gris\" src=\"https:\/\/www.maistendencia.com\/blog\/wp-content\/uploads\/2018\/05\/Sombreros-La-lucha-detalle-gris-e1526977928911.jpg\" alt=\"Sombreros La lucha detalle gris\" width=\"540\" height=\"393\" srcset=\"https:\/\/www.maistendencia.com\/blog\/wp-content\/uploads\/2018\/05\/Sombreros-La-lucha-detalle-gris-e1526977928911.jpg 540w, https:\/\/www.maistendencia.com\/blog\/wp-content\/uploads\/2018\/05\/Sombreros-La-lucha-detalle-gris-e1526977928911-300x218.jpg 300w\" sizes=\"auto, (max-width: 540px) 100vw, 540px\" \/><\/p>\n<h3 style=\"text-align: justify;\">Sombreros de paja<\/h3>\n<p style=\"text-align: justify;\"><span style=\"font-weight: 400;\">Los <\/span><b>sombreros m\u00e1s frescos para los d\u00edas en que pega fuerte el sol<\/b><span style=\"font-weight: 400;\"> son los hechos de paja. Para chicos los modelos que m\u00e1s se llevan son los sombreros panam\u00e1 y las fedoras, que para esta \u00e9poca del a\u00f1o vienen en colores muy veraniegos como el blanco, el amarillo y los tonos tostados.<\/span><\/p>\n<div id=\"metaslider-id-5905\" style=\"width: 100%; margin: 0 auto;\" class=\"ml-slider-3-108-0 metaslider metaslider-flex metaslider-5905 ml-slider has-dots-nav has-carousel-mode ms-theme-default\" role=\"region\" aria-label=\"Sombreros La Lucha chico\" data-height=\"700\" data-width=\"700\">\n    <div id=\"metaslider_container_5905\">\n        <div id=\"metaslider_5905\">\n            <ul class='slides'>\n                <li style=\"display: none; width: 100%;\" class=\"slide-5908 ms-image \" aria-roledescription=\"slide\" data-date=\"2018-05-15 13:15:53\" data-filename=\"La-lucha-sombrero.jpg\" data-slide-type=\"image\"><img loading=\"lazy\" decoding=\"async\" width=\"3000\" height=\"2000\" src=\"https:\/\/www.maistendencia.com\/blog\/wp-content\/uploads\/2018\/04\/La-lucha-sombrero.jpg\" class=\"slider-5905 slide-5908 msDefaultImage\" alt=\"La lucha sombrero - Sombrero hombre\" rel=\"\" title=\"La lucha sombrero - Sombrero hombre\" style=\"margin-top: 16.666666666667%\" srcset=\"https:\/\/www.maistendencia.com\/blog\/wp-content\/uploads\/2018\/04\/La-lucha-sombrero.jpg 3000w, https:\/\/www.maistendencia.com\/blog\/wp-content\/uploads\/2018\/04\/La-lucha-sombrero-300x200.jpg 300w, https:\/\/www.maistendencia.com\/blog\/wp-content\/uploads\/2018\/04\/La-lucha-sombrero-1024x683.jpg 1024w, https:\/\/www.maistendencia.com\/blog\/wp-content\/uploads\/2018\/04\/La-lucha-sombrero-400x266.jpg 400w, https:\/\/www.maistendencia.com\/blog\/wp-content\/uploads\/2018\/04\/La-lucha-sombrero-50x33.jpg 50w\" sizes=\"auto, (max-width: 3000px) 100vw, 3000px\" \/><\/li>\n                <li style=\"display: none; width: 100%;\" class=\"slide-5907 ms-image \" aria-roledescription=\"slide\" data-date=\"2018-05-15 13:15:53\" data-filename=\"La-lucha-sombrero-1.jpg\" data-slide-type=\"image\"><img loading=\"lazy\" decoding=\"async\" width=\"2809\" height=\"2000\" src=\"https:\/\/www.maistendencia.com\/blog\/wp-content\/uploads\/2018\/04\/La-lucha-sombrero-1.jpg\" class=\"slider-5905 slide-5907 msDefaultImage\" alt=\"La lucha, sombrero - Sombreros hombre\" rel=\"\" title=\"La lucha, sombrero - Sombreros hombre\" style=\"margin-top: 14.40014239943%\" srcset=\"https:\/\/www.maistendencia.com\/blog\/wp-content\/uploads\/2018\/04\/La-lucha-sombrero-1.jpg 2809w, https:\/\/www.maistendencia.com\/blog\/wp-content\/uploads\/2018\/04\/La-lucha-sombrero-1-300x214.jpg 300w, https:\/\/www.maistendencia.com\/blog\/wp-content\/uploads\/2018\/04\/La-lucha-sombrero-1-1024x729.jpg 1024w\" sizes=\"auto, (max-width: 2809px) 100vw, 2809px\" \/><\/li>\n                <li style=\"display: none; width: 100%;\" class=\"slide-5990 ms-image \" aria-roledescription=\"slide\" data-date=\"2018-05-22 10:37:04\" data-filename=\"La-lucha-sombrero-e1526977155135.jpg\" data-slide-type=\"image\"><img loading=\"lazy\" decoding=\"async\" width=\"1290\" height=\"905\" src=\"https:\/\/www.maistendencia.com\/blog\/wp-content\/uploads\/2018\/05\/La-lucha-sombrero-e1526977155135.jpg\" class=\"slider-5905 slide-5990 msDefaultImage\" alt=\"La lucha, sombrero mujer\" rel=\"\" title=\"La lucha, sombrero\" style=\"margin-top: 14.922480620155%\" srcset=\"https:\/\/www.maistendencia.com\/blog\/wp-content\/uploads\/2018\/05\/La-lucha-sombrero-e1526977155135.jpg 1290w, https:\/\/www.maistendencia.com\/blog\/wp-content\/uploads\/2018\/05\/La-lucha-sombrero-e1526977155135-300x210.jpg 300w, https:\/\/www.maistendencia.com\/blog\/wp-content\/uploads\/2018\/05\/La-lucha-sombrero-e1526977155135-1024x718.jpg 1024w\" sizes=\"auto, (max-width: 1290px) 100vw, 1290px\" \/><\/li>\n                <li style=\"display: none; width: 100%;\" class=\"slide-5910 ms-image \" aria-roledescription=\"slide\" data-date=\"2018-05-15 13:15:54\" data-filename=\"La-lucha-sombreros.jpg\" data-slide-type=\"image\"><img loading=\"lazy\" decoding=\"async\" width=\"3000\" height=\"2000\" src=\"https:\/\/www.maistendencia.com\/blog\/wp-content\/uploads\/2018\/04\/La-lucha-sombreros.jpg\" class=\"slider-5905 slide-5910 msDefaultImage\" alt=\"Sombreros hombre - La lucha\" rel=\"\" title=\"La lucha, sombreros\" style=\"margin-top: 16.666666666667%\" srcset=\"https:\/\/www.maistendencia.com\/blog\/wp-content\/uploads\/2018\/04\/La-lucha-sombreros.jpg 3000w, https:\/\/www.maistendencia.com\/blog\/wp-content\/uploads\/2018\/04\/La-lucha-sombreros-300x200.jpg 300w, https:\/\/www.maistendencia.com\/blog\/wp-content\/uploads\/2018\/04\/La-lucha-sombreros-1024x683.jpg 1024w, https:\/\/www.maistendencia.com\/blog\/wp-content\/uploads\/2018\/04\/La-lucha-sombreros-400x266.jpg 400w, https:\/\/www.maistendencia.com\/blog\/wp-content\/uploads\/2018\/04\/La-lucha-sombreros-50x33.jpg 50w\" sizes=\"auto, (max-width: 3000px) 100vw, 3000px\" \/><\/li>\n            <\/ul>\n        <\/div>\n        \n    <\/div>\n<\/div>\n<p style=\"text-align: justify;\"><span style=\"font-weight: 400;\">Para las chicas, Sombreros La Lucha nos propone pamelas, sombreros indiana y fedoras. Dentro de este tipo de sombreros, las opciones son muy diversas y para todos los gustos. <\/span><\/p>\n<p style=\"text-align: justify;\"><span style=\"font-weight: 400;\">Atr\u00e9vete con los diferentes tipos de materiales: <\/span><b>paja blanca, sisal, toquilla\u2026<\/b><span style=\"font-weight: 400;\"> que se elaboran<\/span><b> tejidos a mano<\/b><span style=\"font-weight: 400;\">, incluyendo algo de poli\u00e9ster para mayor flexibilidad y comodidad a la hora de llevarlos puestos. <\/span><\/p>\n<p style=\"text-align: justify;\"><span style=\"font-weight: 400;\">Tambi\u00e9n puedes arriesgarte con colores vivos como en el caso de la pamela fucsia que te mostramos a continuaci\u00f3n.<\/span><\/p>\n<p>Puedes complementar tus looks de verano con otros complementos ideales de nuestra tienda online. <a href=\"https:\/\/www.maistendencia.com\/3-relojeria\">Relojes hombre y mujer<\/a>, <a href=\"https:\/\/www.maistendencia.com\/2-joyeria\">joyas hombre y mujer<\/a><\/p>\n<div id=\"metaslider-id-5906\" style=\"width: 100%; margin: 0 auto;\" class=\"ml-slider-3-108-0 metaslider metaslider-flex metaslider-5906 ml-slider has-dots-nav has-carousel-mode ms-theme-default\" role=\"region\" aria-label=\"Sombreros La Lucha chica\" data-height=\"700\" data-width=\"700\">\n    <div id=\"metaslider_container_5906\">\n        <div id=\"metaslider_5906\">\n            <ul class='slides'>\n                <li style=\"display: none; width: 100%;\" class=\"slide-5916 ms-image \" aria-roledescription=\"slide\" data-date=\"2018-05-16 09:17:27\" data-filename=\"Sombreros-La-lucha-mujer.jpg\" data-slide-type=\"image\"><img loading=\"lazy\" decoding=\"async\" width=\"2688\" height=\"1808\" src=\"https:\/\/www.maistendencia.com\/blog\/wp-content\/uploads\/2018\/04\/Sombreros-La-lucha-mujer.jpg\" class=\"slider-5906 slide-5916 msDefaultImage\" alt=\"Sombreros La lucha, mujer\" rel=\"\" title=\"Sombreros La lucha, mujer\" style=\"margin-top: 16.369047619048%\" srcset=\"https:\/\/www.maistendencia.com\/blog\/wp-content\/uploads\/2018\/04\/Sombreros-La-lucha-mujer.jpg 2688w, https:\/\/www.maistendencia.com\/blog\/wp-content\/uploads\/2018\/04\/Sombreros-La-lucha-mujer-300x202.jpg 300w, https:\/\/www.maistendencia.com\/blog\/wp-content\/uploads\/2018\/04\/Sombreros-La-lucha-mujer-1024x689.jpg 1024w, https:\/\/www.maistendencia.com\/blog\/wp-content\/uploads\/2018\/04\/Sombreros-La-lucha-mujer-50x33.jpg 50w\" sizes=\"auto, (max-width: 2688px) 100vw, 2688px\" \/><\/li>\n                <li style=\"display: none; width: 100%;\" class=\"slide-5917 ms-image \" aria-roledescription=\"slide\" data-date=\"2018-05-16 09:17:28\" data-filename=\"Sombreros-La-lucha-pamela-fucsia.jpg\" data-slide-type=\"image\"><img loading=\"lazy\" decoding=\"async\" width=\"2670\" height=\"1768\" src=\"https:\/\/www.maistendencia.com\/blog\/wp-content\/uploads\/2018\/04\/Sombreros-La-lucha-pamela-fucsia.jpg\" class=\"slider-5906 slide-5917 msDefaultImage\" alt=\"Sombreros La lucha, pamela fucsia\" rel=\"\" title=\"Sombreros La lucha, pamela fucsia\" style=\"margin-top: 16.89138576779%\" srcset=\"https:\/\/www.maistendencia.com\/blog\/wp-content\/uploads\/2018\/04\/Sombreros-La-lucha-pamela-fucsia.jpg 2670w, https:\/\/www.maistendencia.com\/blog\/wp-content\/uploads\/2018\/04\/Sombreros-La-lucha-pamela-fucsia-300x199.jpg 300w, https:\/\/www.maistendencia.com\/blog\/wp-content\/uploads\/2018\/04\/Sombreros-La-lucha-pamela-fucsia-1024x678.jpg 1024w, https:\/\/www.maistendencia.com\/blog\/wp-content\/uploads\/2018\/04\/Sombreros-La-lucha-pamela-fucsia-400x266.jpg 400w, https:\/\/www.maistendencia.com\/blog\/wp-content\/uploads\/2018\/04\/Sombreros-La-lucha-pamela-fucsia-50x33.jpg 50w\" sizes=\"auto, (max-width: 2670px) 100vw, 2670px\" \/><\/li>\n                <li style=\"display: none; width: 100%;\" class=\"slide-5924 ms-image \" aria-roledescription=\"slide\" data-date=\"2018-05-16 17:40:00\" data-filename=\"Sombreros-La-lucha.jpg\" data-slide-type=\"image\"><img loading=\"lazy\" decoding=\"async\" width=\"2751\" height=\"1947\" src=\"https:\/\/www.maistendencia.com\/blog\/wp-content\/uploads\/2018\/04\/Sombreros-La-lucha.jpg\" class=\"slider-5906 slide-5924 msDefaultImage\" alt=\"Sombreros La lucha - Sombreros Mujer\" rel=\"\" title=\"Sombreros La lucha - Sombreros Mujer\" style=\"margin-top: 14.612868047983%\" srcset=\"https:\/\/www.maistendencia.com\/blog\/wp-content\/uploads\/2018\/04\/Sombreros-La-lucha.jpg 2751w, https:\/\/www.maistendencia.com\/blog\/wp-content\/uploads\/2018\/04\/Sombreros-La-lucha-300x212.jpg 300w, https:\/\/www.maistendencia.com\/blog\/wp-content\/uploads\/2018\/04\/Sombreros-La-lucha-1024x725.jpg 1024w\" sizes=\"auto, (max-width: 2751px) 100vw, 2751px\" \/><\/li>\n                <li style=\"display: none; width: 100%;\" class=\"slide-5991 ms-image \" aria-roledescription=\"slide\" data-date=\"2018-05-22 10:37:37\" data-filename=\"Sombreros-La-lucha-e1526977558910.jpg\" data-slide-type=\"image\"><img loading=\"lazy\" decoding=\"async\" width=\"1243\" height=\"980\" src=\"https:\/\/www.maistendencia.com\/blog\/wp-content\/uploads\/2018\/05\/Sombreros-La-lucha-e1526977558910.jpg\" class=\"slider-5906 slide-5991 msDefaultImage\" alt=\"Sombreros Mujer La lucha\" rel=\"\" title=\"Sombreros La lucha\" style=\"margin-top: 10.579243765084%\" srcset=\"https:\/\/www.maistendencia.com\/blog\/wp-content\/uploads\/2018\/05\/Sombreros-La-lucha-e1526977558910.jpg 1243w, https:\/\/www.maistendencia.com\/blog\/wp-content\/uploads\/2018\/05\/Sombreros-La-lucha-e1526977558910-300x237.jpg 300w, https:\/\/www.maistendencia.com\/blog\/wp-content\/uploads\/2018\/05\/Sombreros-La-lucha-e1526977558910-1024x807.jpg 1024w\" sizes=\"auto, (max-width: 1243px) 100vw, 1243px\" \/><\/li>\n                <li style=\"display: none; width: 100%;\" class=\"slide-5918 ms-image \" aria-roledescription=\"slide\" data-date=\"2018-05-16 09:17:28\" data-filename=\"Sombreros-La-lucha-pamela-negra.jpg\" data-slide-type=\"image\"><img loading=\"lazy\" decoding=\"async\" width=\"2874\" height=\"1916\" src=\"https:\/\/www.maistendencia.com\/blog\/wp-content\/uploads\/2018\/04\/Sombreros-La-lucha-pamela-negra.jpg\" class=\"slider-5906 slide-5918 msDefaultImage\" alt=\"Sombreros La lucha, pamela negra\" rel=\"\" title=\"Sombreros La lucha, pamela negra\" style=\"margin-top: 16.666666666667%\" srcset=\"https:\/\/www.maistendencia.com\/blog\/wp-content\/uploads\/2018\/04\/Sombreros-La-lucha-pamela-negra.jpg 2874w, https:\/\/www.maistendencia.com\/blog\/wp-content\/uploads\/2018\/04\/Sombreros-La-lucha-pamela-negra-300x200.jpg 300w, https:\/\/www.maistendencia.com\/blog\/wp-content\/uploads\/2018\/04\/Sombreros-La-lucha-pamela-negra-1024x683.jpg 1024w, https:\/\/www.maistendencia.com\/blog\/wp-content\/uploads\/2018\/04\/Sombreros-La-lucha-pamela-negra-400x266.jpg 400w, https:\/\/www.maistendencia.com\/blog\/wp-content\/uploads\/2018\/04\/Sombreros-La-lucha-pamela-negra-50x33.jpg 50w\" sizes=\"auto, (max-width: 2874px) 100vw, 2874px\" \/><\/li>\n            <\/ul>\n        <\/div>\n        \n    <\/div>\n<\/div>\n<p>Modelos:\u00a0Agencia Luena<\/p>\n<div class=\"bloque-destacado-post\"><a href=\"https:\/\/www.maistendencia.com\/1-moda\">P\u00e1sate a echar un vistado a nuestra secci\u00f3n de moda de nuestra tienda online.<\/a><\/div>\n<strong>Texto de<\/strong><br\/><br\/><div style=\"width:100%;height:auto;\"><div style=\"float:left;margin:0px 10px 10px 0px;\"><img alt='' src='https:\/\/secure.gravatar.com\/avatar\/131f1bf6d42065a0c1d3ecc19f8c6e5a?s=111&amp;d=https%3A%2F%2Fsecure.gravatar.com%2Favatar%2Fad516503a11cd5ca435acc9bb6523536%3Fs%3D111&amp;r=G' class='avatar avatar-111 photo' height='111' width='111' \/><\/div><div style=\"padding-left:25%;\"><strong>Alba R Cougil<\/strong><br\/><br\/><a href=\"mailto:acougil@ourensecca.com\">Correo electr\u00f3nico<\/a><br\/><br\/><div class=\"author-description\"><div class=\"autor-enlaces\"><\/div><\/div><\/div><\/div><div class=\"clear\"><\/div>\n<strong>Fotograf\u00edas de<\/strong><br\/><br\/><div style=\"width:100%;height:auto;\"><div style=\"float:left;margin:0px 10px 10px 0px;\"><img loading=\"lazy\" decoding=\"async\" src=\"https:\/\/www.maistendencia.com\/blog\/wp-content\/authors\/Aida-20.jpg\" class=\"avatar photo\" alt=\"Aida Argibay\" width=\"111\" height=\"111\" \/><\/div><div style=\"padding-left:25%;\"><strong>Aida Argibay<\/strong><br\/><br\/><a href=\"mailto:\">Correo electr\u00f3nico<\/a><br\/><br\/><div class=\"author-description\"><div class=\"autor-enlaces\"><\/div><\/div><\/div><\/div><div class=\"clear\"><\/div>\n","protected":false},"excerpt":{"rendered":"<p>Sombreros La Lucha es una de las tiendas m\u00e1s antiguas de la ciudad, fundada en 1917 y regentada durante estos 100 a\u00f1os como negocio familiar. Sin embargo, pese a que su local y su aspecto&#8230;<br \/><a href=\"https:\/\/www.maistendencia.com\/blog\/el-sombrero-sera-tu-mejor-aliado-este-verano\/\"> Continuar leyendo&#8230;<\/a><\/p>\n","protected":false},"author":28,"featured_media":5634,"comment_status":"open","ping_status":"closed","sticky":false,"template":"","format":"standard","meta":{"footnotes":""},"categories":[57,6,11,3],"tags":[321,77,317,13,420],"class_list":["post-5895","post","type-post","status-publish","format-standard","has-post-thumbnail","hentry","category-de-tiendas","category-destacados","category-looks","category-moda","tag-accesorios","tag-comercio-local","tag-complementos","tag-tendencias","tag-verano"],"aioseo_notices":[],"_links":{"self":[{"href":"https:\/\/www.maistendencia.com\/blog\/wp-json\/wp\/v2\/posts\/5895","targetHints":{"allow":["GET"]}}],"collection":[{"href":"https:\/\/www.maistendencia.com\/blog\/wp-json\/wp\/v2\/posts"}],"about":[{"href":"https:\/\/www.maistendencia.com\/blog\/wp-json\/wp\/v2\/types\/post"}],"author":[{"embeddable":true,"href":"https:\/\/www.maistendencia.com\/blog\/wp-json\/wp\/v2\/users\/28"}],"replies":[{"embeddable":true,"href":"https:\/\/www.maistendencia.com\/blog\/wp-json\/wp\/v2\/comments?post=5895"}],"version-history":[{"count":1,"href":"https:\/\/www.maistendencia.com\/blog\/wp-json\/wp\/v2\/posts\/5895\/revisions"}],"predecessor-version":[{"id":9013,"href":"https:\/\/www.maistendencia.com\/blog\/wp-json\/wp\/v2\/posts\/5895\/revisions\/9013"}],"wp:featuredmedia":[{"embeddable":true,"href":"https:\/\/www.maistendencia.com\/blog\/wp-json\/wp\/v2\/media\/5634"}],"wp:attachment":[{"href":"https:\/\/www.maistendencia.com\/blog\/wp-json\/wp\/v2\/media?parent=5895"}],"wp:term":[{"taxonomy":"category","embeddable":true,"href":"https:\/\/www.maistendencia.com\/blog\/wp-json\/wp\/v2\/categories?post=5895"},{"taxonomy":"post_tag","embeddable":true,"href":"https:\/\/www.maistendencia.com\/blog\/wp-json\/wp\/v2\/tags?post=5895"}],"curies":[{"name":"wp","href":"https:\/\/api.w.org\/{rel}","templated":true}]}}