{"id":5798,"date":"2018-05-16T11:15:14","date_gmt":"2018-05-16T09:15:14","guid":{"rendered":"http:\/\/www.maistendencia.com\/?p=5798"},"modified":"2020-07-20T10:30:05","modified_gmt":"2020-07-20T08:30:05","slug":"las-tallas-grandes-no-estan-renidas-con-la-moda","status":"publish","type":"post","link":"https:\/\/www.maistendencia.com\/blog\/las-tallas-grandes-no-estan-renidas-con-la-moda\/","title":{"rendered":"Las tallas grandes no est\u00e1n re\u00f1idas con la moda"},"content":{"rendered":"<p style=\"text-align: justify;\">Para las que nunca ten\u00e9is tiempo para ir de compras por compaginar el trabajo con otros quehaceres, una buena opci\u00f3n para este verano es la <strong><a href=\"https:\/\/www.maistendencia.com\/1-moda\">moda m\u00e1s fresca<\/a> de la mano de Komodamoda y Adolfo Dom\u00ednguez<\/strong>. Os sugerimos algunas ideas para las que utilic\u00e9is tallas grandes y no sep\u00e1is donde encontrar ropa moderna y juvenil<strong> que se adapte a vuestra figura<\/strong> en Ourense.<\/p>\n<p style=\"text-align: justify;\">Empezamos por las <strong>blusas y camisas<\/strong>. Tanto en <a href=\"https:\/\/www.adolfodominguez.com\/es\/\">Adolfo Dom\u00ednguez<\/a> como en <a href=\"http:\/\/www.komodamoda.es\/\">Komodamoda<\/a> pod\u00e9is encontrar una amplia variedad de estilos diferentes dentro de esta prenda, que con unos vaqueros o cualquier tipo de pantal\u00f3n <strong>pueden convertir un look sencillo en uno atrevido y vers\u00e1til<\/strong> para diferentes ocasiones.<\/p>\n<p style=\"text-align: justify;\">Desde el <strong>corte oriental<\/strong>, que est\u00e1 siendo una de las tendencias de este a\u00f1o, como es el caso de esta camisa en rojo y blanco, a camisas m\u00e1s sobrias que a\u00f1aden un toque de color que marca la diferencia como esta en verde pistacho o esta fucsia con volantes, dos colores ideales para esta temporada de buen tiempo. Otra moda que est\u00e1 empezando a despegar esta primavera es el <strong>tejido \u2018texturizado\u2019<\/strong>, como el de esta camiseta turquesa, tambi\u00e9n de un color muy vivo para la \u00e9poca.<\/p>\n<div id=\"metaslider-id-5740\" style=\"width: 100%; margin: 0 auto;\" class=\"ml-slider-3-108-0 metaslider metaslider-flex metaslider-5740 ml-slider has-dots-nav has-carousel-mode ms-theme-default\" role=\"region\" aria-label=\"Tallas grandes 1\u00ba\" data-height=\"700\" data-width=\"700\">\n    <div id=\"metaslider_container_5740\">\n        <div id=\"metaslider_5740\">\n            <ul class='slides'>\n                <li style=\"display: none; width: 100%;\" class=\"slide-5741 ms-image \" aria-roledescription=\"slide\" data-date=\"2018-05-10 13:45:36\" data-filename=\"camisa-cuello.jpg\" data-slide-type=\"image\"><img loading=\"lazy\" decoding=\"async\" width=\"640\" height=\"880\" src=\"https:\/\/www.maistendencia.com\/blog\/wp-content\/uploads\/2018\/04\/camisa-cuello.jpg\" class=\"slider-5740 slide-5741 msDefaultImage\" alt=\"camisa cuello japones corte oriental Adolfo Dom\u00ednguez\" rel=\"\" title=\"camisa cuello japones corte oriental Adolfo Dom\u00ednguez\" style=\"margin: 0 auto; width: 72.727272727273%\" srcset=\"https:\/\/www.maistendencia.com\/blog\/wp-content\/uploads\/2018\/04\/camisa-cuello.jpg 640w, https:\/\/www.maistendencia.com\/blog\/wp-content\/uploads\/2018\/04\/camisa-cuello-218x300.jpg 218w\" sizes=\"auto, (max-width: 640px) 100vw, 640px\" \/><\/li>\n                <li style=\"display: none; width: 100%;\" class=\"slide-5742 ms-image \" aria-roledescription=\"slide\" data-date=\"2018-05-10 13:45:37\" data-filename=\"blusa-verde.jpg\" data-slide-type=\"image\"><img loading=\"lazy\" decoding=\"async\" width=\"640\" height=\"880\" src=\"https:\/\/www.maistendencia.com\/blog\/wp-content\/uploads\/2018\/04\/blusa-verde.jpg\" class=\"slider-5740 slide-5742 msDefaultImage\" alt=\"blusa verde Adolfo Dom\u00ednguez\" rel=\"\" title=\"blusa verde Adolfo Dom\u00ednguez\" style=\"margin: 0 auto; width: 72.727272727273%\" srcset=\"https:\/\/www.maistendencia.com\/blog\/wp-content\/uploads\/2018\/04\/blusa-verde.jpg 640w, https:\/\/www.maistendencia.com\/blog\/wp-content\/uploads\/2018\/04\/blusa-verde-218x300.jpg 218w\" sizes=\"auto, (max-width: 640px) 100vw, 640px\" \/><\/li>\n                <li style=\"display: none; width: 100%;\" class=\"slide-5743 ms-image \" aria-roledescription=\"slide\" data-date=\"2018-05-10 13:45:37\" data-filename=\"Komodamoda-blusa-rosa.jpg\" data-slide-type=\"image\"><img loading=\"lazy\" decoding=\"async\" width=\"574\" height=\"929\" src=\"https:\/\/www.maistendencia.com\/blog\/wp-content\/uploads\/2018\/04\/Komodamoda-blusa-rosa.jpg\" class=\"slider-5740 slide-5743 msDefaultImage\" alt=\"blusa rosa Komodamoda Tallas Grandes\" rel=\"\" title=\"blusa rosa Komodamoda Tallas Grandes\" style=\"margin: 0 auto; width: 61.786867599569%\" srcset=\"https:\/\/www.maistendencia.com\/blog\/wp-content\/uploads\/2018\/04\/Komodamoda-blusa-rosa.jpg 574w, https:\/\/www.maistendencia.com\/blog\/wp-content\/uploads\/2018\/04\/Komodamoda-blusa-rosa-185x300.jpg 185w\" sizes=\"auto, (max-width: 574px) 100vw, 574px\" \/><\/li>\n                <li style=\"display: none; width: 100%;\" class=\"slide-5744 ms-image \" aria-roledescription=\"slide\" data-date=\"2018-05-10 13:45:37\" data-filename=\"camiseta-verde.jpg\" data-slide-type=\"image\"><img loading=\"lazy\" decoding=\"async\" width=\"640\" height=\"880\" src=\"https:\/\/www.maistendencia.com\/blog\/wp-content\/uploads\/2018\/04\/camiseta-verde.jpg\" class=\"slider-5740 slide-5744 msDefaultImage\" alt=\"camiseta verde Adolfo Dom\u00ednguez\" rel=\"\" title=\"camiseta verde Adolfo Dom\u00ednguez\" style=\"margin: 0 auto; width: 72.727272727273%\" srcset=\"https:\/\/www.maistendencia.com\/blog\/wp-content\/uploads\/2018\/04\/camiseta-verde.jpg 640w, https:\/\/www.maistendencia.com\/blog\/wp-content\/uploads\/2018\/04\/camiseta-verde-218x300.jpg 218w\" sizes=\"auto, (max-width: 640px) 100vw, 640px\" \/><\/li>\n            <\/ul>\n        <\/div>\n        \n    <\/div>\n<\/div>\n<p><em>Camisa corte oriental: Adolfo Dom\u00ednguez<\/em><br \/>\n<em>Camisa verde pistacho: Adolfo Dom\u00ednguez<\/em><br \/>\n<em>Camisa fucsia con volantes: Komodamoda<\/em><br \/>\n<em>Camiseta turquesa: Adolfo Dom\u00ednguez<\/em><\/p>\n<p style=\"text-align: justify;\">Para ir fresquitas con este calor tambi\u00e9n os proponemos dos opciones de<strong> camisas m\u00e1s sueltas con diferentes <em>prints<\/em><\/strong>, como pueden ser esta camisa de cuello de caja estilo safari o esta de rayas verticales en negro y blanco, dos colores que combinan con todo.<\/p>\n<div id=\"metaslider-id-5745\" style=\"width: 100%; margin: 0 auto;\" class=\"ml-slider-3-108-0 metaslider metaslider-flex metaslider-5745 ml-slider has-dots-nav has-carousel-mode ms-theme-default\" role=\"region\" aria-label=\"Tallas grandes 2\u00ba\" data-height=\"700\" data-width=\"700\">\n    <div id=\"metaslider_container_5745\">\n        <div id=\"metaslider_5745\">\n            <ul class='slides'>\n                <li style=\"display: none; width: 100%;\" class=\"slide-5746 ms-image \" aria-roledescription=\"slide\" data-date=\"2018-05-10 13:46:52\" data-filename=\"224236078181A.jpg\" data-slide-type=\"image\"><img loading=\"lazy\" decoding=\"async\" width=\"640\" height=\"880\" src=\"https:\/\/www.maistendencia.com\/blog\/wp-content\/uploads\/2018\/04\/224236078181A.jpg\" class=\"slider-5745 slide-5746 msDefaultImage\" alt=\"Camisa safari: Adolfo Dom\u00ednguez\" rel=\"\" title=\"Camisa safari: Adolfo Dom\u00ednguez\" style=\"margin: 0 auto; width: 72.727272727273%\" srcset=\"https:\/\/www.maistendencia.com\/blog\/wp-content\/uploads\/2018\/04\/224236078181A.jpg 640w, https:\/\/www.maistendencia.com\/blog\/wp-content\/uploads\/2018\/04\/224236078181A-218x300.jpg 218w\" sizes=\"auto, (max-width: 640px) 100vw, 640px\" \/><\/li>\n                <li style=\"display: none; width: 100%;\" class=\"slide-5747 ms-image \" aria-roledescription=\"slide\" data-date=\"2018-05-10 13:46:52\" data-filename=\"komodamoda-blusa-raias.jpg\" data-slide-type=\"image\"><img loading=\"lazy\" decoding=\"async\" width=\"464\" height=\"911\" src=\"https:\/\/www.maistendencia.com\/blog\/wp-content\/uploads\/2018\/04\/komodamoda-blusa-raias.jpg\" class=\"slider-5745 slide-5747 msDefaultImage\" alt=\"blusa rayas Komodamoda Tallas Grandes\" rel=\"\" title=\"blusa rayas Komodamoda Tallas Grandes\" style=\"margin: 0 auto; width: 50.933040614709%\" srcset=\"https:\/\/www.maistendencia.com\/blog\/wp-content\/uploads\/2018\/04\/komodamoda-blusa-raias.jpg 464w, https:\/\/www.maistendencia.com\/blog\/wp-content\/uploads\/2018\/04\/komodamoda-blusa-raias-153x300.jpg 153w\" sizes=\"auto, (max-width: 464px) 100vw, 464px\" \/><\/li>\n            <\/ul>\n        <\/div>\n        \n    <\/div>\n<\/div>\n<p><em>Camisa safari: Adolfo Dom\u00ednguez<\/em><br \/>\n<em>Camisa rayas: Komodamoda<\/em><\/p>\n<p style=\"text-align: justify;\">Pese al calor que hace a primera hora de la tarde, para ir a trabajar o salir por las ma\u00f1anas todav\u00eda hace falta una chaqueta, y te proponemos tambi\u00e9n algunas para combinar a tu elecci\u00f3n. El<strong> kimono lleva unos a\u00f1os estando en tendencia<\/strong>, y con este tiempo no nos puede alegrar m\u00e1s que contin\u00fae siendo as\u00ed. El de la foto es en un azul marino plano con una transparencia en las mangas que le da mucho estilo a la prenda.<\/p>\n<p><img loading=\"lazy\" decoding=\"async\" class=\"alignnone wp-image-5658 size-full\" src=\"http:\/\/www.maistendencia.com\/wp-content\/uploads\/2018\/04\/chaqueta-azul-marino.jpg\" alt=\"\" width=\"640\" height=\"880\" srcset=\"https:\/\/www.maistendencia.com\/blog\/wp-content\/uploads\/2018\/04\/chaqueta-azul-marino.jpg 640w, https:\/\/www.maistendencia.com\/blog\/wp-content\/uploads\/2018\/04\/chaqueta-azul-marino-218x300.jpg 218w\" sizes=\"auto, (max-width: 640px) 100vw, 640px\" \/><\/p>\n<p><em>Kimono azul marino: Adolfo Dom\u00ednguez<\/em><\/p>\n<p style=\"text-align: justify;\">Por otro lado, para esas ma\u00f1anas en que refresca m\u00e1s y a la hora de comer nos asamos con chaquetones de entretiempo, os proponemos esta <strong>chaqueta de algod\u00f3n en color camel<\/strong> con remate de flecos, una opci\u00f3n que pod\u00e9is encajar con muy diferentes estilos. Un cl\u00e1sico que combina con todo y nunca pasa de moda es la chaqueta vaquera, que siempre <strong>nos evita perder tiempo a la hora de conjuntar determinadas prendas<\/strong> con las que no sabemos qu\u00e9 chaqueta ponernos. Nunca est\u00e1 de m\u00e1s tener una en el armario.<\/p>\n<div id=\"metaslider-id-5748\" style=\"width: 100%; margin: 0 auto;\" class=\"ml-slider-3-108-0 metaslider metaslider-flex metaslider-5748 ml-slider has-dots-nav has-carousel-mode ms-theme-default\" role=\"region\" aria-label=\"Tallas grandes 3\u00ba\" data-height=\"700\" data-width=\"700\">\n    <div id=\"metaslider_container_5748\">\n        <div id=\"metaslider_5748\">\n            <ul class='slides'>\n                <li style=\"display: none; width: 100%;\" class=\"slide-5749 ms-image \" aria-roledescription=\"slide\" data-date=\"2018-05-10 13:48:55\" data-filename=\"komodamoda-chaqueta-vaquera.jpg\" data-slide-type=\"image\"><img loading=\"lazy\" decoding=\"async\" width=\"529\" height=\"828\" src=\"https:\/\/www.maistendencia.com\/blog\/wp-content\/uploads\/2018\/04\/komodamoda-chaqueta-vaquera.jpg\" class=\"slider-5748 slide-5749 msDefaultImage\" alt=\"chaqueta vaquera Komodamoda Tallas Grandes\" rel=\"\" title=\"chaqueta vaquera Komodamoda Tallas Grandes\" style=\"margin: 0 auto; width: 63.888888888889%\" srcset=\"https:\/\/www.maistendencia.com\/blog\/wp-content\/uploads\/2018\/04\/komodamoda-chaqueta-vaquera.jpg 529w, https:\/\/www.maistendencia.com\/blog\/wp-content\/uploads\/2018\/04\/komodamoda-chaqueta-vaquera-192x300.jpg 192w\" sizes=\"auto, (max-width: 529px) 100vw, 529px\" \/><\/li>\n                <li style=\"display: none; width: 100%;\" class=\"slide-5750 ms-image \" aria-roledescription=\"slide\" data-date=\"2018-05-10 13:48:55\" data-filename=\"chaqueta-marron.jpg\" data-slide-type=\"image\"><img loading=\"lazy\" decoding=\"async\" width=\"640\" height=\"880\" src=\"https:\/\/www.maistendencia.com\/blog\/wp-content\/uploads\/2018\/04\/chaqueta-marron.jpg\" class=\"slider-5748 slide-5750 msDefaultImage\" alt=\"chaqueta marr\u00f3n Adolfo Dom\u00ednguez\" rel=\"\" title=\"chaqueta marr\u00f3n Adolfo Dom\u00ednguez\" style=\"margin: 0 auto; width: 72.727272727273%\" srcset=\"https:\/\/www.maistendencia.com\/blog\/wp-content\/uploads\/2018\/04\/chaqueta-marron.jpg 640w, https:\/\/www.maistendencia.com\/blog\/wp-content\/uploads\/2018\/04\/chaqueta-marron-218x300.jpg 218w\" sizes=\"auto, (max-width: 640px) 100vw, 640px\" \/><\/li>\n                <li style=\"display: none; width: 100%;\" class=\"slide-5751 ms-image \" aria-roledescription=\"slide\" data-date=\"2018-05-10 13:48:56\" data-filename=\"chaqueta-detalle-marron.jpg\" data-slide-type=\"image\"><img loading=\"lazy\" decoding=\"async\" width=\"640\" height=\"880\" src=\"https:\/\/www.maistendencia.com\/blog\/wp-content\/uploads\/2018\/04\/chaqueta-detalle-marron.jpg\" class=\"slider-5748 slide-5751 msDefaultImage\" alt=\"chaqueta detalle marron\" rel=\"\" title=\"chaqueta detalle marron\" style=\"margin: 0 auto; width: 72.727272727273%\" srcset=\"https:\/\/www.maistendencia.com\/blog\/wp-content\/uploads\/2018\/04\/chaqueta-detalle-marron.jpg 640w, https:\/\/www.maistendencia.com\/blog\/wp-content\/uploads\/2018\/04\/chaqueta-detalle-marron-218x300.jpg 218w\" sizes=\"auto, (max-width: 640px) 100vw, 640px\" \/><\/li>\n            <\/ul>\n        <\/div>\n        \n    <\/div>\n<\/div>\n<p><em>Chaqueta camel: Adolfo Dom\u00ednguez<\/em><br \/>\n<em>Chaqueta vaquera: Komodamoda<\/em><\/p>\n<p style=\"text-align: justify;\">Para aquellas a las que les guste llenar sus outfits de color os proponemos tambi\u00e9n esta americana en fucsia, al igual que la camisa que os ense\u00f1\u00e1bamos antes, <strong>un tono que vuelve esta primavera-verano<\/strong> y puede dar mucho juego mezclado con azules oscuros, negros, blancos o grises.<\/p>\n<p><img loading=\"lazy\" decoding=\"async\" class=\"alignnone size-full wp-image-5635\" src=\"http:\/\/www.maistendencia.com\/wp-content\/uploads\/2018\/04\/Komodamoda-americana-rosa.jpg\" alt=\"\" width=\"500\" height=\"1068\" srcset=\"https:\/\/www.maistendencia.com\/blog\/wp-content\/uploads\/2018\/04\/Komodamoda-americana-rosa.jpg 500w, https:\/\/www.maistendencia.com\/blog\/wp-content\/uploads\/2018\/04\/Komodamoda-americana-rosa-140x300.jpg 140w, https:\/\/www.maistendencia.com\/blog\/wp-content\/uploads\/2018\/04\/Komodamoda-americana-rosa-479x1024.jpg 479w\" sizes=\"auto, (max-width: 500px) 100vw, 500px\" \/><\/p>\n<p style=\"text-align: justify;\"><em>Americana fucsia: Komodamoda<\/em><\/p>\n<p style=\"text-align: justify;\">Para finalizar, para salir con las amigas o por la tarde noche, con looks m\u00e1s atrevidos, una tendencia que puede completar el look escogido son los flecos, que <strong>aportan mucho movimiento y visten cualquier combinaci\u00f3n m\u00e1s b\u00e1sica<\/strong> o de colores planos. Esta chaqueta de la fotograf\u00eda tiene adem\u00e1s no solo flecos en la parte de abajo, sino tambi\u00e9n en los pu\u00f1os de las mangas.<\/p>\n<p><img loading=\"lazy\" decoding=\"async\" class=\"alignnone size-full wp-image-5640\" src=\"http:\/\/www.maistendencia.com\/wp-content\/uploads\/2018\/04\/komodamoda-chaqueta-flecos.jpg\" alt=\"\" width=\"598\" height=\"895\" srcset=\"https:\/\/www.maistendencia.com\/blog\/wp-content\/uploads\/2018\/04\/komodamoda-chaqueta-flecos.jpg 598w, https:\/\/www.maistendencia.com\/blog\/wp-content\/uploads\/2018\/04\/komodamoda-chaqueta-flecos-200x300.jpg 200w\" sizes=\"auto, (max-width: 598px) 100vw, 598px\" \/><\/p>\n<p style=\"text-align: justify;\"><em>Conjunto de chaqueta de flecos, vaqueros y camiseta con transparencias: Komodamoda<\/em><\/p>\n<p style=\"text-align: justify;\">En cuanto a partes de abajo, dos pantalones que nos han encantado y parecido muy modernos y diferentes a lo que suele llevar todo el mundo son este pantal\u00f3n azul de <strong>microdibujo<\/strong> y este otro m\u00e1s fluido con estampado en diferentes tonos verdes.<\/p>\n<div id=\"metaslider-id-5752\" style=\"width: 100%; margin: 0 auto;\" class=\"ml-slider-3-108-0 metaslider metaslider-flex metaslider-5752 ml-slider has-dots-nav has-carousel-mode ms-theme-default\" role=\"region\" aria-label=\"Tallas grandes pantalones\" data-height=\"700\" data-width=\"700\">\n    <div id=\"metaslider_container_5752\">\n        <div id=\"metaslider_5752\">\n            <ul class='slides'>\n                <li style=\"display: none; width: 100%;\" class=\"slide-5753 ms-image \" aria-roledescription=\"slide\" data-date=\"2018-05-10 13:50:49\" data-filename=\"269046008181A.jpg\" data-slide-type=\"image\"><img loading=\"lazy\" decoding=\"async\" width=\"640\" height=\"880\" src=\"https:\/\/www.maistendencia.com\/blog\/wp-content\/uploads\/2018\/04\/269046008181A.jpg\" class=\"slider-5752 slide-5753 msDefaultImage\" alt=\"Pantalon microdibujo adolfo dominguez\" rel=\"\" title=\"Pantalon microdibujo adolfo dominguez\" style=\"margin: 0 auto; width: 72.727272727273%\" srcset=\"https:\/\/www.maistendencia.com\/blog\/wp-content\/uploads\/2018\/04\/269046008181A.jpg 640w, https:\/\/www.maistendencia.com\/blog\/wp-content\/uploads\/2018\/04\/269046008181A-218x300.jpg 218w\" sizes=\"auto, (max-width: 640px) 100vw, 640px\" \/><\/li>\n                <li style=\"display: none; width: 100%;\" class=\"slide-5754 ms-image \" aria-roledescription=\"slide\" data-date=\"2018-05-10 13:50:50\" data-filename=\"269046008181A3.jpg\" data-slide-type=\"image\"><img loading=\"lazy\" decoding=\"async\" width=\"640\" height=\"880\" src=\"https:\/\/www.maistendencia.com\/blog\/wp-content\/uploads\/2018\/04\/269046008181A3.jpg\" class=\"slider-5752 slide-5754 msDefaultImage\" alt=\"Pantalon microdibujo adolfo dominguez\" rel=\"\" title=\"Pantalon microdibujo adolfo dominguez\" style=\"margin: 0 auto; width: 72.727272727273%\" srcset=\"https:\/\/www.maistendencia.com\/blog\/wp-content\/uploads\/2018\/04\/269046008181A3.jpg 640w, https:\/\/www.maistendencia.com\/blog\/wp-content\/uploads\/2018\/04\/269046008181A3-218x300.jpg 218w\" sizes=\"auto, (max-width: 640px) 100vw, 640px\" \/><\/li>\n                <li style=\"display: none; width: 100%;\" class=\"slide-5755 ms-image \" aria-roledescription=\"slide\" data-date=\"2018-05-10 13:50:50\" data-filename=\"269036039181A.jpg\" data-slide-type=\"image\"><img loading=\"lazy\" decoding=\"async\" width=\"640\" height=\"880\" src=\"https:\/\/www.maistendencia.com\/blog\/wp-content\/uploads\/2018\/04\/269036039181A.jpg\" class=\"slider-5752 slide-5755 msDefaultImage\" alt=\"Pantalon estampado adolfo dominguez\" rel=\"\" title=\"Pantalon estampado adolfo dominguez\" style=\"margin: 0 auto; width: 72.727272727273%\" srcset=\"https:\/\/www.maistendencia.com\/blog\/wp-content\/uploads\/2018\/04\/269036039181A.jpg 640w, https:\/\/www.maistendencia.com\/blog\/wp-content\/uploads\/2018\/04\/269036039181A-218x300.jpg 218w\" sizes=\"auto, (max-width: 640px) 100vw, 640px\" \/><\/li>\n            <\/ul>\n        <\/div>\n        \n    <\/div>\n<\/div>\n<p style=\"text-align: justify;\"><em>Pantalones: Adolfo Dom\u00ednguez<\/em><\/p>\n<p style=\"text-align: justify;\">En cuanto a vestidos, las opciones son infinitas. Formales, informales, estampados, lisos\u2026 Te proponemos tres opciones casual para diario de Adolfo Dom\u00ednguez, todas en colores vivos y muy veraniegos como el azul y el amarillo canario.<\/p>\n<div id=\"metaslider-id-5756\" style=\"width: 100%; margin: 0 auto;\" class=\"ml-slider-3-108-0 metaslider metaslider-flex metaslider-5756 ml-slider has-dots-nav has-carousel-mode ms-theme-default\" role=\"region\" aria-label=\"Tallas grandes vestidos ad\" data-height=\"700\" data-width=\"700\">\n    <div id=\"metaslider_container_5756\">\n        <div id=\"metaslider_5756\">\n            <ul class='slides'>\n                <li style=\"display: none; width: 100%;\" class=\"slide-5757 ms-image \" aria-roledescription=\"slide\" data-date=\"2018-05-10 13:52:03\" data-filename=\"vestido-rayas.jpg\" data-slide-type=\"image\"><img loading=\"lazy\" decoding=\"async\" width=\"640\" height=\"880\" src=\"https:\/\/www.maistendencia.com\/blog\/wp-content\/uploads\/2018\/04\/vestido-rayas.jpg\" class=\"slider-5756 slide-5757 msDefaultImage\" alt=\"vestido rayas adolfo dominguez\" rel=\"\" title=\"vestido rayas adolfo dominguez\" style=\"margin: 0 auto; width: 72.727272727273%\" srcset=\"https:\/\/www.maistendencia.com\/blog\/wp-content\/uploads\/2018\/04\/vestido-rayas.jpg 640w, https:\/\/www.maistendencia.com\/blog\/wp-content\/uploads\/2018\/04\/vestido-rayas-218x300.jpg 218w\" sizes=\"auto, (max-width: 640px) 100vw, 640px\" \/><\/li>\n                <li style=\"display: none; width: 100%;\" class=\"slide-5758 ms-image \" aria-roledescription=\"slide\" data-date=\"2018-05-10 13:52:04\" data-filename=\"vestido-azul.jpg\" data-slide-type=\"image\"><img loading=\"lazy\" decoding=\"async\" width=\"640\" height=\"880\" src=\"https:\/\/www.maistendencia.com\/blog\/wp-content\/uploads\/2018\/04\/vestido-azul.jpg\" class=\"slider-5756 slide-5758 msDefaultImage\" alt=\"vestido azul adolfo dom\u00ednguez\" rel=\"\" title=\"vestido azul adolfo dom\u00ednguez\" style=\"margin: 0 auto; width: 72.727272727273%\" srcset=\"https:\/\/www.maistendencia.com\/blog\/wp-content\/uploads\/2018\/04\/vestido-azul.jpg 640w, https:\/\/www.maistendencia.com\/blog\/wp-content\/uploads\/2018\/04\/vestido-azul-218x300.jpg 218w\" sizes=\"auto, (max-width: 640px) 100vw, 640px\" \/><\/li>\n                <li style=\"display: none; width: 100%;\" class=\"slide-5759 ms-image \" aria-roledescription=\"slide\" data-date=\"2018-05-10 13:52:04\" data-filename=\"vestido-amarillo.jpg\" data-slide-type=\"image\"><img loading=\"lazy\" decoding=\"async\" width=\"640\" height=\"880\" src=\"https:\/\/www.maistendencia.com\/blog\/wp-content\/uploads\/2018\/04\/vestido-amarillo.jpg\" class=\"slider-5756 slide-5759 msDefaultImage\" alt=\"vestido amarillo Adolfo Dom\u00ednguez\" rel=\"\" title=\"vestido amarillo Adolfo Dom\u00ednguez\" style=\"margin: 0 auto; width: 72.727272727273%\" srcset=\"https:\/\/www.maistendencia.com\/blog\/wp-content\/uploads\/2018\/04\/vestido-amarillo.jpg 640w, https:\/\/www.maistendencia.com\/blog\/wp-content\/uploads\/2018\/04\/vestido-amarillo-218x300.jpg 218w\" sizes=\"auto, (max-width: 640px) 100vw, 640px\" \/><\/li>\n            <\/ul>\n        <\/div>\n        \n    <\/div>\n<\/div>\n<p style=\"text-align: justify;\">Ahora que se acerca el verano, muchas seguro que est\u00e1is buscando el <strong>atuendo perfecto para esa boda o bautizo que se aproxima<\/strong>. No quer\u00edamos dejarnos nada en el tintero en este post, y es por ello que te ense\u00f1amos tambi\u00e9n algunas opciones para esa fecha de celebraci\u00f3n para que vayas echando un vistazo y cogiendo ideas de algunas posibilidades que puedes encontrar en Komodamoda.<\/p>\n<div id=\"metaslider-id-5760\" style=\"width: 100%; margin: 0 auto;\" class=\"ml-slider-3-108-0 metaslider metaslider-flex metaslider-5760 ml-slider has-dots-nav has-carousel-mode ms-theme-default\" role=\"region\" aria-label=\"tallas grandes vestidos komodamoda\" data-height=\"700\" data-width=\"700\">\n    <div id=\"metaslider_container_5760\">\n        <div id=\"metaslider_5760\">\n            <ul class='slides'>\n                <li style=\"display: none; width: 100%;\" class=\"slide-5761 ms-image \" aria-roledescription=\"slide\" data-date=\"2018-05-10 13:55:47\" data-filename=\"komodamoda-vestido-corto-negro.jpg\" data-slide-type=\"image\"><img loading=\"lazy\" decoding=\"async\" width=\"663\" height=\"987\" src=\"https:\/\/www.maistendencia.com\/blog\/wp-content\/uploads\/2018\/04\/komodamoda-vestido-corto-negro.jpg\" class=\"slider-5760 slide-5761 msDefaultImage\" alt=\"vestido corto negro Komodamoda Tallas Grandes\" rel=\"\" title=\"vestido corto negro Komodamoda Tallas Grandes\" style=\"margin: 0 auto; width: 67.173252279635%\" srcset=\"https:\/\/www.maistendencia.com\/blog\/wp-content\/uploads\/2018\/04\/komodamoda-vestido-corto-negro.jpg 663w, https:\/\/www.maistendencia.com\/blog\/wp-content\/uploads\/2018\/04\/komodamoda-vestido-corto-negro-202x300.jpg 202w\" sizes=\"auto, (max-width: 663px) 100vw, 663px\" \/><\/li>\n                <li style=\"display: none; width: 100%;\" class=\"slide-5762 ms-image \" aria-roledescription=\"slide\" data-date=\"2018-05-10 13:55:47\" data-filename=\"komodamoda-vestido-azul.jpg\" data-slide-type=\"image\"><img loading=\"lazy\" decoding=\"async\" width=\"672\" height=\"985\" src=\"https:\/\/www.maistendencia.com\/blog\/wp-content\/uploads\/2018\/04\/komodamoda-vestido-azul.jpg\" class=\"slider-5760 slide-5762 msDefaultImage\" alt=\"vestido azul Komodamoda Tallas Grandes\" rel=\"\" title=\"vestido azul Komodamoda Tallas Grandes\" style=\"margin: 0 auto; width: 68.223350253807%\" srcset=\"https:\/\/www.maistendencia.com\/blog\/wp-content\/uploads\/2018\/04\/komodamoda-vestido-azul.jpg 672w, https:\/\/www.maistendencia.com\/blog\/wp-content\/uploads\/2018\/04\/komodamoda-vestido-azul-205x300.jpg 205w\" sizes=\"auto, (max-width: 672px) 100vw, 672px\" \/><\/li>\n                <li style=\"display: none; width: 100%;\" class=\"slide-5763 ms-image \" aria-roledescription=\"slide\" data-date=\"2018-05-10 13:55:48\" data-filename=\"komodamoda-vestido-verde.jpg\" data-slide-type=\"image\"><img loading=\"lazy\" decoding=\"async\" width=\"681\" height=\"993\" src=\"https:\/\/www.maistendencia.com\/blog\/wp-content\/uploads\/2018\/04\/komodamoda-vestido-verde.jpg\" class=\"slider-5760 slide-5763 msDefaultImage\" alt=\"Vestido verde Komodamoda Tallas Grandes\" rel=\"\" title=\"Vestido verde Komodamoda Tallas Grandes\" style=\"margin: 0 auto; width: 68.580060422961%\" srcset=\"https:\/\/www.maistendencia.com\/blog\/wp-content\/uploads\/2018\/04\/komodamoda-vestido-verde.jpg 681w, https:\/\/www.maistendencia.com\/blog\/wp-content\/uploads\/2018\/04\/komodamoda-vestido-verde-206x300.jpg 206w\" sizes=\"auto, (max-width: 681px) 100vw, 681px\" \/><\/li>\n                <li style=\"display: none; width: 100%;\" class=\"slide-5764 ms-image \" aria-roledescription=\"slide\" data-date=\"2018-05-10 13:55:48\" data-filename=\"komodamoda-vestido-rojo.jpg\" data-slide-type=\"image\"><img loading=\"lazy\" decoding=\"async\" width=\"952\" height=\"1268\" src=\"https:\/\/www.maistendencia.com\/blog\/wp-content\/uploads\/2018\/04\/komodamoda-vestido-rojo.jpg\" class=\"slider-5760 slide-5764 msDefaultImage\" alt=\"vestido rojo Komodamoda Tallas Grandes\" rel=\"\" title=\"vestido rojo Komodamoda Tallas Grandes\" style=\"margin: 0 auto; width: 75.078864353312%\" srcset=\"https:\/\/www.maistendencia.com\/blog\/wp-content\/uploads\/2018\/04\/komodamoda-vestido-rojo.jpg 952w, https:\/\/www.maistendencia.com\/blog\/wp-content\/uploads\/2018\/04\/komodamoda-vestido-rojo-225x300.jpg 225w, https:\/\/www.maistendencia.com\/blog\/wp-content\/uploads\/2018\/04\/komodamoda-vestido-rojo-769x1024.jpg 769w\" sizes=\"auto, (max-width: 952px) 100vw, 952px\" \/><\/li>\n                <li style=\"display: none; width: 100%;\" class=\"slide-5765 ms-image \" aria-roledescription=\"slide\" data-date=\"2018-05-10 13:55:49\" data-filename=\"komodamoda-vestido-negro.jpg\" data-slide-type=\"image\"><img loading=\"lazy\" decoding=\"async\" width=\"685\" height=\"985\" src=\"https:\/\/www.maistendencia.com\/blog\/wp-content\/uploads\/2018\/04\/komodamoda-vestido-negro.jpg\" class=\"slider-5760 slide-5765 msDefaultImage\" alt=\"vestido negro Komodamoda Tallas Grandes\" rel=\"\" title=\"vestido negro Komodamoda Tallas Grandes\" style=\"margin: 0 auto; width: 69.543147208122%\" srcset=\"https:\/\/www.maistendencia.com\/blog\/wp-content\/uploads\/2018\/04\/komodamoda-vestido-negro.jpg 685w, https:\/\/www.maistendencia.com\/blog\/wp-content\/uploads\/2018\/04\/komodamoda-vestido-negro-209x300.jpg 209w\" sizes=\"auto, (max-width: 685px) 100vw, 685px\" \/><\/li>\n                <li style=\"display: none; width: 100%;\" class=\"slide-5766 ms-image \" aria-roledescription=\"slide\" data-date=\"2018-05-10 13:55:49\" data-filename=\"komodamoda-vestido-largo-azul.jpg\" data-slide-type=\"image\"><img loading=\"lazy\" decoding=\"async\" width=\"682\" height=\"981\" src=\"https:\/\/www.maistendencia.com\/blog\/wp-content\/uploads\/2018\/04\/komodamoda-vestido-largo-azul.jpg\" class=\"slider-5760 slide-5766 msDefaultImage\" alt=\"vestido largo azul Komodamoda Tallas Grandes\" rel=\"\" title=\"Vestido largo azul Komodamoda Tallas Grandes\" style=\"margin: 0 auto; width: 69.520897043833%\" srcset=\"https:\/\/www.maistendencia.com\/blog\/wp-content\/uploads\/2018\/04\/komodamoda-vestido-largo-azul.jpg 682w, https:\/\/www.maistendencia.com\/blog\/wp-content\/uploads\/2018\/04\/komodamoda-vestido-largo-azul-209x300.jpg 209w\" sizes=\"auto, (max-width: 682px) 100vw, 682px\" \/><\/li>\n            <\/ul>\n        <\/div>\n        \n    <\/div>\n<\/div>\n<p style=\"text-align: justify;\">Ya casi apetece echarse a la piscina con este calor, y en Komodamoda tambi\u00e9n puedes encontrar ba\u00f1adores para estrenar la temporada de veraneo. Los dos que os ense\u00f1amos son muy <strong>juveniles, diferentes y, sobre todo, nada de se\u00f1ora<\/strong>, que es el mayor problema a la hora de encontrar trajes de ba\u00f1o de tallas grandes en nuestra ciudad. \u00bfPor qu\u00e9 no probar con el rojo o las transparencias?<\/p>\n<div id=\"metaslider-id-5767\" style=\"width: 100%; margin: 0 auto;\" class=\"ml-slider-3-108-0 metaslider metaslider-flex metaslider-5767 ml-slider has-dots-nav has-carousel-mode ms-theme-default\" role=\"region\" aria-label=\"Ba\u00f1adores tallas grandes\" data-height=\"700\" data-width=\"700\">\n    <div id=\"metaslider_container_5767\">\n        <div id=\"metaslider_5767\">\n            <ul class='slides'>\n                <li style=\"display: none; width: 100%;\" class=\"slide-5768 ms-image \" aria-roledescription=\"slide\" data-date=\"2018-05-10 13:56:59\" data-filename=\"komodamoda-ba\u00f1ador-rojo.jpg\" data-slide-type=\"image\"><img loading=\"lazy\" decoding=\"async\" width=\"952\" height=\"1268\" src=\"https:\/\/www.maistendencia.com\/blog\/wp-content\/uploads\/2018\/04\/komodamoda-ba\u00f1ador-rojo.jpg\" class=\"slider-5767 slide-5768 msDefaultImage\" alt=\"ba\u00f1ador rojo Komodamoda Tallas Grandes\" rel=\"\" title=\"ba\u00f1ador rojo Komodamoda Tallas Grandes\" style=\"margin: 0 auto; width: 75.078864353312%\" srcset=\"https:\/\/www.maistendencia.com\/blog\/wp-content\/uploads\/2018\/04\/komodamoda-ba\u00f1ador-rojo.jpg 952w, https:\/\/www.maistendencia.com\/blog\/wp-content\/uploads\/2018\/04\/komodamoda-ba\u00f1ador-rojo-225x300.jpg 225w, https:\/\/www.maistendencia.com\/blog\/wp-content\/uploads\/2018\/04\/komodamoda-ba\u00f1ador-rojo-769x1024.jpg 769w\" sizes=\"auto, (max-width: 952px) 100vw, 952px\" \/><\/li>\n                <li style=\"display: none; width: 100%;\" class=\"slide-5769 ms-image \" aria-roledescription=\"slide\" data-date=\"2018-05-10 13:56:59\" data-filename=\"komodamoda-ba\u00f1ador-negro.jpg\" data-slide-type=\"image\"><img loading=\"lazy\" decoding=\"async\" width=\"952\" height=\"1268\" src=\"https:\/\/www.maistendencia.com\/blog\/wp-content\/uploads\/2018\/04\/komodamoda-ba\u00f1ador-negro.jpg\" class=\"slider-5767 slide-5769 msDefaultImage\" alt=\"ba\u00f1ador negro Komodamoda Tallas Grandes\" rel=\"\" title=\"ba\u00f1ador negro Komodamoda Tallas Grandes\" style=\"margin: 0 auto; width: 75.078864353312%\" srcset=\"https:\/\/www.maistendencia.com\/blog\/wp-content\/uploads\/2018\/04\/komodamoda-ba\u00f1ador-negro.jpg 952w, https:\/\/www.maistendencia.com\/blog\/wp-content\/uploads\/2018\/04\/komodamoda-ba\u00f1ador-negro-225x300.jpg 225w, https:\/\/www.maistendencia.com\/blog\/wp-content\/uploads\/2018\/04\/komodamoda-ba\u00f1ador-negro-769x1024.jpg 769w\" sizes=\"auto, (max-width: 952px) 100vw, 952px\" \/><\/li>\n            <\/ul>\n        <\/div>\n        \n    <\/div>\n<\/div>\n<p style=\"text-align: justify;\">Esperamos que alguna de las opciones que os hemos ense\u00f1ado en este post os haya llamado la atenci\u00f3n o ayudado a la hora de encontrar prendas que se adapten perfectamente a aquellos cuerpos \u2018no normativos\u2019 o con diferentes formas a las que marca lo convencional. <strong>\u00bfPor qu\u00e9 vestirse con ropa que no sienta bien o resalta la figura?<\/strong> La talla no tiene por qu\u00e9 ser un impedimento.<\/p>\n<p><a href=\"https:\/\/www.maistendencia.com\/20-moda-mujer\">Entra y descubre en nuestra tienda online la mejor selecci\u00f3n de moda para mujer<\/a><\/p>\n<div class=\"bloque-destacado-post\"><a href=\"https:\/\/www.maistendencia.com\/1-moda\">\u00daltimas tendencias en moda en nuestra tienda online. \u00a1Vamos all\u00e1!<\/a><\/div>\n<strong>Texto de<\/strong><br\/><br\/><div style=\"width:100%;height:auto;\"><div style=\"float:left;margin:0px 10px 10px 0px;\"><img alt='' src='https:\/\/secure.gravatar.com\/avatar\/131f1bf6d42065a0c1d3ecc19f8c6e5a?s=111&amp;d=https%3A%2F%2Fsecure.gravatar.com%2Favatar%2Fad516503a11cd5ca435acc9bb6523536%3Fs%3D111&amp;r=G' class='avatar avatar-111 photo' height='111' width='111' \/><\/div><div style=\"padding-left:25%;\"><strong>Alba R Cougil<\/strong><br\/><br\/><a href=\"mailto:acougil@ourensecca.com\">Correo electr\u00f3nico<\/a><br\/><br\/><div class=\"author-description\"><div class=\"autor-enlaces\"><\/div><\/div><\/div><\/div><div class=\"clear\"><\/div>\n","protected":false},"excerpt":{"rendered":"<p>Para las que nunca ten\u00e9is tiempo para ir de compras por compaginar el trabajo con otros quehaceres, una buena opci\u00f3n para este verano es la moda m\u00e1s fresca de la mano de Komodamoda y Adolfo&#8230;<br \/><a href=\"https:\/\/www.maistendencia.com\/blog\/las-tallas-grandes-no-estan-renidas-con-la-moda\/\"> Continuar leyendo&#8230;<\/a><\/p>\n","protected":false},"author":28,"featured_media":5805,"comment_status":"open","ping_status":"closed","sticky":false,"template":"","format":"standard","meta":{"footnotes":""},"categories":[57,3],"tags":[101,228,519,518,325,188],"class_list":["post-5798","post","type-post","status-publish","format-standard","has-post-thumbnail","hentry","category-de-tiendas","category-moda","tag-komodamoda","tag-moda-curvy","tag-moda-fiesta","tag-moda-joven","tag-mujer","tag-tallas-grandes"],"aioseo_notices":[],"_links":{"self":[{"href":"https:\/\/www.maistendencia.com\/blog\/wp-json\/wp\/v2\/posts\/5798","targetHints":{"allow":["GET"]}}],"collection":[{"href":"https:\/\/www.maistendencia.com\/blog\/wp-json\/wp\/v2\/posts"}],"about":[{"href":"https:\/\/www.maistendencia.com\/blog\/wp-json\/wp\/v2\/types\/post"}],"author":[{"embeddable":true,"href":"https:\/\/www.maistendencia.com\/blog\/wp-json\/wp\/v2\/users\/28"}],"replies":[{"embeddable":true,"href":"https:\/\/www.maistendencia.com\/blog\/wp-json\/wp\/v2\/comments?post=5798"}],"version-history":[{"count":1,"href":"https:\/\/www.maistendencia.com\/blog\/wp-json\/wp\/v2\/posts\/5798\/revisions"}],"predecessor-version":[{"id":7252,"href":"https:\/\/www.maistendencia.com\/blog\/wp-json\/wp\/v2\/posts\/5798\/revisions\/7252"}],"wp:featuredmedia":[{"embeddable":true,"href":"https:\/\/www.maistendencia.com\/blog\/wp-json\/wp\/v2\/media\/5805"}],"wp:attachment":[{"href":"https:\/\/www.maistendencia.com\/blog\/wp-json\/wp\/v2\/media?parent=5798"}],"wp:term":[{"taxonomy":"category","embeddable":true,"href":"https:\/\/www.maistendencia.com\/blog\/wp-json\/wp\/v2\/categories?post=5798"},{"taxonomy":"post_tag","embeddable":true,"href":"https:\/\/www.maistendencia.com\/blog\/wp-json\/wp\/v2\/tags?post=5798"}],"curies":[{"name":"wp","href":"https:\/\/api.w.org\/{rel}","templated":true}]}}