{"id":5589,"date":"2018-04-23T13:36:32","date_gmt":"2018-04-23T11:36:32","guid":{"rendered":"http:\/\/www.maistendencia.com\/?p=5589"},"modified":"2023-01-20T00:53:27","modified_gmt":"2023-01-19T22:53:27","slug":"bolsos-carteras-panuelos-y-collares-que-eliges-para-el-dia-de-la-madre","status":"publish","type":"post","link":"https:\/\/www.maistendencia.com\/blog\/bolsos-carteras-panuelos-y-collares-que-eliges-para-el-dia-de-la-madre\/","title":{"rendered":"Bolsos, carteras, pa\u00f1uelos y collares; \u00bfqu\u00e9 eliges para el D\u00eda de la madre?"},"content":{"rendered":"<p style=\"text-align: justify;\">Un complemento interesante siempre viste cualquier conjunto, d\u00e1ndole ese <strong>toque que marca la diferencia<\/strong> en los looks del d\u00eda a d\u00eda. Por ello, queremos recomendarte una <a href=\"https:\/\/www.maistendencia.com\/125-bolsos-y-articulos-de-piel\">serie de accesorios<\/a> con los que cualquiera despuntar\u00e1 esta primavera como <strong>ideas de regalo para el D\u00eda de la madre<\/strong>. Colgantes, carteras, pa\u00f1uelos\u2026 qu\u00e9date a leer este post para descubrir algunos art\u00edculos en tendencia que se desmarcan de lo que suele llevar todo el mundo y que hemos encontrado en las tiendas de <a href=\"http:\/\/www.ourensecentro.com\/\">Ourense centro<\/a>.<\/p>\n<h2>Bolsos<\/h2>\n<p style=\"text-align: justify;\">En un primer momento, al hablar de complementos, no puede dejar de pasarnos por la mente el bolso. O los bolsos, m\u00e1s bien. Te proponemos una amplia variedad de opciones entre las que elegir en este <strong>color rosa palo<\/strong>, un claro acierto de Mimi Mua para esta temporada primavera-verano.<\/p>\n<p style=\"text-align: justify;\">Tambi\u00e9n puedes encontrar los modelos que te mostramos a continuaci\u00f3n en otros colores en su tienda de calle Santo Domingo, aunque mejor empecemos a hablar de sus diferencias y de los<strong> puntos a favor de cada uno de ellos<\/strong>.<\/p>\n<p style=\"text-align: justify;\">Por una parte est\u00e1 este bolso de colgar con asa de agujeros <strong>al estilo de los 2000<\/strong>, peque\u00f1o y pr\u00e1ctico para cualquier ocasi\u00f3n. Es de formato r\u00edgido e incluye un compartimento y un bolsillo con cremallera en el interior.<\/p>\n<p><img loading=\"lazy\" decoding=\"async\" class=\"alignnone size-full wp-image-5602\" src=\"http:\/\/www.maistendencia.com\/wp-content\/uploads\/2018\/04\/dia-de-la-madre-complementos-mimimua-1.jpg\" alt=\"D\u00eda de la madre complementos Mimimua\" width=\"1827\" height=\"2514\" srcset=\"https:\/\/www.maistendencia.com\/blog\/wp-content\/uploads\/2018\/04\/dia-de-la-madre-complementos-mimimua-1.jpg 1827w, https:\/\/www.maistendencia.com\/blog\/wp-content\/uploads\/2018\/04\/dia-de-la-madre-complementos-mimimua-1-218x300.jpg 218w, https:\/\/www.maistendencia.com\/blog\/wp-content\/uploads\/2018\/04\/dia-de-la-madre-complementos-mimimua-1-744x1024.jpg 744w\" sizes=\"auto, (max-width: 1827px) 100vw, 1827px\" \/><\/p>\n<p style=\"text-align: justify;\">Un modelo similar es este <strong>bolso cartera<\/strong>, que vale tanto para el d\u00eda como para salir por la noche. Tiene unos detalles met\u00e1licos decorativos en las esquinas y gran espacio para tarjetas, bolsillo con cremallera para monedas, una correa para poder colgarlo y espacio para guardar el m\u00f3vil y otros objetos peque\u00f1os.<\/p>\n<p><img loading=\"lazy\" decoding=\"async\" class=\"alignnone size-full wp-image-5572\" src=\"http:\/\/www.maistendencia.com\/wp-content\/uploads\/2018\/04\/dia-de-la-madre-mimimua-y-nuria-vidal-e1524480849116.jpg\" alt=\"D\u00eda de la madre Mimimua y Nuria Vidal\" width=\"1710\" height=\"1088\" srcset=\"https:\/\/www.maistendencia.com\/blog\/wp-content\/uploads\/2018\/04\/dia-de-la-madre-mimimua-y-nuria-vidal-e1524480849116.jpg 1710w, https:\/\/www.maistendencia.com\/blog\/wp-content\/uploads\/2018\/04\/dia-de-la-madre-mimimua-y-nuria-vidal-e1524480849116-300x191.jpg 300w, https:\/\/www.maistendencia.com\/blog\/wp-content\/uploads\/2018\/04\/dia-de-la-madre-mimimua-y-nuria-vidal-e1524480849116-1024x652.jpg 1024w, https:\/\/www.maistendencia.com\/blog\/wp-content\/uploads\/2018\/04\/dia-de-la-madre-mimimua-y-nuria-vidal-e1524480849116-50x33.jpg 50w\" sizes=\"auto, (max-width: 1710px) 100vw, 1710px\" \/><\/p>\n<p style=\"text-align: justify;\">Si algo ha sido tendencia este a\u00f1o son<strong> los \u2018minis\u2019<\/strong>: mini mochilas, mini gafas y ahora mini bolsos. Esta es la <strong>opci\u00f3n m\u00e1s chic de la colecci\u00f3n<\/strong> rosa palo de Mimi Mua, que cuenta con asa para colgar de lado y un compartimento para objetos peque\u00f1os en el interior.<\/p>\n<p><img loading=\"lazy\" decoding=\"async\" class=\"alignnone wp-image-5575 size-full\" src=\"http:\/\/www.maistendencia.com\/wp-content\/uploads\/2018\/04\/Mimimua-complementos-1-e1524483131578.jpg\" alt=\"Mimimua complementos\" width=\"1434\" height=\"953\" srcset=\"https:\/\/www.maistendencia.com\/blog\/wp-content\/uploads\/2018\/04\/Mimimua-complementos-1-e1524483131578.jpg 1434w, https:\/\/www.maistendencia.com\/blog\/wp-content\/uploads\/2018\/04\/Mimimua-complementos-1-e1524483131578-300x199.jpg 300w, https:\/\/www.maistendencia.com\/blog\/wp-content\/uploads\/2018\/04\/Mimimua-complementos-1-e1524483131578-1024x681.jpg 1024w, https:\/\/www.maistendencia.com\/blog\/wp-content\/uploads\/2018\/04\/Mimimua-complementos-1-e1524483131578-400x266.jpg 400w, https:\/\/www.maistendencia.com\/blog\/wp-content\/uploads\/2018\/04\/Mimimua-complementos-1-e1524483131578-50x33.jpg 50w\" sizes=\"auto, (max-width: 1434px) 100vw, 1434px\" \/><\/p>\n<p style=\"text-align: justify;\">Por \u00faltimo dentro de la colecci\u00f3n est\u00e1 este <strong>bolso mochila porta todo<\/strong>, tambi\u00e9n con las asas con agujeros, como el primer bolso que os ense\u00f1amos de la colecci\u00f3n. Lo bueno que tiene esta mochila es que es muy ligera y f\u00e1cil de llevar, adem\u00e1s de <strong>muy segura gracias a su doble cierre con cremallera e im\u00e1n<\/strong>. En el interior tiene un bolsillo con cremallera para objetos peque\u00f1os, una correa para colgar las llaves y un compartimento para objetos de tama\u00f1o medio que se divide en dos secciones. Es la mochila perfecta para aquellas que quieren llevar muchas cosas e ir c\u00f3modas a la vez.<\/p>\n<p><img loading=\"lazy\" decoding=\"async\" class=\"alignnone size-full wp-image-5573\" src=\"http:\/\/www.maistendencia.com\/wp-content\/uploads\/2018\/04\/d\u00eda-de-la-madre-mimimua.jpg\" alt=\"D\u00eda de la madre Mimimua\" width=\"2805\" height=\"1948\" srcset=\"https:\/\/www.maistendencia.com\/blog\/wp-content\/uploads\/2018\/04\/d\u00eda-de-la-madre-mimimua.jpg 2805w, https:\/\/www.maistendencia.com\/blog\/wp-content\/uploads\/2018\/04\/d\u00eda-de-la-madre-mimimua-300x208.jpg 300w, https:\/\/www.maistendencia.com\/blog\/wp-content\/uploads\/2018\/04\/d\u00eda-de-la-madre-mimimua-1024x711.jpg 1024w\" sizes=\"auto, (max-width: 2805px) 100vw, 2805px\" \/><\/p>\n<p style=\"text-align: justify;\">Dejamos atr\u00e1s el rosa palo para aventurarnos al rojo con este <strong>bolso de red<\/strong> de la marca Tous, que pod\u00e9is encontrar en <a href=\"https:\/\/www.nv.style\/\">Nuria Vidal<\/a>. Si algo vais a ver este verano por todas partes es<strong> el esparto<\/strong>, aunque en este caso no en las t\u00edpicas suelas del calzado ligero de este tiempo, sino en bolsos.<\/p>\n<p style=\"text-align: justify;\">Un buen ejemplo de ello es su \u2018bolso interno\u2019, que har\u00e1 que no perd\u00e1is vuestros objetos personales. Adem\u00e1s, el <strong>contraste entre el rojo y el beige de este material se llevar\u00e1 mucho<\/strong> esta temporada.<\/p>\n<p style=\"text-align: justify;\">\u00bfOs anim\u00e1is a a\u00f1adirlo a vuestros outfits? Este bolso de mano incluye dos peque\u00f1as argollas a los lados por si se quiere colgar para llevarlo m\u00e1s c\u00f3modamente. La correa est\u00e1 en su interior, tambi\u00e9n en rojo.<\/p>\n<p><img loading=\"lazy\" decoding=\"async\" class=\"alignnone size-full wp-image-5579\" src=\"http:\/\/www.maistendencia.com\/wp-content\/uploads\/2018\/04\/Nuria-vidal-complementos.jpg\" alt=\"Nuria vidal complementos\" width=\"1789\" height=\"2616\" srcset=\"https:\/\/www.maistendencia.com\/blog\/wp-content\/uploads\/2018\/04\/Nuria-vidal-complementos.jpg 1789w, https:\/\/www.maistendencia.com\/blog\/wp-content\/uploads\/2018\/04\/Nuria-vidal-complementos-205x300.jpg 205w, https:\/\/www.maistendencia.com\/blog\/wp-content\/uploads\/2018\/04\/Nuria-vidal-complementos-700x1024.jpg 700w\" sizes=\"auto, (max-width: 1789px) 100vw, 1789px\" \/><\/p>\n<p style=\"text-align: justify;\">Otra opci\u00f3n de bolso de mano, aunque tambi\u00e9n se puede colgar gracias a la tira que trae en su interior, es este <strong>bolso azul marino de Valentino<\/strong>. Tiene un bonito estampado en charol con el logo de la marca, y su interior consta de dos amplios espacios y un bolsillo con cremallera.<\/p>\n<p style=\"text-align: justify;\">El bolso incluye una <strong>c\u00f3moda agarradera tambi\u00e9n en charol<\/strong> para llevarlo sujeto a la mu\u00f1eca, al igual que la tira para colgar, extra\u00edble. Este bolso es de Nuria Vidal, en calle Concordia.<\/p>\n<p><img loading=\"lazy\" decoding=\"async\" class=\"alignnone size-full wp-image-5578\" src=\"http:\/\/www.maistendencia.com\/wp-content\/uploads\/2018\/04\/Nuria-vidal-dia-de-la-madre.jpg\" alt=\"Nuria Vidal d\u00eda de la madre\" width=\"2781\" height=\"1888\" srcset=\"https:\/\/www.maistendencia.com\/blog\/wp-content\/uploads\/2018\/04\/Nuria-vidal-dia-de-la-madre.jpg 2781w, https:\/\/www.maistendencia.com\/blog\/wp-content\/uploads\/2018\/04\/Nuria-vidal-dia-de-la-madre-300x204.jpg 300w, https:\/\/www.maistendencia.com\/blog\/wp-content\/uploads\/2018\/04\/Nuria-vidal-dia-de-la-madre-1024x695.jpg 1024w, https:\/\/www.maistendencia.com\/blog\/wp-content\/uploads\/2018\/04\/Nuria-vidal-dia-de-la-madre-50x33.jpg 50w\" sizes=\"auto, (max-width: 2781px) 100vw, 2781px\" \/><\/p>\n<h2 style=\"text-align: justify;\">Carteras<\/h2>\n<p style=\"text-align: justify;\">Roja tambi\u00e9n es esta cartera de Guess con cremallera en dorado. Es un<strong> buen regalo<\/strong> para aquellas mam\u00e1s que tienen <strong>muchas tarjetas y guardan un sinf\u00edn de tickets<\/strong>, ya que dispone de diferentes espacios: billetera de dos compartimentos, dos huecos portarretratos, ranuras para tarjetas y un amplio bolsillo con cremallera para monedas. El <strong>interior es de un color a medio camino entre dorado y plata<\/strong>, haci\u00e9ndola una opci\u00f3n muy elegante y con buena organizaci\u00f3n. Pod\u00e9is conseguirla en Nuria Vidal.<\/p>\n<p><img loading=\"lazy\" decoding=\"async\" class=\"alignnone size-full wp-image-5576\" src=\"http:\/\/www.maistendencia.com\/wp-content\/uploads\/2018\/04\/nuria-vidal-cartera.jpg\" alt=\"Nuria Vidal cartera d\u00eda de la madre\" width=\"1801\" height=\"2635\" srcset=\"https:\/\/www.maistendencia.com\/blog\/wp-content\/uploads\/2018\/04\/nuria-vidal-cartera.jpg 1801w, https:\/\/www.maistendencia.com\/blog\/wp-content\/uploads\/2018\/04\/nuria-vidal-cartera-205x300.jpg 205w, https:\/\/www.maistendencia.com\/blog\/wp-content\/uploads\/2018\/04\/nuria-vidal-cartera-700x1024.jpg 700w\" sizes=\"auto, (max-width: 1801px) 100vw, 1801px\" \/><\/p>\n<p style=\"text-align: justify;\">Dentro de la colecci\u00f3n que os ense\u00f1\u00e1bamos de Mimi Mua tambi\u00e9n se incluye esta monada de <strong>minicartera<\/strong>, que aunque no lo parezca a juzgar por su tama\u00f1o, es <strong>de lo m\u00e1s completa<\/strong>. En su interior pod\u00e9is encontrar un compartimento para billetes y espacio para tarjetas y para monedas con cierre de cremallera. Est\u00e1 rematada en las esquinas con unos bonitos detalles met\u00e1licos.<\/p>\n<p><img loading=\"lazy\" decoding=\"async\" class=\"alignnone wp-image-5574 size-full\" title=\"Mimimua Ourense complementos\" src=\"http:\/\/www.maistendencia.com\/wp-content\/uploads\/2018\/04\/Mimimua-complementos-e1524481717170.jpg\" alt=\"Mimimua Ourense complementos\" width=\"1750\" height=\"1365\" srcset=\"https:\/\/www.maistendencia.com\/blog\/wp-content\/uploads\/2018\/04\/Mimimua-complementos-e1524481717170.jpg 1750w, https:\/\/www.maistendencia.com\/blog\/wp-content\/uploads\/2018\/04\/Mimimua-complementos-e1524481717170-300x234.jpg 300w, https:\/\/www.maistendencia.com\/blog\/wp-content\/uploads\/2018\/04\/Mimimua-complementos-e1524481717170-1024x799.jpg 1024w\" sizes=\"auto, (max-width: 1750px) 100vw, 1750px\" \/><\/p>\n<h2>Pa\u00f1uelos<\/h2>\n<p style=\"text-align: justify;\">Otro buen regalo para el D\u00eda de la madre son los pa\u00f1uelos, que todav\u00eda nos van a acompa\u00f1ar una temporada en el entretiempo para prevenir resfriados. De Mimi Mua os proponemos dos en tonalidades rosa palo, para que se complementen con los bolsos que os mostramos anteriormente. Uno de ellos tiene un <strong>estampado de topos<\/strong> y el otro unos divertidos <strong>dibujos de pasteles y dulces<\/strong>.<\/p>\n<div id=\"metaslider-id-5607\" style=\"width: 100%; margin: 0 auto;\" class=\"ml-slider-3-108-0 metaslider metaslider-flex metaslider-5607 ml-slider has-dots-nav has-carousel-mode ms-theme-default\" role=\"region\" aria-label=\"Fulares Mimimua\" data-height=\"700\" data-width=\"700\">\n    <div id=\"metaslider_container_5607\">\n        <div id=\"metaslider_5607\">\n            <ul class='slides'>\n                <li style=\"display: none; width: 100%;\" class=\"slide-5609 ms-image \" aria-roledescription=\"slide\" data-date=\"2018-04-23 13:16:47\" data-filename=\"dia-de-la-madre-complementos-mimimua-e1524482152663.jpg\" data-slide-type=\"image\"><img loading=\"lazy\" decoding=\"async\" width=\"1326\" height=\"1432\" src=\"https:\/\/www.maistendencia.com\/blog\/wp-content\/uploads\/2018\/04\/dia-de-la-madre-complementos-mimimua-e1524482152663.jpg\" class=\"slider-5607 slide-5609 msDefaultImage\" alt=\"Regalos D\u00eda de la madre complementos Mimimua\" rel=\"\" title=\"Regalos D\u00eda de la madre complementos Mimimua\" style=\"margin: 0 auto; width: 92.597765363128%\" srcset=\"https:\/\/www.maistendencia.com\/blog\/wp-content\/uploads\/2018\/04\/dia-de-la-madre-complementos-mimimua-e1524482152663.jpg 1326w, https:\/\/www.maistendencia.com\/blog\/wp-content\/uploads\/2018\/04\/dia-de-la-madre-complementos-mimimua-e1524482152663-278x300.jpg 278w, https:\/\/www.maistendencia.com\/blog\/wp-content\/uploads\/2018\/04\/dia-de-la-madre-complementos-mimimua-e1524482152663-948x1024.jpg 948w\" sizes=\"auto, (max-width: 1326px) 100vw, 1326px\" \/><\/li>\n                <li style=\"display: none; width: 100%;\" class=\"slide-5608 ms-image \" aria-roledescription=\"slide\" data-date=\"2018-04-23 13:16:47\" data-filename=\"Mimimua-complementos-1-e1524483131578.jpg\" data-slide-type=\"image\"><img loading=\"lazy\" decoding=\"async\" width=\"1434\" height=\"953\" src=\"https:\/\/www.maistendencia.com\/blog\/wp-content\/uploads\/2018\/04\/Mimimua-complementos-1-e1524483131578.jpg\" class=\"slider-5607 slide-5608 msDefaultImage\" alt=\"Mimimua complementos - Regalos d\u00eda de la madre\" rel=\"\" title=\"Mimimua complementos\" style=\"margin-top: 16.771269177127%\" srcset=\"https:\/\/www.maistendencia.com\/blog\/wp-content\/uploads\/2018\/04\/Mimimua-complementos-1-e1524483131578.jpg 1434w, https:\/\/www.maistendencia.com\/blog\/wp-content\/uploads\/2018\/04\/Mimimua-complementos-1-e1524483131578-300x199.jpg 300w, https:\/\/www.maistendencia.com\/blog\/wp-content\/uploads\/2018\/04\/Mimimua-complementos-1-e1524483131578-1024x681.jpg 1024w, https:\/\/www.maistendencia.com\/blog\/wp-content\/uploads\/2018\/04\/Mimimua-complementos-1-e1524483131578-400x266.jpg 400w, https:\/\/www.maistendencia.com\/blog\/wp-content\/uploads\/2018\/04\/Mimimua-complementos-1-e1524483131578-50x33.jpg 50w\" sizes=\"auto, (max-width: 1434px) 100vw, 1434px\" \/><\/li>\n            <\/ul>\n        <\/div>\n        \n    <\/div>\n<\/div>\n<p style=\"text-align: justify;\">Este <strong>pa\u00f1uelo de Desigual<\/strong>, tan colorido, le vendr\u00e1 al pelo a tu madre con el tiempo veraniego que comienza, adem\u00e1s de ser <strong>muy vistoso para mezclar con looks planos<\/strong>.<\/p>\n<p><img loading=\"lazy\" decoding=\"async\" class=\"alignnone wp-image-5611 size-full\" title=\"D\u00eda de la madre mimimua y nuria vidal Ourense\" src=\"http:\/\/www.maistendencia.com\/wp-content\/uploads\/2018\/04\/dia-de-la-madre-mimimua-y-nuria-vidal-1.jpg\" alt=\"D\u00eda de la madre mimimua y nuria vidal Ourense\" width=\"2000\" height=\"2792\" srcset=\"https:\/\/www.maistendencia.com\/blog\/wp-content\/uploads\/2018\/04\/dia-de-la-madre-mimimua-y-nuria-vidal-1.jpg 2000w, https:\/\/www.maistendencia.com\/blog\/wp-content\/uploads\/2018\/04\/dia-de-la-madre-mimimua-y-nuria-vidal-1-215x300.jpg 215w, https:\/\/www.maistendencia.com\/blog\/wp-content\/uploads\/2018\/04\/dia-de-la-madre-mimimua-y-nuria-vidal-1-734x1024.jpg 734w\" sizes=\"auto, (max-width: 2000px) 100vw, 2000px\" \/><\/p>\n<p style=\"text-align: justify;\">Por otro lado est\u00e1 este <strong>fular con bordes rosas y estampado floral, de Tous<\/strong>, muy combinable debido a los tonos que tiene y sin perder ese toque de color propio de esta \u00e9poca. Pod\u00e9is conseguir este pa\u00f1uelo y el de Desigual en Nuria Vidal.<\/p>\n<p><img loading=\"lazy\" decoding=\"async\" class=\"alignnone size-full wp-image-5612\" src=\"http:\/\/www.maistendencia.com\/wp-content\/uploads\/2018\/04\/Nuria-vidal-complementos-1-e1524482521362.jpg\" alt=\"Nuria vidal complementos\" width=\"1791\" height=\"1484\" srcset=\"https:\/\/www.maistendencia.com\/blog\/wp-content\/uploads\/2018\/04\/Nuria-vidal-complementos-1-e1524482521362.jpg 1791w, https:\/\/www.maistendencia.com\/blog\/wp-content\/uploads\/2018\/04\/Nuria-vidal-complementos-1-e1524482521362-300x249.jpg 300w, https:\/\/www.maistendencia.com\/blog\/wp-content\/uploads\/2018\/04\/Nuria-vidal-complementos-1-e1524482521362-1024x848.jpg 1024w\" sizes=\"auto, (max-width: 1791px) 100vw, 1791px\" \/><\/p>\n<h2>Collares<\/h2>\n<p style=\"text-align: justify;\">Los <strong>rosas y morados<\/strong> no s\u00f3lo se llevan en la ropa, sino tambi\u00e9n en los complementos. Un ejemplo son estas <strong>dos ideas de colgantes<\/strong> que pod\u00e9is encontrar en Nuria Vidal.<\/p>\n<p style=\"text-align: justify;\">Este a\u00f1o, adem\u00e1s,<strong> se est\u00e1n llevando mucho m\u00e1s los dorados<\/strong> que los plateados, como pod\u00e9is ver en las cadenas de estos dos collares.<\/p>\n<p style=\"text-align: justify;\">Tambi\u00e9n pod\u00e9is decantaros por otros tonos y formas, ya que <strong>lo geom\u00e9trico sigue en boga<\/strong> para esta \u00e9poca, como sucede con este colgante con abalorios rematado en argolla dorada tambi\u00e9n de Nuria Vidal. Los tres son de la marca \u00c9molo.<\/p>\n<div id=\"metaslider-id-5580\" style=\"width: 100%; margin: 0 auto;\" class=\"ml-slider-3-108-0 metaslider metaslider-flex metaslider-5580 ml-slider has-dots-nav has-carousel-mode ms-theme-default\" role=\"region\" aria-label=\"Colgantes Nuria Vidal\" data-height=\"700\" data-width=\"700\">\n    <div id=\"metaslider_container_5580\">\n        <div id=\"metaslider_5580\">\n            <ul class='slides'>\n                <li style=\"display: none; width: 100%;\" class=\"slide-5581 ms-image \" aria-roledescription=\"slide\" data-date=\"2018-04-20 10:45:06\" data-filename=\"nuria-vidal-colgante.jpg\" data-slide-type=\"image\"><img loading=\"lazy\" decoding=\"async\" width=\"3000\" height=\"2000\" src=\"https:\/\/www.maistendencia.com\/blog\/wp-content\/uploads\/2018\/04\/nuria-vidal-colgante.jpg\" class=\"slider-5580 slide-5581 msDefaultImage\" alt=\"Nuria Vidal colgante d\u00eda de la madre\" rel=\"\" title=\"Nuria Vidal colgante d\u00eda de la madre\" style=\"margin-top: 16.666666666667%\" srcset=\"https:\/\/www.maistendencia.com\/blog\/wp-content\/uploads\/2018\/04\/nuria-vidal-colgante.jpg 3000w, https:\/\/www.maistendencia.com\/blog\/wp-content\/uploads\/2018\/04\/nuria-vidal-colgante-300x200.jpg 300w, https:\/\/www.maistendencia.com\/blog\/wp-content\/uploads\/2018\/04\/nuria-vidal-colgante-1024x683.jpg 1024w, https:\/\/www.maistendencia.com\/blog\/wp-content\/uploads\/2018\/04\/nuria-vidal-colgante-400x266.jpg 400w, https:\/\/www.maistendencia.com\/blog\/wp-content\/uploads\/2018\/04\/nuria-vidal-colgante-50x33.jpg 50w\" sizes=\"auto, (max-width: 3000px) 100vw, 3000px\" \/><\/li>\n                <li style=\"display: none; width: 100%;\" class=\"slide-5583 ms-image \" aria-roledescription=\"slide\" data-date=\"2018-04-20 10:45:07\" data-filename=\"detalle-nuria-vidal-e1524482966277.jpg\" data-slide-type=\"image\"><img loading=\"lazy\" decoding=\"async\" width=\"1087\" height=\"676\" src=\"https:\/\/www.maistendencia.com\/blog\/wp-content\/uploads\/2018\/04\/detalle-nuria-vidal-e1524482966277.jpg\" class=\"slider-5580 slide-5583 msDefaultImage\" alt=\"Regalos d\u00eda de la madre, Detalle Nuria Vidal colgante\" rel=\"\" title=\"Detalle Nuria Vidal colgante\" style=\"margin-top: 18.905243790248%\" srcset=\"https:\/\/www.maistendencia.com\/blog\/wp-content\/uploads\/2018\/04\/detalle-nuria-vidal-e1524482966277.jpg 1087w, https:\/\/www.maistendencia.com\/blog\/wp-content\/uploads\/2018\/04\/detalle-nuria-vidal-e1524482966277-300x187.jpg 300w, https:\/\/www.maistendencia.com\/blog\/wp-content\/uploads\/2018\/04\/detalle-nuria-vidal-e1524482966277-1024x637.jpg 1024w\" sizes=\"auto, (max-width: 1087px) 100vw, 1087px\" \/><\/li>\n                <li style=\"display: none; width: 100%;\" class=\"slide-5582 ms-image \" aria-roledescription=\"slide\" data-date=\"2018-04-20 10:45:06\" data-filename=\"dia-de-la-madre-colgante-nuria-vidal.jpg\" data-slide-type=\"image\"><img loading=\"lazy\" decoding=\"async\" width=\"3000\" height=\"2000\" src=\"https:\/\/www.maistendencia.com\/blog\/wp-content\/uploads\/2018\/04\/dia-de-la-madre-colgante-nuria-vidal.jpg\" class=\"slider-5580 slide-5582 msDefaultImage\" alt=\"Regalos D\u00eda de la madre, colgante Nuria Vidal\" rel=\"\" title=\"D\u00eda de la madre colgante Nuria Vidal\" style=\"margin-top: 16.666666666667%\" srcset=\"https:\/\/www.maistendencia.com\/blog\/wp-content\/uploads\/2018\/04\/dia-de-la-madre-colgante-nuria-vidal.jpg 3000w, https:\/\/www.maistendencia.com\/blog\/wp-content\/uploads\/2018\/04\/dia-de-la-madre-colgante-nuria-vidal-300x200.jpg 300w, https:\/\/www.maistendencia.com\/blog\/wp-content\/uploads\/2018\/04\/dia-de-la-madre-colgante-nuria-vidal-1024x683.jpg 1024w, https:\/\/www.maistendencia.com\/blog\/wp-content\/uploads\/2018\/04\/dia-de-la-madre-colgante-nuria-vidal-400x266.jpg 400w, https:\/\/www.maistendencia.com\/blog\/wp-content\/uploads\/2018\/04\/dia-de-la-madre-colgante-nuria-vidal-50x33.jpg 50w\" sizes=\"auto, (max-width: 3000px) 100vw, 3000px\" \/><\/li>\n            <\/ul>\n        <\/div>\n        \n    <\/div>\n<\/div>\n<p>Modelos: Agencia Luena<\/p>\n<strong>Texto de<\/strong><br\/><br\/><div style=\"width:100%;height:auto;\"><div style=\"float:left;margin:0px 10px 10px 0px;\"><img alt='' src='https:\/\/secure.gravatar.com\/avatar\/131f1bf6d42065a0c1d3ecc19f8c6e5a?s=111&amp;d=https%3A%2F%2Fsecure.gravatar.com%2Favatar%2Fad516503a11cd5ca435acc9bb6523536%3Fs%3D111&amp;r=G' class='avatar avatar-111 photo' height='111' width='111' \/><\/div><div style=\"padding-left:25%;\"><strong>Alba R Cougil<\/strong><br\/><br\/><a href=\"mailto:acougil@ourensecca.com\">Correo electr\u00f3nico<\/a><br\/><br\/><div class=\"author-description\"><div class=\"autor-enlaces\"><\/div><\/div><\/div><\/div><div class=\"clear\"><\/div>\n<strong>Fotograf\u00edas de<\/strong><br\/><br\/><div style=\"width:100%;height:auto;\"><div style=\"float:left;margin:0px 10px 10px 0px;\"><img loading=\"lazy\" decoding=\"async\" src=\"https:\/\/www.maistendencia.com\/blog\/wp-content\/authors\/Aida-20.jpg\" class=\"avatar photo\" alt=\"Aida Argibay\" width=\"111\" height=\"111\" \/><\/div><div style=\"padding-left:25%;\"><strong>Aida Argibay<\/strong><br\/><br\/><a href=\"mailto:\">Correo electr\u00f3nico<\/a><br\/><br\/><div class=\"author-description\"><div class=\"autor-enlaces\"><\/div><\/div><\/div><\/div><div class=\"clear\"><\/div>\n","protected":false},"excerpt":{"rendered":"<p>Un complemento interesante siempre viste cualquier conjunto, d\u00e1ndole ese toque que marca la diferencia en los looks del d\u00eda a d\u00eda. Por ello, queremos recomendarte una serie de accesorios con los que cualquiera despuntar\u00e1 esta&#8230;<br \/><a href=\"https:\/\/www.maistendencia.com\/blog\/bolsos-carteras-panuelos-y-collares-que-eliges-para-el-dia-de-la-madre\/\"> Continuar leyendo&#8230;<\/a><\/p>\n","protected":false},"author":28,"featured_media":5570,"comment_status":"open","ping_status":"closed","sticky":false,"template":"","format":"standard","meta":{"footnotes":""},"categories":[11,3],"tags":[321,317,216,194,62,60],"class_list":["post-5589","post","type-post","status-publish","format-standard","has-post-thumbnail","hentry","category-looks","category-moda","tag-accesorios","tag-complementos","tag-dia-de-la-madre","tag-mama","tag-moda","tag-regalos"],"aioseo_notices":[],"_links":{"self":[{"href":"https:\/\/www.maistendencia.com\/blog\/wp-json\/wp\/v2\/posts\/5589","targetHints":{"allow":["GET"]}}],"collection":[{"href":"https:\/\/www.maistendencia.com\/blog\/wp-json\/wp\/v2\/posts"}],"about":[{"href":"https:\/\/www.maistendencia.com\/blog\/wp-json\/wp\/v2\/types\/post"}],"author":[{"embeddable":true,"href":"https:\/\/www.maistendencia.com\/blog\/wp-json\/wp\/v2\/users\/28"}],"replies":[{"embeddable":true,"href":"https:\/\/www.maistendencia.com\/blog\/wp-json\/wp\/v2\/comments?post=5589"}],"version-history":[{"count":1,"href":"https:\/\/www.maistendencia.com\/blog\/wp-json\/wp\/v2\/posts\/5589\/revisions"}],"predecessor-version":[{"id":9046,"href":"https:\/\/www.maistendencia.com\/blog\/wp-json\/wp\/v2\/posts\/5589\/revisions\/9046"}],"wp:featuredmedia":[{"embeddable":true,"href":"https:\/\/www.maistendencia.com\/blog\/wp-json\/wp\/v2\/media\/5570"}],"wp:attachment":[{"href":"https:\/\/www.maistendencia.com\/blog\/wp-json\/wp\/v2\/media?parent=5589"}],"wp:term":[{"taxonomy":"category","embeddable":true,"href":"https:\/\/www.maistendencia.com\/blog\/wp-json\/wp\/v2\/categories?post=5589"},{"taxonomy":"post_tag","embeddable":true,"href":"https:\/\/www.maistendencia.com\/blog\/wp-json\/wp\/v2\/tags?post=5589"}],"curies":[{"name":"wp","href":"https:\/\/api.w.org\/{rel}","templated":true}]}}