{"id":5342,"date":"2018-03-22T20:10:34","date_gmt":"2018-03-22T18:10:34","guid":{"rendered":"http:\/\/www.maistendencia.com\/?p=5342"},"modified":"2020-07-20T10:08:50","modified_gmt":"2020-07-20T08:08:50","slug":"organiza-tu-boda-o-evento-sin-agobios","status":"publish","type":"post","link":"https:\/\/www.maistendencia.com\/blog\/organiza-tu-boda-o-evento-sin-agobios\/","title":{"rendered":"Organiza tu boda o evento sin agobios"},"content":{"rendered":"<p style=\"text-align: justify;\">Ayer comenzaba la primavera, aunque el buen tiempo no acompa\u00f1e, y con ella llega tambi\u00e9n el momento de <strong>empezar a planear esa celebraci\u00f3n que se aproxima<\/strong>, si es que no lo has hecho ya. Bodas, bautizos, comuniones\u2026 si te has confiado y ahora se te echa el tiempo encima, hoy te contamos c\u00f3mo puedes celebrar la fiesta de tus sue\u00f1os <strong>sin morir en el intento<\/strong>. Qu\u00e9date a leer el resto del post para descubrir c\u00f3mo organizarla de forma m\u00e1s llevadera.<\/p>\n<h2>Event Bodas y Fiestas<\/h2>\n<p style=\"text-align: justify;\"><a href=\"http:\/\/www.event-bodas.com\/\">Event Bodas y Fiestas<\/a> es una agencia de organizaci\u00f3n de eventos que ofrece <strong>todos los servicios necesarios para cualquier celebraci\u00f3n<\/strong>. Bautizos, comuniones, fiestas\u2026 nada se les queda en el tintero. Entre los servicios que puedes contratar est\u00e1n los de m\u00fasica y discoteca, animaci\u00f3n infantil y de fiestas, gaiteiros u orquesta.<\/p>\n<p style=\"text-align: justify;\">Tambi\u00e9n acondicionan <strong>zonas chill out<\/strong> para que tus invitados puedan tener un momento de relax durante la celebraci\u00f3n, photocalls, realizan tiradas de globos, decoraciones con luces led\u2026 todo lo que te puedas imaginar.<\/p>\n<p><img loading=\"lazy\" decoding=\"async\" class=\"alignnone wp-image-5330 size-full\" title=\"Event Bodas - Organizaci\u00f3n de bodas y eventos en Ourense\" src=\"http:\/\/www.maistendencia.com\/wp-content\/uploads\/2018\/03\/IMG-20170708-WA0007.jpg\" alt=\"Event Bodas - Organizaci\u00f3n de bodas y eventos en Ourense\" width=\"1600\" height=\"900\" srcset=\"https:\/\/www.maistendencia.com\/blog\/wp-content\/uploads\/2018\/03\/IMG-20170708-WA0007.jpg 1600w, https:\/\/www.maistendencia.com\/blog\/wp-content\/uploads\/2018\/03\/IMG-20170708-WA0007-300x169.jpg 300w, https:\/\/www.maistendencia.com\/blog\/wp-content\/uploads\/2018\/03\/IMG-20170708-WA0007-1024x576.jpg 1024w\" sizes=\"auto, (max-width: 1600px) 100vw, 1600px\" \/><\/p>\n<p style=\"text-align: justify;\">Otra de las especialidades de Event es el <strong>catering<\/strong>: mesas dulces, de chocolates, de frutas, carpas para buffet o aperitivos y mucho m\u00e1s.<\/p>\n<p style=\"text-align: justify;\">Adem\u00e1s, si los visitas en su establecimiento tambi\u00e9n puedes concertar con ellos la<strong> realizaci\u00f3n de las invitaciones<\/strong> para la celebraci\u00f3n, elegir entre su amplio cat\u00e1logo alg\u00fan detalle para que los invitados se lleven de recuerdo de ese d\u00eda y encontrar otros elementos que se convertir\u00e1n en indispensables para tu evento. <strong>Hasta puedes contratar con ellos la organizaci\u00f3n de tu luna de miel.<\/strong><\/p>\n<div id=\"metaslider-id-5348\" style=\"width: 100%; margin: 0 auto;\" class=\"ml-slider-3-108-0 metaslider metaslider-flex metaslider-5348 ml-slider has-dots-nav has-carousel-mode ms-theme-default\" role=\"region\" aria-label=\"Event\" data-height=\"700\" data-width=\"700\">\n    <div id=\"metaslider_container_5348\">\n        <div id=\"metaslider_5348\">\n            <ul class='slides'>\n                <li style=\"display: none; width: 100%;\" class=\"slide-5350 ms-image \" aria-roledescription=\"slide\" data-date=\"2018-03-21 18:32:27\" data-filename=\"INVITACI\u00d3N-SUPREMUM.jpg\" data-slide-type=\"image\"><img loading=\"lazy\" decoding=\"async\" width=\"822\" height=\"547\" src=\"https:\/\/www.maistendencia.com\/blog\/wp-content\/uploads\/2018\/03\/INVITACI\u00d3N-SUPREMUM.jpg\" class=\"slider-5348 slide-5350 msDefaultImage\" alt=\"Invitaciones Bodas en Ourense Event\" rel=\"\" title=\"Invitaciones Event\" style=\"margin-top: 16.727493917275%\" srcset=\"https:\/\/www.maistendencia.com\/blog\/wp-content\/uploads\/2018\/03\/INVITACI\u00d3N-SUPREMUM.jpg 822w, https:\/\/www.maistendencia.com\/blog\/wp-content\/uploads\/2018\/03\/INVITACI\u00d3N-SUPREMUM-300x200.jpg 300w, https:\/\/www.maistendencia.com\/blog\/wp-content\/uploads\/2018\/03\/INVITACI\u00d3N-SUPREMUM-400x266.jpg 400w, https:\/\/www.maistendencia.com\/blog\/wp-content\/uploads\/2018\/03\/INVITACI\u00d3N-SUPREMUM-50x33.jpg 50w\" sizes=\"auto, (max-width: 822px) 100vw, 822px\" \/><\/li>\n                <li style=\"display: none; width: 100%;\" class=\"slide-5353 ms-image \" aria-roledescription=\"slide\" data-date=\"2018-03-21 18:32:28\" data-filename=\"20160626_000104.jpg\" data-slide-type=\"image\"><img loading=\"lazy\" decoding=\"async\" width=\"5312\" height=\"2988\" src=\"https:\/\/www.maistendencia.com\/blog\/wp-content\/uploads\/2018\/03\/20160626_000104.jpg\" class=\"slider-5348 slide-5353 msDefaultImage\" alt=\"Event decoraci\u00f3n de bodas y eventos en Ourense\" rel=\"\" title=\"Event decoraci\u00f3n de bodas y eventos\" style=\"margin-top: 21.875%\" srcset=\"https:\/\/www.maistendencia.com\/blog\/wp-content\/uploads\/2018\/03\/20160626_000104.jpg 5312w, https:\/\/www.maistendencia.com\/blog\/wp-content\/uploads\/2018\/03\/20160626_000104-300x169.jpg 300w, https:\/\/www.maistendencia.com\/blog\/wp-content\/uploads\/2018\/03\/20160626_000104-1024x576.jpg 1024w\" sizes=\"auto, (max-width: 5312px) 100vw, 5312px\" \/><\/li>\n                <li style=\"display: none; width: 100%;\" class=\"slide-5354 ms-image \" aria-roledescription=\"slide\" data-date=\"2018-03-21 18:32:28\" data-filename=\"20141206_125258.jpg\" data-slide-type=\"image\"><img loading=\"lazy\" decoding=\"async\" width=\"2988\" height=\"5312\" src=\"https:\/\/www.maistendencia.com\/blog\/wp-content\/uploads\/2018\/03\/20141206_125258.jpg\" class=\"slider-5348 slide-5354 msDefaultImage\" alt=\"Event mesas dulces para bodas y eventos en Ourense\" rel=\"\" title=\"Event mesas dulces para bodas y eventos\" style=\"margin: 0 auto; width: 56.25%\" srcset=\"https:\/\/www.maistendencia.com\/blog\/wp-content\/uploads\/2018\/03\/20141206_125258.jpg 2988w, https:\/\/www.maistendencia.com\/blog\/wp-content\/uploads\/2018\/03\/20141206_125258-169x300.jpg 169w, https:\/\/www.maistendencia.com\/blog\/wp-content\/uploads\/2018\/03\/20141206_125258-576x1024.jpg 576w\" sizes=\"auto, (max-width: 2988px) 100vw, 2988px\" \/><\/li>\n                <li style=\"display: none; width: 100%;\" class=\"slide-5352 ms-image \" aria-roledescription=\"slide\" data-date=\"2018-03-21 18:32:27\" data-filename=\"IMG-20160326-WA0009.jpg\" data-slide-type=\"image\"><img loading=\"lazy\" decoding=\"async\" width=\"1600\" height=\"1200\" src=\"https:\/\/www.maistendencia.com\/blog\/wp-content\/uploads\/2018\/03\/IMG-20160326-WA0009.jpg\" class=\"slider-5348 slide-5352 msDefaultImage\" alt=\"Event organizaci\u00f3n de bodas en OUrense\" rel=\"\" title=\"Event organizaci\u00f3n de bodas\" style=\"margin-top: 12.5%\" srcset=\"https:\/\/www.maistendencia.com\/blog\/wp-content\/uploads\/2018\/03\/IMG-20160326-WA0009.jpg 1600w, https:\/\/www.maistendencia.com\/blog\/wp-content\/uploads\/2018\/03\/IMG-20160326-WA0009-300x225.jpg 300w, https:\/\/www.maistendencia.com\/blog\/wp-content\/uploads\/2018\/03\/IMG-20160326-WA0009-1024x768.jpg 1024w\" sizes=\"auto, (max-width: 1600px) 100vw, 1600px\" \/><\/li>\n            <\/ul>\n        <\/div>\n        \n    <\/div>\n<\/div>\n<h2>Molinillos Fiestas M\u00e1gicas<\/h2>\n<p style=\"text-align: justify;\"><a href=\"http:\/\/molinillos.es\/\">Molinillos Fiestas M\u00e1gicas<\/a> oferta una posibilidad diferente para los m\u00e1s peques: las <em>pijama party<\/em> o<strong> fiestas de pijamas para ni\u00f1os al estilo americano<\/strong>. S\u00ed, has le\u00eddo bien, en Ourense y gracias a Molinillos, puedes hacerles a tus peques divertidas fiestas con todo lujo de detalles para que pasen un rato entretenido con sus amigos y vivan una experiencia diferente, adem\u00e1s de contar con un elemento estrella que los diferencia de otras fiestas de pijamas: los <strong><em>tepees<\/em> o tiendas tipi al estilo indio<\/strong>.<\/p>\n<p style=\"text-align: justify;\">En Molinillos pueden adaptarse a cualquier ocasi\u00f3n; para celebraciones, por ejemplo, acondicionan un peque\u00f1o espacio o<strong> \u201crinc\u00f3n eventos\u201d<\/strong> con los <em>tepees<\/em>, mesas de chuches, decoraciones de <strong>diferentes ambientaciones<\/strong> (safari, aventura, hadas\u2026) y juegos para los ni\u00f1os, aunque, al final, todos pueden disfrutar de esta zona especial, peque\u00f1os o no.<\/p>\n<p style=\"text-align: justify;\">Puedes contar con sus servicios para cumplea\u00f1os, bautizos, bodas, eventos de todo tipo, <em>baby showers<\/em>, reuniones familiares, presentaciones de productos, o realizar una \u201cpicnic party\u201d o \u201cbeauty party\u201d de d\u00eda, s\u00f3lo tienes que hablar con ellos y <strong>contarles para qu\u00e9 ocasi\u00f3n especial quieres sus tipis<\/strong> y qu\u00e9 necesitas: colchones, farolillos, bandejas, globos\u2026 \u00a1en los momentos m\u00e1gicos no puede faltar nada!<\/p>\n<p><img loading=\"lazy\" decoding=\"async\" class=\"alignnone wp-image-5322 size-full\" title=\"En Molinillos organizamos fiesta de cumplea\u00f1os en Ourense\" src=\"http:\/\/www.maistendencia.com\/wp-content\/uploads\/2018\/03\/1-2.jpg\" alt=\"Molinillos - Fiesta de cumplea\u00f1os en Ourense\" width=\"3508\" height=\"2369\" srcset=\"https:\/\/www.maistendencia.com\/blog\/wp-content\/uploads\/2018\/03\/1-2.jpg 3508w, https:\/\/www.maistendencia.com\/blog\/wp-content\/uploads\/2018\/03\/1-2-300x203.jpg 300w, https:\/\/www.maistendencia.com\/blog\/wp-content\/uploads\/2018\/03\/1-2-1024x692.jpg 1024w, https:\/\/www.maistendencia.com\/blog\/wp-content\/uploads\/2018\/03\/1-2-50x33.jpg 50w\" sizes=\"auto, (max-width: 3508px) 100vw, 3508px\" \/><\/p>\n<p style=\"text-align: justify;\">Pero en Molinillos todav\u00eda van m\u00e1s all\u00e1, ya que con el paquete de <em>tepee<\/em> y decoraci\u00f3n te ofrecen la opci\u00f3n de solicitar <strong>extras como desayunos, <em>candy bar<\/em>, regalos para los invitados, talleres, animaci\u00f3n, juegos, discoteca, karaoke\u2026<\/strong> ellos se encargar\u00e1n de acondicionar la zona que hayas elegido para la fiesta con tu tem\u00e1tica preferida.<\/p>\n<p style=\"text-align: justify;\">Si eres de esos a los que les encanta decorar y organizarlo todo, tambi\u00e9n ofrecen la posibilidad de llev\u00e1rtelo todo a casa y que lo coloques como m\u00e1s te guste.<\/p>\n<div id=\"metaslider-id-5355\" style=\"width: 100%; margin: 0 auto;\" class=\"ml-slider-3-108-0 metaslider metaslider-flex metaslider-5355 ml-slider has-dots-nav has-carousel-mode ms-theme-default\" role=\"region\" aria-label=\"Molinillos\" data-height=\"700\" data-width=\"700\">\n    <div id=\"metaslider_container_5355\">\n        <div id=\"metaslider_5355\">\n            <ul class='slides'>\n                <li style=\"display: none; width: 100%;\" class=\"slide-5356 ms-image \" aria-roledescription=\"slide\" data-date=\"2018-03-21 18:44:51\" data-filename=\"4-2.jpg\" data-slide-type=\"image\"><img loading=\"lazy\" decoding=\"async\" width=\"3508\" height=\"2369\" src=\"https:\/\/www.maistendencia.com\/blog\/wp-content\/uploads\/2018\/03\/4-2.jpg\" class=\"slider-5355 slide-5356 msDefaultImage\" alt=\"Molinillos decoraci\u00f3n de eventos en Ourense\" rel=\"\" title=\"Molinillos decoraci\u00f3n de eventos\" style=\"margin-top: 16.234321550741%\" srcset=\"https:\/\/www.maistendencia.com\/blog\/wp-content\/uploads\/2018\/03\/4-2.jpg 3508w, https:\/\/www.maistendencia.com\/blog\/wp-content\/uploads\/2018\/03\/4-2-300x203.jpg 300w, https:\/\/www.maistendencia.com\/blog\/wp-content\/uploads\/2018\/03\/4-2-1024x692.jpg 1024w, https:\/\/www.maistendencia.com\/blog\/wp-content\/uploads\/2018\/03\/4-2-50x33.jpg 50w\" sizes=\"auto, (max-width: 3508px) 100vw, 3508px\" \/><\/li>\n                <li style=\"display: none; width: 100%;\" class=\"slide-5357 ms-image \" aria-roledescription=\"slide\" data-date=\"2018-03-21 18:44:51\" data-filename=\"3.jpg\" data-slide-type=\"image\"><img loading=\"lazy\" decoding=\"async\" width=\"3508\" height=\"2369\" src=\"https:\/\/www.maistendencia.com\/blog\/wp-content\/uploads\/2018\/03\/3.jpg\" class=\"slider-5355 slide-5357 msDefaultImage\" alt=\"Molinillos organizaci\u00f3n de bautizos en ourense\" rel=\"\" title=\"Molinillos organizaci\u00f3n de bautizos\" style=\"margin-top: 16.234321550741%\" srcset=\"https:\/\/www.maistendencia.com\/blog\/wp-content\/uploads\/2018\/03\/3.jpg 3508w, https:\/\/www.maistendencia.com\/blog\/wp-content\/uploads\/2018\/03\/3-300x203.jpg 300w, https:\/\/www.maistendencia.com\/blog\/wp-content\/uploads\/2018\/03\/3-1024x692.jpg 1024w, https:\/\/www.maistendencia.com\/blog\/wp-content\/uploads\/2018\/03\/3-50x33.jpg 50w\" sizes=\"auto, (max-width: 3508px) 100vw, 3508px\" \/><\/li>\n                <li style=\"display: none; width: 100%;\" class=\"slide-5358 ms-image \" aria-roledescription=\"slide\" data-date=\"2018-03-21 18:44:51\" data-filename=\"2-1.jpg\" data-slide-type=\"image\"><img loading=\"lazy\" decoding=\"async\" width=\"3508\" height=\"2369\" src=\"https:\/\/www.maistendencia.com\/blog\/wp-content\/uploads\/2018\/03\/2-1.jpg\" class=\"slider-5355 slide-5358 msDefaultImage\" alt=\"Molinillos, organizaci\u00f3n de eventos en Ourense\" rel=\"\" title=\"Molinillos, organizaci\u00f3n de eventos\" style=\"margin-top: 16.234321550741%\" srcset=\"https:\/\/www.maistendencia.com\/blog\/wp-content\/uploads\/2018\/03\/2-1.jpg 3508w, https:\/\/www.maistendencia.com\/blog\/wp-content\/uploads\/2018\/03\/2-1-300x203.jpg 300w, https:\/\/www.maistendencia.com\/blog\/wp-content\/uploads\/2018\/03\/2-1-1024x692.jpg 1024w, https:\/\/www.maistendencia.com\/blog\/wp-content\/uploads\/2018\/03\/2-1-50x33.jpg 50w\" sizes=\"auto, (max-width: 3508px) 100vw, 3508px\" \/><\/li>\n            <\/ul>\n        <\/div>\n        \n    <\/div>\n<\/div>\n<h2>Nice Day<\/h2>\n<p style=\"text-align: justify;\">Nice Day nace de la ilusi\u00f3n y la pasi\u00f3n por <strong>convertir los d\u00edas m\u00e1s especiales en \u00fanicos e irrepetibles<\/strong>. Les gusta organizar fiestas reflejando los gustos y la forma de ser de sus clientes mediante <strong>peque\u00f1os detalles<\/strong>, y su objetivo, seg\u00fan ellos mismos, es que los protagonistas del evento puedan disfrutarlo al m\u00e1ximo y sin preocupaciones de ning\u00fan tipo.<\/p>\n<p style=\"text-align: justify;\">En Nice Day dise\u00f1an tu boda o evento desde cero, empezando por<strong> definir tu estilo personal en decoraci\u00f3n y ambientaci\u00f3n <\/strong>para hacer\u00a0realidad las ideas que ten\u00edas en mente. Si ya hab\u00edas empezado con los preparativos, en Nice Day se encargar\u00e1n de continuar desde el punto en el que est\u00e9s para conseguir una <strong>celebraci\u00f3n aut\u00e9ntica<\/strong>.<\/p>\n<p><img loading=\"lazy\" decoding=\"async\" class=\"alignnone wp-image-5334 size-full\" title=\"Decoraci\u00f3n para bodas - Nice Day Ourense\" src=\"http:\/\/www.maistendencia.com\/wp-content\/uploads\/2018\/03\/9358b0e7-42ed-44ec-b9e9-6a6ba217629b.jpg\" alt=\"Decoraci\u00f3n para bodas - Nice Day Ourense\" width=\"1600\" height=\"1200\" srcset=\"https:\/\/www.maistendencia.com\/blog\/wp-content\/uploads\/2018\/03\/9358b0e7-42ed-44ec-b9e9-6a6ba217629b.jpg 1600w, https:\/\/www.maistendencia.com\/blog\/wp-content\/uploads\/2018\/03\/9358b0e7-42ed-44ec-b9e9-6a6ba217629b-300x225.jpg 300w, https:\/\/www.maistendencia.com\/blog\/wp-content\/uploads\/2018\/03\/9358b0e7-42ed-44ec-b9e9-6a6ba217629b-1024x768.jpg 1024w\" sizes=\"auto, (max-width: 1600px) 100vw, 1600px\" \/><\/p>\n<p style=\"text-align: justify;\">Para conseguir este objetivo realizar\u00e1n un seguimiento de todo el proceso para que no surja ning\u00fan tipo de imprevisto. Adem\u00e1s, cuentan con diversos proveedores y la opci\u00f3n de que su personal te acompa\u00f1e para ayudarte en el d\u00eda de la celebraci\u00f3n, lo que facilitar\u00e1 mucho la <strong>resoluci\u00f3n de los temidos inconvenientes de \u00faltima hora. <\/strong>Puedes contar con ellos para la coordinaci\u00f3n y organizaci\u00f3n de\u00a0todo tipo de eventos: <strong>bodas, bautizos, baby shower, comuniones<\/strong>, cumplea\u00f1os, fiestas privadas, inauguraciones&#8230;<\/p>\n<div id=\"metaslider-id-5341\" style=\"width: 100%; margin: 0 auto;\" class=\"ml-slider-3-108-0 metaslider metaslider-flex metaslider-5341 ml-slider has-dots-nav has-carousel-mode ms-theme-default\" role=\"region\" aria-label=\"Nice Day\" data-height=\"700\" data-width=\"700\">\n    <div id=\"metaslider_container_5341\">\n        <div id=\"metaslider_5341\">\n            <ul class='slides'>\n                <li style=\"display: none; width: 100%;\" class=\"slide-5343 ms-image \" aria-roledescription=\"slide\" data-date=\"2018-03-21 18:21:35\" data-filename=\"d251a719-7395-4615-a4b0-e09139d8472b.jpg\" data-slide-type=\"image\"><img loading=\"lazy\" decoding=\"async\" width=\"852\" height=\"640\" src=\"https:\/\/www.maistendencia.com\/blog\/wp-content\/uploads\/2018\/03\/d251a719-7395-4615-a4b0-e09139d8472b.jpg\" class=\"slider-5341 slide-5343 msDefaultImage\" alt=\"Organizaci\u00f3n de Bodas en Ourense - Nice Day\" rel=\"\" title=\"Bodas Nice Day\" style=\"margin-top: 12.441314553991%\" srcset=\"https:\/\/www.maistendencia.com\/blog\/wp-content\/uploads\/2018\/03\/d251a719-7395-4615-a4b0-e09139d8472b.jpg 852w, https:\/\/www.maistendencia.com\/blog\/wp-content\/uploads\/2018\/03\/d251a719-7395-4615-a4b0-e09139d8472b-300x225.jpg 300w\" sizes=\"auto, (max-width: 852px) 100vw, 852px\" \/><\/li>\n                <li style=\"display: none; width: 100%;\" class=\"slide-5345 ms-image \" aria-roledescription=\"slide\" data-date=\"2018-03-21 18:21:35\" data-filename=\"ed86e7a3-9593-4678-9378-29ea3b2f62eb.jpg\" data-slide-type=\"image\"><img loading=\"lazy\" decoding=\"async\" width=\"1600\" height=\"1200\" src=\"https:\/\/www.maistendencia.com\/blog\/wp-content\/uploads\/2018\/03\/ed86e7a3-9593-4678-9378-29ea3b2f62eb.jpg\" class=\"slider-5341 slide-5345 msDefaultImage\" alt=\"Nice Day - Organizaci\u00f3n de eventos en Ourense\" rel=\"\" title=\"Nice Day - Organizaci\u00f3n de eventos\" style=\"margin-top: 12.5%\" srcset=\"https:\/\/www.maistendencia.com\/blog\/wp-content\/uploads\/2018\/03\/ed86e7a3-9593-4678-9378-29ea3b2f62eb.jpg 1600w, https:\/\/www.maistendencia.com\/blog\/wp-content\/uploads\/2018\/03\/ed86e7a3-9593-4678-9378-29ea3b2f62eb-300x225.jpg 300w, https:\/\/www.maistendencia.com\/blog\/wp-content\/uploads\/2018\/03\/ed86e7a3-9593-4678-9378-29ea3b2f62eb-1024x768.jpg 1024w\" sizes=\"auto, (max-width: 1600px) 100vw, 1600px\" \/><\/li>\n                <li style=\"display: none; width: 100%;\" class=\"slide-5344 ms-image \" aria-roledescription=\"slide\" data-date=\"2018-03-21 18:21:35\" data-filename=\"d116372e-ca0c-4ae5-a2b1-0b08e363d0ad.jpg\" data-slide-type=\"image\"><img loading=\"lazy\" decoding=\"async\" width=\"1600\" height=\"1200\" src=\"https:\/\/www.maistendencia.com\/blog\/wp-content\/uploads\/2018\/03\/d116372e-ca0c-4ae5-a2b1-0b08e363d0ad.jpg\" class=\"slider-5341 slide-5344 msDefaultImage\" alt=\"Nice Day - Organizaci\u00f3n de eventos en Ourense\" rel=\"\" title=\"Nice Day Eventos\" style=\"margin-top: 12.5%\" srcset=\"https:\/\/www.maistendencia.com\/blog\/wp-content\/uploads\/2018\/03\/d116372e-ca0c-4ae5-a2b1-0b08e363d0ad.jpg 1600w, https:\/\/www.maistendencia.com\/blog\/wp-content\/uploads\/2018\/03\/d116372e-ca0c-4ae5-a2b1-0b08e363d0ad-300x225.jpg 300w, https:\/\/www.maistendencia.com\/blog\/wp-content\/uploads\/2018\/03\/d116372e-ca0c-4ae5-a2b1-0b08e363d0ad-1024x768.jpg 1024w\" sizes=\"auto, (max-width: 1600px) 100vw, 1600px\" \/><\/li>\n                <li style=\"display: none; width: 100%;\" class=\"slide-5347 ms-image \" aria-roledescription=\"slide\" data-date=\"2018-03-21 18:21:36\" data-filename=\"4b86c880-db9a-4316-8ff9-4c492c8fa255.jpg\" data-slide-type=\"image\"><img loading=\"lazy\" decoding=\"async\" width=\"1200\" height=\"1600\" src=\"https:\/\/www.maistendencia.com\/blog\/wp-content\/uploads\/2018\/03\/4b86c880-db9a-4316-8ff9-4c492c8fa255.jpg\" class=\"slider-5341 slide-5347 msDefaultImage\" alt=\"Nice Day Organizaci\u00f3n de eventos en Ourense\" rel=\"\" title=\"Nice Day Organizaci\u00f3n de eventos\" style=\"margin: 0 auto; width: 75%\" srcset=\"https:\/\/www.maistendencia.com\/blog\/wp-content\/uploads\/2018\/03\/4b86c880-db9a-4316-8ff9-4c492c8fa255.jpg 1200w, https:\/\/www.maistendencia.com\/blog\/wp-content\/uploads\/2018\/03\/4b86c880-db9a-4316-8ff9-4c492c8fa255-225x300.jpg 225w, https:\/\/www.maistendencia.com\/blog\/wp-content\/uploads\/2018\/03\/4b86c880-db9a-4316-8ff9-4c492c8fa255-768x1024.jpg 768w\" sizes=\"auto, (max-width: 1200px) 100vw, 1200px\" \/><\/li>\n            <\/ul>\n        <\/div>\n        \n    <\/div>\n<\/div>\n<h2>Vorec<\/h2>\n<p style=\"text-align: justify;\"><a href=\"https:\/\/vorec.es\/\">Vorec<\/a> es un servicio de <strong>dise\u00f1o y planificaci\u00f3n integral de bodas y celebraciones<\/strong> que te lo pondr\u00e1 muy f\u00e1cil. Ellos se encargan de hacerlo todo por ti, pero contigo. T\u00fa podr\u00e1s<strong> decidir hasta el m\u00e1s m\u00ednimo detalle<\/strong> de la fiesta sin pasar por el calvario de llamar, preguntar, hacer reservas\u2026 por cada una de las tareas que ser\u00e1n necesarias para conseguir tu celebraci\u00f3n ideal.<\/p>\n<p style=\"text-align: justify;\">Antes de nada, conciertan una entrevista contigo para ver cu\u00e1les son tus necesidades y qu\u00e9 tipo de evento quieres realizar. En esta reuni\u00f3n <strong>conversar\u00e9is detenidamente sobre la idea que ten\u00edas pensada<\/strong>: c\u00f3mo quieres que sea la boda\/evento, el espacio de celebraci\u00f3n, n\u00famero de invitados y ubicaci\u00f3n.<\/p>\n<p style=\"text-align: justify;\">El segundo paso, si no lo tienes decidido todav\u00eda, ser\u00e1 <strong>buscar la localizaci\u00f3n adecuada<\/strong> a tus necesidades para la ocasi\u00f3n: pazo, casa rural, iglesia, playa, restaurante\u2026 ya que una de las cosas m\u00e1s importantes a la hora de organizar eventos es la coordinaci\u00f3n de fechas y disponibilidad de los servicios que se quiera contratar.<\/p>\n<p><img loading=\"lazy\" decoding=\"async\" class=\"alignnone wp-image-5296 size-full\" title=\"Decoraci\u00f3n para bodas\" src=\"http:\/\/www.maistendencia.com\/wp-content\/uploads\/2018\/03\/Boda-de-SM-3.jpg\" alt=\"Decoraci\u00f3n para bodas - Vorec Ourense\" width=\"1024\" height=\"768\" srcset=\"https:\/\/www.maistendencia.com\/blog\/wp-content\/uploads\/2018\/03\/Boda-de-SM-3.jpg 1024w, https:\/\/www.maistendencia.com\/blog\/wp-content\/uploads\/2018\/03\/Boda-de-SM-3-300x225.jpg 300w\" sizes=\"auto, (max-width: 1024px) 100vw, 1024px\" \/><\/p>\n<p style=\"text-align: justify;\">A continuaci\u00f3n se elegir\u00e1 fot\u00f3grafo, decoraci\u00f3n, catering, autobuses, dj, dise\u00f1o de invitaciones, etc. para, un mes antes del evento, visitar el lugar de celebraci\u00f3n y ver con el equipo de Vorec c\u00f3mo ir\u00e1 cada detalle.<\/p>\n<p style=\"text-align: justify;\">Tambi\u00e9n ofrecen la posibilidad de contratar <strong>oficiantes de bodas civiles <\/strong>o maestros de ceremonias. Photocall, fuegos artificiales, suelta de globos, \u00e1rbol de los deseos\u2026 con ellos podr\u00e1s <strong>plasmar tu personalidad en los d\u00edas m\u00e1s especiales de tu vida<\/strong>.<\/p>\n<div id=\"metaslider-id-5360\" style=\"width: 100%; margin: 0 auto;\" class=\"ml-slider-3-108-0 metaslider metaslider-flex metaslider-5360 ml-slider has-dots-nav has-carousel-mode ms-theme-default\" role=\"region\" aria-label=\"Vorec\" data-height=\"700\" data-width=\"700\">\n    <div id=\"metaslider_container_5360\">\n        <div id=\"metaslider_5360\">\n            <ul class='slides'>\n                <li style=\"display: none; width: 100%;\" class=\"slide-5365 ms-image \" aria-roledescription=\"slide\" data-date=\"2018-03-21 18:46:35\" data-filename=\"Boda-de-SM-1.jpg\" data-slide-type=\"image\"><img loading=\"lazy\" decoding=\"async\" width=\"1024\" height=\"768\" src=\"https:\/\/www.maistendencia.com\/blog\/wp-content\/uploads\/2018\/03\/Boda-de-SM-1.jpg\" class=\"slider-5360 slide-5365 msDefaultImage\" alt=\"Vorec - decoraci\u00f3n bodas en Ourense\" rel=\"\" title=\"Vorec - decoraci\u00f3n bodas\" style=\"margin-top: 12.5%\" srcset=\"https:\/\/www.maistendencia.com\/blog\/wp-content\/uploads\/2018\/03\/Boda-de-SM-1.jpg 1024w, https:\/\/www.maistendencia.com\/blog\/wp-content\/uploads\/2018\/03\/Boda-de-SM-1-300x225.jpg 300w\" sizes=\"auto, (max-width: 1024px) 100vw, 1024px\" \/><\/li>\n                <li style=\"display: none; width: 100%;\" class=\"slide-5363 ms-image \" aria-roledescription=\"slide\" data-date=\"2018-03-21 18:46:34\" data-filename=\"IMG_20171007_171215.jpg\" data-slide-type=\"image\"><img loading=\"lazy\" decoding=\"async\" width=\"4608\" height=\"3456\" src=\"https:\/\/www.maistendencia.com\/blog\/wp-content\/uploads\/2018\/03\/IMG_20171007_171215.jpg\" class=\"slider-5360 slide-5363 msDefaultImage\" alt=\"Vorec - decoraci\u00f3n bodas en Ourense\" rel=\"\" title=\"Vorec - decoraci\u00f3n bodas\" style=\"margin-top: 12.5%\" srcset=\"https:\/\/www.maistendencia.com\/blog\/wp-content\/uploads\/2018\/03\/IMG_20171007_171215.jpg 4608w, https:\/\/www.maistendencia.com\/blog\/wp-content\/uploads\/2018\/03\/IMG_20171007_171215-300x225.jpg 300w, https:\/\/www.maistendencia.com\/blog\/wp-content\/uploads\/2018\/03\/IMG_20171007_171215-1024x768.jpg 1024w\" sizes=\"auto, (max-width: 4608px) 100vw, 4608px\" \/><\/li>\n                <li style=\"display: none; width: 100%;\" class=\"slide-5361 ms-image \" aria-roledescription=\"slide\" data-date=\"2018-03-21 18:46:34\" data-filename=\"Sillas-Tiffany-1.jpg\" data-slide-type=\"image\"><img loading=\"lazy\" decoding=\"async\" width=\"1024\" height=\"768\" src=\"https:\/\/www.maistendencia.com\/blog\/wp-content\/uploads\/2018\/03\/Sillas-Tiffany-1.jpg\" class=\"slider-5360 slide-5361 msDefaultImage\" alt=\"decoraci\u00f3n bodas en Ourense vorec\" rel=\"\" title=\"Vorec - decoraci\u00f3n bodas\" style=\"margin-top: 12.5%\" srcset=\"https:\/\/www.maistendencia.com\/blog\/wp-content\/uploads\/2018\/03\/Sillas-Tiffany-1.jpg 1024w, https:\/\/www.maistendencia.com\/blog\/wp-content\/uploads\/2018\/03\/Sillas-Tiffany-1-300x225.jpg 300w\" sizes=\"auto, (max-width: 1024px) 100vw, 1024px\" \/><\/li>\n                <li style=\"display: none; width: 100%;\" class=\"slide-5362 ms-image \" aria-roledescription=\"slide\" data-date=\"2018-03-21 18:46:34\" data-filename=\"Mateteleria-Bodas-Vorec-3.jpg\" data-slide-type=\"image\"><img loading=\"lazy\" decoding=\"async\" width=\"1024\" height=\"768\" src=\"https:\/\/www.maistendencia.com\/blog\/wp-content\/uploads\/2018\/03\/Mateteleria-Bodas-Vorec-3.jpg\" class=\"slider-5360 slide-5362 msDefaultImage\" alt=\"Vorec - decoraci\u00f3n bodas en Ourense\" rel=\"\" title=\"Vorec - decoraci\u00f3n bodas\" style=\"margin-top: 12.5%\" srcset=\"https:\/\/www.maistendencia.com\/blog\/wp-content\/uploads\/2018\/03\/Mateteleria-Bodas-Vorec-3.jpg 1024w, https:\/\/www.maistendencia.com\/blog\/wp-content\/uploads\/2018\/03\/Mateteleria-Bodas-Vorec-3-300x225.jpg 300w\" sizes=\"auto, (max-width: 1024px) 100vw, 1024px\" \/><\/li>\n            <\/ul>\n        <\/div>\n        \n    <\/div>\n<\/div>\n<strong>Texto de<\/strong><br\/><br\/><div style=\"width:100%;height:auto;\"><div style=\"float:left;margin:0px 10px 10px 0px;\"><img alt='' src='https:\/\/secure.gravatar.com\/avatar\/131f1bf6d42065a0c1d3ecc19f8c6e5a?s=111&amp;d=https%3A%2F%2Fsecure.gravatar.com%2Favatar%2Fad516503a11cd5ca435acc9bb6523536%3Fs%3D111&amp;r=G' class='avatar avatar-111 photo' height='111' width='111' \/><\/div><div style=\"padding-left:25%;\"><strong>Alba R Cougil<\/strong><br\/><br\/><a href=\"mailto:acougil@ourensecca.com\">Correo electr\u00f3nico<\/a><br\/><br\/><div class=\"author-description\"><div class=\"autor-enlaces\"><\/div><\/div><\/div><\/div><div class=\"clear\"><\/div>\n","protected":false},"excerpt":{"rendered":"<p>Ayer comenzaba la primavera, aunque el buen tiempo no acompa\u00f1e, y con ella llega tambi\u00e9n el momento de empezar a planear esa celebraci\u00f3n que se aproxima, si es que no lo has hecho ya. Bodas,&#8230;<br \/><a href=\"https:\/\/www.maistendencia.com\/blog\/organiza-tu-boda-o-evento-sin-agobios\/\"> Continuar leyendo&#8230;<\/a><\/p>\n","protected":false},"author":28,"featured_media":5338,"comment_status":"open","ping_status":"closed","sticky":false,"template":"","format":"standard","meta":{"footnotes":""},"categories":[5],"tags":[229,212,489,226],"class_list":["post-5342","post","type-post","status-publish","format-standard","has-post-thumbnail","hentry","category-celebra","tag-bautizo","tag-boda","tag-celebraciones","tag-ceremonia"],"aioseo_notices":[],"_links":{"self":[{"href":"https:\/\/www.maistendencia.com\/blog\/wp-json\/wp\/v2\/posts\/5342","targetHints":{"allow":["GET"]}}],"collection":[{"href":"https:\/\/www.maistendencia.com\/blog\/wp-json\/wp\/v2\/posts"}],"about":[{"href":"https:\/\/www.maistendencia.com\/blog\/wp-json\/wp\/v2\/types\/post"}],"author":[{"embeddable":true,"href":"https:\/\/www.maistendencia.com\/blog\/wp-json\/wp\/v2\/users\/28"}],"replies":[{"embeddable":true,"href":"https:\/\/www.maistendencia.com\/blog\/wp-json\/wp\/v2\/comments?post=5342"}],"version-history":[{"count":1,"href":"https:\/\/www.maistendencia.com\/blog\/wp-json\/wp\/v2\/posts\/5342\/revisions"}],"predecessor-version":[{"id":7232,"href":"https:\/\/www.maistendencia.com\/blog\/wp-json\/wp\/v2\/posts\/5342\/revisions\/7232"}],"wp:featuredmedia":[{"embeddable":true,"href":"https:\/\/www.maistendencia.com\/blog\/wp-json\/wp\/v2\/media\/5338"}],"wp:attachment":[{"href":"https:\/\/www.maistendencia.com\/blog\/wp-json\/wp\/v2\/media?parent=5342"}],"wp:term":[{"taxonomy":"category","embeddable":true,"href":"https:\/\/www.maistendencia.com\/blog\/wp-json\/wp\/v2\/categories?post=5342"},{"taxonomy":"post_tag","embeddable":true,"href":"https:\/\/www.maistendencia.com\/blog\/wp-json\/wp\/v2\/tags?post=5342"}],"curies":[{"name":"wp","href":"https:\/\/api.w.org\/{rel}","templated":true}]}}