{"id":4878,"date":"2018-02-13T16:55:02","date_gmt":"2018-02-13T14:55:02","guid":{"rendered":"http:\/\/www.maistendencia.com\/?p=4878"},"modified":"2022-02-07T14:40:55","modified_gmt":"2022-02-07T12:40:55","slug":"el-arte-del-amor-escapadas-romanticas-y-flores","status":"publish","type":"post","link":"https:\/\/www.maistendencia.com\/blog\/el-arte-del-amor-escapadas-romanticas-y-flores\/","title":{"rendered":"El arte del amor: escapadas rom\u00e1nticas y flores"},"content":{"rendered":"<p style=\"text-align: justify;\">\u00bfTodav\u00eda est\u00e1s pensando en <strong>tu regalo del D\u00eda de los Enamorados<\/strong>? Por San Valent\u00edn a algunos les gusta regalar un detalle a su pareja, mientras que a otros, obsequiarla con<strong> toda una experiencia<\/strong>.<\/p>\n<p style=\"text-align: justify;\">Te dejamos con algunas ideas para que vivas junto a la persona a la que quieres un bonito momento que sumar a vuestra lista de recuerdos.<\/p>\n<h2 style=\"text-align: justify;\">Viaje rom\u00e1ntico sin poner distancia<\/h2>\n<p style=\"text-align: justify;\">Si no tienes tiempo para irte hasta muy lejos o no te apetece gastar demasiado dinero, te proponemos dos experiencias en <strong>Galicia y Portugal<\/strong> que pueden ser de tu agrado.<\/p>\n<h3 style=\"text-align: justify;\">Moa\u00f1a<\/h3>\n<p><img loading=\"lazy\" decoding=\"async\" class=\"alignnone size-full wp-image-4881\" src=\"http:\/\/www.maistendencia.com\/wp-content\/uploads\/2018\/02\/Moa\u00f1a_porto.jpg\" alt=\"Puerto de Moa\u00f1a.\" width=\"1024\" height=\"769\" srcset=\"https:\/\/www.maistendencia.com\/blog\/wp-content\/uploads\/2018\/02\/Moa\u00f1a_porto.jpg 1024w, https:\/\/www.maistendencia.com\/blog\/wp-content\/uploads\/2018\/02\/Moa\u00f1a_porto-300x225.jpg 300w\" sizes=\"auto, (max-width: 1024px) 100vw, 1024px\" \/><\/p>\n<p style=\"text-align: justify;\">La primera es un viaje a Moa\u00f1a, en la pen\u00ednsula del Morrazo. Vive una experiencia rom\u00e1ntica en el coraz\u00f3n de la R\u00eda de Vigo hosped\u00e1ndote en el <strong>Hotel Spa Bienestar Moa\u00f1a<\/strong> de 4 estrellas.<\/p>\n<p style=\"text-align: justify;\">La oferta consta de una noche de alojamiento (s\u00e1bados, 10 y 17 febrero 2018) con una decoraci\u00f3n apropiada para la fecha, desayuno buffet y cena con <strong>mariscada especial San Valent\u00edn<\/strong>, con comienzo a las 21.30 horas. El men\u00fa ser\u00e1 de bru\u00f1o de la r\u00eda, buey de mar, langostinos, camarones de la r\u00eda y percebes. A la plancha: langostinos, gambas, zamburi\u00f1as y navajas. El men\u00fa est\u00e1 acompa\u00f1ado de <strong>vino D.O. R\u00edas Baixas Paco y Lola<\/strong> e incluye postre y caf\u00e9.<\/p>\n<p style=\"text-align: justify;\">Tras la velada habr\u00e1 baile con DJ desde las 00:00 h., adem\u00e1s de <strong>acceso de 2 h al Club Termal<\/strong>, ambientado para la ocasi\u00f3n. En la sala de relajaci\u00f3n podr\u00e9is disfrutar de cava y delicias de chocolate.<\/p>\n<h3 style=\"text-align: justify;\">Ponte de Lima<\/h3>\n<p><img loading=\"lazy\" decoding=\"async\" class=\"alignnone size-full wp-image-4895\" src=\"http:\/\/www.maistendencia.com\/wp-content\/uploads\/2018\/02\/ponte-de-lima.jpg\" alt=\"Ponte de Lima paisaje.\" width=\"3807\" height=\"2496\" srcset=\"https:\/\/www.maistendencia.com\/blog\/wp-content\/uploads\/2018\/02\/ponte-de-lima.jpg 3807w, https:\/\/www.maistendencia.com\/blog\/wp-content\/uploads\/2018\/02\/ponte-de-lima-300x197.jpg 300w, https:\/\/www.maistendencia.com\/blog\/wp-content\/uploads\/2018\/02\/ponte-de-lima-1024x671.jpg 1024w, https:\/\/www.maistendencia.com\/blog\/wp-content\/uploads\/2018\/02\/ponte-de-lima-50x33.jpg 50w\" sizes=\"auto, (max-width: 3807px) 100vw, 3807px\" \/><\/p>\n<p style=\"text-align: justify;\">En el Alto Minho portugu\u00e9s est\u00e1 Ponte de Lima, una villa con mucho encanto, ideal para retirarte un fin de semana para <strong>cargar las pilas y relajarte en un entorno rural<\/strong>. Tu pareja y t\u00fa os quedar\u00edais en el <strong>Hotel Axis Ponte de Lima Golf Resort Hotel<\/strong>, de 3 estrellas, con opci\u00f3n de 1 o 2 noches seg\u00fan prefir\u00e1is.<\/p>\n<p style=\"text-align: justify;\">Esta oferta es v\u00e1lida del l al 28 Febrero e incluye, adem\u00e1s del alojamiento, desayuno buffet, un detalle rom\u00e1ntico de bienvenida en la habitaci\u00f3n (cava, bombones y p\u00e9talos de rosas) y una cena para dos en el restaurante del hotel, con bebidas de la casa. El pack incluye tambi\u00e9n <strong>acceso libre al Club de Salud de este Resort<\/strong>: piscina interior climatizada, sauna, jacuzzi y gimnasio.<\/p>\n<p style=\"text-align: justify;\">Una oferta muy completa para que os relaj\u00e9is y disfrut\u00e9is de la compa\u00f1\u00eda del otro en el norte de Portugal. Pod\u00e9is contratar cualquiera de estas dos opciones en la agencia Altas Viaxes.<\/p>\n<h2 style=\"text-align: justify;\">Romance en Europa por San Valent\u00edn<\/h2>\n<p style=\"text-align: justify;\">Si lo tuyo definitivamente es irte lejos, aprovecha esta fecha para escaparte con tu pareja sin miedo a la aventura. En este caso, nuestras opciones favoritas fuera de Espa\u00f1a son <strong>Flandes e Italia<\/strong>, ya que la ocasi\u00f3n no permite irse durante mucho tiempo al no tratarse de un d\u00eda festivo.<\/p>\n<h3 style=\"text-align: justify;\">Flandes<\/h3>\n<p><img loading=\"lazy\" decoding=\"async\" class=\"alignnone size-full wp-image-4899\" src=\"http:\/\/www.maistendencia.com\/wp-content\/uploads\/2018\/02\/Flandes-belgica.jpg\" alt=\"Vista de Flandes, Belgica.\" width=\"921\" height=\"616\" srcset=\"https:\/\/www.maistendencia.com\/blog\/wp-content\/uploads\/2018\/02\/Flandes-belgica.jpg 921w, https:\/\/www.maistendencia.com\/blog\/wp-content\/uploads\/2018\/02\/Flandes-belgica-300x201.jpg 300w, https:\/\/www.maistendencia.com\/blog\/wp-content\/uploads\/2018\/02\/Flandes-belgica-50x33.jpg 50w\" sizes=\"auto, (max-width: 921px) 100vw, 921px\" \/><\/p>\n<p style=\"text-align: justify;\">Ir a B\u00e9lgica siempre es un placer. En esta ocasi\u00f3n te proponemos una peque\u00f1a ruta por Flandes, cuya capital es Bruselas, en la que visitar\u00e1s tambi\u00e9n la regi\u00f3n de Brujas o <em>Brugge<\/em>, tan<strong> conocida por su arquitectura medieval<\/strong>.<\/p>\n<p style=\"text-align: justify;\">Este viaje comprende 5 d\u00edas y 4 noches, y los precios variar\u00e1n un poco en funci\u00f3n de la temporada en que viaj\u00e9is. Incluye vuelos ida y vuelta en clase turista con la aerol\u00ednea Iberia desde Madrid, traslado a Bruselas desde el aeropuerto y <strong>billetes de tren Bruselas-Brujas y Brujas-Aeropuerto<\/strong>. Tambi\u00e9n podr\u00e9is disfrutar de visitas guiadas en castellano en ambas ciudades, as\u00ed como de 4 noches con desayuno incluido en hoteles de 4 estrellas: <strong>Novotel Off Grand Place en Bruselas <\/strong>y<strong> NH Brugee en Brujas<\/strong>.<\/p>\n<h3 style=\"text-align: justify;\">Italia<\/h3>\n<p><img loading=\"lazy\" decoding=\"async\" class=\"alignnone size-full wp-image-4897\" src=\"http:\/\/www.maistendencia.com\/wp-content\/uploads\/2018\/02\/vistanocturna-roma.jpg\" alt=\"Vista nocturna de Roma.\" width=\"979\" height=\"652\" srcset=\"https:\/\/www.maistendencia.com\/blog\/wp-content\/uploads\/2018\/02\/vistanocturna-roma.jpg 979w, https:\/\/www.maistendencia.com\/blog\/wp-content\/uploads\/2018\/02\/vistanocturna-roma-300x200.jpg 300w, https:\/\/www.maistendencia.com\/blog\/wp-content\/uploads\/2018\/02\/vistanocturna-roma-400x266.jpg 400w, https:\/\/www.maistendencia.com\/blog\/wp-content\/uploads\/2018\/02\/vistanocturna-roma-50x33.jpg 50w\" sizes=\"auto, (max-width: 979px) 100vw, 979px\" \/><\/p>\n<p style=\"text-align: justify;\">8 d\u00edas y 7 noches en Italia, \u00bfsuena bien, verdad? Esto es lo que puedes disfrutar con este paquete de vacaciones, que hace un precioso itinerario por las ciudades de <strong>Roma, Florencia y Venecia<\/strong>.<\/p>\n<p style=\"text-align: justify;\">El viaje incluye vuelos, desplazamiento en tren entre los tres lugares a visitar y las 7 noches en hoteles a elegir, de 3 a 5 estrellas para adaptarse a todos los bolsillos.<\/p>\n<p style=\"text-align: justify;\">Todos los hoteles ofrecen una reserva en habitaci\u00f3n de cama doble con desayuno incluido. El plato fuerte, para finalizar vuestra estancia, es un <strong>paseo rom\u00e1ntico en g\u00f3ndola por el Gran Canal<\/strong> con almuerzo o cena disfrutando de las vistas, toda una delicia. No se nos ocurre un plan m\u00e1s rom\u00e1ntico que este.<\/p>\n<p><img loading=\"lazy\" decoding=\"async\" class=\"alignnone size-full wp-image-4896\" src=\"http:\/\/www.maistendencia.com\/wp-content\/uploads\/2018\/02\/venecia-gondola-canal.jpg\" alt=\"G\u00f3ndola en el Canal de Venecia.\" width=\"1194\" height=\"652\" srcset=\"https:\/\/www.maistendencia.com\/blog\/wp-content\/uploads\/2018\/02\/venecia-gondola-canal.jpg 1194w, https:\/\/www.maistendencia.com\/blog\/wp-content\/uploads\/2018\/02\/venecia-gondola-canal-300x164.jpg 300w, https:\/\/www.maistendencia.com\/blog\/wp-content\/uploads\/2018\/02\/venecia-gondola-canal-1024x559.jpg 1024w\" sizes=\"auto, (max-width: 1194px) 100vw, 1194px\" \/><\/p>\n<p style=\"text-align: justify;\"><em>Estas ofertas de escapadas a Europa est\u00e1n disponibles en <a href=\"http:\/\/www.iag7viajes.com\/\">IAG7 Viajes<\/a>.<\/em><\/p>\n<h2 style=\"text-align: justify;\">Una flor para mi amor<\/h2>\n<p style=\"text-align: justify;\">Una de las opciones que <strong>m\u00e1s se regala en San Valent\u00edn son las flores<\/strong>, y, por supuesto, no pod\u00edan faltar en nuestro recopilatorio de <a href=\"http:\/\/www.maistendencia.com\/un-anillo-para-conquistarlos-a-todos\/\">ideas para el 14 de febrero<\/a>.<\/p>\n<p style=\"text-align: justify;\">Aqu\u00ed te dejamos con algunas de las opciones que pod\u00e9is encontraros en las florister\u00edas de Ourense Centro: <a href=\"https:\/\/www.facebook.com\/pages\/Florister%C3%ADa-Dr%C3%A1cena\/127591960609022\">Dr\u00e1cena<\/a>, Milvia y <a href=\"http:\/\/www.ourensecentro.com\/asociados-ourense-centro\/172\/floristeria-milagros-albitos\">Milagros Albitos<\/a>. \u00a1La rosa roja nunca falla!<\/p>\n<h3 style=\"text-align: justify;\">Dr\u00e1cena<\/h3>\n<p style=\"text-align: justify;\"><div id=\"metaslider-id-4905\" style=\"width: 100%; margin: 0 auto;\" class=\"ml-slider-3-108-0 metaslider metaslider-flex metaslider-4905 ml-slider has-dots-nav has-carousel-mode ms-theme-default\" role=\"region\" aria-label=\"Dr\u00e1cena\" data-height=\"700\" data-width=\"700\">\n    <div id=\"metaslider_container_4905\">\n        <div id=\"metaslider_4905\">\n            <ul class='slides'>\n                <li style=\"display: none; width: 100%;\" class=\"slide-4909 ms-image \" aria-roledescription=\"slide\" data-date=\"2018-02-13 16:50:15\" data-filename=\"dracena-centro-ros.jpg\" data-slide-type=\"image\"><img loading=\"lazy\" decoding=\"async\" width=\"3000\" height=\"2000\" src=\"https:\/\/www.maistendencia.com\/blog\/wp-content\/uploads\/2018\/02\/dracena-centro-ros.jpg\" class=\"slider-4905 slide-4909 msDefaultImage\" alt=\"Centro de rosas de Dr\u00e1cena.\" rel=\"\" title=\"\" style=\"margin-top: 16.666666666667%\" srcset=\"https:\/\/www.maistendencia.com\/blog\/wp-content\/uploads\/2018\/02\/dracena-centro-ros.jpg 3000w, https:\/\/www.maistendencia.com\/blog\/wp-content\/uploads\/2018\/02\/dracena-centro-ros-300x200.jpg 300w, https:\/\/www.maistendencia.com\/blog\/wp-content\/uploads\/2018\/02\/dracena-centro-ros-1024x683.jpg 1024w, https:\/\/www.maistendencia.com\/blog\/wp-content\/uploads\/2018\/02\/dracena-centro-ros-400x266.jpg 400w, https:\/\/www.maistendencia.com\/blog\/wp-content\/uploads\/2018\/02\/dracena-centro-ros-50x33.jpg 50w\" sizes=\"auto, (max-width: 3000px) 100vw, 3000px\" \/><\/li>\n                <li style=\"display: none; width: 100%;\" class=\"slide-4906 ms-image \" aria-roledescription=\"slide\" data-date=\"2018-02-13 16:50:14\" data-filename=\"dracena-rosa.jpg\" data-slide-type=\"image\"><img loading=\"lazy\" decoding=\"async\" width=\"2000\" height=\"3000\" src=\"https:\/\/www.maistendencia.com\/blog\/wp-content\/uploads\/2018\/02\/dracena-rosa.jpg\" class=\"slider-4905 slide-4906 msDefaultImage\" alt=\"Rosa de color rosa de Dr\u00e1cena.\" rel=\"\" title=\"\" style=\"margin: 0 auto; width: 66.666666666667%\" srcset=\"https:\/\/www.maistendencia.com\/blog\/wp-content\/uploads\/2018\/02\/dracena-rosa.jpg 2000w, https:\/\/www.maistendencia.com\/blog\/wp-content\/uploads\/2018\/02\/dracena-rosa-200x300.jpg 200w, https:\/\/www.maistendencia.com\/blog\/wp-content\/uploads\/2018\/02\/dracena-rosa-683x1024.jpg 683w\" sizes=\"auto, (max-width: 2000px) 100vw, 2000px\" \/><\/li>\n                <li style=\"display: none; width: 100%;\" class=\"slide-4907 ms-image \" aria-roledescription=\"slide\" data-date=\"2018-02-13 16:50:14\" data-filename=\"dracena-pecera-crasa.jpg\" data-slide-type=\"image\"><img loading=\"lazy\" decoding=\"async\" width=\"3000\" height=\"2000\" src=\"https:\/\/www.maistendencia.com\/blog\/wp-content\/uploads\/2018\/02\/dracena-pecera-crasa.jpg\" class=\"slider-4905 slide-4907 msDefaultImage\" alt=\"Pecera de crasa de Dr\u00e1cena.\" rel=\"\" title=\"\" style=\"margin-top: 16.666666666667%\" srcset=\"https:\/\/www.maistendencia.com\/blog\/wp-content\/uploads\/2018\/02\/dracena-pecera-crasa.jpg 3000w, https:\/\/www.maistendencia.com\/blog\/wp-content\/uploads\/2018\/02\/dracena-pecera-crasa-300x200.jpg 300w, https:\/\/www.maistendencia.com\/blog\/wp-content\/uploads\/2018\/02\/dracena-pecera-crasa-1024x683.jpg 1024w, https:\/\/www.maistendencia.com\/blog\/wp-content\/uploads\/2018\/02\/dracena-pecera-crasa-400x266.jpg 400w, https:\/\/www.maistendencia.com\/blog\/wp-content\/uploads\/2018\/02\/dracena-pecera-crasa-50x33.jpg 50w\" sizes=\"auto, (max-width: 3000px) 100vw, 3000px\" \/><\/li>\n                <li style=\"display: none; width: 100%;\" class=\"slide-4908 ms-image \" aria-roledescription=\"slide\" data-date=\"2018-02-13 16:50:15\" data-filename=\"dracena-centros.jpg\" data-slide-type=\"image\"><img loading=\"lazy\" decoding=\"async\" width=\"3000\" height=\"2000\" src=\"https:\/\/www.maistendencia.com\/blog\/wp-content\/uploads\/2018\/02\/dracena-centros.jpg\" class=\"slider-4905 slide-4908 msDefaultImage\" alt=\"Centro de rosas de Dr\u00e1cena.\" rel=\"\" title=\"\" style=\"margin-top: 16.666666666667%\" srcset=\"https:\/\/www.maistendencia.com\/blog\/wp-content\/uploads\/2018\/02\/dracena-centros.jpg 3000w, https:\/\/www.maistendencia.com\/blog\/wp-content\/uploads\/2018\/02\/dracena-centros-300x200.jpg 300w, https:\/\/www.maistendencia.com\/blog\/wp-content\/uploads\/2018\/02\/dracena-centros-1024x683.jpg 1024w, https:\/\/www.maistendencia.com\/blog\/wp-content\/uploads\/2018\/02\/dracena-centros-400x266.jpg 400w, https:\/\/www.maistendencia.com\/blog\/wp-content\/uploads\/2018\/02\/dracena-centros-50x33.jpg 50w\" sizes=\"auto, (max-width: 3000px) 100vw, 3000px\" \/><\/li>\n            <\/ul>\n        <\/div>\n        \n    <\/div>\n<\/div><\/p>\n<p style=\"text-align: justify;\">En las fotograf\u00edas: centro de rosas rojas con decoraciones, copa de rosas secas en color marr\u00f3n y pecera de crasa, dr\u00e1cena, begonia y aucuba.<\/p>\n<h3 style=\"text-align: justify;\">Milvia<\/h3>\n<p style=\"text-align: justify;\"><div id=\"metaslider-id-4849\" style=\"width: 100%; margin: 0 auto;\" class=\"ml-slider-3-108-0 metaslider metaslider-flex metaslider-4849 ml-slider has-dots-nav has-carousel-mode ms-theme-default\" role=\"region\" aria-label=\"Milvia\" data-height=\"700\" data-width=\"700\">\n    <div id=\"metaslider_container_4849\">\n        <div id=\"metaslider_4849\">\n            <ul class='slides'>\n                <li style=\"display: none; width: 100%;\" class=\"slide-4904 ms-image \" aria-roledescription=\"slide\" data-date=\"2018-02-13 16:49:15\" data-filename=\"milvia-dama-blanca.jpg\" data-slide-type=\"image\"><img loading=\"lazy\" decoding=\"async\" width=\"3000\" height=\"2000\" src=\"https:\/\/www.maistendencia.com\/blog\/wp-content\/uploads\/2018\/02\/milvia-dama-blanca.jpg\" class=\"slider-4849 slide-4904 msDefaultImage\" alt=\"Dama blanca de Milvia.\" rel=\"\" title=\"\" style=\"margin-top: 16.666666666667%\" srcset=\"https:\/\/www.maistendencia.com\/blog\/wp-content\/uploads\/2018\/02\/milvia-dama-blanca.jpg 3000w, https:\/\/www.maistendencia.com\/blog\/wp-content\/uploads\/2018\/02\/milvia-dama-blanca-300x200.jpg 300w, https:\/\/www.maistendencia.com\/blog\/wp-content\/uploads\/2018\/02\/milvia-dama-blanca-1024x683.jpg 1024w, https:\/\/www.maistendencia.com\/blog\/wp-content\/uploads\/2018\/02\/milvia-dama-blanca-400x266.jpg 400w, https:\/\/www.maistendencia.com\/blog\/wp-content\/uploads\/2018\/02\/milvia-dama-blanca-50x33.jpg 50w\" sizes=\"auto, (max-width: 3000px) 100vw, 3000px\" \/><\/li>\n                <li style=\"display: none; width: 100%;\" class=\"slide-4901 ms-image \" aria-roledescription=\"slide\" data-date=\"2018-02-13 16:49:14\" data-filename=\"milvia-rosas.jpg\" data-slide-type=\"image\"><img loading=\"lazy\" decoding=\"async\" width=\"2813\" height=\"2000\" src=\"https:\/\/www.maistendencia.com\/blog\/wp-content\/uploads\/2018\/02\/milvia-rosas.jpg\" class=\"slider-4849 slide-4901 msDefaultImage\" alt=\"Ramo de rosas de Milvia.\" rel=\"\" title=\"\" style=\"margin-top: 14.450764308567%\" srcset=\"https:\/\/www.maistendencia.com\/blog\/wp-content\/uploads\/2018\/02\/milvia-rosas.jpg 2813w, https:\/\/www.maistendencia.com\/blog\/wp-content\/uploads\/2018\/02\/milvia-rosas-300x213.jpg 300w, https:\/\/www.maistendencia.com\/blog\/wp-content\/uploads\/2018\/02\/milvia-rosas-1024x728.jpg 1024w\" sizes=\"auto, (max-width: 2813px) 100vw, 2813px\" \/><\/li>\n                <li style=\"display: none; width: 100%;\" class=\"slide-4903 ms-image \" aria-roledescription=\"slide\" data-date=\"2018-02-13 16:49:15\" data-filename=\"milvia-gerbera.jpg\" data-slide-type=\"image\"><img loading=\"lazy\" decoding=\"async\" width=\"3000\" height=\"2000\" src=\"https:\/\/www.maistendencia.com\/blog\/wp-content\/uploads\/2018\/02\/milvia-gerbera.jpg\" class=\"slider-4849 slide-4903 msDefaultImage\" alt=\"Gerbera amarilla y rosa de Milvia.\" rel=\"\" title=\"\" style=\"margin-top: 16.666666666667%\" srcset=\"https:\/\/www.maistendencia.com\/blog\/wp-content\/uploads\/2018\/02\/milvia-gerbera.jpg 3000w, https:\/\/www.maistendencia.com\/blog\/wp-content\/uploads\/2018\/02\/milvia-gerbera-300x200.jpg 300w, https:\/\/www.maistendencia.com\/blog\/wp-content\/uploads\/2018\/02\/milvia-gerbera-1024x683.jpg 1024w, https:\/\/www.maistendencia.com\/blog\/wp-content\/uploads\/2018\/02\/milvia-gerbera-400x266.jpg 400w, https:\/\/www.maistendencia.com\/blog\/wp-content\/uploads\/2018\/02\/milvia-gerbera-50x33.jpg 50w\" sizes=\"auto, (max-width: 3000px) 100vw, 3000px\" \/><\/li>\n                <li style=\"display: none; width: 100%;\" class=\"slide-4902 ms-image \" aria-roledescription=\"slide\" data-date=\"2018-02-13 16:49:15\" data-filename=\"milvia-ramo-rosas.jpg\" data-slide-type=\"image\"><img loading=\"lazy\" decoding=\"async\" width=\"3000\" height=\"2000\" src=\"https:\/\/www.maistendencia.com\/blog\/wp-content\/uploads\/2018\/02\/milvia-ramo-rosas.jpg\" class=\"slider-4849 slide-4902 msDefaultImage\" alt=\"Ramo de rosas de Milvia.\" rel=\"\" title=\"\" style=\"margin-top: 16.666666666667%\" srcset=\"https:\/\/www.maistendencia.com\/blog\/wp-content\/uploads\/2018\/02\/milvia-ramo-rosas.jpg 3000w, https:\/\/www.maistendencia.com\/blog\/wp-content\/uploads\/2018\/02\/milvia-ramo-rosas-300x200.jpg 300w, https:\/\/www.maistendencia.com\/blog\/wp-content\/uploads\/2018\/02\/milvia-ramo-rosas-1024x683.jpg 1024w, https:\/\/www.maistendencia.com\/blog\/wp-content\/uploads\/2018\/02\/milvia-ramo-rosas-400x266.jpg 400w, https:\/\/www.maistendencia.com\/blog\/wp-content\/uploads\/2018\/02\/milvia-ramo-rosas-50x33.jpg 50w\" sizes=\"auto, (max-width: 3000px) 100vw, 3000px\" \/><\/li>\n            <\/ul>\n        <\/div>\n        \n    <\/div>\n<\/div><\/p>\n<p style=\"text-align: justify;\">En las fotograf\u00edas: paniculata y rosas rojas, statis fucsia, gerberas amarillas y rosas, dama blanca.<\/p>\n<h3 style=\"text-align: justify;\">Milagros Albitos<\/h3>\n<p style=\"text-align: justify;\"><div id=\"metaslider-id-4910\" style=\"width: 100%; margin: 0 auto;\" class=\"ml-slider-3-108-0 metaslider metaslider-flex metaslider-4910 ml-slider has-dots-nav has-carousel-mode ms-theme-default\" role=\"region\" aria-label=\"Milagros Albitos\" data-height=\"700\" data-width=\"700\">\n    <div id=\"metaslider_container_4910\">\n        <div id=\"metaslider_4910\">\n            <ul class='slides'>\n                <li style=\"display: none; width: 100%;\" class=\"slide-4914 ms-image \" aria-roledescription=\"slide\" data-date=\"2018-02-13 16:51:15\" data-filename=\"albitos-lirio-iris.jpg\" data-slide-type=\"image\"><img loading=\"lazy\" decoding=\"async\" width=\"3000\" height=\"2000\" src=\"https:\/\/www.maistendencia.com\/blog\/wp-content\/uploads\/2018\/02\/albitos-lirio-iris.jpg\" class=\"slider-4910 slide-4914 msDefaultImage\" alt=\"Lirio Iris de Milagros Albitos.\" rel=\"\" title=\"\" style=\"margin-top: 16.666666666667%\" srcset=\"https:\/\/www.maistendencia.com\/blog\/wp-content\/uploads\/2018\/02\/albitos-lirio-iris.jpg 3000w, https:\/\/www.maistendencia.com\/blog\/wp-content\/uploads\/2018\/02\/albitos-lirio-iris-300x200.jpg 300w, https:\/\/www.maistendencia.com\/blog\/wp-content\/uploads\/2018\/02\/albitos-lirio-iris-1024x683.jpg 1024w, https:\/\/www.maistendencia.com\/blog\/wp-content\/uploads\/2018\/02\/albitos-lirio-iris-400x266.jpg 400w, https:\/\/www.maistendencia.com\/blog\/wp-content\/uploads\/2018\/02\/albitos-lirio-iris-50x33.jpg 50w\" sizes=\"auto, (max-width: 3000px) 100vw, 3000px\" \/><\/li>\n                <li style=\"display: none; width: 100%;\" class=\"slide-4912 ms-image \" aria-roledescription=\"slide\" data-date=\"2018-02-13 16:51:14\" data-filename=\"albitos-orquideas.jpg\" data-slide-type=\"image\"><img loading=\"lazy\" decoding=\"async\" width=\"2832\" height=\"2000\" src=\"https:\/\/www.maistendencia.com\/blog\/wp-content\/uploads\/2018\/02\/albitos-orquideas.jpg\" class=\"slider-4910 slide-4912 msDefaultImage\" alt=\"Orqu\u00eddeas de Milagros Albitos.\" rel=\"\" title=\"\" style=\"margin-top: 14.689265536723%\" srcset=\"https:\/\/www.maistendencia.com\/blog\/wp-content\/uploads\/2018\/02\/albitos-orquideas.jpg 2832w, https:\/\/www.maistendencia.com\/blog\/wp-content\/uploads\/2018\/02\/albitos-orquideas-300x212.jpg 300w, https:\/\/www.maistendencia.com\/blog\/wp-content\/uploads\/2018\/02\/albitos-orquideas-1024x723.jpg 1024w\" sizes=\"auto, (max-width: 2832px) 100vw, 2832px\" \/><\/li>\n                <li style=\"display: none; width: 100%;\" class=\"slide-4913 ms-image \" aria-roledescription=\"slide\" data-date=\"2018-02-13 16:51:14\" data-filename=\"albitos-orquidea.jpg\" data-slide-type=\"image\"><img loading=\"lazy\" decoding=\"async\" width=\"2000\" height=\"3000\" src=\"https:\/\/www.maistendencia.com\/blog\/wp-content\/uploads\/2018\/02\/albitos-orquidea.jpg\" class=\"slider-4910 slide-4913 msDefaultImage\" alt=\"Orqu\u00eddeas de Milagros Albitos.\" rel=\"\" title=\"\" style=\"margin: 0 auto; width: 66.666666666667%\" srcset=\"https:\/\/www.maistendencia.com\/blog\/wp-content\/uploads\/2018\/02\/albitos-orquidea.jpg 2000w, https:\/\/www.maistendencia.com\/blog\/wp-content\/uploads\/2018\/02\/albitos-orquidea-200x300.jpg 200w, https:\/\/www.maistendencia.com\/blog\/wp-content\/uploads\/2018\/02\/albitos-orquidea-683x1024.jpg 683w\" sizes=\"auto, (max-width: 2000px) 100vw, 2000px\" \/><\/li>\n                <li style=\"display: none; width: 100%;\" class=\"slide-4911 ms-image \" aria-roledescription=\"slide\" data-date=\"2018-02-13 16:51:14\" data-filename=\"albitos-rosas.jpg\" data-slide-type=\"image\"><img loading=\"lazy\" decoding=\"async\" width=\"3000\" height=\"2000\" src=\"https:\/\/www.maistendencia.com\/blog\/wp-content\/uploads\/2018\/02\/albitos-rosas.jpg\" class=\"slider-4910 slide-4911 msDefaultImage\" alt=\"Rosas de Milagros Albitos.\" rel=\"\" title=\"\" style=\"margin-top: 16.666666666667%\" srcset=\"https:\/\/www.maistendencia.com\/blog\/wp-content\/uploads\/2018\/02\/albitos-rosas.jpg 3000w, https:\/\/www.maistendencia.com\/blog\/wp-content\/uploads\/2018\/02\/albitos-rosas-300x200.jpg 300w, https:\/\/www.maistendencia.com\/blog\/wp-content\/uploads\/2018\/02\/albitos-rosas-1024x683.jpg 1024w, https:\/\/www.maistendencia.com\/blog\/wp-content\/uploads\/2018\/02\/albitos-rosas-400x266.jpg 400w, https:\/\/www.maistendencia.com\/blog\/wp-content\/uploads\/2018\/02\/albitos-rosas-50x33.jpg 50w\" sizes=\"auto, (max-width: 3000px) 100vw, 3000px\" \/><\/li>\n            <\/ul>\n        <\/div>\n        \n    <\/div>\n<\/div><\/p>\n<p style=\"text-align: justify;\">En las fotograf\u00edas: lirio iris, orqu\u00eddea blanca, orqu\u00eddea violeta y amarilla, rosas rojas.<\/p>\n<strong>Texto de<\/strong><br\/><br\/><div style=\"width:100%;height:auto;\"><div style=\"float:left;margin:0px 10px 10px 0px;\"><img alt='' src='https:\/\/secure.gravatar.com\/avatar\/131f1bf6d42065a0c1d3ecc19f8c6e5a?s=111&amp;d=https%3A%2F%2Fsecure.gravatar.com%2Favatar%2Fad516503a11cd5ca435acc9bb6523536%3Fs%3D111&amp;r=G' class='avatar avatar-111 photo' height='111' width='111' \/><\/div><div style=\"padding-left:25%;\"><strong>Alba R Cougil<\/strong><br\/><br\/><a href=\"mailto:acougil@ourensecca.com\">Correo electr\u00f3nico<\/a><br\/><br\/><div class=\"author-description\"><div class=\"autor-enlaces\"><\/div><\/div><\/div><\/div><div class=\"clear\"><\/div>\n<strong>Fotograf\u00edas de<\/strong><br\/><br\/><div style=\"width:100%;height:auto;\"><div style=\"float:left;margin:0px 10px 10px 0px;\"><img loading=\"lazy\" decoding=\"async\" src=\"https:\/\/www.maistendencia.com\/blog\/wp-content\/authors\/Aida-20.jpg\" class=\"avatar photo\" alt=\"Aida Argibay\" width=\"111\" height=\"111\" \/><\/div><div style=\"padding-left:25%;\"><strong>Aida Argibay<\/strong><br\/><br\/><a href=\"mailto:\">Correo electr\u00f3nico<\/a><br\/><br\/><div class=\"author-description\"><div class=\"autor-enlaces\"><\/div><\/div><\/div><\/div><div class=\"clear\"><\/div>\n","protected":false},"excerpt":{"rendered":"<p>\u00bfTodav\u00eda est\u00e1s pensando en tu regalo del D\u00eda de los Enamorados? Por San Valent\u00edn a algunos les gusta regalar un detalle a su pareja, mientras que a otros, obsequiarla con toda una experiencia. Te dejamos&#8230;<br \/><a href=\"https:\/\/www.maistendencia.com\/blog\/el-arte-del-amor-escapadas-romanticas-y-flores\/\"> Continuar leyendo&#8230;<\/a><\/p>\n","protected":false},"author":28,"featured_media":4893,"comment_status":"open","ping_status":"closed","sticky":false,"template":"","format":"standard","meta":{"footnotes":""},"categories":[5,7],"tags":[369,371,66,299,67,60,58,251],"class_list":["post-4878","post","type-post","status-publish","format-standard","has-post-thumbnail","hentry","category-celebra","category-ocio","tag-flores","tag-floristeria-dracena","tag-galicia","tag-italia","tag-portugal","tag-regalos","tag-san-valentin","tag-viajar"],"aioseo_notices":[],"_links":{"self":[{"href":"https:\/\/www.maistendencia.com\/blog\/wp-json\/wp\/v2\/posts\/4878","targetHints":{"allow":["GET"]}}],"collection":[{"href":"https:\/\/www.maistendencia.com\/blog\/wp-json\/wp\/v2\/posts"}],"about":[{"href":"https:\/\/www.maistendencia.com\/blog\/wp-json\/wp\/v2\/types\/post"}],"author":[{"embeddable":true,"href":"https:\/\/www.maistendencia.com\/blog\/wp-json\/wp\/v2\/users\/28"}],"replies":[{"embeddable":true,"href":"https:\/\/www.maistendencia.com\/blog\/wp-json\/wp\/v2\/comments?post=4878"}],"version-history":[{"count":1,"href":"https:\/\/www.maistendencia.com\/blog\/wp-json\/wp\/v2\/posts\/4878\/revisions"}],"predecessor-version":[{"id":9010,"href":"https:\/\/www.maistendencia.com\/blog\/wp-json\/wp\/v2\/posts\/4878\/revisions\/9010"}],"wp:featuredmedia":[{"embeddable":true,"href":"https:\/\/www.maistendencia.com\/blog\/wp-json\/wp\/v2\/media\/4893"}],"wp:attachment":[{"href":"https:\/\/www.maistendencia.com\/blog\/wp-json\/wp\/v2\/media?parent=4878"}],"wp:term":[{"taxonomy":"category","embeddable":true,"href":"https:\/\/www.maistendencia.com\/blog\/wp-json\/wp\/v2\/categories?post=4878"},{"taxonomy":"post_tag","embeddable":true,"href":"https:\/\/www.maistendencia.com\/blog\/wp-json\/wp\/v2\/tags?post=4878"}],"curies":[{"name":"wp","href":"https:\/\/api.w.org\/{rel}","templated":true}]}}