{"id":4783,"date":"2018-02-12T12:35:39","date_gmt":"2018-02-12T10:35:39","guid":{"rendered":"http:\/\/www.maistendencia.com\/?p=4783"},"modified":"2019-08-16T09:40:41","modified_gmt":"2019-08-16T07:40:41","slug":"un-anillo-para-conquistarlos-a-todos","status":"publish","type":"post","link":"https:\/\/www.maistendencia.com\/blog\/un-anillo-para-conquistarlos-a-todos\/","title":{"rendered":"Un anillo para conquistarlos a todos"},"content":{"rendered":"<p style=\"text-align: justify;\"><span style=\"font-weight: 400;\">Un <strong>anillo es el regalo perfecto<\/strong> para conquistar a quien haga falta el <strong>D\u00eda de los Enamorados<\/strong>. O bien para demostrarle tu amor a esa persona que ya te lleva acompa\u00f1ando media vida: <strong>nunca es demasiado tarde para tener un detalle especial con tu pareja<\/strong>. Aunque no s\u00f3lo est\u00e1n los anillos, tambi\u00e9n puedes regalar otro tipo de art\u00edculos de joyer\u00eda como un reloj o unos gemelos para los caballeros, unos pendientes o una gargantilla para las se\u00f1oritas\u2026 <\/span><\/p>\n<p style=\"text-align: justify;\"><span style=\"font-weight: 400;\">Te dejamos con una serie de im\u00e1genes de las <strong>joyas que m\u00e1s se est\u00e1n llevando esta temporada<\/strong> y d\u00f3nde puedes encontrarlas en Ourense Centro. \u00a1Atr\u00e9vete a demostrarle tus sentimientos a la persona que quieres con una joya! <\/span><\/p>\n<p style=\"text-align: justify;\"><span style=\"font-weight: 400;\">Las piezas mencionadas en este post pertenecen a las joyer\u00edas:&nbsp;<a href=\"http:\/\/www.elcronometro1928.com\/\">El Cron\u00f3metro<\/a>,&nbsp;<a href=\"http:\/\/joyeriafuentefria.com\/\">Joyer\u00eda Fuentefr\u00eda<\/a>,&nbsp;<a href=\"http:\/\/joyerialoyma.es\/\">Joyer\u00eda Loyma<\/a>,&nbsp;<a href=\"https:\/\/www.joyeriasuyza.com\/\">Joyer\u00eda Suyza<\/a>,&nbsp;<a href=\"http:\/\/www.joyeriavila.es\/\">Joyer\u00eda Vila<\/a>,&nbsp;<a href=\"http:\/\/www.sierrajoyeros.com\/\">Sierra Joyeros de calle del Paseo<\/a>&nbsp;y&nbsp;&nbsp;Sierra&nbsp; Joyeros de calle Santo Domingo.<\/span><\/p>\n<h2>El Cron\u00f3metro<\/h2>\n<p style=\"text-align: justify;\">El Cron\u00f3metro, en R\u00faa da Paz, trabaja con materiales superiores y art\u00edculos de m\u00e1xima calidad como el mejor regalo para la fecha de San Valent\u00edn. Sus piezas clave para este d\u00eda son:<\/p>\n<ul>\n<li style=\"text-align: justify;\"><strong>Relojes Victorinox<\/strong>, marca de los relojes oficiales del ej\u00e9rcito suizo. Se trata de una firma muy conocida por la fabricaci\u00f3n de cuchillos y navajas del ej\u00e9rcito, adem\u00e1s de sus relojes. Tambi\u00e9n se dedican a la fabricaci\u00f3n de piolets y herramientas de escalada.<\/li>\n<li><strong>Tr\u00edo de cadenas sencillas<\/strong>, todas en oro blanco con diamantes.<\/li>\n<li><strong>Anillo solitario<\/strong> con diamante.<\/li>\n<\/ul>\n<div id=\"metaslider-id-4829\" style=\"width: 100%; margin: 0 auto;\" class=\"ml-slider-3-108-0 metaslider metaslider-flex metaslider-4829 ml-slider has-dots-nav has-carousel-mode ms-theme-default\" role=\"region\" aria-label=\"El Cron\u00f3metro\" data-height=\"700\" data-width=\"700\">\n    <div id=\"metaslider_container_4829\">\n        <div id=\"metaslider_4829\">\n            <ul class='slides'>\n                <li style=\"display: none; width: 100%;\" class=\"slide-4830 ms-image \" aria-roledescription=\"slide\" data-date=\"2018-02-08 16:24:25\" data-filename=\"relojes-victorinox-cronometro.jpg\" data-slide-type=\"image\"><img loading=\"lazy\" decoding=\"async\" width=\"2672\" height=\"1782\" src=\"https:\/\/www.maistendencia.com\/blog\/wp-content\/uploads\/2018\/02\/relojes-victorinox-cronometro.jpg\" class=\"slider-4829 slide-4830 msDefaultImage\" alt=\"Relojes Victorinox de El Cron\u00f3metro.\" rel=\"\" title=\"\" style=\"margin-top: 16.654191616766%\" srcset=\"https:\/\/www.maistendencia.com\/blog\/wp-content\/uploads\/2018\/02\/relojes-victorinox-cronometro.jpg 2672w, https:\/\/www.maistendencia.com\/blog\/wp-content\/uploads\/2018\/02\/relojes-victorinox-cronometro-300x200.jpg 300w, https:\/\/www.maistendencia.com\/blog\/wp-content\/uploads\/2018\/02\/relojes-victorinox-cronometro-1024x683.jpg 1024w, https:\/\/www.maistendencia.com\/blog\/wp-content\/uploads\/2018\/02\/relojes-victorinox-cronometro-400x266.jpg 400w, https:\/\/www.maistendencia.com\/blog\/wp-content\/uploads\/2018\/02\/relojes-victorinox-cronometro-50x33.jpg 50w\" sizes=\"auto, (max-width: 2672px) 100vw, 2672px\" \/><\/li>\n                <li style=\"display: none; width: 100%;\" class=\"slide-4831 ms-image \" aria-roledescription=\"slide\" data-date=\"2018-02-08 16:24:36\" data-filename=\"anillo-diamantes-cronometro.jpg\" data-slide-type=\"image\"><img loading=\"lazy\" decoding=\"async\" width=\"2168\" height=\"1446\" src=\"https:\/\/www.maistendencia.com\/blog\/wp-content\/uploads\/2018\/02\/anillo-diamantes-cronometro.jpg\" class=\"slider-4829 slide-4831 msDefaultImage\" alt=\"Anillo de diamantes de El Cron\u00f3metro.\" rel=\"\" title=\"\" style=\"margin-top: 16.651291512915%\" srcset=\"https:\/\/www.maistendencia.com\/blog\/wp-content\/uploads\/2018\/02\/anillo-diamantes-cronometro.jpg 2168w, https:\/\/www.maistendencia.com\/blog\/wp-content\/uploads\/2018\/02\/anillo-diamantes-cronometro-300x200.jpg 300w, https:\/\/www.maistendencia.com\/blog\/wp-content\/uploads\/2018\/02\/anillo-diamantes-cronometro-1024x683.jpg 1024w, https:\/\/www.maistendencia.com\/blog\/wp-content\/uploads\/2018\/02\/anillo-diamantes-cronometro-400x266.jpg 400w, https:\/\/www.maistendencia.com\/blog\/wp-content\/uploads\/2018\/02\/anillo-diamantes-cronometro-50x33.jpg 50w\" sizes=\"auto, (max-width: 2168px) 100vw, 2168px\" \/><\/li>\n                <li style=\"display: none; width: 100%;\" class=\"slide-4832 ms-image \" aria-roledescription=\"slide\" data-date=\"2018-02-08 16:24:36\" data-filename=\"collares-trio-cronometro.jpg\" data-slide-type=\"image\"><img loading=\"lazy\" decoding=\"async\" width=\"2754\" height=\"1837\" src=\"https:\/\/www.maistendencia.com\/blog\/wp-content\/uploads\/2018\/02\/collares-trio-cronometro.jpg\" class=\"slider-4829 slide-4832 msDefaultImage\" alt=\"Tr\u00edo de collares de la joyer\u00eda El Cron\u00f3metro.\" rel=\"\" title=\"\" style=\"margin-top: 16.648511256354%\" srcset=\"https:\/\/www.maistendencia.com\/blog\/wp-content\/uploads\/2018\/02\/collares-trio-cronometro.jpg 2754w, https:\/\/www.maistendencia.com\/blog\/wp-content\/uploads\/2018\/02\/collares-trio-cronometro-300x200.jpg 300w, https:\/\/www.maistendencia.com\/blog\/wp-content\/uploads\/2018\/02\/collares-trio-cronometro-1024x683.jpg 1024w, https:\/\/www.maistendencia.com\/blog\/wp-content\/uploads\/2018\/02\/collares-trio-cronometro-400x266.jpg 400w, https:\/\/www.maistendencia.com\/blog\/wp-content\/uploads\/2018\/02\/collares-trio-cronometro-50x33.jpg 50w\" sizes=\"auto, (max-width: 2754px) 100vw, 2754px\" \/><\/li>\n            <\/ul>\n        <\/div>\n        \n    <\/div>\n<\/div>\n<h2>Joyer\u00eda Fuentefr\u00eda<\/h2>\n<p>Joyer\u00eda Fuentefr\u00eda se sit\u00faa en la calle Lamas Carvajal de Ourense. Sus productos estrella para San Valent\u00edn son:<\/p>\n<ul>\n<li style=\"text-align: justify;\">Los <strong>Garmin son smartwatches<\/strong> con puls\u00f3metro integrado y son los m\u00e1s avanzados para hacer cualquier tipo de deporte.<\/li>\n<li style=\"text-align: justify;\"><strong>Pulseras genderless<\/strong> de Uno de 50. Son unisex y est\u00e1n pensadas para parejas, hechas en cuero con una aleaci\u00f3n de metales y un ba\u00f1o de plata.<\/li>\n<li style=\"text-align: justify;\"><strong>Pulsera de Pandora<\/strong>. Es una pulsera de plata, personalizable con abalorios.<\/li>\n<li style=\"text-align: justify;\">Los <strong>relojes de Olivia Burton<\/strong> son ingleses, en acero y con las esferas esmaltadas a mano.<\/li>\n<\/ul>\n<div id=\"metaslider-id-4844\" style=\"width: 100%; margin: 0 auto;\" class=\"ml-slider-3-108-0 metaslider metaslider-flex metaslider-4844 ml-slider has-dots-nav has-carousel-mode ms-theme-default\" role=\"region\" aria-label=\"Joyer\u00eda Fuentefr\u00eda\" data-height=\"700\" data-width=\"700\">\n    <div id=\"metaslider_container_4844\">\n        <div id=\"metaslider_4844\">\n            <ul class='slides'>\n                <li style=\"display: none; width: 100%;\" class=\"slide-4872 ms-image \" aria-roledescription=\"slide\" data-date=\"2018-02-09 14:16:05\" data-filename=\"fuentefria2.jpg\" data-slide-type=\"image\"><img loading=\"lazy\" decoding=\"async\" width=\"2048\" height=\"1096\" src=\"https:\/\/www.maistendencia.com\/blog\/wp-content\/uploads\/2018\/02\/fuentefria2.jpg\" class=\"slider-4844 slide-4872 msDefaultImage\" alt=\"Smartwatch de Garmin, Joyer\u00eda Fuentefr\u00eda.\" rel=\"\" title=\"\" style=\"margin-top: 23.2421875%\" srcset=\"https:\/\/www.maistendencia.com\/blog\/wp-content\/uploads\/2018\/02\/fuentefria2.jpg 2048w, https:\/\/www.maistendencia.com\/blog\/wp-content\/uploads\/2018\/02\/fuentefria2-300x161.jpg 300w, https:\/\/www.maistendencia.com\/blog\/wp-content\/uploads\/2018\/02\/fuentefria2-1024x548.jpg 1024w\" sizes=\"auto, (max-width: 2048px) 100vw, 2048px\" \/><\/li>\n                <li style=\"display: none; width: 100%;\" class=\"slide-4846 ms-image \" aria-roledescription=\"slide\" data-date=\"2018-02-08 16:52:05\" data-filename=\"unode50-pulsera-fuentefria.jpg\" data-slide-type=\"image\"><img loading=\"lazy\" decoding=\"async\" width=\"2048\" height=\"2048\" src=\"https:\/\/www.maistendencia.com\/blog\/wp-content\/uploads\/2018\/02\/unode50-pulsera-fuentefria.jpg\" class=\"slider-4844 slide-4846 msDefaultImage\" alt=\"Pulsera Uno de 50 Joyer\u00eda Fuentefr\u00eda.\" rel=\"\" title=\"\" style=\"margin: 0 auto; width: 100%\" srcset=\"https:\/\/www.maistendencia.com\/blog\/wp-content\/uploads\/2018\/02\/unode50-pulsera-fuentefria.jpg 2048w, https:\/\/www.maistendencia.com\/blog\/wp-content\/uploads\/2018\/02\/unode50-pulsera-fuentefria-150x150.jpg 150w, https:\/\/www.maistendencia.com\/blog\/wp-content\/uploads\/2018\/02\/unode50-pulsera-fuentefria-300x300.jpg 300w, https:\/\/www.maistendencia.com\/blog\/wp-content\/uploads\/2018\/02\/unode50-pulsera-fuentefria-1024x1024.jpg 1024w\" sizes=\"auto, (max-width: 2048px) 100vw, 2048px\" \/><\/li>\n                <li style=\"display: none; width: 100%;\" class=\"slide-4847 ms-image \" aria-roledescription=\"slide\" data-date=\"2018-02-08 16:52:05\" data-filename=\"pulsera-pandora-fuentefria.jpg\" data-slide-type=\"image\"><img loading=\"lazy\" decoding=\"async\" width=\"2409\" height=\"2175\" src=\"https:\/\/www.maistendencia.com\/blog\/wp-content\/uploads\/2018\/02\/pulsera-pandora-fuentefria.jpg\" class=\"slider-4844 slide-4847 msDefaultImage\" alt=\"Pulsera de pandora de Joyer\u00eda Fuentefr\u00eda.\" rel=\"\" title=\"\" style=\"margin-top: 4.8567870485679%\" srcset=\"https:\/\/www.maistendencia.com\/blog\/wp-content\/uploads\/2018\/02\/pulsera-pandora-fuentefria.jpg 2409w, https:\/\/www.maistendencia.com\/blog\/wp-content\/uploads\/2018\/02\/pulsera-pandora-fuentefria-300x271.jpg 300w, https:\/\/www.maistendencia.com\/blog\/wp-content\/uploads\/2018\/02\/pulsera-pandora-fuentefria-1024x925.jpg 1024w\" sizes=\"auto, (max-width: 2409px) 100vw, 2409px\" \/><\/li>\n                <li style=\"display: none; width: 100%;\" class=\"slide-4848 ms-image \" aria-roledescription=\"slide\" data-date=\"2018-02-08 16:52:06\" data-filename=\"oliviaburton-relojes-fuentefria.jpg\" data-slide-type=\"image\"><img loading=\"lazy\" decoding=\"async\" width=\"2400\" height=\"2400\" src=\"https:\/\/www.maistendencia.com\/blog\/wp-content\/uploads\/2018\/02\/oliviaburton-relojes-fuentefria.jpg\" class=\"slider-4844 slide-4848 msDefaultImage\" alt=\"Relojes de mujer de Olivia Burton, Joyer\u00eda Fuentefr\u00eda.\" rel=\"\" title=\"\" style=\"margin: 0 auto; width: 100%\" srcset=\"https:\/\/www.maistendencia.com\/blog\/wp-content\/uploads\/2018\/02\/oliviaburton-relojes-fuentefria.jpg 2400w, https:\/\/www.maistendencia.com\/blog\/wp-content\/uploads\/2018\/02\/oliviaburton-relojes-fuentefria-150x150.jpg 150w, https:\/\/www.maistendencia.com\/blog\/wp-content\/uploads\/2018\/02\/oliviaburton-relojes-fuentefria-300x300.jpg 300w, https:\/\/www.maistendencia.com\/blog\/wp-content\/uploads\/2018\/02\/oliviaburton-relojes-fuentefria-1024x1024.jpg 1024w\" sizes=\"auto, (max-width: 2400px) 100vw, 2400px\" \/><\/li>\n            <\/ul>\n        <\/div>\n        \n    <\/div>\n<\/div>\n<h2>Joyer\u00eda Loyma<\/h2>\n<p style=\"text-align: justify;\">La Joyer\u00eda Loyma, situada en la calle Pena Corneira, presenta una serie de joyas muy cuidadas, m\u00e1s destinadas a celebraciones. Apuestan por el oro blanco por ser un metal en tendencia y muy juvenil:<\/p>\n<ul>\n<li><strong>Alianzas a juego<\/strong> de oro blanco y diamantes.<\/li>\n<li>Pendientes de circonitas y oro blanco de se\u00f1ora.<\/li>\n<li>Gemelos de \u00f3nix, n\u00e1car y oro blanco.<\/li>\n<li>Gemelos de corte cl\u00e1sico, hechos en oro blanco.<\/li>\n<\/ul>\n<div id=\"metaslider-id-4816\" style=\"width: 100%; margin: 0 auto;\" class=\"ml-slider-3-108-0 metaslider metaslider-flex metaslider-4816 ml-slider has-dots-nav has-carousel-mode ms-theme-default\" role=\"region\" aria-label=\"Loyma\" data-height=\"700\" data-width=\"700\">\n    <div id=\"metaslider_container_4816\">\n        <div id=\"metaslider_4816\">\n            <ul class='slides'>\n                <li style=\"display: none; width: 100%;\" class=\"slide-4818 ms-image \" aria-roledescription=\"slide\" data-date=\"2018-02-08 15:41:17\" data-filename=\"alianzas-oro-blanco-loyma.jpg\" data-slide-type=\"image\"><img loading=\"lazy\" decoding=\"async\" width=\"2712\" height=\"1808\" src=\"https:\/\/www.maistendencia.com\/blog\/wp-content\/uploads\/2018\/02\/alianzas-oro-blanco-loyma.jpg\" class=\"slider-4816 slide-4818 msDefaultImage\" alt=\"Alianzas de oro blanco Loyma.\" rel=\"\" title=\"\" style=\"margin-top: 16.666666666667%\" srcset=\"https:\/\/www.maistendencia.com\/blog\/wp-content\/uploads\/2018\/02\/alianzas-oro-blanco-loyma.jpg 2712w, https:\/\/www.maistendencia.com\/blog\/wp-content\/uploads\/2018\/02\/alianzas-oro-blanco-loyma-300x200.jpg 300w, https:\/\/www.maistendencia.com\/blog\/wp-content\/uploads\/2018\/02\/alianzas-oro-blanco-loyma-1024x683.jpg 1024w, https:\/\/www.maistendencia.com\/blog\/wp-content\/uploads\/2018\/02\/alianzas-oro-blanco-loyma-400x266.jpg 400w, https:\/\/www.maistendencia.com\/blog\/wp-content\/uploads\/2018\/02\/alianzas-oro-blanco-loyma-50x33.jpg 50w\" sizes=\"auto, (max-width: 2712px) 100vw, 2712px\" \/><\/li>\n                <li style=\"display: none; width: 100%;\" class=\"slide-4817 ms-image \" aria-roledescription=\"slide\" data-date=\"2018-02-08 15:41:16\" data-filename=\"pendientes-circonita-oroblanco-loyma.jpg\" data-slide-type=\"image\"><img loading=\"lazy\" decoding=\"async\" width=\"2909\" height=\"1939\" src=\"https:\/\/www.maistendencia.com\/blog\/wp-content\/uploads\/2018\/02\/pendientes-circonita-oroblanco-loyma.jpg\" class=\"slider-4816 slide-4817 msDefaultImage\" alt=\"Pendientes de circonita y oro blanco de Loyma.\" rel=\"\" title=\"\" style=\"margin-top: 16.672396012375%\" srcset=\"https:\/\/www.maistendencia.com\/blog\/wp-content\/uploads\/2018\/02\/pendientes-circonita-oroblanco-loyma.jpg 2909w, https:\/\/www.maistendencia.com\/blog\/wp-content\/uploads\/2018\/02\/pendientes-circonita-oroblanco-loyma-300x200.jpg 300w, https:\/\/www.maistendencia.com\/blog\/wp-content\/uploads\/2018\/02\/pendientes-circonita-oroblanco-loyma-1024x683.jpg 1024w, https:\/\/www.maistendencia.com\/blog\/wp-content\/uploads\/2018\/02\/pendientes-circonita-oroblanco-loyma-400x266.jpg 400w, https:\/\/www.maistendencia.com\/blog\/wp-content\/uploads\/2018\/02\/pendientes-circonita-oroblanco-loyma-50x33.jpg 50w\" sizes=\"auto, (max-width: 2909px) 100vw, 2909px\" \/><\/li>\n                <li style=\"display: none; width: 100%;\" class=\"slide-4819 ms-image \" aria-roledescription=\"slide\" data-date=\"2018-02-08 15:41:17\" data-filename=\"gemelos-colores-loyma.jpg\" data-slide-type=\"image\"><img loading=\"lazy\" decoding=\"async\" width=\"2668\" height=\"1779\" src=\"https:\/\/www.maistendencia.com\/blog\/wp-content\/uploads\/2018\/02\/gemelos-colores-loyma.jpg\" class=\"slider-4816 slide-4819 msDefaultImage\" alt=\"Gemelos de \u00f3nix, esmalte y oro blanco de la joyer\u00eda Loyma.\" rel=\"\" title=\"\" style=\"margin-top: 16.660419790105%\" srcset=\"https:\/\/www.maistendencia.com\/blog\/wp-content\/uploads\/2018\/02\/gemelos-colores-loyma.jpg 2668w, https:\/\/www.maistendencia.com\/blog\/wp-content\/uploads\/2018\/02\/gemelos-colores-loyma-300x200.jpg 300w, https:\/\/www.maistendencia.com\/blog\/wp-content\/uploads\/2018\/02\/gemelos-colores-loyma-1024x683.jpg 1024w, https:\/\/www.maistendencia.com\/blog\/wp-content\/uploads\/2018\/02\/gemelos-colores-loyma-400x266.jpg 400w, https:\/\/www.maistendencia.com\/blog\/wp-content\/uploads\/2018\/02\/gemelos-colores-loyma-50x33.jpg 50w\" sizes=\"auto, (max-width: 2668px) 100vw, 2668px\" \/><\/li>\n                <li style=\"display: none; width: 100%;\" class=\"slide-4820 ms-image \" aria-roledescription=\"slide\" data-date=\"2018-02-08 15:41:17\" data-filename=\"gemelo-elegante-loyma.jpg\" data-slide-type=\"image\"><img loading=\"lazy\" decoding=\"async\" width=\"2796\" height=\"1864\" src=\"https:\/\/www.maistendencia.com\/blog\/wp-content\/uploads\/2018\/02\/gemelo-elegante-loyma.jpg\" class=\"slider-4816 slide-4820 msDefaultImage\" alt=\"Gemelos en oro blanco de Loyma.\" rel=\"\" title=\"\" style=\"margin-top: 16.666666666667%\" srcset=\"https:\/\/www.maistendencia.com\/blog\/wp-content\/uploads\/2018\/02\/gemelo-elegante-loyma.jpg 2796w, https:\/\/www.maistendencia.com\/blog\/wp-content\/uploads\/2018\/02\/gemelo-elegante-loyma-300x200.jpg 300w, https:\/\/www.maistendencia.com\/blog\/wp-content\/uploads\/2018\/02\/gemelo-elegante-loyma-1024x683.jpg 1024w, https:\/\/www.maistendencia.com\/blog\/wp-content\/uploads\/2018\/02\/gemelo-elegante-loyma-400x266.jpg 400w, https:\/\/www.maistendencia.com\/blog\/wp-content\/uploads\/2018\/02\/gemelo-elegante-loyma-50x33.jpg 50w\" sizes=\"auto, (max-width: 2796px) 100vw, 2796px\" \/><\/li>\n            <\/ul>\n        <\/div>\n        \n    <\/div>\n<\/div>\n<h2>Joyer\u00eda Suyza<\/h2>\n<p style=\"text-align: justify;\">Una joyer\u00eda familiar que lleva trabajando desde el a\u00f1o 1975. Se encuentra en la calle Santo Domingo de Ourense y presenta una gama de joyas diferentes para este San Valent\u00edn:<\/p>\n<ul>\n<li>Gargantillas de oro amarillo con brillantes.<\/li>\n<li style=\"text-align: justify;\">Solitario en oro blanco con brillante.<\/li>\n<li style=\"text-align: justify;\">Pendientes de plata ros\u00e9 con turquesa.<\/li>\n<li style=\"text-align: justify;\">Pulseras de caballero de cuero y plata.<\/li>\n<\/ul>\n<div id=\"metaslider-id-4856\" style=\"width: 100%; margin: 0 auto;\" class=\"ml-slider-3-108-0 metaslider metaslider-flex metaslider-4856 ml-slider has-dots-nav has-carousel-mode ms-theme-default\" role=\"region\" aria-label=\"Joyer\u00eda Suyza\" data-height=\"700\" data-width=\"700\">\n    <div id=\"metaslider_container_4856\">\n        <div id=\"metaslider_4856\">\n            <ul class='slides'>\n                <li style=\"display: none; width: 100%;\" class=\"slide-4861 ms-image \" aria-roledescription=\"slide\" data-date=\"2018-02-08 20:30:52\" data-filename=\"suyza-gargantillas-oro-amarillo.jpg\" data-slide-type=\"image\"><img loading=\"lazy\" decoding=\"async\" width=\"1647\" height=\"2366\" src=\"https:\/\/www.maistendencia.com\/blog\/wp-content\/uploads\/2018\/02\/suyza-gargantillas-oro-amarillo.jpg\" class=\"slider-4856 slide-4861 msDefaultImage\" alt=\"Gargantillas de oro amarillo, Joyer\u00eda Suyza.\" rel=\"\" title=\"\" style=\"margin: 0 auto; width: 69.611158072697%\" srcset=\"https:\/\/www.maistendencia.com\/blog\/wp-content\/uploads\/2018\/02\/suyza-gargantillas-oro-amarillo.jpg 1647w, https:\/\/www.maistendencia.com\/blog\/wp-content\/uploads\/2018\/02\/suyza-gargantillas-oro-amarillo-209x300.jpg 209w, https:\/\/www.maistendencia.com\/blog\/wp-content\/uploads\/2018\/02\/suyza-gargantillas-oro-amarillo-713x1024.jpg 713w\" sizes=\"auto, (max-width: 1647px) 100vw, 1647px\" \/><\/li>\n                <li style=\"display: none; width: 100%;\" class=\"slide-4864 ms-image \" aria-roledescription=\"slide\" data-date=\"2018-02-08 20:30:53\" data-filename=\"suyza-sortija.jpg\" data-slide-type=\"image\"><img loading=\"lazy\" decoding=\"async\" width=\"2763\" height=\"1773\" src=\"https:\/\/www.maistendencia.com\/blog\/wp-content\/uploads\/2018\/02\/suyza-sortija.jpg\" class=\"slider-4856 slide-4864 msDefaultImage\" alt=\"Anillo solitario de Joyer\u00eda Suyza.\" rel=\"\" title=\"\" style=\"margin-top: 17.915309446254%\" srcset=\"https:\/\/www.maistendencia.com\/blog\/wp-content\/uploads\/2018\/02\/suyza-sortija.jpg 2763w, https:\/\/www.maistendencia.com\/blog\/wp-content\/uploads\/2018\/02\/suyza-sortija-300x193.jpg 300w, https:\/\/www.maistendencia.com\/blog\/wp-content\/uploads\/2018\/02\/suyza-sortija-1024x657.jpg 1024w, https:\/\/www.maistendencia.com\/blog\/wp-content\/uploads\/2018\/02\/suyza-sortija-50x33.jpg 50w\" sizes=\"auto, (max-width: 2763px) 100vw, 2763px\" \/><\/li>\n                <li style=\"display: none; width: 100%;\" class=\"slide-4862 ms-image \" aria-roledescription=\"slide\" data-date=\"2018-02-08 20:30:52\" data-filename=\"suyza-plata-turquesa.jpg\" data-slide-type=\"image\"><img loading=\"lazy\" decoding=\"async\" width=\"2216\" height=\"1478\" src=\"https:\/\/www.maistendencia.com\/blog\/wp-content\/uploads\/2018\/02\/suyza-plata-turquesa.jpg\" class=\"slider-4856 slide-4862 msDefaultImage\" alt=\"Pendientes de plata y turquesa de Joyer\u00eda Suyza.\" rel=\"\" title=\"\" style=\"margin-top: 16.651624548736%\" srcset=\"https:\/\/www.maistendencia.com\/blog\/wp-content\/uploads\/2018\/02\/suyza-plata-turquesa.jpg 2216w, https:\/\/www.maistendencia.com\/blog\/wp-content\/uploads\/2018\/02\/suyza-plata-turquesa-300x200.jpg 300w, https:\/\/www.maistendencia.com\/blog\/wp-content\/uploads\/2018\/02\/suyza-plata-turquesa-1024x683.jpg 1024w, https:\/\/www.maistendencia.com\/blog\/wp-content\/uploads\/2018\/02\/suyza-plata-turquesa-400x266.jpg 400w, https:\/\/www.maistendencia.com\/blog\/wp-content\/uploads\/2018\/02\/suyza-plata-turquesa-50x33.jpg 50w\" sizes=\"auto, (max-width: 2216px) 100vw, 2216px\" \/><\/li>\n                <li style=\"display: none; width: 100%;\" class=\"slide-4863 ms-image \" aria-roledescription=\"slide\" data-date=\"2018-02-08 20:30:52\" data-filename=\"suyza-pulseras-cuero-plata.jpg\" data-slide-type=\"image\"><img loading=\"lazy\" decoding=\"async\" width=\"3000\" height=\"2000\" src=\"https:\/\/www.maistendencia.com\/blog\/wp-content\/uploads\/2018\/02\/suyza-pulseras-cuero-plata.jpg\" class=\"slider-4856 slide-4863 msDefaultImage\" alt=\"Pulseras de cuero y plata, Joyer\u00eda Suyza.\" rel=\"\" title=\"\" style=\"margin-top: 16.666666666667%\" srcset=\"https:\/\/www.maistendencia.com\/blog\/wp-content\/uploads\/2018\/02\/suyza-pulseras-cuero-plata.jpg 3000w, https:\/\/www.maistendencia.com\/blog\/wp-content\/uploads\/2018\/02\/suyza-pulseras-cuero-plata-300x200.jpg 300w, https:\/\/www.maistendencia.com\/blog\/wp-content\/uploads\/2018\/02\/suyza-pulseras-cuero-plata-1024x683.jpg 1024w, https:\/\/www.maistendencia.com\/blog\/wp-content\/uploads\/2018\/02\/suyza-pulseras-cuero-plata-400x266.jpg 400w, https:\/\/www.maistendencia.com\/blog\/wp-content\/uploads\/2018\/02\/suyza-pulseras-cuero-plata-50x33.jpg 50w\" sizes=\"auto, (max-width: 3000px) 100vw, 3000px\" \/><\/li>\n            <\/ul>\n        <\/div>\n        \n    <\/div>\n<\/div>\n<h2>Joyer\u00eda Vila<\/h2>\n<p>La joyer\u00eda Vila tambi\u00e9n es un negocio que ha pasado de generaci\u00f3n en generaci\u00f3n, y se encuentra en la calle Santo Domingo. Como regalos para esta fecha tan especial, nos proponen opciones muy interesantes tanto para chico como para chica:<\/p>\n<ul>\n<li>Collar medialuna en plata y con detalle de circonitas.<\/li>\n<li>Sortija de oro blanco, aguamarina y brillantes.<\/li>\n<li><strong>Reloj Citizen de acero<\/strong> con sistema ecodrive: su peculiaridad es que no necesita pila.<\/li>\n<li><strong>Pulsera de acero y cuero de Viceroy<\/strong>.<\/li>\n<\/ul>\n<div id=\"metaslider-id-4837\" style=\"width: 100%; margin: 0 auto;\" class=\"ml-slider-3-108-0 metaslider metaslider-flex metaslider-4837 ml-slider has-dots-nav has-carousel-mode ms-theme-default\" role=\"region\" aria-label=\"Joyer\u00eda Vila\" data-height=\"700\" data-width=\"700\">\n    <div id=\"metaslider_container_4837\">\n        <div id=\"metaslider_4837\">\n            <ul class='slides'>\n                <li style=\"display: none; width: 100%;\" class=\"slide-4839 ms-image \" aria-roledescription=\"slide\" data-date=\"2018-02-08 16:45:29\" data-filename=\"collar-luna-vila.jpg\" data-slide-type=\"image\"><img loading=\"lazy\" decoding=\"async\" width=\"3594\" height=\"2396\" src=\"https:\/\/www.maistendencia.com\/blog\/wp-content\/uploads\/2018\/02\/collar-luna-vila.jpg\" class=\"slider-4837 slide-4839 msDefaultImage\" alt=\"Collar media luna Joyer\u00eda Vila.\" rel=\"\" title=\"\" style=\"margin-top: 16.666666666667%\" srcset=\"https:\/\/www.maistendencia.com\/blog\/wp-content\/uploads\/2018\/02\/collar-luna-vila.jpg 3594w, https:\/\/www.maistendencia.com\/blog\/wp-content\/uploads\/2018\/02\/collar-luna-vila-300x200.jpg 300w, https:\/\/www.maistendencia.com\/blog\/wp-content\/uploads\/2018\/02\/collar-luna-vila-1024x683.jpg 1024w, https:\/\/www.maistendencia.com\/blog\/wp-content\/uploads\/2018\/02\/collar-luna-vila-400x266.jpg 400w, https:\/\/www.maistendencia.com\/blog\/wp-content\/uploads\/2018\/02\/collar-luna-vila-50x33.jpg 50w\" sizes=\"auto, (max-width: 3594px) 100vw, 3594px\" \/><\/li>\n                <li style=\"display: none; width: 100%;\" class=\"slide-4840 ms-image \" aria-roledescription=\"slide\" data-date=\"2018-02-08 16:45:30\" data-filename=\"anillo-oro-blanco-brillantes-vila.jpg\" data-slide-type=\"image\"><img loading=\"lazy\" decoding=\"async\" width=\"3498\" height=\"2332\" src=\"https:\/\/www.maistendencia.com\/blog\/wp-content\/uploads\/2018\/02\/anillo-oro-blanco-brillantes-vila.jpg\" class=\"slider-4837 slide-4840 msDefaultImage\" alt=\"Anillo oro blanco con brillantes de la Joyer\u00eda Vila.\" rel=\"\" title=\"\" style=\"margin-top: 16.666666666667%\" srcset=\"https:\/\/www.maistendencia.com\/blog\/wp-content\/uploads\/2018\/02\/anillo-oro-blanco-brillantes-vila.jpg 3498w, https:\/\/www.maistendencia.com\/blog\/wp-content\/uploads\/2018\/02\/anillo-oro-blanco-brillantes-vila-300x200.jpg 300w, https:\/\/www.maistendencia.com\/blog\/wp-content\/uploads\/2018\/02\/anillo-oro-blanco-brillantes-vila-1024x683.jpg 1024w, https:\/\/www.maistendencia.com\/blog\/wp-content\/uploads\/2018\/02\/anillo-oro-blanco-brillantes-vila-400x266.jpg 400w, https:\/\/www.maistendencia.com\/blog\/wp-content\/uploads\/2018\/02\/anillo-oro-blanco-brillantes-vila-50x33.jpg 50w\" sizes=\"auto, (max-width: 3498px) 100vw, 3498px\" \/><\/li>\n                <li style=\"display: none; width: 100%;\" class=\"slide-4841 ms-image \" aria-roledescription=\"slide\" data-date=\"2018-02-08 16:45:30\" data-filename=\"reloj-ecodrive-vila.jpg\" data-slide-type=\"image\"><img loading=\"lazy\" decoding=\"async\" width=\"2216\" height=\"1478\" src=\"https:\/\/www.maistendencia.com\/blog\/wp-content\/uploads\/2018\/02\/reloj-ecodrive-vila.jpg\" class=\"slider-4837 slide-4841 msDefaultImage\" alt=\"Reloj Citizen con sistema ecodrive de la Joyer\u00eda Vila.\" rel=\"\" title=\"\" style=\"margin-top: 16.651624548736%\" srcset=\"https:\/\/www.maistendencia.com\/blog\/wp-content\/uploads\/2018\/02\/reloj-ecodrive-vila.jpg 2216w, https:\/\/www.maistendencia.com\/blog\/wp-content\/uploads\/2018\/02\/reloj-ecodrive-vila-300x200.jpg 300w, https:\/\/www.maistendencia.com\/blog\/wp-content\/uploads\/2018\/02\/reloj-ecodrive-vila-1024x683.jpg 1024w, https:\/\/www.maistendencia.com\/blog\/wp-content\/uploads\/2018\/02\/reloj-ecodrive-vila-400x266.jpg 400w, https:\/\/www.maistendencia.com\/blog\/wp-content\/uploads\/2018\/02\/reloj-ecodrive-vila-50x33.jpg 50w\" sizes=\"auto, (max-width: 2216px) 100vw, 2216px\" \/><\/li>\n                <li style=\"display: none; width: 100%;\" class=\"slide-4842 ms-image \" aria-roledescription=\"slide\" data-date=\"2018-02-08 16:45:30\" data-filename=\"pulsera-viceroy-vila.jpg\" data-slide-type=\"image\"><img loading=\"lazy\" decoding=\"async\" width=\"2428\" height=\"1619\" src=\"https:\/\/www.maistendencia.com\/blog\/wp-content\/uploads\/2018\/02\/pulsera-viceroy-vila.jpg\" class=\"slider-4837 slide-4842 msDefaultImage\" alt=\"Pulsera Viceroy de la Joyer\u00eda Vila.\" rel=\"\" title=\"\" style=\"margin-top: 16.659802306425%\" srcset=\"https:\/\/www.maistendencia.com\/blog\/wp-content\/uploads\/2018\/02\/pulsera-viceroy-vila.jpg 2428w, https:\/\/www.maistendencia.com\/blog\/wp-content\/uploads\/2018\/02\/pulsera-viceroy-vila-300x200.jpg 300w, https:\/\/www.maistendencia.com\/blog\/wp-content\/uploads\/2018\/02\/pulsera-viceroy-vila-1024x683.jpg 1024w, https:\/\/www.maistendencia.com\/blog\/wp-content\/uploads\/2018\/02\/pulsera-viceroy-vila-400x266.jpg 400w, https:\/\/www.maistendencia.com\/blog\/wp-content\/uploads\/2018\/02\/pulsera-viceroy-vila-50x33.jpg 50w\" sizes=\"auto, (max-width: 2428px) 100vw, 2428px\" \/><\/li>\n            <\/ul>\n        <\/div>\n        \n    <\/div>\n<\/div>\n<h2>Sierra Joyeros Paseo<\/h2>\n<p>Sierra Joyeros de calle del Paseo presenta una gran oferta de productos de calidad en el \u00e1mbito de la joyer\u00eda. Para el D\u00eda de los Enamorados nuestras sugerencias son:<\/p>\n<ul>\n<li><strong><a href=\"https:\/\/www.maistendencia.com\/marca\/30_tissot.html\">Reloj Tissot<\/a> Chrono XL<\/strong>. Movimiento de cuarzo su\u00edzo y 45 mm de di\u00e1metro.<\/li>\n<li><strong>Pulseras Bronzallure<\/strong>, en bronce con&nbsp;ba\u00f1o de oro de 18k.<\/li>\n<li><strong>Reloj Calvin Klein Minimal<\/strong> de se\u00f1ora. Movimiento de cuarzo su\u00edzo y <strong>44&nbsp;mm de di\u00e1metro.<\/strong><\/li>\n<li><strong>Pulsera Calvin Klein Outline<\/strong> de acero inoxidable.&nbsp;PVD rosa.<\/li>\n<\/ul>\n<div id=\"metaslider-id-4850\" style=\"width: 100%; margin: 0 auto;\" class=\"ml-slider-3-108-0 metaslider metaslider-flex metaslider-4850 ml-slider has-dots-nav has-carousel-mode ms-theme-default\" role=\"region\" aria-label=\"Sierra Paseo\" data-height=\"700\" data-width=\"700\">\n    <div id=\"metaslider_container_4850\">\n        <div id=\"metaslider_4850\">\n            <ul class='slides'>\n                <li style=\"display: none; width: 100%;\" class=\"slide-4851 ms-image \" aria-roledescription=\"slide\" data-date=\"2018-02-08 16:54:45\" data-filename=\"pulseras-bronzallure-sierra-paseo.jpg\" data-slide-type=\"image\"><img loading=\"lazy\" decoding=\"async\" width=\"960\" height=\"735\" src=\"https:\/\/www.maistendencia.com\/blog\/wp-content\/uploads\/2018\/02\/pulseras-bronzallure-sierra-paseo.jpg\" class=\"slider-4850 slide-4851 msDefaultImage\" alt=\"Bronzallure pulseras Sierra Paseo.\" rel=\"\" title=\"\" style=\"margin-top: 11.71875%\" srcset=\"https:\/\/www.maistendencia.com\/blog\/wp-content\/uploads\/2018\/02\/pulseras-bronzallure-sierra-paseo.jpg 960w, https:\/\/www.maistendencia.com\/blog\/wp-content\/uploads\/2018\/02\/pulseras-bronzallure-sierra-paseo-300x230.jpg 300w\" sizes=\"auto, (max-width: 960px) 100vw, 960px\" \/><\/li>\n                <li style=\"display: none; width: 100%;\" class=\"slide-4852 ms-image \" aria-roledescription=\"slide\" data-date=\"2018-02-08 16:54:46\" data-filename=\"tissot-reloj-esferas-sierra-paseo.jpg\" data-slide-type=\"image\"><img loading=\"lazy\" decoding=\"async\" width=\"679\" height=\"960\" src=\"https:\/\/www.maistendencia.com\/blog\/wp-content\/uploads\/2018\/02\/tissot-reloj-esferas-sierra-paseo.jpg\" class=\"slider-4850 slide-4852 msDefaultImage\" alt=\"Tissot reloj esferas Sierra Paseo.\" rel=\"\" title=\"\" style=\"margin: 0 auto; width: 70.729166666667%\" srcset=\"https:\/\/www.maistendencia.com\/blog\/wp-content\/uploads\/2018\/02\/tissot-reloj-esferas-sierra-paseo.jpg 679w, https:\/\/www.maistendencia.com\/blog\/wp-content\/uploads\/2018\/02\/tissot-reloj-esferas-sierra-paseo-212x300.jpg 212w\" sizes=\"auto, (max-width: 679px) 100vw, 679px\" \/><\/li>\n                <li style=\"display: none; width: 100%;\" class=\"slide-4853 ms-image \" aria-roledescription=\"slide\" data-date=\"2018-02-08 16:54:46\" data-filename=\"calvinklein-reloj-mujer-sierra-paseo.jpg\" data-slide-type=\"image\"><img loading=\"lazy\" decoding=\"async\" width=\"960\" height=\"724\" src=\"https:\/\/www.maistendencia.com\/blog\/wp-content\/uploads\/2018\/02\/calvinklein-reloj-mujer-sierra-paseo.jpg\" class=\"slider-4850 slide-4853 msDefaultImage\" alt=\"Calvin Klein reloj mujer Sierra Paseo.\" rel=\"\" title=\"\" style=\"margin-top: 12.291666666667%\" srcset=\"https:\/\/www.maistendencia.com\/blog\/wp-content\/uploads\/2018\/02\/calvinklein-reloj-mujer-sierra-paseo.jpg 960w, https:\/\/www.maistendencia.com\/blog\/wp-content\/uploads\/2018\/02\/calvinklein-reloj-mujer-sierra-paseo-300x226.jpg 300w\" sizes=\"auto, (max-width: 960px) 100vw, 960px\" \/><\/li>\n                <li style=\"display: none; width: 100%;\" class=\"slide-4854 ms-image \" aria-roledescription=\"slide\" data-date=\"2018-02-08 16:54:46\" data-filename=\"calvinklein-brazalete-sierra-paseo.jpg\" data-slide-type=\"image\"><img loading=\"lazy\" decoding=\"async\" width=\"960\" height=\"720\" src=\"https:\/\/www.maistendencia.com\/blog\/wp-content\/uploads\/2018\/02\/calvinklein-brazalete-sierra-paseo.jpg\" class=\"slider-4850 slide-4854 msDefaultImage\" alt=\"Calvin Klein brazalete Sierra Paseo.\" rel=\"\" title=\"\" style=\"margin-top: 12.5%\" srcset=\"https:\/\/www.maistendencia.com\/blog\/wp-content\/uploads\/2018\/02\/calvinklein-brazalete-sierra-paseo.jpg 960w, https:\/\/www.maistendencia.com\/blog\/wp-content\/uploads\/2018\/02\/calvinklein-brazalete-sierra-paseo-300x225.jpg 300w\" sizes=\"auto, (max-width: 960px) 100vw, 960px\" \/><\/li>\n            <\/ul>\n        <\/div>\n        \n    <\/div>\n<\/div>\n<h2>Sierra Joyeros Santo Domingo<\/h2>\n<p>Sierra Joyeros de calle Santo Domingo ofrece una amplia variedad de art\u00edculos de joyer\u00eda y relojer\u00eda de alta gama, entre los que destacamos lo siguientes:<\/p>\n<ul>\n<li style=\"text-align: justify;\"><strong>Reloj <a href=\"https:\/\/www.maistendencia.com\/marca\/27_tommy-hilfiger.html\">Tommy Hilfiger<\/a> Candice de se\u00f1ora<\/strong>,&nbsp;en acero inoxidable y con correa de malla milanesa con cierre plegado. Su esfera es negra, con agujas y marcadores de hora plateados.<\/li>\n<li style=\"text-align: justify;\">Aros de plata&nbsp;&nbsp;rosada con circonitas.<\/li>\n<li style=\"text-align: justify;\"><strong>Reloj de la marca Bering<\/strong> en el modelo Titanium. Es un reloj multifunci\u00f3n de caballero, de titanio pavonado en negro con subesferas y brazalete de malla milanesa.<\/li>\n<li style=\"text-align: justify;\">Pendientes en oro blanco \u201cDormilonas\u201c, 6 garras. Posibilidad de escoger entre distintos tama\u00f1os de brillantes, seg\u00fan presupuesto.<\/li>\n<\/ul>\n<div id=\"metaslider-id-4823\" style=\"width: 100%; margin: 0 auto;\" class=\"ml-slider-3-108-0 metaslider metaslider-flex metaslider-4823 ml-slider has-dots-nav has-carousel-mode ms-theme-default\" role=\"region\" aria-label=\"Sierra Santo Domingo\" data-height=\"700\" data-width=\"700\">\n    <div id=\"metaslider_container_4823\">\n        <div id=\"metaslider_4823\">\n            <ul class='slides'>\n                <li style=\"display: none; width: 100%;\" class=\"slide-4824 ms-image \" aria-roledescription=\"slide\" data-date=\"2018-02-08 16:18:16\" data-filename=\"tommy-hilfiger-reloj-santodomingo-sierra-1.jpg\" data-slide-type=\"image\"><img loading=\"lazy\" decoding=\"async\" width=\"800\" height=\"800\" src=\"https:\/\/www.maistendencia.com\/blog\/wp-content\/uploads\/2018\/02\/tommy-hilfiger-reloj-santodomingo-sierra-1.jpg\" class=\"slider-4823 slide-4824 msDefaultImage\" alt=\"Tommy Hilfiger reloj de Sierra Santo Domingo.\" rel=\"\" title=\"\" style=\"margin: 0 auto; width: 100%\" srcset=\"https:\/\/www.maistendencia.com\/blog\/wp-content\/uploads\/2018\/02\/tommy-hilfiger-reloj-santodomingo-sierra-1.jpg 800w, https:\/\/www.maistendencia.com\/blog\/wp-content\/uploads\/2018\/02\/tommy-hilfiger-reloj-santodomingo-sierra-1-150x150.jpg 150w, https:\/\/www.maistendencia.com\/blog\/wp-content\/uploads\/2018\/02\/tommy-hilfiger-reloj-santodomingo-sierra-1-300x300.jpg 300w\" sizes=\"auto, (max-width: 800px) 100vw, 800px\" \/><\/li>\n                <li style=\"display: none; width: 100%;\" class=\"slide-4825 ms-image \" aria-roledescription=\"slide\" data-date=\"2018-02-08 16:18:34\" data-filename=\"pendientes-plata-aro-sierra-santodomingo-1.jpg\" data-slide-type=\"image\"><img loading=\"lazy\" decoding=\"async\" width=\"924\" height=\"693\" src=\"https:\/\/www.maistendencia.com\/blog\/wp-content\/uploads\/2018\/02\/pendientes-plata-aro-sierra-santodomingo-1.jpg\" class=\"slider-4823 slide-4825 msDefaultImage\" alt=\"Pendientes plata aro de Sierra Santo Domingo.\" rel=\"\" title=\"\" style=\"margin-top: 12.5%\" srcset=\"https:\/\/www.maistendencia.com\/blog\/wp-content\/uploads\/2018\/02\/pendientes-plata-aro-sierra-santodomingo-1.jpg 924w, https:\/\/www.maistendencia.com\/blog\/wp-content\/uploads\/2018\/02\/pendientes-plata-aro-sierra-santodomingo-1-300x225.jpg 300w\" sizes=\"auto, (max-width: 924px) 100vw, 924px\" \/><\/li>\n                <li style=\"display: none; width: 100%;\" class=\"slide-4827 ms-image \" aria-roledescription=\"slide\" data-date=\"2018-02-08 16:18:35\" data-filename=\"bering-titanium-sierra-santodomingo.jpg\" data-slide-type=\"image\"><img loading=\"lazy\" decoding=\"async\" width=\"1000\" height=\"1000\" src=\"https:\/\/www.maistendencia.com\/blog\/wp-content\/uploads\/2018\/02\/bering-titanium-sierra-santodomingo.jpg\" class=\"slider-4823 slide-4827 msDefaultImage\" alt=\"Bering Titanium de Sierra Santo Domingo.\" rel=\"\" title=\"\" style=\"margin: 0 auto; width: 100%\" srcset=\"https:\/\/www.maistendencia.com\/blog\/wp-content\/uploads\/2018\/02\/bering-titanium-sierra-santodomingo.jpg 1000w, https:\/\/www.maistendencia.com\/blog\/wp-content\/uploads\/2018\/02\/bering-titanium-sierra-santodomingo-150x150.jpg 150w, https:\/\/www.maistendencia.com\/blog\/wp-content\/uploads\/2018\/02\/bering-titanium-sierra-santodomingo-300x300.jpg 300w\" sizes=\"auto, (max-width: 1000px) 100vw, 1000px\" \/><\/li>\n                <li style=\"display: none; width: 100%;\" class=\"slide-4826 ms-image \" aria-roledescription=\"slide\" data-date=\"2018-02-08 16:18:34\" data-filename=\"dormilonas-oro-blanco-sierra-santodomingo.jpg\" data-slide-type=\"image\"><img loading=\"lazy\" decoding=\"async\" width=\"557\" height=\"348\" src=\"https:\/\/www.maistendencia.com\/blog\/wp-content\/uploads\/2018\/02\/dormilonas-oro-blanco-sierra-santodomingo.jpg\" class=\"slider-4823 slide-4826 msDefaultImage\" alt=\"Dormilonas oro blanco de Sierra Santo Domingo.\" rel=\"\" title=\"\" style=\"margin-top: 18.761220825853%\" srcset=\"https:\/\/www.maistendencia.com\/blog\/wp-content\/uploads\/2018\/02\/dormilonas-oro-blanco-sierra-santodomingo.jpg 557w, https:\/\/www.maistendencia.com\/blog\/wp-content\/uploads\/2018\/02\/dormilonas-oro-blanco-sierra-santodomingo-300x187.jpg 300w\" sizes=\"auto, (max-width: 557px) 100vw, 557px\" \/><\/li>\n            <\/ul>\n        <\/div>\n        \n    <\/div>\n<\/div>\n<strong>Texto de<\/strong><br\/><br\/><div style=\"width:100%;height:auto;\"><div style=\"float:left;margin:0px 10px 10px 0px;\"><img alt='' src='https:\/\/secure.gravatar.com\/avatar\/131f1bf6d42065a0c1d3ecc19f8c6e5a?s=111&amp;d=https%3A%2F%2Fsecure.gravatar.com%2Favatar%2Fad516503a11cd5ca435acc9bb6523536%3Fs%3D111&amp;r=G' class='avatar avatar-111 photo' height='111' width='111' \/><\/div><div style=\"padding-left:25%;\"><strong>Alba R Cougil<\/strong><br\/><br\/><a href=\"mailto:acougil@ourensecca.com\">Correo electr\u00f3nico<\/a><br\/><br\/><div class=\"author-description\"><div class=\"autor-enlaces\"><\/div><\/div><\/div><\/div><div class=\"clear\"><\/div>\n<strong>Fotograf\u00edas de<\/strong><br\/><br\/><div style=\"width:100%;height:auto;\"><div style=\"float:left;margin:0px 10px 10px 0px;\"><img loading=\"lazy\" decoding=\"async\" src=\"https:\/\/www.maistendencia.com\/blog\/wp-content\/authors\/Aida-20.jpg\" class=\"avatar photo\" alt=\"Aida Argibay\" width=\"111\" height=\"111\" \/><\/div><div style=\"padding-left:25%;\"><strong>Aida Argibay<\/strong><br\/><br\/><a href=\"mailto:\">Correo electr\u00f3nico<\/a><br\/><br\/><div class=\"author-description\"><div class=\"autor-enlaces\"><\/div><\/div><\/div><\/div><div class=\"clear\"><\/div>\n","protected":false},"excerpt":{"rendered":"<p>Un anillo es el regalo perfecto para conquistar a quien haga falta el D\u00eda de los Enamorados. O bien para demostrarle tu amor a esa persona que ya te lleva acompa\u00f1ando media vida: nunca es&#8230;<br \/><a href=\"https:\/\/www.maistendencia.com\/blog\/un-anillo-para-conquistarlos-a-todos\/\"> Continuar leyendo&#8230;<\/a><\/p>\n","protected":false},"author":28,"featured_media":4800,"comment_status":"open","ping_status":"closed","sticky":false,"template":"","format":"standard","meta":{"footnotes":""},"categories":[5,57],"tags":[59,359,444,60,396,58],"class_list":["post-4783","post","type-post","status-publish","format-standard","has-post-thumbnail","hentry","category-celebra","category-de-tiendas","tag-enamorados","tag-joyas","tag-joyeria","tag-regalos","tag-relojes","tag-san-valentin"],"aioseo_notices":[],"_links":{"self":[{"href":"https:\/\/www.maistendencia.com\/blog\/wp-json\/wp\/v2\/posts\/4783","targetHints":{"allow":["GET"]}}],"collection":[{"href":"https:\/\/www.maistendencia.com\/blog\/wp-json\/wp\/v2\/posts"}],"about":[{"href":"https:\/\/www.maistendencia.com\/blog\/wp-json\/wp\/v2\/types\/post"}],"author":[{"embeddable":true,"href":"https:\/\/www.maistendencia.com\/blog\/wp-json\/wp\/v2\/users\/28"}],"replies":[{"embeddable":true,"href":"https:\/\/www.maistendencia.com\/blog\/wp-json\/wp\/v2\/comments?post=4783"}],"version-history":[{"count":1,"href":"https:\/\/www.maistendencia.com\/blog\/wp-json\/wp\/v2\/posts\/4783\/revisions"}],"predecessor-version":[{"id":7149,"href":"https:\/\/www.maistendencia.com\/blog\/wp-json\/wp\/v2\/posts\/4783\/revisions\/7149"}],"wp:featuredmedia":[{"embeddable":true,"href":"https:\/\/www.maistendencia.com\/blog\/wp-json\/wp\/v2\/media\/4800"}],"wp:attachment":[{"href":"https:\/\/www.maistendencia.com\/blog\/wp-json\/wp\/v2\/media?parent=4783"}],"wp:term":[{"taxonomy":"category","embeddable":true,"href":"https:\/\/www.maistendencia.com\/blog\/wp-json\/wp\/v2\/categories?post=4783"},{"taxonomy":"post_tag","embeddable":true,"href":"https:\/\/www.maistendencia.com\/blog\/wp-json\/wp\/v2\/tags?post=4783"}],"curies":[{"name":"wp","href":"https:\/\/api.w.org\/{rel}","templated":true}]}}