{"id":4634,"date":"2018-01-26T12:42:37","date_gmt":"2018-01-26T10:42:37","guid":{"rendered":"http:\/\/www.maistendencia.com\/?p=4634"},"modified":"2019-08-05T13:21:29","modified_gmt":"2019-08-05T11:21:29","slug":"disfrazate-y-disfruta-del-entroido-2018","status":"publish","type":"post","link":"https:\/\/www.maistendencia.com\/blog\/disfrazate-y-disfruta-del-entroido-2018\/","title":{"rendered":"Disfr\u00e1zate y disfruta del Entroido 2018"},"content":{"rendered":"<p style=\"text-align: justify;\">El pasado s\u00e1bado (20 de enero) el Entroido de Xinzo daba su \u201cpetardazo\u201d de salida, y en <a href=\"http:\/\/www.ourensecentro.com\/\">Centro Comercial Aberto<\/a> no quer\u00edamos llegar tarde a la festividad con nuestras recomendaciones de disfraces para este a\u00f1o. As\u00ed que, de la mano de <a href=\"http:\/\/www.ourensecentro.com\/asociados-ourense-centro\/187\/hiper-100\">Hiper 100<\/a>, os presentamos una serie de propuestas para que luzc\u00e1is radiantes en esta \u00e9poca tan <strong>esperada y especial en Ourense<\/strong>.<\/p>\n<h2 style=\"text-align: justify;\"><strong>Propuestas de disfraces para chica<\/strong><\/h2>\n<p style=\"text-align: justify;\">Para chica las opciones son variadas, pero una de las que no pod\u00edamos dejar de recomendarte es el <strong>disfraz de cantinera<\/strong>. Es ya todo un cl\u00e1sico del carnaval, y muchos aprovechan sus reminiscencias medievales para reciclarlo en la <a href=\"http:\/\/www.festadaistoria.com\/\">fiesta de la Istoria<\/a> o en otras celebraciones ambientadas en esta \u00e9poca. Otra cosa muy buena de este disfraz es que adem\u00e1s te permite meter alguna prenda de abrigo debajo para no pasar fr\u00edo por la noche. Y, a mayores, es bonito y <strong>resalta mucho la figura<\/strong> gracias al cors\u00e9 de la parte superior. Lo tiene todo.<\/p>\n<p><img loading=\"lazy\" decoding=\"async\" class=\"alignnone wp-image-4639 size-large\" src=\"http:\/\/www.maistendencia.com\/wp-content\/uploads\/2018\/01\/disfraz_tabernera-1024x683.jpg\" alt=\"\" width=\"604\" height=\"403\" srcset=\"https:\/\/www.maistendencia.com\/blog\/wp-content\/uploads\/2018\/01\/disfraz_tabernera-1024x683.jpg 1024w, https:\/\/www.maistendencia.com\/blog\/wp-content\/uploads\/2018\/01\/disfraz_tabernera-300x200.jpg 300w, https:\/\/www.maistendencia.com\/blog\/wp-content\/uploads\/2018\/01\/disfraz_tabernera-400x266.jpg 400w, https:\/\/www.maistendencia.com\/blog\/wp-content\/uploads\/2018\/01\/disfraz_tabernera-50x33.jpg 50w\" sizes=\"auto, (max-width: 604px) 100vw, 604px\" \/><\/p>\n<p style=\"text-align: justify;\">Por otro lado est\u00e1 este <strong>traje de egipcia<\/strong>, para aquellas a quienes les guste ir m\u00e1s arregladas aunque sea vestidas con un disfraz. Se trata de un traje muy bonito y con muchos detalles: cuerdecitas y vivos dorados, las telas que cuelgan a modo de mangas alrededor de los brazos, el uso de dos tejidos diferentes para la parte del torso y la falda, la piedrecita decorativa&#8230; Tambi\u00e9n <strong>incluye dos accesorios<\/strong>: el \u201cbabero\u201d o collar egipcio en dorado y la diadema con el detalle de una serpiente en la parte superior. Una opci\u00f3n estilosa, con gusto y muy chic para que no pas\u00e9is desapercibidas.<\/p>\n<p><img loading=\"lazy\" decoding=\"async\" class=\"alignnone wp-image-4640 size-large\" src=\"http:\/\/www.maistendencia.com\/wp-content\/uploads\/2018\/01\/disfraz_egipcia-1024x683.jpg\" alt=\"\" width=\"604\" height=\"403\" srcset=\"https:\/\/www.maistendencia.com\/blog\/wp-content\/uploads\/2018\/01\/disfraz_egipcia-1024x683.jpg 1024w, https:\/\/www.maistendencia.com\/blog\/wp-content\/uploads\/2018\/01\/disfraz_egipcia-300x200.jpg 300w, https:\/\/www.maistendencia.com\/blog\/wp-content\/uploads\/2018\/01\/disfraz_egipcia-400x266.jpg 400w, https:\/\/www.maistendencia.com\/blog\/wp-content\/uploads\/2018\/01\/disfraz_egipcia-50x33.jpg 50w\" sizes=\"auto, (max-width: 604px) 100vw, 604px\" \/> <img loading=\"lazy\" decoding=\"async\" class=\"alignnone wp-image-4641 size-large\" src=\"http:\/\/www.maistendencia.com\/wp-content\/uploads\/2018\/01\/egipcia_disfraz-683x1024.jpg\" alt=\"\" width=\"604\" height=\"906\" srcset=\"https:\/\/www.maistendencia.com\/blog\/wp-content\/uploads\/2018\/01\/egipcia_disfraz-683x1024.jpg 683w, https:\/\/www.maistendencia.com\/blog\/wp-content\/uploads\/2018\/01\/egipcia_disfraz-200x300.jpg 200w, https:\/\/www.maistendencia.com\/blog\/wp-content\/uploads\/2018\/01\/egipcia_disfraz.jpg 1639w\" sizes=\"auto, (max-width: 604px) 100vw, 604px\" \/><\/p>\n<h2 style=\"text-align: justify;\"><strong>Complementos para chica<\/strong><\/h2>\n<p style=\"text-align: justify;\">En las fotograf\u00edas que os dejamos a continuaci\u00f3n pod\u00e9is ver algunos de los complementos para chicas que os pod\u00e9is encontrar en <a href=\"http:\/\/www.ourensecentro.com\/asociados-ourense-centro\/187\/hiper-100\">Hiper 100<\/a>, para que vay\u00e1is cogiendo alguna idea de c\u00f3mo podr\u00edais utilizarlos.<\/p>\n<p style=\"text-align: justify;\">Adem\u00e1s de baratitos, los complementos que os mostramos son <strong>cl\u00e1sicos que nunca fallan<\/strong> y te pueden arreglar un disfraz un poco insulso o ayudar a que te hagas el tuyo propio con las cosas que tengas por casa. Dos boas de colores, roja y violeta, una peluca negra a juego con el disfraz de egipcia, unas antenitas rojas y un antifaz veneciano negro, aunque en la tienda todos estos elementos est\u00e1n disponibles en m\u00e1s colores.<\/p>\n<div id=\"metaslider-id-4600\" style=\"width: 100%; margin: 0 auto;\" class=\"ml-slider-3-108-0 metaslider metaslider-flex metaslider-4600 ml-slider has-dots-nav has-carousel-mode ms-theme-default\" role=\"region\" aria-label=\"Complementos chica\" data-height=\"700\" data-width=\"700\">\n    <div id=\"metaslider_container_4600\">\n        <div id=\"metaslider_4600\">\n            <ul class='slides'>\n                <li style=\"display: none; width: 100%;\" class=\"slide-4649 ms-image \" aria-roledescription=\"slide\" data-date=\"2018-01-25 19:01:26\" data-filename=\"complemento_antenas.jpg\" data-slide-type=\"image\"><img loading=\"lazy\" decoding=\"async\" width=\"1264\" height=\"1896\" src=\"https:\/\/www.maistendencia.com\/blog\/wp-content\/uploads\/2018\/01\/complemento_antenas.jpg\" class=\"slider-4600 slide-4649 msDefaultImage\" alt=\"\" rel=\"\" title=\"\" style=\"margin: 0 auto; width: 66.666666666667%\" srcset=\"https:\/\/www.maistendencia.com\/blog\/wp-content\/uploads\/2018\/01\/complemento_antenas.jpg 1264w, https:\/\/www.maistendencia.com\/blog\/wp-content\/uploads\/2018\/01\/complemento_antenas-200x300.jpg 200w, https:\/\/www.maistendencia.com\/blog\/wp-content\/uploads\/2018\/01\/complemento_antenas-683x1024.jpg 683w\" sizes=\"auto, (max-width: 1264px) 100vw, 1264px\" \/><\/li>\n                <li style=\"display: none; width: 100%;\" class=\"slide-4650 ms-image \" aria-roledescription=\"slide\" data-date=\"2018-01-25 19:01:27\" data-filename=\"complementos_antifaz.jpg\" data-slide-type=\"image\"><img loading=\"lazy\" decoding=\"async\" width=\"1241\" height=\"1861\" src=\"https:\/\/www.maistendencia.com\/blog\/wp-content\/uploads\/2018\/01\/complementos_antifaz.jpg\" class=\"slider-4600 slide-4650 msDefaultImage\" alt=\"\" rel=\"\" title=\"\" style=\"margin: 0 auto; width: 66.684578183772%\" srcset=\"https:\/\/www.maistendencia.com\/blog\/wp-content\/uploads\/2018\/01\/complementos_antifaz.jpg 1241w, https:\/\/www.maistendencia.com\/blog\/wp-content\/uploads\/2018\/01\/complementos_antifaz-200x300.jpg 200w, https:\/\/www.maistendencia.com\/blog\/wp-content\/uploads\/2018\/01\/complementos_antifaz-683x1024.jpg 683w\" sizes=\"auto, (max-width: 1241px) 100vw, 1241px\" \/><\/li>\n                <li style=\"display: none; width: 100%;\" class=\"slide-4651 ms-image \" aria-roledescription=\"slide\" data-date=\"2018-01-25 19:01:27\" data-filename=\"Complementos_boa.jpg\" data-slide-type=\"image\"><img loading=\"lazy\" decoding=\"async\" width=\"1142\" height=\"1713\" src=\"https:\/\/www.maistendencia.com\/blog\/wp-content\/uploads\/2018\/01\/Complementos_boa.jpg\" class=\"slider-4600 slide-4651 msDefaultImage\" alt=\"\" rel=\"\" title=\"\" style=\"margin: 0 auto; width: 66.666666666667%\" srcset=\"https:\/\/www.maistendencia.com\/blog\/wp-content\/uploads\/2018\/01\/Complementos_boa.jpg 1142w, https:\/\/www.maistendencia.com\/blog\/wp-content\/uploads\/2018\/01\/Complementos_boa-200x300.jpg 200w, https:\/\/www.maistendencia.com\/blog\/wp-content\/uploads\/2018\/01\/Complementos_boa-683x1024.jpg 683w\" sizes=\"auto, (max-width: 1142px) 100vw, 1142px\" \/><\/li>\n                <li style=\"display: none; width: 100%;\" class=\"slide-4652 ms-image \" aria-roledescription=\"slide\" data-date=\"2018-01-25 19:01:28\" data-filename=\"complementos_peluca.jpg\" data-slide-type=\"image\"><img loading=\"lazy\" decoding=\"async\" width=\"1157\" height=\"1736\" src=\"https:\/\/www.maistendencia.com\/blog\/wp-content\/uploads\/2018\/01\/complementos_peluca.jpg\" class=\"slider-4600 slide-4652 msDefaultImage\" alt=\"\" rel=\"\" title=\"\" style=\"margin: 0 auto; width: 66.647465437788%\" srcset=\"https:\/\/www.maistendencia.com\/blog\/wp-content\/uploads\/2018\/01\/complementos_peluca.jpg 1157w, https:\/\/www.maistendencia.com\/blog\/wp-content\/uploads\/2018\/01\/complementos_peluca-200x300.jpg 200w, https:\/\/www.maistendencia.com\/blog\/wp-content\/uploads\/2018\/01\/complementos_peluca-682x1024.jpg 682w\" sizes=\"auto, (max-width: 1157px) 100vw, 1157px\" \/><\/li>\n            <\/ul>\n        <\/div>\n        \n    <\/div>\n<\/div>\n<h2 style=\"text-align: justify;\"><strong>Propuestas de disfraces para chico<\/strong><\/h2>\n<p style=\"text-align: justify;\">Bollywood es la <strong>mayor industria cinematogr\u00e1fica a nivel mundial<\/strong> en cuanto al volumen de pel\u00edculas producidas por a\u00f1o (entre 1.500 y 2.000), y su personalidad est\u00e1 impregnada tambi\u00e9n en la forma en que se visten sus actores. Por eso hemos elegido como una de las propuestas para este carnaval el traje de <strong>indio estilo Bollywood<\/strong>, porque nos encanta la cultura de este pa\u00eds y lo vistoso de sus trajes. Como veis en la fotograf\u00eda, el disfraz contrasta colores vivos (verde, rojo y dorado) con el blanco, dando lugar a una combinaci\u00f3n que refleja a la perfecci\u00f3n la esencia de este estilo.<\/p>\n<p style=\"text-align: justify;\">El disfraz viene junto a dos complementos: un sombrero y un cintur\u00f3n, aunque para la fotograf\u00eda decidimos sacar el m\u00e1ximo partido a uno de los gorros que se venden por separado en <a href=\"http:\/\/www.ourensecentro.com\/asociados-ourense-centro\/187\/hiper-100\">Hiper 100<\/a> a\u00f1adi\u00e9ndolo a la combinaci\u00f3n. \u00bfQu\u00e9 os parece el resultado?<\/p>\n<p><img loading=\"lazy\" decoding=\"async\" class=\"alignnone wp-image-4655 size-large\" src=\"http:\/\/www.maistendencia.com\/wp-content\/uploads\/2018\/01\/disfraz_indio-1024x683.jpg\" alt=\"\" width=\"604\" height=\"403\" srcset=\"https:\/\/www.maistendencia.com\/blog\/wp-content\/uploads\/2018\/01\/disfraz_indio-1024x683.jpg 1024w, https:\/\/www.maistendencia.com\/blog\/wp-content\/uploads\/2018\/01\/disfraz_indio-300x200.jpg 300w, https:\/\/www.maistendencia.com\/blog\/wp-content\/uploads\/2018\/01\/disfraz_indio-400x266.jpg 400w, https:\/\/www.maistendencia.com\/blog\/wp-content\/uploads\/2018\/01\/disfraz_indio-50x33.jpg 50w\" sizes=\"auto, (max-width: 604px) 100vw, 604px\" \/><\/p>\n<p style=\"text-align: justify;\">No pudimos resistirnos a este <strong>traje de arlequ\u00edn<\/strong> tan divertido, al igual que el modelo que lo lleva puesto. Lo que m\u00e1s nos gust\u00f3 de este disfraz fue el uso que da al <strong>color plateado<\/strong>, variando del cl\u00e1sico blanco, negro y rojo de los trajes de arlequ\u00edn de siempre. El conjunto se compone de unos pantalones, camiseta, cuello y gorro a juego, con cascabeles en cada una de las puntas para sumar melod\u00eda a este carnaval.<\/p>\n<p><img loading=\"lazy\" decoding=\"async\" class=\"alignnone wp-image-4656 size-large\" src=\"http:\/\/www.maistendencia.com\/wp-content\/uploads\/2018\/01\/disfraces_arlequin-1024x683.jpg\" alt=\"\" width=\"604\" height=\"403\" srcset=\"https:\/\/www.maistendencia.com\/blog\/wp-content\/uploads\/2018\/01\/disfraces_arlequin-1024x683.jpg 1024w, https:\/\/www.maistendencia.com\/blog\/wp-content\/uploads\/2018\/01\/disfraces_arlequin-300x200.jpg 300w, https:\/\/www.maistendencia.com\/blog\/wp-content\/uploads\/2018\/01\/disfraces_arlequin-400x266.jpg 400w, https:\/\/www.maistendencia.com\/blog\/wp-content\/uploads\/2018\/01\/disfraces_arlequin-50x33.jpg 50w\" sizes=\"auto, (max-width: 604px) 100vw, 604px\" \/><\/p>\n<p><img loading=\"lazy\" decoding=\"async\" class=\"alignnone wp-image-4635 size-large\" src=\"http:\/\/www.maistendencia.com\/wp-content\/uploads\/2018\/01\/arlequin_disfraz-1024x683.jpg\" alt=\"\" width=\"604\" height=\"403\" srcset=\"https:\/\/www.maistendencia.com\/blog\/wp-content\/uploads\/2018\/01\/arlequin_disfraz-1024x683.jpg 1024w, https:\/\/www.maistendencia.com\/blog\/wp-content\/uploads\/2018\/01\/arlequin_disfraz-300x200.jpg 300w, https:\/\/www.maistendencia.com\/blog\/wp-content\/uploads\/2018\/01\/arlequin_disfraz-400x266.jpg 400w, https:\/\/www.maistendencia.com\/blog\/wp-content\/uploads\/2018\/01\/arlequin_disfraz-50x33.jpg 50w\" sizes=\"auto, (max-width: 604px) 100vw, 604px\" \/><\/p>\n<h2><strong>Complementos para chico<\/strong><\/h2>\n<p style=\"text-align: justify;\">Para finalizar este repaso a algunos accesorios y trajes que pueden mejorar notablemente tu carnaval, no pod\u00edamos olvidarnos del <strong>cl\u00e1sico sombrero vaquero<\/strong> para aquellos que con alg\u00fan complemento ya tienen bastante. Si tus amigos son unos fiestas y van disfrazados hasta arriba, acomp\u00e1\u00f1alo de una espada y sin dudarlo dar\u00e1s el pego.<\/p>\n<p><img loading=\"lazy\" decoding=\"async\" class=\"alignnone wp-image-4657 size-large\" src=\"http:\/\/www.maistendencia.com\/wp-content\/uploads\/2018\/01\/complementos_sombrero-1024x683.jpg\" alt=\"\" width=\"604\" height=\"403\" srcset=\"https:\/\/www.maistendencia.com\/blog\/wp-content\/uploads\/2018\/01\/complementos_sombrero-1024x683.jpg 1024w, https:\/\/www.maistendencia.com\/blog\/wp-content\/uploads\/2018\/01\/complementos_sombrero-300x200.jpg 300w, https:\/\/www.maistendencia.com\/blog\/wp-content\/uploads\/2018\/01\/complementos_sombrero-400x266.jpg 400w, https:\/\/www.maistendencia.com\/blog\/wp-content\/uploads\/2018\/01\/complementos_sombrero-50x33.jpg 50w\" sizes=\"auto, (max-width: 604px) 100vw, 604px\" \/><\/p>\n<p style=\"text-align: justify;\">Si te interesa conseguir alguno de los disfraces y accesorios que te mencionamos o ver otras ideas, <strong>visita la tienda Hiper 100 <\/strong>en la calle Santo Domingo de Ourense.<\/p>\n<p>Muchas gracias a nuestros modelos:<\/p>\n<p>Gloria Arias (@gloria_scherbatsky)<\/p>\n<p>Jorge Rodr\u00edguez Fern\u00e1ndez<\/p>\n<strong>Texto de<\/strong><br\/><br\/><div style=\"width:100%;height:auto;\"><div style=\"float:left;margin:0px 10px 10px 0px;\"><img alt='' src='https:\/\/secure.gravatar.com\/avatar\/131f1bf6d42065a0c1d3ecc19f8c6e5a?s=111&amp;d=https%3A%2F%2Fsecure.gravatar.com%2Favatar%2Fad516503a11cd5ca435acc9bb6523536%3Fs%3D111&amp;r=G' class='avatar avatar-111 photo' height='111' width='111' \/><\/div><div style=\"padding-left:25%;\"><strong>Alba R Cougil<\/strong><br\/><br\/><a href=\"mailto:acougil@ourensecca.com\">Correo electr\u00f3nico<\/a><br\/><br\/><div class=\"author-description\"><div class=\"autor-enlaces\"><\/div><\/div><\/div><\/div><div class=\"clear\"><\/div>\n<strong>Fotograf\u00edas de<\/strong><br\/><br\/><div style=\"width:100%;height:auto;\"><div style=\"float:left;margin:0px 10px 10px 0px;\"><img loading=\"lazy\" decoding=\"async\" src=\"https:\/\/www.maistendencia.com\/blog\/wp-content\/authors\/Aida-20.jpg\" class=\"avatar photo\" alt=\"Aida Argibay\" width=\"111\" height=\"111\" \/><\/div><div style=\"padding-left:25%;\"><strong>Aida Argibay<\/strong><br\/><br\/><a href=\"mailto:\">Correo electr\u00f3nico<\/a><br\/><br\/><div class=\"author-description\"><div class=\"autor-enlaces\"><\/div><\/div><\/div><\/div><div class=\"clear\"><\/div>\n","protected":false},"excerpt":{"rendered":"<p>El pasado s\u00e1bado (20 de enero) el Entroido de Xinzo daba su \u201cpetardazo\u201d de salida, y en Centro Comercial Aberto no quer\u00edamos llegar tarde a la festividad con nuestras recomendaciones de disfraces para este a\u00f1o&#8230;.<br \/><a href=\"https:\/\/www.maistendencia.com\/blog\/disfrazate-y-disfruta-del-entroido-2018\/\"> Continuar leyendo&#8230;<\/a><\/p>\n","protected":false},"author":28,"featured_media":4635,"comment_status":"open","ping_status":"closed","sticky":false,"template":"","format":"standard","meta":{"footnotes":""},"categories":[5,11],"tags":[321,384,317,320],"class_list":["post-4634","post","type-post","status-publish","format-standard","has-post-thumbnail","hentry","category-celebra","category-looks","tag-accesorios","tag-carnaval","tag-complementos","tag-fiesta"],"aioseo_notices":[],"_links":{"self":[{"href":"https:\/\/www.maistendencia.com\/blog\/wp-json\/wp\/v2\/posts\/4634","targetHints":{"allow":["GET"]}}],"collection":[{"href":"https:\/\/www.maistendencia.com\/blog\/wp-json\/wp\/v2\/posts"}],"about":[{"href":"https:\/\/www.maistendencia.com\/blog\/wp-json\/wp\/v2\/types\/post"}],"author":[{"embeddable":true,"href":"https:\/\/www.maistendencia.com\/blog\/wp-json\/wp\/v2\/users\/28"}],"replies":[{"embeddable":true,"href":"https:\/\/www.maistendencia.com\/blog\/wp-json\/wp\/v2\/comments?post=4634"}],"version-history":[{"count":1,"href":"https:\/\/www.maistendencia.com\/blog\/wp-json\/wp\/v2\/posts\/4634\/revisions"}],"predecessor-version":[{"id":6689,"href":"https:\/\/www.maistendencia.com\/blog\/wp-json\/wp\/v2\/posts\/4634\/revisions\/6689"}],"wp:featuredmedia":[{"embeddable":true,"href":"https:\/\/www.maistendencia.com\/blog\/wp-json\/wp\/v2\/media\/4635"}],"wp:attachment":[{"href":"https:\/\/www.maistendencia.com\/blog\/wp-json\/wp\/v2\/media?parent=4634"}],"wp:term":[{"taxonomy":"category","embeddable":true,"href":"https:\/\/www.maistendencia.com\/blog\/wp-json\/wp\/v2\/categories?post=4634"},{"taxonomy":"post_tag","embeddable":true,"href":"https:\/\/www.maistendencia.com\/blog\/wp-json\/wp\/v2\/tags?post=4634"}],"curies":[{"name":"wp","href":"https:\/\/api.w.org\/{rel}","templated":true}]}}