{"id":4405,"date":"2017-12-29T21:51:36","date_gmt":"2017-12-29T19:51:36","guid":{"rendered":"http:\/\/www.maistendencia.com\/?p=4405"},"modified":"2022-02-07T14:15:12","modified_gmt":"2022-02-07T12:15:12","slug":"5-tendencias-para-dejar-sin-aliento-al-frio-este-fin-de-ano","status":"publish","type":"post","link":"https:\/\/www.maistendencia.com\/blog\/5-tendencias-para-dejar-sin-aliento-al-frio-este-fin-de-ano\/","title":{"rendered":"5 tendencias para dejar sin aliento al fr\u00edo este fin de a\u00f1o"},"content":{"rendered":"<p style=\"text-align: justify;\">Llega el momento de decir adi\u00f3s al 2017, y muchos aprovechan estas fechas para fijar sus prop\u00f3sitos para el a\u00f1o que viene o retomar aquellos que han ido aplazando durante los \u00faltimos meses. Para <strong>empezar el 2018 con buen pie<\/strong>, en Mais Tendencia os contamos cu\u00e1les son los \u00faltimos gritos para que deslumbr\u00e9is esta noche.<\/p>\n<h2 style=\"text-align: justify;\"><strong>1. Abrigos de pelo<\/strong><\/h2>\n<p style=\"text-align: justify;\">Lo suyo ser\u00eda empezar hablando del vestuario para entrar en materia, pero una de las cosas que m\u00e1s suele preocupar este d\u00eda, y por tanto una de las m\u00e1s importantes, es el fr\u00edo.<\/p>\n<p style=\"text-align: justify;\">Todos queremos despedir el a\u00f1o de una forma un poco especial, pero para ello <strong>muchas veces toca resignarse al \u201cpara presumir hay que sufrir\u201d<\/strong>. Este invierno, afortunadamente, una de las tendencias ganadoras est\u00e1 siendo el abrigo de pelo, as\u00ed que ya no hace falta pensar m\u00e1s en ese peque\u00f1o inconveniente.<\/p>\n<p style=\"text-align: justify;\">Adem\u00e1s, dentro de esta prenda <strong>las opciones son muy variadas<\/strong>. Pod\u00e9is encontrar abrigos de diferentes cortes y largos, con solapas o sin ellas e incluso de colores atrevidos como los azules o el amarillo canario. Aqu\u00ed os dejamos una opci\u00f3n muy vers\u00e1til de <a href=\"https:\/\/www.adolfodominguez.com\/es\/\" target=\"_blank\" rel=\"noopener noreferrer\">Adolfo Dom\u00ednguez<\/a>, en tono gris.<\/p>\n<p><img loading=\"lazy\" decoding=\"async\" class=\"alignnone wp-image-4439 size-full\" title=\"Abrigo de pelo de Adolfo Dom\u00ednguez\" src=\"http:\/\/www.maistendencia.com\/wp-content\/uploads\/2017\/12\/204907000181A3.jpg\" alt=\"\" width=\"640\" height=\"880\" srcset=\"https:\/\/www.maistendencia.com\/blog\/wp-content\/uploads\/2017\/12\/204907000181A3.jpg 640w, https:\/\/www.maistendencia.com\/blog\/wp-content\/uploads\/2017\/12\/204907000181A3-218x300.jpg 218w\" sizes=\"auto, (max-width: 640px) 100vw, 640px\" \/><\/p>\n<p><img loading=\"lazy\" decoding=\"async\" class=\"alignnone wp-image-4438 size-full\" title=\"Abrigo de pelo de Adolfo Dom\u00ednguez\" src=\"http:\/\/www.maistendencia.com\/wp-content\/uploads\/2017\/12\/204907000181A1.jpg\" alt=\"\" width=\"640\" height=\"880\" srcset=\"https:\/\/www.maistendencia.com\/blog\/wp-content\/uploads\/2017\/12\/204907000181A1.jpg 640w, https:\/\/www.maistendencia.com\/blog\/wp-content\/uploads\/2017\/12\/204907000181A1-218x300.jpg 218w\" sizes=\"auto, (max-width: 640px) 100vw, 640px\" \/><\/p>\n<h2 style=\"text-align: justify;\"><strong>2. El terciopelo<\/strong><\/h2>\n<p style=\"text-align: justify;\">Es m\u00e1s que evidente que el terciopelo ha vuelto desde los noventa esta temporada. En chaquetas, vestidos, pantalones, monos e incluso complementos: desde diademas hasta bolsos. Este tejido <strong>puede usarse tanto de d\u00eda como de noche<\/strong>, y tampoco pod\u00eda faltar en nuestra selecci\u00f3n de elementos clave para Nochevieja.<\/p>\n<p style=\"text-align: justify;\">Los colores por excelencia en este tipo de tela son el <strong>granate y el negro<\/strong>, pero tambi\u00e9n pod\u00e9is encontraros el terciopelo en prendas estampadas. Aqu\u00ed os dejamos con el ejemplo de una bombonera en terciopelo granate que nos ha parecido ideal para un d\u00eda especial como fin de a\u00f1o, tambi\u00e9n de<a href=\"https:\/\/www.adolfodominguez.com\/es\/\" target=\"_blank\" rel=\"noopener noreferrer\"> Adolfo Dom\u00ednguez<\/a>.<\/p>\n<p><img loading=\"lazy\" decoding=\"async\" class=\"alignnone wp-image-4440 size-full\" title=\"Bolso de terciopelo de Adolfo Dom\u00ednguez\" src=\"http:\/\/www.maistendencia.com\/wp-content\/uploads\/2017\/12\/212342074372A-e1514910099864.jpg\" alt=\"\" width=\"640\" height=\"521\" srcset=\"https:\/\/www.maistendencia.com\/blog\/wp-content\/uploads\/2017\/12\/212342074372A-e1514910099864.jpg 640w, https:\/\/www.maistendencia.com\/blog\/wp-content\/uploads\/2017\/12\/212342074372A-e1514910099864-300x244.jpg 300w\" sizes=\"auto, (max-width: 640px) 100vw, 640px\" \/> <img loading=\"lazy\" decoding=\"async\" class=\"alignnone wp-image-4441 size-full\" title=\"Bolso de terciopelo de Adolfo Dom\u00ednguez\" src=\"http:\/\/www.maistendencia.com\/wp-content\/uploads\/2017\/12\/212342074372A2.jpg\" alt=\"\" width=\"640\" height=\"880\" srcset=\"https:\/\/www.maistendencia.com\/blog\/wp-content\/uploads\/2017\/12\/212342074372A2.jpg 640w, https:\/\/www.maistendencia.com\/blog\/wp-content\/uploads\/2017\/12\/212342074372A2-218x300.jpg 218w\" sizes=\"auto, (max-width: 640px) 100vw, 640px\" \/><\/p>\n<h2 style=\"text-align: justify;\"><strong>3. Brilli- brilli: purpurina y lentejuelas<\/strong><\/h2>\n<p style=\"text-align: justify;\">Si algo te puede hacer brillar la noche de a\u00f1o nuevo son las prendas y complementos brillantes en todas sus variantes. Los <strong>dorados, platas, <em>rosegold<\/em> y metalizados<\/strong> en general, junto con los complementos de <em>glitter<\/em> o purpurina, son el alma de la fiesta esta noche.<\/p>\n<p style=\"text-align: justify;\">Las <strong>lentejuelas<\/strong> tambi\u00e9n vuelven para estas fechas, tanto en su versi\u00f3n cl\u00e1sica como en tama\u00f1o m\u00e1s grande de lo que estamos acostumbrados, y como siempre en todos los colores que os pod\u00e1is imaginar. Si sab\u00e9is c\u00f3mo combinar este tipo de elementos brilli brilli, <strong>en su justa medida<\/strong>, os dar\u00e1n un toque alegre y festivo a vuestro look.<\/p>\n<p><img loading=\"lazy\" decoding=\"async\" class=\"alignnone wp-image-4442 size-full\" title=\"Bolso de purpurina de Adolfo Dom\u00ednguez\" src=\"http:\/\/www.maistendencia.com\/wp-content\/uploads\/2017\/12\/212912005172A.jpg\" alt=\"\" width=\"640\" height=\"880\" srcset=\"https:\/\/www.maistendencia.com\/blog\/wp-content\/uploads\/2017\/12\/212912005172A.jpg 640w, https:\/\/www.maistendencia.com\/blog\/wp-content\/uploads\/2017\/12\/212912005172A-218x300.jpg 218w\" sizes=\"auto, (max-width: 640px) 100vw, 640px\" \/> <img loading=\"lazy\" decoding=\"async\" class=\"alignnone wp-image-4443 size-full\" title=\"Vestido de lentejuelas de Adolfo Dom\u00ednguez\" src=\"http:\/\/www.maistendencia.com\/wp-content\/uploads\/2017\/12\/894227222172A1.jpg\" alt=\"\" width=\"640\" height=\"880\" srcset=\"https:\/\/www.maistendencia.com\/blog\/wp-content\/uploads\/2017\/12\/894227222172A1.jpg 640w, https:\/\/www.maistendencia.com\/blog\/wp-content\/uploads\/2017\/12\/894227222172A1-218x300.jpg 218w\" sizes=\"auto, (max-width: 640px) 100vw, 640px\" \/><\/p>\n<p><img loading=\"lazy\" decoding=\"async\" class=\"alignnone wp-image-4444 size-full\" title=\"Vestido plateado de TrendTantra\" src=\"https:\/\/www.maistendencia.com\/blog\/wp-content\/uploads\/2017\/12\/2-e1514910275146.jpg\" alt=\"Vestido plateado de TrendTantra Ourense\" width=\"520\" height=\"404\" srcset=\"https:\/\/www.maistendencia.com\/blog\/wp-content\/uploads\/2017\/12\/2-e1514910275146.jpg 520w, https:\/\/www.maistendencia.com\/blog\/wp-content\/uploads\/2017\/12\/2-e1514910275146-300x233.jpg 300w\" sizes=\"auto, (max-width: 520px) 100vw, 520px\" \/> <img loading=\"lazy\" decoding=\"async\" class=\"alignnone wp-image-4445 size-full\" title=\"Vestido plateado de TrendTantra\" src=\"http:\/\/www.maistendencia.com\/wp-content\/uploads\/2017\/12\/3.jpg\" alt=\"\" width=\"531\" height=\"800\" srcset=\"https:\/\/www.maistendencia.com\/blog\/wp-content\/uploads\/2017\/12\/3.jpg 531w, https:\/\/www.maistendencia.com\/blog\/wp-content\/uploads\/2017\/12\/3-199x300.jpg 199w\" sizes=\"auto, (max-width: 531px) 100vw, 531px\" \/><\/p>\n<p><em>Bolso y vestido morado de lentejuelas: <a href=\"https:\/\/www.adolfodominguez.com\/es\/\" target=\"_blank\" rel=\"noopener noreferrer\">Adolfo Dom\u00ednguez<\/a>. Vestido plateado: <\/em><em>Trend<\/em><em>Tantra<\/em><\/p>\n<h2 style=\"text-align: justify;\"><strong>4. Transparencias<\/strong><\/h2>\n<p style=\"text-align: justify;\">Otra de las tendencias que est\u00e1n de nuevo en vigencia es la de las transparencias, que viene muy unida a la <strong>superposici\u00f3n de capas<\/strong>.<\/p>\n<p style=\"text-align: justify;\">Este estilo es muy interesante, sobre todo para el invierno, y consiste en combinar diferentes elementos textiles de varias alturas para darle <strong>movimiento y dinamismo<\/strong> a tu look.<\/p>\n<p style=\"text-align: justify;\">Es una t\u00e9cnica ideal para usar prendas transparentes, que te permiten a\u00f1adir capas a tu atuendo sin la necesidad de pasar calor o ir inc\u00f3modo. Un ejemplo del buen uso de las transparencias est\u00e1 en este vestido de TrendTantra.<\/p>\n<p><img loading=\"lazy\" decoding=\"async\" class=\"alignnone wp-image-4446 size-full\" title=\"Vestido transparencias de TrendTantra\" src=\"http:\/\/www.maistendencia.com\/wp-content\/uploads\/2017\/12\/1.jpg\" alt=\"\" width=\"528\" height=\"800\" srcset=\"https:\/\/www.maistendencia.com\/blog\/wp-content\/uploads\/2017\/12\/1.jpg 528w, https:\/\/www.maistendencia.com\/blog\/wp-content\/uploads\/2017\/12\/1-198x300.jpg 198w\" sizes=\"auto, (max-width: 528px) 100vw, 528px\" \/> <img loading=\"lazy\" decoding=\"async\" class=\"alignnone wp-image-4447 size-full\" title=\"Vestido transparencias de TrendTantra\" src=\"http:\/\/www.maistendencia.com\/wp-content\/uploads\/2017\/12\/4-1.jpg\" alt=\"\" width=\"529\" height=\"800\" srcset=\"https:\/\/www.maistendencia.com\/blog\/wp-content\/uploads\/2017\/12\/4-1.jpg 529w, https:\/\/www.maistendencia.com\/blog\/wp-content\/uploads\/2017\/12\/4-1-198x300.jpg 198w\" sizes=\"auto, (max-width: 529px) 100vw, 529px\" \/><\/p>\n<p><strong>5. Zapatos y botines de tac\u00f3n cuadrado<\/strong><\/p>\n<p style=\"text-align: justify;\">Ya sean altos, bajos, en botines o botas de ca\u00f1a alta, sin duda los tacones cuadrados est\u00e1n de moda este invierno. Empieza tu 2018 sobre unos y la suerte seguro que te acompa\u00f1ar\u00e1.<\/p>\n<p style=\"text-align: justify;\">Adem\u00e1s puedes combinar esta moda con otras de las que hemos mencionado anteriormente, como por ejemplo <strong>la purpurina<\/strong>, atrevi\u00e9ndote con unos zapatos como estos de <a href=\"http:\/\/catchalot.es\/es\/\">Catchalot<\/a>, de corte merceditas pero con su tac\u00f3n de <em>glitter<\/em>.<\/p>\n<p style=\"text-align: justify;\">Otra opci\u00f3n muy interesante y que est\u00e1 empezando a despegar es la de los zapatos de tac\u00f3n cuadrado con <strong>bordados<\/strong>. Dorados, de colorines&#8230; una opci\u00f3n que puede darle un aire muy interesante a un look monocromo. Los que te proponemos son tambi\u00e9n de <a href=\"http:\/\/catchalot.es\/es\/\">Catchalot<\/a>.<\/p>\n<p><img loading=\"lazy\" decoding=\"async\" class=\"alignnone wp-image-4448 size-full\" title=\"Zapatos tac\u00f3n cuadrado brillo de Cachalot\" src=\"http:\/\/www.maistendencia.com\/wp-content\/uploads\/2017\/12\/cachaldora-1.jpg\" alt=\"\" width=\"600\" height=\"400\" srcset=\"https:\/\/www.maistendencia.com\/blog\/wp-content\/uploads\/2017\/12\/cachaldora-1.jpg 600w, https:\/\/www.maistendencia.com\/blog\/wp-content\/uploads\/2017\/12\/cachaldora-1-300x200.jpg 300w, https:\/\/www.maistendencia.com\/blog\/wp-content\/uploads\/2017\/12\/cachaldora-1-400x266.jpg 400w, https:\/\/www.maistendencia.com\/blog\/wp-content\/uploads\/2017\/12\/cachaldora-1-50x33.jpg 50w\" sizes=\"auto, (max-width: 600px) 100vw, 600px\" \/> <img loading=\"lazy\" decoding=\"async\" class=\"alignnone wp-image-4449 size-full\" title=\"Zapatos con estampado de Cachalot\" src=\"http:\/\/www.maistendencia.com\/wp-content\/uploads\/2017\/12\/cachaldora.jpg\" alt=\"\" width=\"750\" height=\"500\" srcset=\"https:\/\/www.maistendencia.com\/blog\/wp-content\/uploads\/2017\/12\/cachaldora.jpg 750w, https:\/\/www.maistendencia.com\/blog\/wp-content\/uploads\/2017\/12\/cachaldora-300x200.jpg 300w, https:\/\/www.maistendencia.com\/blog\/wp-content\/uploads\/2017\/12\/cachaldora-400x266.jpg 400w, https:\/\/www.maistendencia.com\/blog\/wp-content\/uploads\/2017\/12\/cachaldora-50x33.jpg 50w\" sizes=\"auto, (max-width: 750px) 100vw, 750px\" \/><\/p>\n<strong>Texto de<\/strong><br\/><br\/><div style=\"width:100%;height:auto;\"><div style=\"float:left;margin:0px 10px 10px 0px;\"><img alt='' src='https:\/\/secure.gravatar.com\/avatar\/131f1bf6d42065a0c1d3ecc19f8c6e5a?s=111&amp;d=https%3A%2F%2Fsecure.gravatar.com%2Favatar%2Fad516503a11cd5ca435acc9bb6523536%3Fs%3D111&amp;r=G' class='avatar avatar-111 photo' height='111' width='111' \/><\/div><div style=\"padding-left:25%;\"><strong>Alba R Cougil<\/strong><br\/><br\/><a href=\"mailto:acougil@ourensecca.com\">Correo electr\u00f3nico<\/a><br\/><br\/><div class=\"author-description\"><div class=\"autor-enlaces\"><\/div><\/div><\/div><\/div><div class=\"clear\"><\/div>\n","protected":false},"excerpt":{"rendered":"<p>Llega el momento de decir adi\u00f3s al 2017, y muchos aprovechan estas fechas para fijar sus prop\u00f3sitos para el a\u00f1o que viene o retomar aquellos que han ido aplazando durante los \u00faltimos meses. Para empezar&#8230;<br \/><a href=\"https:\/\/www.maistendencia.com\/blog\/5-tendencias-para-dejar-sin-aliento-al-frio-este-fin-de-ano\/\"> Continuar leyendo&#8230;<\/a><\/p>\n","protected":false},"author":28,"featured_media":4444,"comment_status":"open","ping_status":"closed","sticky":false,"template":"","format":"standard","meta":{"footnotes":""},"categories":[5,3],"tags":[320,319,13,324,412],"class_list":["post-4405","post","type-post","status-publish","format-standard","has-post-thumbnail","hentry","category-celebra","category-moda","tag-fiesta","tag-nochevieja","tag-tendencias","tag-vestidos","tag-zapatos"],"aioseo_notices":[],"_links":{"self":[{"href":"https:\/\/www.maistendencia.com\/blog\/wp-json\/wp\/v2\/posts\/4405","targetHints":{"allow":["GET"]}}],"collection":[{"href":"https:\/\/www.maistendencia.com\/blog\/wp-json\/wp\/v2\/posts"}],"about":[{"href":"https:\/\/www.maistendencia.com\/blog\/wp-json\/wp\/v2\/types\/post"}],"author":[{"embeddable":true,"href":"https:\/\/www.maistendencia.com\/blog\/wp-json\/wp\/v2\/users\/28"}],"replies":[{"embeddable":true,"href":"https:\/\/www.maistendencia.com\/blog\/wp-json\/wp\/v2\/comments?post=4405"}],"version-history":[{"count":2,"href":"https:\/\/www.maistendencia.com\/blog\/wp-json\/wp\/v2\/posts\/4405\/revisions"}],"predecessor-version":[{"id":8987,"href":"https:\/\/www.maistendencia.com\/blog\/wp-json\/wp\/v2\/posts\/4405\/revisions\/8987"}],"wp:featuredmedia":[{"embeddable":true,"href":"https:\/\/www.maistendencia.com\/blog\/wp-json\/wp\/v2\/media\/4444"}],"wp:attachment":[{"href":"https:\/\/www.maistendencia.com\/blog\/wp-json\/wp\/v2\/media?parent=4405"}],"wp:term":[{"taxonomy":"category","embeddable":true,"href":"https:\/\/www.maistendencia.com\/blog\/wp-json\/wp\/v2\/categories?post=4405"},{"taxonomy":"post_tag","embeddable":true,"href":"https:\/\/www.maistendencia.com\/blog\/wp-json\/wp\/v2\/tags?post=4405"}],"curies":[{"name":"wp","href":"https:\/\/api.w.org\/{rel}","templated":true}]}}