{"id":4339,"date":"2017-05-19T10:30:20","date_gmt":"2017-05-19T08:30:20","guid":{"rendered":"http:\/\/www.maistendencia.com\/?p=4339"},"modified":"2019-09-16T14:18:20","modified_gmt":"2019-09-16T12:18:20","slug":"street-style-moda-y-tendencias-por-las-calles-de-ourense","status":"publish","type":"post","link":"https:\/\/www.maistendencia.com\/blog\/street-style-moda-y-tendencias-por-las-calles-de-ourense\/","title":{"rendered":"Street Style: Moda y tendencias por las calles de Ourense"},"content":{"rendered":"<p>Todos los d\u00edas salimos a la calle, a hacer recados, a pasear&#8230; y pasa desapercibida la <a href=\"https:\/\/www.maistendencia.com\/1-moda\">moda que nos rodea d\u00eda a d\u00eda<\/a>, por eso hemos salido a las calles de Ourense, y nos encontramos con gente realmente estilosa.<\/p>\n<p>Decidimos coger la c\u00e1mara, pasear las calles m\u00e1s c\u00e9ntricas en busca de diferentes estilos y tendencias.\u00a0Desde los look m\u00e1s rockeros y atrevidos hasta los m\u00e1s elegantes y tradicionales.<\/p>\n<p>Sabemos que con la primavera llega el calor, los colores, los vestidos, las sandalias&#8230;y juntando todo esto, podemos tener unos looks de esc\u00e1ndalo, para ello, os traemos a gente guapa que se ha dejado capturar, mostrando su estilo m\u00e1s personal y d\u00e1ndoos muchas ideas para esta primavera 2017.<\/p>\n<figure id=\"attachment_4342\" aria-describedby=\"caption-attachment-4342\" style=\"width: 604px\" class=\"wp-caption aligncenter\"><img loading=\"lazy\" decoding=\"async\" class=\"wp-image-4342 size-large\" src=\"http:\/\/www.maistendencia.com\/wp-content\/uploads\/2017\/05\/Mar\u00eda-1024x773.jpg\" alt=\"Mar\u00eda\" width=\"604\" height=\"456\" srcset=\"https:\/\/www.maistendencia.com\/blog\/wp-content\/uploads\/2017\/05\/Mar\u00eda-1024x773.jpg 1024w, https:\/\/www.maistendencia.com\/blog\/wp-content\/uploads\/2017\/05\/Mar\u00eda-300x227.jpg 300w, https:\/\/www.maistendencia.com\/blog\/wp-content\/uploads\/2017\/05\/Mar\u00eda.jpg 2000w\" sizes=\"auto, (max-width: 604px) 100vw, 604px\" \/><figcaption id=\"caption-attachment-4342\" class=\"wp-caption-text\"><strong>Mar\u00eda<\/strong>, nos ense\u00f1a un look c\u00f3modo y urbano, con colores b\u00e1sicos, sandalias de tachuelas y un toque de color con ese pa\u00f1uelo en tonos rojos.<\/figcaption><\/figure>\n<figure id=\"attachment_4343\" aria-describedby=\"caption-attachment-4343\" style=\"width: 604px\" class=\"wp-caption aligncenter\"><img loading=\"lazy\" decoding=\"async\" class=\"wp-image-4343 size-large\" src=\"http:\/\/www.maistendencia.com\/wp-content\/uploads\/2017\/05\/Miriam-1024x773.jpg\" alt=\"Miriam\" width=\"604\" height=\"456\" srcset=\"https:\/\/www.maistendencia.com\/blog\/wp-content\/uploads\/2017\/05\/Miriam-1024x773.jpg 1024w, https:\/\/www.maistendencia.com\/blog\/wp-content\/uploads\/2017\/05\/Miriam-300x227.jpg 300w, https:\/\/www.maistendencia.com\/blog\/wp-content\/uploads\/2017\/05\/Miriam.jpg 2000w\" sizes=\"auto, (max-width: 604px) 100vw, 604px\" \/><figcaption id=\"caption-attachment-4343\" class=\"wp-caption-text\"><strong>Miriam<\/strong>, luce un look de un b\u00e1sico esencial en nuestro armario, el negro, combinando un vestido de punto gris\u00e1ceo con una cazadora de cuero y de lo m\u00e1s c\u00f3modo con sus tenis.<\/figcaption><\/figure>\n<figure id=\"attachment_4344\" aria-describedby=\"caption-attachment-4344\" style=\"width: 604px\" class=\"wp-caption aligncenter\"><img loading=\"lazy\" decoding=\"async\" class=\"wp-image-4344 size-large\" src=\"http:\/\/www.maistendencia.com\/wp-content\/uploads\/2017\/05\/Paula-1024x773.jpg\" alt=\"Paula\" width=\"604\" height=\"456\" srcset=\"https:\/\/www.maistendencia.com\/blog\/wp-content\/uploads\/2017\/05\/Paula-1024x773.jpg 1024w, https:\/\/www.maistendencia.com\/blog\/wp-content\/uploads\/2017\/05\/Paula-300x227.jpg 300w, https:\/\/www.maistendencia.com\/blog\/wp-content\/uploads\/2017\/05\/Paula.jpg 2000w\" sizes=\"auto, (max-width: 604px) 100vw, 604px\" \/><figcaption id=\"caption-attachment-4344\" class=\"wp-caption-text\"><strong>Paula<\/strong>, de los m\u00e1s primaverales, con un mono color verde agua, con el que andar un d\u00eda de calor por la ciudad, hasta un finde semana llev\u00e1rtelo a la playa.<\/figcaption><\/figure>\n<figure id=\"attachment_4345\" aria-describedby=\"caption-attachment-4345\" style=\"width: 604px\" class=\"wp-caption aligncenter\"><img loading=\"lazy\" decoding=\"async\" class=\"wp-image-4345 size-large\" src=\"http:\/\/www.maistendencia.com\/wp-content\/uploads\/2017\/05\/Raquel-1024x773.jpg\" alt=\"Raquel\" width=\"604\" height=\"456\" srcset=\"https:\/\/www.maistendencia.com\/blog\/wp-content\/uploads\/2017\/05\/Raquel-1024x773.jpg 1024w, https:\/\/www.maistendencia.com\/blog\/wp-content\/uploads\/2017\/05\/Raquel-300x227.jpg 300w, https:\/\/www.maistendencia.com\/blog\/wp-content\/uploads\/2017\/05\/Raquel.jpg 2000w\" sizes=\"auto, (max-width: 604px) 100vw, 604px\" \/><figcaption id=\"caption-attachment-4345\" class=\"wp-caption-text\"><strong>Raquel<\/strong>, nos muestra un estilo muy personal, usando cl\u00e1sicos, como son los abrigos largos, conjunt\u00e1ndolo con una falda plisada de color lila.<\/figcaption><\/figure>\n<figure id=\"attachment_4346\" aria-describedby=\"caption-attachment-4346\" style=\"width: 604px\" class=\"wp-caption aligncenter\"><img loading=\"lazy\" decoding=\"async\" class=\"wp-image-4346 size-large\" src=\"http:\/\/www.maistendencia.com\/wp-content\/uploads\/2017\/05\/Isabel-1024x773.jpg\" alt=\"Isabel\" width=\"604\" height=\"456\" srcset=\"https:\/\/www.maistendencia.com\/blog\/wp-content\/uploads\/2017\/05\/Isabel-1024x773.jpg 1024w, https:\/\/www.maistendencia.com\/blog\/wp-content\/uploads\/2017\/05\/Isabel-300x227.jpg 300w, https:\/\/www.maistendencia.com\/blog\/wp-content\/uploads\/2017\/05\/Isabel.jpg 2000w\" sizes=\"auto, (max-width: 604px) 100vw, 604px\" \/><figcaption id=\"caption-attachment-4346\" class=\"wp-caption-text\"><strong>Isabel<\/strong>, con una tendencia como de nuestra familia, los vestidos lenceros, subexponiendolo con una camiseta b\u00e1sica, c\u00f3moda y elegante.<\/figcaption><\/figure>\n<figure id=\"attachment_4347\" aria-describedby=\"caption-attachment-4347\" style=\"width: 604px\" class=\"wp-caption aligncenter\"><img loading=\"lazy\" decoding=\"async\" class=\"wp-image-4347 size-large\" src=\"http:\/\/www.maistendencia.com\/wp-content\/uploads\/2017\/05\/Mar\u00eda-y-Ana-1024x773.jpg\" alt=\"Mar\u00eda y Ana\" width=\"604\" height=\"456\" srcset=\"https:\/\/www.maistendencia.com\/blog\/wp-content\/uploads\/2017\/05\/Mar\u00eda-y-Ana-1024x773.jpg 1024w, https:\/\/www.maistendencia.com\/blog\/wp-content\/uploads\/2017\/05\/Mar\u00eda-y-Ana-300x227.jpg 300w, https:\/\/www.maistendencia.com\/blog\/wp-content\/uploads\/2017\/05\/Mar\u00eda-y-Ana.jpg 2000w\" sizes=\"auto, (max-width: 604px) 100vw, 604px\" \/><figcaption id=\"caption-attachment-4347\" class=\"wp-caption-text\"><strong>Mar\u00eda y Ana<\/strong>, madre e hija, parece que apuntan por lo cl\u00e1sico. En el caso de Mar\u00eda unos jeans c\u00f3modos, que siempre los tenemos de fondo de armario y un kimono bien abrigosito con unos tenis a juego. Y en el caso de Ana, de nuevo, unos jeans, un zapato cl\u00e1sico acompa\u00f1ada de una cazadora de cuero, que nunca falla.<\/figcaption><\/figure>\n<figure id=\"attachment_4348\" aria-describedby=\"caption-attachment-4348\" style=\"width: 604px\" class=\"wp-caption aligncenter\"><img loading=\"lazy\" decoding=\"async\" class=\"wp-image-4348 size-large\" src=\"http:\/\/www.maistendencia.com\/wp-content\/uploads\/2017\/05\/Roberto-1024x773.jpg\" alt=\"Roberto\" width=\"604\" height=\"456\" srcset=\"https:\/\/www.maistendencia.com\/blog\/wp-content\/uploads\/2017\/05\/Roberto-1024x773.jpg 1024w, https:\/\/www.maistendencia.com\/blog\/wp-content\/uploads\/2017\/05\/Roberto-300x227.jpg 300w, https:\/\/www.maistendencia.com\/blog\/wp-content\/uploads\/2017\/05\/Roberto.jpg 2000w\" sizes=\"auto, (max-width: 604px) 100vw, 604px\" \/><figcaption id=\"caption-attachment-4348\" class=\"wp-caption-text\"><strong>Roberto<\/strong>, con su estilo marinero, combina as\u00ed una camiseta de rayas con un pantal\u00f3n de pinzas con el color de m\u00e1s tendencia a d\u00eda de hoy, el militar.<\/figcaption><\/figure>\n<figure id=\"attachment_4349\" aria-describedby=\"caption-attachment-4349\" style=\"width: 1000px\" class=\"wp-caption aligncenter\"><img loading=\"lazy\" decoding=\"async\" class=\"wp-image-4349 size-full\" src=\"http:\/\/www.maistendencia.com\/wp-content\/uploads\/2017\/05\/Beatriz-y-Coco.jpg\" alt=\"Beatriz y Coco\" width=\"1000\" height=\"755\" srcset=\"https:\/\/www.maistendencia.com\/blog\/wp-content\/uploads\/2017\/05\/Beatriz-y-Coco.jpg 1000w, https:\/\/www.maistendencia.com\/blog\/wp-content\/uploads\/2017\/05\/Beatriz-y-Coco-300x227.jpg 300w\" sizes=\"auto, (max-width: 1000px) 100vw, 1000px\" \/><figcaption id=\"caption-attachment-4349\" class=\"wp-caption-text\"><strong>Beatriz<\/strong>, acompa\u00f1ada de su perro<strong> Coco<\/strong>, siempre pasean con estilo. Ella con un total look negro a\u00f1adiendo un poco de color, con unas sandalias de tachuelas rojas y un bolso que nunca falta.<\/figcaption><\/figure>\n<figure id=\"attachment_4350\" aria-describedby=\"caption-attachment-4350\" style=\"width: 1000px\" class=\"wp-caption alignnone\"><img loading=\"lazy\" decoding=\"async\" class=\"wp-image-4350 size-full\" src=\"http:\/\/www.maistendencia.com\/wp-content\/uploads\/2017\/05\/Lorinda.jpg\" alt=\"Lorinda\" width=\"1000\" height=\"755\" srcset=\"https:\/\/www.maistendencia.com\/blog\/wp-content\/uploads\/2017\/05\/Lorinda.jpg 1000w, https:\/\/www.maistendencia.com\/blog\/wp-content\/uploads\/2017\/05\/Lorinda-300x227.jpg 300w\" sizes=\"auto, (max-width: 1000px) 100vw, 1000px\" \/><figcaption id=\"caption-attachment-4350\" class=\"wp-caption-text\"><strong>Lorinda<\/strong>, pasea por las calles con mucha alegr\u00eda, llevando un vestido gris acompa\u00f1ado de una camisa por dentro, y un bot\u00edn b\u00e1sico que siempre debemos tener.<\/figcaption><\/figure>\n<figure id=\"attachment_4352\" aria-describedby=\"caption-attachment-4352\" style=\"width: 1000px\" class=\"wp-caption aligncenter\"><img loading=\"lazy\" decoding=\"async\" class=\"wp-image-4352 size-full\" src=\"http:\/\/www.maistendencia.com\/wp-content\/uploads\/2017\/05\/Paula-2.jpg\" alt=\"Paula 2\" width=\"1000\" height=\"755\" srcset=\"https:\/\/www.maistendencia.com\/blog\/wp-content\/uploads\/2017\/05\/Paula-2.jpg 1000w, https:\/\/www.maistendencia.com\/blog\/wp-content\/uploads\/2017\/05\/Paula-2-300x227.jpg 300w\" sizes=\"auto, (max-width: 1000px) 100vw, 1000px\" \/><figcaption id=\"caption-attachment-4352\" class=\"wp-caption-text\"><strong>Paula<\/strong>, con su super estilismo rompedor y atrevido, jugando con las transparencias y subexposiciones de ropa, lleva un vestido lencero acompa\u00f1ado de una camiseta blanca b\u00e1sica con unos jeans negros, y no hablemos de esa cazadora negra, que le da el toque rockero. Y sobre todo, una de las tendencias m\u00e1s vistas en festivales, las coronas de flores como complemento.<\/figcaption><\/figure>\n<figure id=\"attachment_4353\" aria-describedby=\"caption-attachment-4353\" style=\"width: 1000px\" class=\"wp-caption aligncenter\"><img loading=\"lazy\" decoding=\"async\" class=\"wp-image-4353 size-full\" src=\"http:\/\/www.maistendencia.com\/wp-content\/uploads\/2017\/05\/Vera.jpg\" alt=\"Vera\" width=\"1000\" height=\"755\" srcset=\"https:\/\/www.maistendencia.com\/blog\/wp-content\/uploads\/2017\/05\/Vera.jpg 1000w, https:\/\/www.maistendencia.com\/blog\/wp-content\/uploads\/2017\/05\/Vera-300x227.jpg 300w\" sizes=\"auto, (max-width: 1000px) 100vw, 1000px\" \/><figcaption id=\"caption-attachment-4353\" class=\"wp-caption-text\"><strong>Vera<\/strong>, con el black and white por delante, una falda de tubo blanca, acompa\u00f1ada de una camiseta negra b\u00e1sica, y unos tenis para ir ideal a una tarde con tus amigas.<\/figcaption><\/figure>\n<figure id=\"attachment_4341\" aria-describedby=\"caption-attachment-4341\" style=\"width: 2000px\" class=\"wp-caption aligncenter\"><img loading=\"lazy\" decoding=\"async\" class=\"wp-image-4341 size-full\" src=\"http:\/\/www.maistendencia.com\/wp-content\/uploads\/2017\/05\/Elena.jpg\" alt=\"Elena\" width=\"2000\" height=\"1510\" srcset=\"https:\/\/www.maistendencia.com\/blog\/wp-content\/uploads\/2017\/05\/Elena.jpg 2000w, https:\/\/www.maistendencia.com\/blog\/wp-content\/uploads\/2017\/05\/Elena-300x227.jpg 300w, https:\/\/www.maistendencia.com\/blog\/wp-content\/uploads\/2017\/05\/Elena-1024x773.jpg 1024w\" sizes=\"auto, (max-width: 2000px) 100vw, 2000px\" \/><figcaption id=\"caption-attachment-4341\" class=\"wp-caption-text\"><strong>Elena<\/strong>, con un poco de bohemio en su estilismo, viste unos jeans algo rotos, una camiseta de volantes con un estampado \u00e9tnico y unas alpargatas ideales para el verano.<\/figcaption><\/figure>\n<figure id=\"attachment_4340\" aria-describedby=\"caption-attachment-4340\" style=\"width: 2000px\" class=\"wp-caption aligncenter\"><img loading=\"lazy\" decoding=\"async\" class=\"wp-image-4340 size-full\" src=\"http:\/\/www.maistendencia.com\/wp-content\/uploads\/2017\/05\/Andrea.jpg\" alt=\"Andrea\" width=\"2000\" height=\"1510\" srcset=\"https:\/\/www.maistendencia.com\/blog\/wp-content\/uploads\/2017\/05\/Andrea.jpg 2000w, https:\/\/www.maistendencia.com\/blog\/wp-content\/uploads\/2017\/05\/Andrea-300x227.jpg 300w, https:\/\/www.maistendencia.com\/blog\/wp-content\/uploads\/2017\/05\/Andrea-1024x773.jpg 1024w\" sizes=\"auto, (max-width: 2000px) 100vw, 2000px\" \/><figcaption id=\"caption-attachment-4340\" class=\"wp-caption-text\"><strong>Andrea<\/strong>, apunta por los colores nude, este precioso abrigo, combinado con unos jeans, una camiseta con letras y unos tenis a juego, son el look perfecto y c\u00f3modo para salir cualquier d\u00eda de buen tiempo.<\/figcaption><\/figure>\n<strong>Fotograf\u00edas de<\/strong><br\/><br\/><div style=\"width:100%;height:auto;\"><div style=\"float:left;margin:0px 10px 10px 0px;\"><img loading=\"lazy\" decoding=\"async\" src=\"https:\/\/www.maistendencia.com\/blog\/wp-content\/authors\/Sara-14.jpg\" class=\"avatar photo\" alt=\"Sara Gonz\u00e1lez\" width=\"111\" height=\"111\" \/><\/div><div style=\"padding-left:25%;\"><strong>Sara Gonz\u00e1lez<\/strong><br\/><br\/><a href=\"mailto:sara.xinzo@gmail.com\">Correo electr\u00f3nico<\/a><br\/><br\/><div class=\"author-description\"><div class=\"autor-enlaces\"><a class=\"link-ins\" href=\"https:\/\/www.instagram.com\/saaraagf\/\" target=\"_blank\">https:\/\/www.instagram.com\/saaraagf\/<\/a><\/div><\/div><\/div><\/div><div class=\"clear\"><\/div>\n<strong><\/strong><br\/><br\/><div style=\"width:100%;height:auto;\"><div style=\"float:left;margin:0px 10px 10px 0px;\"><img loading=\"lazy\" decoding=\"async\" src=\"https:\/\/www.maistendencia.com\/blog\/wp-content\/authors\/teolindavences-17.jpg\" class=\"avatar photo\" alt=\"Teolinda Vences\" width=\"111\" height=\"111\" \/><\/div><div style=\"padding-left:25%;\"><strong>Teolinda Vences<\/strong><br\/><br\/><a href=\"mailto:teolinda_vences@hotmail.com\">Correo electr\u00f3nico<\/a><br\/><br\/><div class=\"author-description\"><div class=\"autor-enlaces\"><a class=\"link-web\" style=\"margin-bottom:10px;margin-right:10px\" href=\"https:\/\/teolindavences.wordpress.com\/\"  target=\"_blank\">https:\/\/teolindavences.wordpress.com\/<\/a><a class=\"link-ins\" href=\"https:\/\/www.instagram.com\/teolinda_vences_23\/\" target=\"_blank\">https:\/\/www.instagram.com\/teolinda_vences_23\/<\/a><\/div><\/div><\/div><\/div><div class=\"clear\"><\/div>\n","protected":false},"excerpt":{"rendered":"<p>Todos los d\u00edas salimos a la calle, a hacer recados, a pasear&#8230; y pasa desapercibida la moda que nos rodea d\u00eda a d\u00eda, por eso hemos salido a las calles de Ourense, y nos encontramos&#8230;<br \/><a href=\"https:\/\/www.maistendencia.com\/blog\/street-style-moda-y-tendencias-por-las-calles-de-ourense\/\"> Continuar leyendo&#8230;<\/a><\/p>\n","protected":false},"author":24,"featured_media":4354,"comment_status":"open","ping_status":"closed","sticky":false,"template":"","format":"standard","meta":{"footnotes":""},"categories":[8,11,3],"tags":[186,62,63,184],"class_list":["post-4339","post","type-post","status-publish","format-standard","has-post-thumbnail","hentry","category-con-estilo","category-looks","category-moda","tag-maistendencia","tag-moda","tag-ourense","tag-street-style"],"aioseo_notices":[],"_links":{"self":[{"href":"https:\/\/www.maistendencia.com\/blog\/wp-json\/wp\/v2\/posts\/4339","targetHints":{"allow":["GET"]}}],"collection":[{"href":"https:\/\/www.maistendencia.com\/blog\/wp-json\/wp\/v2\/posts"}],"about":[{"href":"https:\/\/www.maistendencia.com\/blog\/wp-json\/wp\/v2\/types\/post"}],"author":[{"embeddable":true,"href":"https:\/\/www.maistendencia.com\/blog\/wp-json\/wp\/v2\/users\/24"}],"replies":[{"embeddable":true,"href":"https:\/\/www.maistendencia.com\/blog\/wp-json\/wp\/v2\/comments?post=4339"}],"version-history":[{"count":1,"href":"https:\/\/www.maistendencia.com\/blog\/wp-json\/wp\/v2\/posts\/4339\/revisions"}],"predecessor-version":[{"id":7199,"href":"https:\/\/www.maistendencia.com\/blog\/wp-json\/wp\/v2\/posts\/4339\/revisions\/7199"}],"wp:featuredmedia":[{"embeddable":true,"href":"https:\/\/www.maistendencia.com\/blog\/wp-json\/wp\/v2\/media\/4354"}],"wp:attachment":[{"href":"https:\/\/www.maistendencia.com\/blog\/wp-json\/wp\/v2\/media?parent=4339"}],"wp:term":[{"taxonomy":"category","embeddable":true,"href":"https:\/\/www.maistendencia.com\/blog\/wp-json\/wp\/v2\/categories?post=4339"},{"taxonomy":"post_tag","embeddable":true,"href":"https:\/\/www.maistendencia.com\/blog\/wp-json\/wp\/v2\/tags?post=4339"}],"curies":[{"name":"wp","href":"https:\/\/api.w.org\/{rel}","templated":true}]}}