{"id":4112,"date":"2017-04-25T10:49:56","date_gmt":"2017-04-25T08:49:56","guid":{"rendered":"http:\/\/www.maistendencia.com\/?p=4112"},"modified":"2019-08-16T09:07:22","modified_gmt":"2019-08-16T07:07:22","slug":"ideas-para-regalar-el-dia-de-la-madre-i-complementos","status":"publish","type":"post","link":"https:\/\/www.maistendencia.com\/blog\/ideas-para-regalar-el-dia-de-la-madre-i-complementos\/","title":{"rendered":"Ideas para regalar el D\u00eda de la Madre I: Complementos"},"content":{"rendered":"<p>Se acerca el <strong>D\u00eda de la Madre<\/strong> y en MaisTendencia queremos ayudarte a que encuentres el detalle perfecto para ella. Al fin y al cabo, se lo merece todo.<\/p>\n<p>Durante estos d\u00edas vamos a ir tray\u00e9ndote sugerencias para que te inspires y le des la mejor de las sorpresas.<\/p>\n<p>Hoy, para las mam\u00e1s m\u00e1s fashion, una selecci\u00f3n de complementos de la mano de <strong><a href=\"http:\/\/www.ourensecentro.com\/asociados-ourense-centro\/335\/anna\">Anna<\/a>, <a href=\"http:\/\/www.ourensecentro.com\/asociados-ourense-centro\/318\/b-de-bolso\">B de Bolso<\/a>, Chocolate, <a href=\"https:\/\/www.maistendencia.com\/blog\/clothesandco\/\">Clothes &amp; CO.<\/a>, El Sue\u00f1o de Lu,<a href=\"https:\/\/www.maistendencia.com\/blog\/moda-curvy-ourense\/\"> Komodamoda<\/a>, <a href=\"http:\/\/www.ourensecentro.com\/asociados-ourense-centro\/236\/merceria-musko\">Mercer\u00eda Musko<\/a>, Rosa de la Iglesia, <a href=\"http:\/\/www.ourensecentro.com\/asociados-ourense-centro\/271\/pilar-tilve\">Pilar Tilve,<\/a> <a href=\"https:\/\/www.maistendencia.com\/blog\/serie-b-moda-con-personalidad\/\">Serie B<\/a>, <a href=\"https:\/\/www.maistendencia.com\/blog\/trend-tantra-tres-anos-de-moda-exclusiva\/\">Trendtantra,<\/a><\/strong><\/p>\n<div class='texto-galeria'>Ver Galer\u00eda de Im\u00e1genes\n<div data-carousel-extra='{\"blog_id\":1,\"permalink\":\"https:\\\/\\\/www.maistendencia.com\\\/blog\\\/ideas-para-regalar-el-dia-de-la-madre-i-complementos\\\/\",\"likes_blog_id\":false}' id='gallery-1' class='gallery galleryid-4112 gallery-columns-1 gallery-size-medium'><figure class='gallery-item'>\n\t\t\t<div class='gallery-icon portrait'>\n\t\t\t\t<a href='https:\/\/www.maistendencia.com\/blog\/ideas-para-regalar-el-dia-de-la-madre-i-complementos\/_dsc6397-9-editar-copia-7\/'><img loading=\"lazy\" decoding=\"async\" width=\"232\" height=\"300\" src=\"https:\/\/www.maistendencia.com\/blog\/wp-content\/uploads\/2017\/04\/DSC6397-9-Editar-copia-7-232x300.jpg\" class=\"attachment-medium size-medium\" alt=\"Pa\u00f1uelo y bolso - Regalos d\u00eda de la madre\" srcset=\"https:\/\/www.maistendencia.com\/blog\/wp-content\/uploads\/2017\/04\/DSC6397-9-Editar-copia-7-232x300.jpg 232w, https:\/\/www.maistendencia.com\/blog\/wp-content\/uploads\/2017\/04\/DSC6397-9-Editar-copia-7-791x1024.jpg 791w, https:\/\/www.maistendencia.com\/blog\/wp-content\/uploads\/2017\/04\/DSC6397-9-Editar-copia-7.jpg 1236w\" sizes=\"auto, (max-width: 232px) 100vw, 232px\" data-attachment-id=\"4119\" data-orig-file=\"https:\/\/www.maistendencia.com\/blog\/wp-content\/uploads\/2017\/04\/DSC6397-9-Editar-copia-7.jpg\" data-orig-size=\"1236,1600\" data-comments-opened=\"1\" data-image-meta=\"{&quot;aperture&quot;:&quot;6.3&quot;,&quot;credit&quot;:&quot;Alex Carausan&quot;,&quot;camera&quot;:&quot;NIKON D7000&quot;,&quot;caption&quot;:&quot;&quot;,&quot;created_timestamp&quot;:&quot;1492683480&quot;,&quot;copyright&quot;:&quot;copyright 2016 Alex Carausan&quot;,&quot;focal_length&quot;:&quot;80&quot;,&quot;iso&quot;:&quot;100&quot;,&quot;shutter_speed&quot;:&quot;0.004&quot;,&quot;title&quot;:&quot;&quot;,&quot;orientation&quot;:&quot;0&quot;,&quot;keywords&quot;:&quot;Array&quot;}\" data-image-title=\"Pa\u00f1uelo y bolso de Chocolate\" data-image-description=\"&lt;p&gt;Este bolso tipo sobre en tono nude es una opci\u00f3n mas que elegante para esta primavera. Comb\u00ednalo con el pa\u00f1uelo en tonos pastel y tendr\u00e1s el regalo ideal.&lt;\/p&gt;\n\" data-medium-file=\"https:\/\/www.maistendencia.com\/blog\/wp-content\/uploads\/2017\/04\/DSC6397-9-Editar-copia-7-232x300.jpg\" data-large-file=\"https:\/\/www.maistendencia.com\/blog\/wp-content\/uploads\/2017\/04\/DSC6397-9-Editar-copia-7-791x1024.jpg\" \/><\/a>\n\t\t\t<\/div><\/figure><figure class='gallery-item'>\n\t\t\t<div class='gallery-icon portrait'>\n\t\t\t\t<a href='https:\/\/www.maistendencia.com\/blog\/ideas-para-regalar-el-dia-de-la-madre-i-complementos\/_dsc6421\/'><img loading=\"lazy\" decoding=\"async\" width=\"232\" height=\"300\" src=\"https:\/\/www.maistendencia.com\/blog\/wp-content\/uploads\/2017\/04\/DSC6421-232x300.jpg\" class=\"attachment-medium size-medium\" alt=\"Cintur\u00f3n y cartera - Regalos d\u00eda de la madre\" srcset=\"https:\/\/www.maistendencia.com\/blog\/wp-content\/uploads\/2017\/04\/DSC6421-232x300.jpg 232w, https:\/\/www.maistendencia.com\/blog\/wp-content\/uploads\/2017\/04\/DSC6421-792x1024.jpg 792w, https:\/\/www.maistendencia.com\/blog\/wp-content\/uploads\/2017\/04\/DSC6421.jpg 1237w\" sizes=\"auto, (max-width: 232px) 100vw, 232px\" data-attachment-id=\"4122\" data-orig-file=\"https:\/\/www.maistendencia.com\/blog\/wp-content\/uploads\/2017\/04\/DSC6421.jpg\" data-orig-size=\"1237,1600\" data-comments-opened=\"1\" data-image-meta=\"{&quot;aperture&quot;:&quot;6.3&quot;,&quot;credit&quot;:&quot;Alex Carausan&quot;,&quot;camera&quot;:&quot;NIKON D7000&quot;,&quot;caption&quot;:&quot;&quot;,&quot;created_timestamp&quot;:&quot;1492693655&quot;,&quot;copyright&quot;:&quot;copyright 2016 Alex Carausan&quot;,&quot;focal_length&quot;:&quot;120&quot;,&quot;iso&quot;:&quot;100&quot;,&quot;shutter_speed&quot;:&quot;0.004&quot;,&quot;title&quot;:&quot;&quot;,&quot;orientation&quot;:&quot;1&quot;,&quot;keywords&quot;:&quot;Array&quot;}\" data-image-title=\"Clutch y cintur\u00f3n de Serie B\" data-image-description=\"&lt;p&gt;Este clutch en tonos tierra conjunta perfectamente con el cintur\u00f3n con troquelados y detalles de inspiraci\u00f3n azteca.&lt;\/p&gt;\n\" data-medium-file=\"https:\/\/www.maistendencia.com\/blog\/wp-content\/uploads\/2017\/04\/DSC6421-232x300.jpg\" data-large-file=\"https:\/\/www.maistendencia.com\/blog\/wp-content\/uploads\/2017\/04\/DSC6421-792x1024.jpg\" \/><\/a>\n\t\t\t<\/div><\/figure><figure class='gallery-item'>\n\t\t\t<div class='gallery-icon landscape'>\n\t\t\t\t<a href='https:\/\/www.maistendencia.com\/blog\/ideas-para-regalar-el-dia-de-la-madre-i-complementos\/calcetines-1\/'><img loading=\"lazy\" decoding=\"async\" width=\"300\" height=\"227\" src=\"https:\/\/www.maistendencia.com\/blog\/wp-content\/uploads\/2017\/04\/calcetines-1-300x227.jpg\" class=\"attachment-medium size-medium\" alt=\"Calcetines - Regalos d\u00eda de la madre\" srcset=\"https:\/\/www.maistendencia.com\/blog\/wp-content\/uploads\/2017\/04\/calcetines-1-300x227.jpg 300w, https:\/\/www.maistendencia.com\/blog\/wp-content\/uploads\/2017\/04\/calcetines-1-1024x773.jpg 1024w, https:\/\/www.maistendencia.com\/blog\/wp-content\/uploads\/2017\/04\/calcetines-1.jpg 1600w\" sizes=\"auto, (max-width: 300px) 100vw, 300px\" data-attachment-id=\"4123\" data-orig-file=\"https:\/\/www.maistendencia.com\/blog\/wp-content\/uploads\/2017\/04\/calcetines-1.jpg\" data-orig-size=\"1600,1208\" data-comments-opened=\"1\" data-image-meta=\"{&quot;aperture&quot;:&quot;6.3&quot;,&quot;credit&quot;:&quot;Alex Carausan&quot;,&quot;camera&quot;:&quot;NIKON D7000&quot;,&quot;caption&quot;:&quot;&quot;,&quot;created_timestamp&quot;:&quot;1492451716&quot;,&quot;copyright&quot;:&quot;copyright 2016 Alex Carausan&quot;,&quot;focal_length&quot;:&quot;200&quot;,&quot;iso&quot;:&quot;100&quot;,&quot;shutter_speed&quot;:&quot;0.004&quot;,&quot;title&quot;:&quot;&quot;,&quot;orientation&quot;:&quot;0&quot;,&quot;keywords&quot;:&quot;Array&quot;}\" data-image-title=\"Calcetines d\u00eda de la madre &#8211; Trendtantra\" data-image-description=\"&lt;p&gt;D\u00edselo con calcetines. Un detalle simp\u00e1tico a la vez que \u00fatil&lt;\/p&gt;\n\" data-medium-file=\"https:\/\/www.maistendencia.com\/blog\/wp-content\/uploads\/2017\/04\/calcetines-1-300x227.jpg\" data-large-file=\"https:\/\/www.maistendencia.com\/blog\/wp-content\/uploads\/2017\/04\/calcetines-1-1024x773.jpg\" \/><\/a>\n\t\t\t<\/div><\/figure><figure class='gallery-item'>\n\t\t\t<div class='gallery-icon portrait'>\n\t\t\t\t<a href='https:\/\/www.maistendencia.com\/blog\/ideas-para-regalar-el-dia-de-la-madre-i-complementos\/_dsc6344-6-editar-copia-4\/'><img loading=\"lazy\" decoding=\"async\" width=\"232\" height=\"300\" src=\"https:\/\/www.maistendencia.com\/blog\/wp-content\/uploads\/2017\/04\/DSC6344-6-Editar-copia-4-232x300.jpg\" class=\"attachment-medium size-medium\" alt=\"Bolsos - Regalos d\u00eda de la madre\" srcset=\"https:\/\/www.maistendencia.com\/blog\/wp-content\/uploads\/2017\/04\/DSC6344-6-Editar-copia-4-232x300.jpg 232w, https:\/\/www.maistendencia.com\/blog\/wp-content\/uploads\/2017\/04\/DSC6344-6-Editar-copia-4-792x1024.jpg 792w, https:\/\/www.maistendencia.com\/blog\/wp-content\/uploads\/2017\/04\/DSC6344-6-Editar-copia-4.jpg 1237w\" sizes=\"auto, (max-width: 232px) 100vw, 232px\" data-attachment-id=\"4116\" data-orig-file=\"https:\/\/www.maistendencia.com\/blog\/wp-content\/uploads\/2017\/04\/DSC6344-6-Editar-copia-4.jpg\" data-orig-size=\"1237,1600\" data-comments-opened=\"1\" data-image-meta=\"{&quot;aperture&quot;:&quot;6.3&quot;,&quot;credit&quot;:&quot;Alex Carausan&quot;,&quot;camera&quot;:&quot;NIKON D7000&quot;,&quot;caption&quot;:&quot;&quot;,&quot;created_timestamp&quot;:&quot;1492681532&quot;,&quot;copyright&quot;:&quot;copyright 2016 Alex Carausan&quot;,&quot;focal_length&quot;:&quot;80&quot;,&quot;iso&quot;:&quot;100&quot;,&quot;shutter_speed&quot;:&quot;0.004&quot;,&quot;title&quot;:&quot;&quot;,&quot;orientation&quot;:&quot;0&quot;,&quot;keywords&quot;:&quot;Array&quot;}\" data-image-title=\"Bolso de El Sue\u00f1o de L\u00fa\" data-image-description=\"&lt;p&gt;Para las mamis m\u00e1s elegantes, un bolso ideal para cualquier ocasi\u00f3n, en uno de los colores de la temporada&lt;\/p&gt;\n\" data-medium-file=\"https:\/\/www.maistendencia.com\/blog\/wp-content\/uploads\/2017\/04\/DSC6344-6-Editar-copia-4-232x300.jpg\" data-large-file=\"https:\/\/www.maistendencia.com\/blog\/wp-content\/uploads\/2017\/04\/DSC6344-6-Editar-copia-4-792x1024.jpg\" \/><\/a>\n\t\t\t<\/div><\/figure><figure class='gallery-item'>\n\t\t\t<div class='gallery-icon portrait'>\n\t\t\t\t<a href='https:\/\/www.maistendencia.com\/blog\/ideas-para-regalar-el-dia-de-la-madre-i-complementos\/_dsc6378-8-editar-copia-6\/'><img loading=\"lazy\" decoding=\"async\" width=\"232\" height=\"300\" src=\"https:\/\/www.maistendencia.com\/blog\/wp-content\/uploads\/2017\/04\/DSC6378-8-Editar-copia-6-232x300.jpg\" class=\"attachment-medium size-medium\" alt=\"Pa\u00f1uelos - Regalos d\u00eda de la madre\" srcset=\"https:\/\/www.maistendencia.com\/blog\/wp-content\/uploads\/2017\/04\/DSC6378-8-Editar-copia-6-232x300.jpg 232w, https:\/\/www.maistendencia.com\/blog\/wp-content\/uploads\/2017\/04\/DSC6378-8-Editar-copia-6-791x1024.jpg 791w, https:\/\/www.maistendencia.com\/blog\/wp-content\/uploads\/2017\/04\/DSC6378-8-Editar-copia-6.jpg 1236w\" sizes=\"auto, (max-width: 232px) 100vw, 232px\" data-attachment-id=\"4118\" data-orig-file=\"https:\/\/www.maistendencia.com\/blog\/wp-content\/uploads\/2017\/04\/DSC6378-8-Editar-copia-6.jpg\" data-orig-size=\"1236,1600\" data-comments-opened=\"1\" data-image-meta=\"{&quot;aperture&quot;:&quot;6.3&quot;,&quot;credit&quot;:&quot;Alex Carausan&quot;,&quot;camera&quot;:&quot;NIKON D7000&quot;,&quot;caption&quot;:&quot;&quot;,&quot;created_timestamp&quot;:&quot;1492682819&quot;,&quot;copyright&quot;:&quot;copyright 2016 Alex Carausan&quot;,&quot;focal_length&quot;:&quot;130&quot;,&quot;iso&quot;:&quot;100&quot;,&quot;shutter_speed&quot;:&quot;0.004&quot;,&quot;title&quot;:&quot;&quot;,&quot;orientation&quot;:&quot;0&quot;,&quot;keywords&quot;:&quot;Array&quot;}\" data-image-title=\"Pa\u00f1uelo de Komodamoda\" data-image-description=\"&lt;p&gt;El toque perfecto para cualquier conjunto es un buen pa\u00f1uelo. Este estampado primaveral le encantar\u00e1&lt;\/p&gt;\n\" data-medium-file=\"https:\/\/www.maistendencia.com\/blog\/wp-content\/uploads\/2017\/04\/DSC6378-8-Editar-copia-6-232x300.jpg\" data-large-file=\"https:\/\/www.maistendencia.com\/blog\/wp-content\/uploads\/2017\/04\/DSC6378-8-Editar-copia-6-791x1024.jpg\" \/><\/a>\n\t\t\t<\/div><\/figure><figure class='gallery-item'>\n\t\t\t<div class='gallery-icon portrait'>\n\t\t\t\t<a href='https:\/\/www.maistendencia.com\/blog\/ideas-para-regalar-el-dia-de-la-madre-i-complementos\/_dsc6371-7-editar-copia-5\/'><img loading=\"lazy\" decoding=\"async\" width=\"232\" height=\"300\" src=\"https:\/\/www.maistendencia.com\/blog\/wp-content\/uploads\/2017\/04\/DSC6371-7-Editar-copia-5-232x300.jpg\" class=\"attachment-medium size-medium\" alt=\"Cajita de costura - Regalos d\u00eda de la madre\" srcset=\"https:\/\/www.maistendencia.com\/blog\/wp-content\/uploads\/2017\/04\/DSC6371-7-Editar-copia-5-232x300.jpg 232w, https:\/\/www.maistendencia.com\/blog\/wp-content\/uploads\/2017\/04\/DSC6371-7-Editar-copia-5-791x1024.jpg 791w, https:\/\/www.maistendencia.com\/blog\/wp-content\/uploads\/2017\/04\/DSC6371-7-Editar-copia-5.jpg 1236w\" sizes=\"auto, (max-width: 232px) 100vw, 232px\" data-attachment-id=\"4117\" data-orig-file=\"https:\/\/www.maistendencia.com\/blog\/wp-content\/uploads\/2017\/04\/DSC6371-7-Editar-copia-5.jpg\" data-orig-size=\"1236,1600\" data-comments-opened=\"1\" data-image-meta=\"{&quot;aperture&quot;:&quot;6.3&quot;,&quot;credit&quot;:&quot;Alex Carausan&quot;,&quot;camera&quot;:&quot;NIKON D7000&quot;,&quot;caption&quot;:&quot;&quot;,&quot;created_timestamp&quot;:&quot;1492682410&quot;,&quot;copyright&quot;:&quot;copyright 2016 Alex Carausan&quot;,&quot;focal_length&quot;:&quot;85&quot;,&quot;iso&quot;:&quot;100&quot;,&quot;shutter_speed&quot;:&quot;0.004&quot;,&quot;title&quot;:&quot;&quot;,&quot;orientation&quot;:&quot;0&quot;,&quot;keywords&quot;:&quot;Array&quot;}\" data-image-title=\"Cajita de costura de Mercer\u00eda Musko\" data-image-description=\"&lt;p&gt;Esta cajita de costura tiene un estampado divertido y compartimentos para todo el material de labores&lt;\/p&gt;\n\" data-medium-file=\"https:\/\/www.maistendencia.com\/blog\/wp-content\/uploads\/2017\/04\/DSC6371-7-Editar-copia-5-232x300.jpg\" data-large-file=\"https:\/\/www.maistendencia.com\/blog\/wp-content\/uploads\/2017\/04\/DSC6371-7-Editar-copia-5-791x1024.jpg\" \/><\/a>\n\t\t\t<\/div><\/figure><figure class='gallery-item'>\n\t\t\t<div class='gallery-icon portrait'>\n\t\t\t\t<a href='https:\/\/www.maistendencia.com\/blog\/ideas-para-regalar-el-dia-de-la-madre-i-complementos\/_dsc6400-10-editar-copia-8\/'><img loading=\"lazy\" decoding=\"async\" width=\"232\" height=\"300\" src=\"https:\/\/www.maistendencia.com\/blog\/wp-content\/uploads\/2017\/04\/DSC6400-10-Editar-copia-8-232x300.jpg\" class=\"attachment-medium size-medium\" alt=\"Cintur\u00f3n y cartera - Regalos d\u00eda de la madre\" srcset=\"https:\/\/www.maistendencia.com\/blog\/wp-content\/uploads\/2017\/04\/DSC6400-10-Editar-copia-8-232x300.jpg 232w, https:\/\/www.maistendencia.com\/blog\/wp-content\/uploads\/2017\/04\/DSC6400-10-Editar-copia-8-791x1024.jpg 791w, https:\/\/www.maistendencia.com\/blog\/wp-content\/uploads\/2017\/04\/DSC6400-10-Editar-copia-8.jpg 1236w\" sizes=\"auto, (max-width: 232px) 100vw, 232px\" data-attachment-id=\"4120\" data-orig-file=\"https:\/\/www.maistendencia.com\/blog\/wp-content\/uploads\/2017\/04\/DSC6400-10-Editar-copia-8.jpg\" data-orig-size=\"1236,1600\" data-comments-opened=\"1\" data-image-meta=\"{&quot;aperture&quot;:&quot;6.3&quot;,&quot;credit&quot;:&quot;Alex Carausan&quot;,&quot;camera&quot;:&quot;NIKON D7000&quot;,&quot;caption&quot;:&quot;&quot;,&quot;created_timestamp&quot;:&quot;1492683700&quot;,&quot;copyright&quot;:&quot;copyright 2016 Alex Carausan&quot;,&quot;focal_length&quot;:&quot;85&quot;,&quot;iso&quot;:&quot;100&quot;,&quot;shutter_speed&quot;:&quot;0.004&quot;,&quot;title&quot;:&quot;&quot;,&quot;orientation&quot;:&quot;0&quot;,&quot;keywords&quot;:&quot;Array&quot;}\" data-image-title=\"Cintur\u00f3n y cartera de B de Bolso\" data-image-description=\"&lt;p&gt;Para las mam\u00e1s que buscan comodidad sin renunciar al estilo, aqu\u00ed tienes un bolsito ajustable a la cintura con el estampado m\u00e1s colorido&lt;\/p&gt;\n\" data-medium-file=\"https:\/\/www.maistendencia.com\/blog\/wp-content\/uploads\/2017\/04\/DSC6400-10-Editar-copia-8-232x300.jpg\" data-large-file=\"https:\/\/www.maistendencia.com\/blog\/wp-content\/uploads\/2017\/04\/DSC6400-10-Editar-copia-8-791x1024.jpg\" \/><\/a>\n\t\t\t<\/div><\/figure><figure class='gallery-item'>\n\t\t\t<div class='gallery-icon portrait'>\n\t\t\t\t<a href='https:\/\/www.maistendencia.com\/blog\/ideas-para-regalar-el-dia-de-la-madre-i-complementos\/_dsc6273-1-1\/'><img loading=\"lazy\" decoding=\"async\" width=\"232\" height=\"300\" src=\"https:\/\/www.maistendencia.com\/blog\/wp-content\/uploads\/2017\/04\/DSC6273-1-1-232x300.jpg\" class=\"attachment-medium size-medium\" alt=\"Capazo de playa - Regalos d\u00eda de la madre\" srcset=\"https:\/\/www.maistendencia.com\/blog\/wp-content\/uploads\/2017\/04\/DSC6273-1-1-232x300.jpg 232w, https:\/\/www.maistendencia.com\/blog\/wp-content\/uploads\/2017\/04\/DSC6273-1-1-791x1024.jpg 791w, https:\/\/www.maistendencia.com\/blog\/wp-content\/uploads\/2017\/04\/DSC6273-1-1.jpg 1236w\" sizes=\"auto, (max-width: 232px) 100vw, 232px\" data-attachment-id=\"4113\" data-orig-file=\"https:\/\/www.maistendencia.com\/blog\/wp-content\/uploads\/2017\/04\/DSC6273-1-1.jpg\" data-orig-size=\"1236,1600\" data-comments-opened=\"1\" data-image-meta=\"{&quot;aperture&quot;:&quot;6.3&quot;,&quot;credit&quot;:&quot;Alex Carausan&quot;,&quot;camera&quot;:&quot;NIKON D7000&quot;,&quot;caption&quot;:&quot;&quot;,&quot;created_timestamp&quot;:&quot;1492624601&quot;,&quot;copyright&quot;:&quot;copyright 2016 Alex Carausan&quot;,&quot;focal_length&quot;:&quot;90&quot;,&quot;iso&quot;:&quot;100&quot;,&quot;shutter_speed&quot;:&quot;0.004&quot;,&quot;title&quot;:&quot;&quot;,&quot;orientation&quot;:&quot;0&quot;,&quot;keywords&quot;:&quot;Array&quot;}\" data-image-title=\"Capazo de Clothes &#038; CO\" data-image-description=\"&lt;p&gt;Con la llegada del buen tiempo, viene de maravilla renovar el capazo para la playa y piscina&#8230; Y si es tan fashion como este, para cualquier look urbano. Tambi\u00e9n hay un tama\u00f1o m\u00e1s grande por si tu madre es de las que se lleva la casa a cuestas&lt;\/p&gt;\n\" data-medium-file=\"https:\/\/www.maistendencia.com\/blog\/wp-content\/uploads\/2017\/04\/DSC6273-1-1-232x300.jpg\" data-large-file=\"https:\/\/www.maistendencia.com\/blog\/wp-content\/uploads\/2017\/04\/DSC6273-1-1-791x1024.jpg\" \/><\/a>\n\t\t\t<\/div><\/figure><figure class='gallery-item'>\n\t\t\t<div class='gallery-icon portrait'>\n\t\t\t\t<a href='https:\/\/www.maistendencia.com\/blog\/ideas-para-regalar-el-dia-de-la-madre-i-complementos\/_dsc6407-11-editar-copia-9\/'><img loading=\"lazy\" decoding=\"async\" width=\"232\" height=\"300\" src=\"https:\/\/www.maistendencia.com\/blog\/wp-content\/uploads\/2017\/04\/DSC6407-11-Editar-copia-9-232x300.jpg\" class=\"attachment-medium size-medium\" alt=\"Cintur\u00f3n - Regalos d\u00eda de la madre\" srcset=\"https:\/\/www.maistendencia.com\/blog\/wp-content\/uploads\/2017\/04\/DSC6407-11-Editar-copia-9-232x300.jpg 232w, https:\/\/www.maistendencia.com\/blog\/wp-content\/uploads\/2017\/04\/DSC6407-11-Editar-copia-9-792x1024.jpg 792w, https:\/\/www.maistendencia.com\/blog\/wp-content\/uploads\/2017\/04\/DSC6407-11-Editar-copia-9.jpg 1237w\" sizes=\"auto, (max-width: 232px) 100vw, 232px\" data-attachment-id=\"4121\" data-orig-file=\"https:\/\/www.maistendencia.com\/blog\/wp-content\/uploads\/2017\/04\/DSC6407-11-Editar-copia-9.jpg\" data-orig-size=\"1237,1600\" data-comments-opened=\"1\" data-image-meta=\"{&quot;aperture&quot;:&quot;6.3&quot;,&quot;credit&quot;:&quot;Alex Carausan&quot;,&quot;camera&quot;:&quot;NIKON D7000&quot;,&quot;caption&quot;:&quot;&quot;,&quot;created_timestamp&quot;:&quot;1492683933&quot;,&quot;copyright&quot;:&quot;copyright 2016 Alex Carausan&quot;,&quot;focal_length&quot;:&quot;80&quot;,&quot;iso&quot;:&quot;100&quot;,&quot;shutter_speed&quot;:&quot;0.004&quot;,&quot;title&quot;:&quot;&quot;,&quot;orientation&quot;:&quot;0&quot;,&quot;keywords&quot;:&quot;Array&quot;}\" data-image-title=\"Cintur\u00f3n Anna\" data-image-description=\"&lt;p&gt;Las flores no son solo para estampados. Reg\u00e1lale este cintur\u00f3n para que luzca la primavera a otro nivel&lt;\/p&gt;\n\" data-medium-file=\"https:\/\/www.maistendencia.com\/blog\/wp-content\/uploads\/2017\/04\/DSC6407-11-Editar-copia-9-232x300.jpg\" data-large-file=\"https:\/\/www.maistendencia.com\/blog\/wp-content\/uploads\/2017\/04\/DSC6407-11-Editar-copia-9-792x1024.jpg\" \/><\/a>\n\t\t\t<\/div><\/figure><figure class='gallery-item'>\n\t\t\t<div class='gallery-icon portrait'>\n\t\t\t\t<a href='https:\/\/www.maistendencia.com\/blog\/ideas-para-regalar-el-dia-de-la-madre-i-complementos\/_dsc6300-2-2\/'><img loading=\"lazy\" decoding=\"async\" width=\"232\" height=\"300\" src=\"https:\/\/www.maistendencia.com\/blog\/wp-content\/uploads\/2017\/04\/DSC6300-2-2-232x300.jpg\" class=\"attachment-medium size-medium\" alt=\"Cartera y pa\u00f1uelo rosa - Regalos d\u00eda de la madre\" srcset=\"https:\/\/www.maistendencia.com\/blog\/wp-content\/uploads\/2017\/04\/DSC6300-2-2-232x300.jpg 232w, https:\/\/www.maistendencia.com\/blog\/wp-content\/uploads\/2017\/04\/DSC6300-2-2-792x1024.jpg 792w, https:\/\/www.maistendencia.com\/blog\/wp-content\/uploads\/2017\/04\/DSC6300-2-2.jpg 1237w\" sizes=\"auto, (max-width: 232px) 100vw, 232px\" data-attachment-id=\"4114\" data-orig-file=\"https:\/\/www.maistendencia.com\/blog\/wp-content\/uploads\/2017\/04\/DSC6300-2-2.jpg\" data-orig-size=\"1237,1600\" data-comments-opened=\"1\" data-image-meta=\"{&quot;aperture&quot;:&quot;6.3&quot;,&quot;credit&quot;:&quot;Alex Carausan&quot;,&quot;camera&quot;:&quot;NIKON D7000&quot;,&quot;caption&quot;:&quot;&quot;,&quot;created_timestamp&quot;:&quot;1492626119&quot;,&quot;copyright&quot;:&quot;copyright 2016 Alex Carausan&quot;,&quot;focal_length&quot;:&quot;90&quot;,&quot;iso&quot;:&quot;100&quot;,&quot;shutter_speed&quot;:&quot;0.004&quot;,&quot;title&quot;:&quot;&quot;,&quot;orientation&quot;:&quot;0&quot;,&quot;keywords&quot;:&quot;Array&quot;}\" data-image-title=\"Cartera y pa\u00f1uelo de Pauta\" data-image-description=\"&lt;p&gt;Esta cartera en tono tostado es una opci\u00f3n perfecta de regalo. S\u00famale el pa\u00f1uelo de rosas, uno de los estampados de esta primavera&lt;\/p&gt;\n\" data-medium-file=\"https:\/\/www.maistendencia.com\/blog\/wp-content\/uploads\/2017\/04\/DSC6300-2-2-232x300.jpg\" data-large-file=\"https:\/\/www.maistendencia.com\/blog\/wp-content\/uploads\/2017\/04\/DSC6300-2-2-792x1024.jpg\" \/><\/a>\n\t\t\t<\/div><\/figure><figure class='gallery-item'>\n\t\t\t<div class='gallery-icon portrait'>\n\t\t\t\t<a href='https:\/\/www.maistendencia.com\/blog\/ideas-para-regalar-el-dia-de-la-madre-i-complementos\/_dsc6321-5-3\/'><img loading=\"lazy\" decoding=\"async\" width=\"232\" height=\"300\" src=\"https:\/\/www.maistendencia.com\/blog\/wp-content\/uploads\/2017\/04\/DSC6321-5-3-232x300.jpg\" class=\"attachment-medium size-medium\" alt=\"Pa\u00f1uelo - Regalos d\u00eda de la madre\" srcset=\"https:\/\/www.maistendencia.com\/blog\/wp-content\/uploads\/2017\/04\/DSC6321-5-3-232x300.jpg 232w, https:\/\/www.maistendencia.com\/blog\/wp-content\/uploads\/2017\/04\/DSC6321-5-3-791x1024.jpg 791w, https:\/\/www.maistendencia.com\/blog\/wp-content\/uploads\/2017\/04\/DSC6321-5-3.jpg 1236w\" sizes=\"auto, (max-width: 232px) 100vw, 232px\" data-attachment-id=\"4115\" data-orig-file=\"https:\/\/www.maistendencia.com\/blog\/wp-content\/uploads\/2017\/04\/DSC6321-5-3.jpg\" data-orig-size=\"1236,1600\" data-comments-opened=\"1\" data-image-meta=\"{&quot;aperture&quot;:&quot;6.3&quot;,&quot;credit&quot;:&quot;Alex Carausan&quot;,&quot;camera&quot;:&quot;NIKON D7000&quot;,&quot;caption&quot;:&quot;&quot;,&quot;created_timestamp&quot;:&quot;1492627145&quot;,&quot;copyright&quot;:&quot;copyright 2016 Alex Carausan&quot;,&quot;focal_length&quot;:&quot;75&quot;,&quot;iso&quot;:&quot;100&quot;,&quot;shutter_speed&quot;:&quot;0.004&quot;,&quot;title&quot;:&quot;&quot;,&quot;orientation&quot;:&quot;0&quot;,&quot;keywords&quot;:&quot;Array&quot;}\" data-image-title=\"Pa\u00f1uelo de Pilar Tilve\" data-image-description=\"&lt;p&gt;Este pa\u00f1uelo con colores  vivos dar\u00e1 el toque ideal a las mam\u00e1s m\u00e1s fashion&lt;\/p&gt;\n\" data-medium-file=\"https:\/\/www.maistendencia.com\/blog\/wp-content\/uploads\/2017\/04\/DSC6321-5-3-232x300.jpg\" data-large-file=\"https:\/\/www.maistendencia.com\/blog\/wp-content\/uploads\/2017\/04\/DSC6321-5-3-791x1024.jpg\" \/><\/a>\n\t\t\t<\/div><\/figure>\n\t\t<\/div>\n\n<\/div>\n<p>\u00bfTe ha gustado nuestra selecci\u00f3n? Hay mucho m\u00e1s&#8230; \u00a1P\u00e1sate por Ourense Centro y desc\u00fabrelo!<\/p>\n<strong>Fotograf\u00edas de<\/strong><br\/><br\/><div style=\"width:100%;height:auto;\"><div style=\"float:left;margin:0px 10px 10px 0px;\"><img loading=\"lazy\" decoding=\"async\" src=\"https:\/\/www.maistendencia.com\/blog\/wp-content\/authors\/alexcarausan-13.jpg\" class=\"avatar photo\" alt=\"Alex Carausan\" width=\"111\" height=\"111\" \/><\/div><div style=\"padding-left:25%;\"><strong>Alex Carausan<\/strong><br\/><br\/><a href=\"mailto:\">Correo electr\u00f3nico<\/a><br\/><br\/><div class=\"author-description\"><div class=\"autor-enlaces\"><a class=\"link-web\" style=\"margin-bottom:10px;margin-right:10px\" href=\"http:\/\/www.alexcarausan.com\"  target=\"_blank\">http:\/\/www.alexcarausan.com<\/a><a class=\"link-ins\" href=\"https:\/\/www.instagram.com\/alexcarausan\/\" target=\"_blank\">https:\/\/www.instagram.com\/alexcarausan\/<\/a><\/div><\/div><\/div><\/div><div class=\"clear\"><\/div>\n<strong>Asistencia<\/strong><br\/><br\/><div style=\"width:100%;height:auto;\"><div style=\"float:left;margin:0px 10px 10px 0px;\"><img loading=\"lazy\" decoding=\"async\" src=\"https:\/\/www.maistendencia.com\/blog\/wp-content\/authors\/teolindavences-17.jpg\" class=\"avatar photo\" alt=\"Teolinda Vences\" width=\"111\" height=\"111\" \/><\/div><div style=\"padding-left:25%;\"><strong>Teolinda Vences<\/strong><br\/><br\/><a href=\"mailto:teolinda_vences@hotmail.com\">Correo electr\u00f3nico<\/a><br\/><br\/><div class=\"author-description\"><div class=\"autor-enlaces\"><a class=\"link-web\" style=\"margin-bottom:10px;margin-right:10px\" href=\"https:\/\/teolindavences.wordpress.com\/\"  target=\"_blank\">https:\/\/teolindavences.wordpress.com\/<\/a><a class=\"link-ins\" href=\"https:\/\/www.instagram.com\/teolinda_vences_23\/\" target=\"_blank\">https:\/\/www.instagram.com\/teolinda_vences_23\/<\/a><\/div><\/div><\/div><\/div><div class=\"clear\"><\/div>\n<strong><\/strong><br\/><br\/><div style=\"width:100%;height:auto;\"><div style=\"float:left;margin:0px 10px 10px 0px;\"><img loading=\"lazy\" decoding=\"async\" src=\"https:\/\/www.maistendencia.com\/blog\/wp-content\/authors\/Sara-14.jpg\" class=\"avatar photo\" alt=\"Sara Gonz\u00e1lez\" width=\"111\" height=\"111\" \/><\/div><div style=\"padding-left:25%;\"><strong>Sara Gonz\u00e1lez<\/strong><br\/><br\/><a href=\"mailto:sara.xinzo@gmail.com\">Correo electr\u00f3nico<\/a><br\/><br\/><div class=\"author-description\"><div class=\"autor-enlaces\"><a class=\"link-ins\" href=\"https:\/\/www.instagram.com\/saaraagf\/\" target=\"_blank\">https:\/\/www.instagram.com\/saaraagf\/<\/a><\/div><\/div><\/div><\/div><div class=\"clear\"><\/div>\n","protected":false},"excerpt":{"rendered":"<p>Se acerca el D\u00eda de la Madre y en MaisTendencia queremos ayudarte a que encuentres el detalle perfecto para ella. Al fin y al cabo, se lo merece todo. Durante estos d\u00edas vamos a ir&#8230;<br \/><a href=\"https:\/\/www.maistendencia.com\/blog\/ideas-para-regalar-el-dia-de-la-madre-i-complementos\/\"> Continuar leyendo&#8230;<\/a><\/p>\n","protected":false},"author":24,"featured_media":4127,"comment_status":"open","ping_status":"closed","sticky":false,"template":"","format":"standard","meta":{"footnotes":""},"categories":[5,57,3],"tags":[118,581,216,101,194,335,102,120],"class_list":["post-4112","post","type-post","status-publish","format-standard","has-post-thumbnail","hentry","category-celebra","category-de-tiendas","category-moda","tag-anna","tag-clothes-co","tag-dia-de-la-madre","tag-komodamoda","tag-mama","tag-merceria-musko","tag-serie-b","tag-trendtantra"],"aioseo_notices":[],"_links":{"self":[{"href":"https:\/\/www.maistendencia.com\/blog\/wp-json\/wp\/v2\/posts\/4112","targetHints":{"allow":["GET"]}}],"collection":[{"href":"https:\/\/www.maistendencia.com\/blog\/wp-json\/wp\/v2\/posts"}],"about":[{"href":"https:\/\/www.maistendencia.com\/blog\/wp-json\/wp\/v2\/types\/post"}],"author":[{"embeddable":true,"href":"https:\/\/www.maistendencia.com\/blog\/wp-json\/wp\/v2\/users\/24"}],"replies":[{"embeddable":true,"href":"https:\/\/www.maistendencia.com\/blog\/wp-json\/wp\/v2\/comments?post=4112"}],"version-history":[{"count":1,"href":"https:\/\/www.maistendencia.com\/blog\/wp-json\/wp\/v2\/posts\/4112\/revisions"}],"predecessor-version":[{"id":6761,"href":"https:\/\/www.maistendencia.com\/blog\/wp-json\/wp\/v2\/posts\/4112\/revisions\/6761"}],"wp:featuredmedia":[{"embeddable":true,"href":"https:\/\/www.maistendencia.com\/blog\/wp-json\/wp\/v2\/media\/4127"}],"wp:attachment":[{"href":"https:\/\/www.maistendencia.com\/blog\/wp-json\/wp\/v2\/media?parent=4112"}],"wp:term":[{"taxonomy":"category","embeddable":true,"href":"https:\/\/www.maistendencia.com\/blog\/wp-json\/wp\/v2\/categories?post=4112"},{"taxonomy":"post_tag","embeddable":true,"href":"https:\/\/www.maistendencia.com\/blog\/wp-json\/wp\/v2\/tags?post=4112"}],"curies":[{"name":"wp","href":"https:\/\/api.w.org\/{rel}","templated":true}]}}