{"id":3640,"date":"2017-02-14T13:08:06","date_gmt":"2017-02-14T11:08:06","guid":{"rendered":"http:\/\/www.maistendencia.com\/?p=3640"},"modified":"2022-02-07T14:21:34","modified_gmt":"2022-02-07T12:21:34","slug":"decirlo-con-flores","status":"publish","type":"post","link":"https:\/\/www.maistendencia.com\/blog\/decirlo-con-flores\/","title":{"rendered":"Decirlo con flores"},"content":{"rendered":"<p>Ya ha llegado el d\u00eda: hoy es San Valent\u00edn. Y lo cl\u00e1sico por antonomasia en este d\u00eda es regalar flores. Pero \u00bfqu\u00e9 flores? \u00bfNos ce\u00f1imos a las cl\u00e1sicas doce rosas o innovamos?<\/p>\n<p>Para ayudarte en tu decisi\u00f3n te contamos lo que <strong>significa entregar distintos tipos de flores<\/strong>. Adem\u00e1s, contamos con <a href=\"http:\/\/www.ourensecentro.com\/asociados-ourense-centro\/171\/floristeria-dracena\">Florister\u00eda Dr\u00e1cena<\/a>, <a href=\"http:\/\/www.ourensecentro.com\/asociados-ourense-centro\/172\/floristeria-milagros-albitos\">Florister\u00eda Milagros Albitos<\/a> y Florister\u00eda Milvia que te ofrecen\u00a0distintas opciones de ramos.<\/p>\n<p><strong>Regalar flores puede ser algo muy persona<\/strong>l y por eso los significados son muy diversos. Por ejemplo, las amapolas representan los sue\u00f1os; las begonias, cordialidad; los claveles blancos, inocencia; los claveles rojos, coraz\u00f3n que suspira. Encontramos representaci\u00f3n de amor ardiente en las flores de lis; amor secreto en las gardenias y determinaci\u00f3n en los geranios rojos. \u00bfY las margaritas? Adem\u00e1s de deshojarlas para saber si nuestro amor es correspondido, son un s\u00edmbolo de cortejo hacia la persona amada. Tambi\u00e9n son muy populares las calas o anturios, que representan felicidad y abundancia, adem\u00e1s de ardor y belleza.<\/p>\n<p><img loading=\"lazy\" decoding=\"async\" class=\"alignnone wp-image-3658 size-large\" title=\"Anturios de Florister\u00eda Milagros Albitos\" src=\"http:\/\/www.maistendencia.com\/wp-content\/uploads\/2017\/02\/DSC84962-1024x774.jpg\" alt=\"Anturios (Florister\u00eda Milagros Albitos)\" width=\"604\" height=\"457\" srcset=\"https:\/\/www.maistendencia.com\/blog\/wp-content\/uploads\/2017\/02\/DSC84962-1024x774.jpg 1024w, https:\/\/www.maistendencia.com\/blog\/wp-content\/uploads\/2017\/02\/DSC84962-300x227.jpg 300w, https:\/\/www.maistendencia.com\/blog\/wp-content\/uploads\/2017\/02\/DSC84962.jpg 2000w\" sizes=\"auto, (max-width: 604px) 100vw, 604px\" \/>Anturios (Florister\u00eda Milagros Albitos)<\/p>\n<p>Pero si hay una reina indiscutible en San Valent\u00edn, esa es la rosa. Si bien el resto de flores se regalan durante todo el a\u00f1o, el <strong>D\u00eda de los Enamorados mandan las rosas<\/strong>. \u00a0La rosa implica amor y pasi\u00f3n. Adem\u00e1s, seg\u00fan sus colores, el significado tiene distintos matices. Las rosas rojas aluden al deseo; las blancas son s\u00edmbolo de pureza, inocencia y humildad; el color rosado transmite admiraci\u00f3n; las rosas amarillas simbolizan el amor plat\u00f3nico y las azules misterio y obtenci\u00f3n de un imposible. Adem\u00e1s, las combinaciones de colores tambi\u00e9n transmiten distintos conceptos. Por ejemplo, la mezcla rosas rojas y blancas representan unidad y deseo, mientras que si se combinan amarillas y rojas\u00a0se simbolizan felicidad y juego.<\/p>\n<figure id=\"attachment_3659\" aria-describedby=\"caption-attachment-3659\" style=\"width: 604px\" class=\"wp-caption alignnone\"><img loading=\"lazy\" decoding=\"async\" class=\"size-large wp-image-3659\" src=\"http:\/\/www.maistendencia.com\/wp-content\/uploads\/2017\/02\/DSC84963-1024x774.jpg\" alt=\"Florister\u00eda Dr\u00e1cena\" width=\"604\" height=\"457\" srcset=\"https:\/\/www.maistendencia.com\/blog\/wp-content\/uploads\/2017\/02\/DSC84963-1024x774.jpg 1024w, https:\/\/www.maistendencia.com\/blog\/wp-content\/uploads\/2017\/02\/DSC84963-300x227.jpg 300w, https:\/\/www.maistendencia.com\/blog\/wp-content\/uploads\/2017\/02\/DSC84963.jpg 2000w\" sizes=\"auto, (max-width: 604px) 100vw, 604px\" \/><figcaption id=\"caption-attachment-3659\" class=\"wp-caption-text\"><a href=\"https:\/\/www.maistendencia.com\/blog\/dracena\/\">Florister\u00eda Dr\u00e1cena<\/a><\/figcaption><\/figure>\n<p><img loading=\"lazy\" decoding=\"async\" class=\"size-large wp-image-3653\" src=\"http:\/\/www.maistendencia.com\/wp-content\/uploads\/2017\/02\/DSC8480-1024x678.jpg\" alt=\"Florister\u00eda Milagros Albitos\" width=\"604\" height=\"400\" srcset=\"https:\/\/www.maistendencia.com\/blog\/wp-content\/uploads\/2017\/02\/DSC8480-1024x678.jpg 1024w, https:\/\/www.maistendencia.com\/blog\/wp-content\/uploads\/2017\/02\/DSC8480-300x199.jpg 300w, https:\/\/www.maistendencia.com\/blog\/wp-content\/uploads\/2017\/02\/DSC8480-400x266.jpg 400w, https:\/\/www.maistendencia.com\/blog\/wp-content\/uploads\/2017\/02\/DSC8480-50x33.jpg 50w, https:\/\/www.maistendencia.com\/blog\/wp-content\/uploads\/2017\/02\/DSC8480.jpg 2000w\" sizes=\"auto, (max-width: 604px) 100vw, 604px\" \/><\/p>\n<p>Florister\u00eda Milagros Albitos<\/p>\n<figure id=\"attachment_3652\" aria-describedby=\"caption-attachment-3652\" style=\"width: 604px\" class=\"wp-caption alignnone\"><img loading=\"lazy\" decoding=\"async\" class=\"size-large wp-image-3652\" src=\"http:\/\/www.maistendencia.com\/wp-content\/uploads\/2017\/02\/DSC8477-1024x678.jpg\" alt=\"Florister\u00eda Milvia\" width=\"604\" height=\"400\" srcset=\"https:\/\/www.maistendencia.com\/blog\/wp-content\/uploads\/2017\/02\/DSC8477-1024x678.jpg 1024w, https:\/\/www.maistendencia.com\/blog\/wp-content\/uploads\/2017\/02\/DSC8477-300x199.jpg 300w, https:\/\/www.maistendencia.com\/blog\/wp-content\/uploads\/2017\/02\/DSC8477-400x266.jpg 400w, https:\/\/www.maistendencia.com\/blog\/wp-content\/uploads\/2017\/02\/DSC8477-50x33.jpg 50w, https:\/\/www.maistendencia.com\/blog\/wp-content\/uploads\/2017\/02\/DSC8477.jpg 2000w\" sizes=\"auto, (max-width: 604px) 100vw, 604px\" \/><figcaption id=\"caption-attachment-3652\" class=\"wp-caption-text\">Florister\u00eda Milvia<\/figcaption><\/figure>\n<figure id=\"attachment_3650\" aria-describedby=\"caption-attachment-3650\" style=\"width: 604px\" class=\"wp-caption alignnone\"><img loading=\"lazy\" decoding=\"async\" class=\"size-large wp-image-3650\" src=\"http:\/\/www.maistendencia.com\/wp-content\/uploads\/2017\/02\/DSC8447-1024x678.jpg\" alt=\"Florister\u00eda Milvia\" width=\"604\" height=\"400\" srcset=\"https:\/\/www.maistendencia.com\/blog\/wp-content\/uploads\/2017\/02\/DSC8447-1024x678.jpg 1024w, https:\/\/www.maistendencia.com\/blog\/wp-content\/uploads\/2017\/02\/DSC8447-300x199.jpg 300w, https:\/\/www.maistendencia.com\/blog\/wp-content\/uploads\/2017\/02\/DSC8447-400x266.jpg 400w, https:\/\/www.maistendencia.com\/blog\/wp-content\/uploads\/2017\/02\/DSC8447-50x33.jpg 50w, https:\/\/www.maistendencia.com\/blog\/wp-content\/uploads\/2017\/02\/DSC8447.jpg 2000w\" sizes=\"auto, (max-width: 604px) 100vw, 604px\" \/><figcaption id=\"caption-attachment-3650\" class=\"wp-caption-text\">Florister\u00eda Milvia<\/figcaption><\/figure>\n<figure id=\"attachment_3649\" aria-describedby=\"caption-attachment-3649\" style=\"width: 604px\" class=\"wp-caption alignnone\"><img loading=\"lazy\" decoding=\"async\" class=\"size-large wp-image-3649\" src=\"http:\/\/www.maistendencia.com\/wp-content\/uploads\/2017\/02\/DSC8445-1024x678.jpg\" alt=\"Florister\u00eda Milvia\" width=\"604\" height=\"400\" srcset=\"https:\/\/www.maistendencia.com\/blog\/wp-content\/uploads\/2017\/02\/DSC8445-1024x678.jpg 1024w, https:\/\/www.maistendencia.com\/blog\/wp-content\/uploads\/2017\/02\/DSC8445-300x199.jpg 300w, https:\/\/www.maistendencia.com\/blog\/wp-content\/uploads\/2017\/02\/DSC8445-400x266.jpg 400w, https:\/\/www.maistendencia.com\/blog\/wp-content\/uploads\/2017\/02\/DSC8445-50x33.jpg 50w, https:\/\/www.maistendencia.com\/blog\/wp-content\/uploads\/2017\/02\/DSC8445.jpg 2000w\" sizes=\"auto, (max-width: 604px) 100vw, 604px\" \/><figcaption id=\"caption-attachment-3649\" class=\"wp-caption-text\">Florister\u00eda Milvia<\/figcaption><\/figure>\n<figure id=\"attachment_3648\" aria-describedby=\"caption-attachment-3648\" style=\"width: 604px\" class=\"wp-caption alignnone\"><img loading=\"lazy\" decoding=\"async\" class=\"size-large wp-image-3648\" src=\"http:\/\/www.maistendencia.com\/wp-content\/uploads\/2017\/02\/DSC8431-Editar-1024x678.jpg\" alt=\"Florister\u00eda Milvia\" width=\"604\" height=\"400\" srcset=\"https:\/\/www.maistendencia.com\/blog\/wp-content\/uploads\/2017\/02\/DSC8431-Editar-1024x678.jpg 1024w, https:\/\/www.maistendencia.com\/blog\/wp-content\/uploads\/2017\/02\/DSC8431-Editar-300x199.jpg 300w, https:\/\/www.maistendencia.com\/blog\/wp-content\/uploads\/2017\/02\/DSC8431-Editar-400x266.jpg 400w, https:\/\/www.maistendencia.com\/blog\/wp-content\/uploads\/2017\/02\/DSC8431-Editar-50x33.jpg 50w, https:\/\/www.maistendencia.com\/blog\/wp-content\/uploads\/2017\/02\/DSC8431-Editar.jpg 2000w\" sizes=\"auto, (max-width: 604px) 100vw, 604px\" \/><figcaption id=\"caption-attachment-3648\" class=\"wp-caption-text\">Florister\u00eda Milvia<\/figcaption><\/figure>\n<p>Y si quieres que tu regalo sea eterno, elige las<strong> rosas preservadas<\/strong>. \u00a1Las conservar\u00e1 siempre!<\/p>\n<figure id=\"attachment_3657\" aria-describedby=\"caption-attachment-3657\" style=\"width: 604px\" class=\"wp-caption alignnone\"><img loading=\"lazy\" decoding=\"async\" class=\"size-large wp-image-3657\" src=\"http:\/\/www.maistendencia.com\/wp-content\/uploads\/2017\/02\/DSC8559-1024x678.jpg\" alt=\"Florister\u00eda Dr\u00e1cena\" width=\"604\" height=\"400\" srcset=\"https:\/\/www.maistendencia.com\/blog\/wp-content\/uploads\/2017\/02\/DSC8559-1024x678.jpg 1024w, https:\/\/www.maistendencia.com\/blog\/wp-content\/uploads\/2017\/02\/DSC8559-300x199.jpg 300w, https:\/\/www.maistendencia.com\/blog\/wp-content\/uploads\/2017\/02\/DSC8559-400x266.jpg 400w, https:\/\/www.maistendencia.com\/blog\/wp-content\/uploads\/2017\/02\/DSC8559-50x33.jpg 50w, https:\/\/www.maistendencia.com\/blog\/wp-content\/uploads\/2017\/02\/DSC8559.jpg 2000w\" sizes=\"auto, (max-width: 604px) 100vw, 604px\" \/><figcaption id=\"caption-attachment-3657\" class=\"wp-caption-text\">Florister\u00eda Dr\u00e1cena<\/figcaption><\/figure>\n<figure id=\"attachment_3656\" aria-describedby=\"caption-attachment-3656\" style=\"width: 604px\" class=\"wp-caption alignnone\"><img loading=\"lazy\" decoding=\"async\" class=\"size-large wp-image-3656\" src=\"http:\/\/www.maistendencia.com\/wp-content\/uploads\/2017\/02\/DSC8550-772x1024.jpg\" alt=\"Florister\u00eda Dr\u00e1cena\" width=\"604\" height=\"801\" srcset=\"https:\/\/www.maistendencia.com\/blog\/wp-content\/uploads\/2017\/02\/DSC8550-772x1024.jpg 772w, https:\/\/www.maistendencia.com\/blog\/wp-content\/uploads\/2017\/02\/DSC8550-226x300.jpg 226w, https:\/\/www.maistendencia.com\/blog\/wp-content\/uploads\/2017\/02\/DSC8550.jpg 1507w\" sizes=\"auto, (max-width: 604px) 100vw, 604px\" \/><figcaption id=\"caption-attachment-3656\" class=\"wp-caption-text\">Florister\u00eda Dr\u00e1cena<\/figcaption><\/figure>\n<figure id=\"attachment_3655\" aria-describedby=\"caption-attachment-3655\" style=\"width: 604px\" class=\"wp-caption alignnone\"><img loading=\"lazy\" decoding=\"async\" class=\"size-large wp-image-3655\" src=\"http:\/\/www.maistendencia.com\/wp-content\/uploads\/2017\/02\/DSC8547-1024x678.jpg\" alt=\"Florister\u00eda Dr\u00e1cena\" width=\"604\" height=\"400\" srcset=\"https:\/\/www.maistendencia.com\/blog\/wp-content\/uploads\/2017\/02\/DSC8547-1024x678.jpg 1024w, https:\/\/www.maistendencia.com\/blog\/wp-content\/uploads\/2017\/02\/DSC8547-300x199.jpg 300w, https:\/\/www.maistendencia.com\/blog\/wp-content\/uploads\/2017\/02\/DSC8547-400x266.jpg 400w, https:\/\/www.maistendencia.com\/blog\/wp-content\/uploads\/2017\/02\/DSC8547-50x33.jpg 50w, https:\/\/www.maistendencia.com\/blog\/wp-content\/uploads\/2017\/02\/DSC8547.jpg 2000w\" sizes=\"auto, (max-width: 604px) 100vw, 604px\" \/><figcaption id=\"caption-attachment-3655\" class=\"wp-caption-text\">Florister\u00eda Dr\u00e1cena<\/figcaption><\/figure>\n<figure id=\"attachment_3654\" aria-describedby=\"caption-attachment-3654\" style=\"width: 604px\" class=\"wp-caption alignnone\"><img loading=\"lazy\" decoding=\"async\" class=\"size-large wp-image-3654\" src=\"http:\/\/www.maistendencia.com\/wp-content\/uploads\/2017\/02\/DSC8542-1024x678.jpg\" alt=\"Florister\u00eda Dr\u00e1cena\" width=\"604\" height=\"400\" srcset=\"https:\/\/www.maistendencia.com\/blog\/wp-content\/uploads\/2017\/02\/DSC8542-1024x678.jpg 1024w, https:\/\/www.maistendencia.com\/blog\/wp-content\/uploads\/2017\/02\/DSC8542-300x199.jpg 300w, https:\/\/www.maistendencia.com\/blog\/wp-content\/uploads\/2017\/02\/DSC8542-400x266.jpg 400w, https:\/\/www.maistendencia.com\/blog\/wp-content\/uploads\/2017\/02\/DSC8542-50x33.jpg 50w, https:\/\/www.maistendencia.com\/blog\/wp-content\/uploads\/2017\/02\/DSC8542.jpg 2000w\" sizes=\"auto, (max-width: 604px) 100vw, 604px\" \/><figcaption id=\"caption-attachment-3654\" class=\"wp-caption-text\">Florister\u00eda Dr\u00e1cena<\/figcaption><\/figure>\n<p>\u00bfHas elegido ya? Corre a las <a href=\"http:\/\/www.ourensecentro.com\/sector\/42\/floristerias\">florister\u00edas de Ourense Centro<\/a> y haz que este San Valent\u00edn tus sentimientos queden mejor expresados que nunca.<\/p>\n<strong>Fotograf\u00edas de<\/strong><br\/><br\/><div style=\"width:100%;height:auto;\"><div style=\"float:left;margin:0px 10px 10px 0px;\"><img loading=\"lazy\" decoding=\"async\" src=\"https:\/\/www.maistendencia.com\/blog\/wp-content\/authors\/alexcarausan-13.jpg\" class=\"avatar photo\" alt=\"Alex Carausan\" width=\"111\" height=\"111\" \/><\/div><div style=\"padding-left:25%;\"><strong>Alex Carausan<\/strong><br\/><br\/><a href=\"mailto:\">Correo electr\u00f3nico<\/a><br\/><br\/><div class=\"author-description\"><div class=\"autor-enlaces\"><a class=\"link-web\" style=\"margin-bottom:10px;margin-right:10px\" href=\"http:\/\/www.alexcarausan.com\"  target=\"_blank\">http:\/\/www.alexcarausan.com<\/a><a class=\"link-ins\" href=\"https:\/\/www.instagram.com\/alexcarausan\/\" target=\"_blank\">https:\/\/www.instagram.com\/alexcarausan\/<\/a><\/div><\/div><\/div><\/div><div class=\"clear\"><\/div>\n","protected":false},"excerpt":{"rendered":"<p>Ya ha llegado el d\u00eda: hoy es San Valent\u00edn. Y lo cl\u00e1sico por antonomasia en este d\u00eda es regalar flores. Pero \u00bfqu\u00e9 flores? \u00bfNos ce\u00f1imos a las cl\u00e1sicas doce rosas o innovamos? Para ayudarte en&#8230;<br \/><a href=\"https:\/\/www.maistendencia.com\/blog\/decirlo-con-flores\/\"> Continuar leyendo&#8230;<\/a><\/p>\n","protected":false},"author":24,"featured_media":3648,"comment_status":"open","ping_status":"closed","sticky":false,"template":"","format":"standard","meta":{"footnotes":""},"categories":[5,57],"tags":[369,371,372,370,58],"class_list":["post-3640","post","type-post","status-publish","format-standard","has-post-thumbnail","hentry","category-celebra","category-de-tiendas","tag-flores","tag-floristeria-dracena","tag-floristeria-milagros-albitos","tag-floristeria-milvia","tag-san-valentin"],"aioseo_notices":[],"_links":{"self":[{"href":"https:\/\/www.maistendencia.com\/blog\/wp-json\/wp\/v2\/posts\/3640","targetHints":{"allow":["GET"]}}],"collection":[{"href":"https:\/\/www.maistendencia.com\/blog\/wp-json\/wp\/v2\/posts"}],"about":[{"href":"https:\/\/www.maistendencia.com\/blog\/wp-json\/wp\/v2\/types\/post"}],"author":[{"embeddable":true,"href":"https:\/\/www.maistendencia.com\/blog\/wp-json\/wp\/v2\/users\/24"}],"replies":[{"embeddable":true,"href":"https:\/\/www.maistendencia.com\/blog\/wp-json\/wp\/v2\/comments?post=3640"}],"version-history":[{"count":1,"href":"https:\/\/www.maistendencia.com\/blog\/wp-json\/wp\/v2\/posts\/3640\/revisions"}],"predecessor-version":[{"id":8992,"href":"https:\/\/www.maistendencia.com\/blog\/wp-json\/wp\/v2\/posts\/3640\/revisions\/8992"}],"wp:featuredmedia":[{"embeddable":true,"href":"https:\/\/www.maistendencia.com\/blog\/wp-json\/wp\/v2\/media\/3648"}],"wp:attachment":[{"href":"https:\/\/www.maistendencia.com\/blog\/wp-json\/wp\/v2\/media?parent=3640"}],"wp:term":[{"taxonomy":"category","embeddable":true,"href":"https:\/\/www.maistendencia.com\/blog\/wp-json\/wp\/v2\/categories?post=3640"},{"taxonomy":"post_tag","embeddable":true,"href":"https:\/\/www.maistendencia.com\/blog\/wp-json\/wp\/v2\/tags?post=3640"}],"curies":[{"name":"wp","href":"https:\/\/api.w.org\/{rel}","templated":true}]}}