{"id":3553,"date":"2017-01-30T19:09:17","date_gmt":"2017-01-30T17:09:17","guid":{"rendered":"http:\/\/www.maistendencia.com\/?p=3553"},"modified":"2022-02-07T14:19:13","modified_gmt":"2022-02-07T12:19:13","slug":"the-town-concept-store-3","status":"publish","type":"post","link":"https:\/\/www.maistendencia.com\/blog\/the-town-concept-store-3\/","title":{"rendered":"The TowN Concept Store: Casual y exclusivo"},"content":{"rendered":"<p><strong><a href=\"https:\/\/thetownstore.es\/\">The TowN Concept Store<\/a><\/strong> nace en 2015 de la mano de una pareja, Jose y Patricia, que deciden comenzar una aventura empresarial. Su proyecto consist\u00eda en traer a Ourense una marca que no hubiera.<\/p>\n<p>Jose ya utilizaba <strong>Jack and Jones<\/strong>, conoc\u00edan la calidad y versatilidad de la marca, as\u00ed que no se lo pensaron. En cuesti\u00f3n de dos meses The TowN era una realidad. Ambos destacan el gran apoyo que tuvieron a la hora de conseguir local y financiaci\u00f3n, adem\u00e1s de toda la ayuda y cari\u00f1o de sus amigos y familiares.<\/p>\n<figure id=\"attachment_3561\" aria-describedby=\"caption-attachment-3561\" style=\"width: 604px\" class=\"wp-caption alignnone\"><a href=\"http:\/\/www.maistendencia.com\/wp-content\/uploads\/2017\/01\/DSC9654.jpg\" rel=\"attachment wp-att-3561\"><img loading=\"lazy\" decoding=\"async\" class=\"wp-image-3561 size-large\" title=\"The Town Concept Store\" src=\"https:\/\/www.maistendencia.com\/blog\/wp-content\/uploads\/2017\/01\/DSC9654-1024x678.jpg\" alt=\"The Town Concept Store Ourense\" width=\"604\" height=\"400\" srcset=\"https:\/\/www.maistendencia.com\/blog\/wp-content\/uploads\/2017\/01\/DSC9654-1024x678.jpg 1024w, https:\/\/www.maistendencia.com\/blog\/wp-content\/uploads\/2017\/01\/DSC9654-300x199.jpg 300w, https:\/\/www.maistendencia.com\/blog\/wp-content\/uploads\/2017\/01\/DSC9654-400x266.jpg 400w, https:\/\/www.maistendencia.com\/blog\/wp-content\/uploads\/2017\/01\/DSC9654-50x33.jpg 50w, https:\/\/www.maistendencia.com\/blog\/wp-content\/uploads\/2017\/01\/DSC9654.jpg 2000w\" sizes=\"auto, (max-width: 604px) 100vw, 604px\" \/><\/a><figcaption id=\"caption-attachment-3561\" class=\"wp-caption-text\">The Town Concept Store. R\u00faa Concordia, 18<\/figcaption><\/figure>\n<p>Hoy es una de las tiendas de referencia en cuanto a estilo informal para hombre. Por eso sus clientes son de todas las edades y estilos, desde ni\u00f1os y adolescentes entre doce y quince a\u00f1os hasta gente de cincuenta o m\u00e1s. No obstante, su target principal est\u00e1 entre los venticinco y treinta y cinco, eligiendo looks informales pero adecuados para el d\u00eda a d\u00eda, tanto para ir al trabajo como para una velada con los amigos.<\/p>\n<p>En nuestra galer\u00eda puedes encontrar distintos outfits con una selecci\u00f3n de prendas de las dos marcas que \u00a0han tra\u00eddo a nuestra ciudad: <strong>Jack and Jones y Helly Hansen.<\/strong><\/p>\n<div id=\"metaslider-id-3540\" style=\"width: 100%; margin: 0 auto;\" class=\"ml-slider-3-108-0 metaslider metaslider-flex metaslider-3540 ml-slider has-dots-nav has-carousel-mode ms-theme-default\" role=\"region\" aria-label=\"look 3 town\" data-height=\"700\" data-width=\"700\">\n    <div id=\"metaslider_container_3540\">\n        <div id=\"metaslider_3540\">\n            <ul class='slides'>\n                <li style=\"display: none; width: 100%;\" class=\"slide-3520 ms-image \" aria-roledescription=\"slide\" data-date=\"2017-01-30 11:48:22\" data-filename=\"DSC6848-Editar.jpg\" data-slide-type=\"image\"><img loading=\"lazy\" decoding=\"async\" width=\"1325\" height=\"2000\" src=\"https:\/\/www.maistendencia.com\/blog\/wp-content\/uploads\/2017\/01\/DSC6848-Editar.jpg\" class=\"slider-3540 slide-3520 msDefaultImage\" alt=\"Look Jack &amp; Jones The Town Concept Store en Ourense\" rel=\"\" title=\"\" style=\"margin: 0 auto; width: 66.25%\" srcset=\"https:\/\/www.maistendencia.com\/blog\/wp-content\/uploads\/2017\/01\/DSC6848-Editar.jpg 1325w, https:\/\/www.maistendencia.com\/blog\/wp-content\/uploads\/2017\/01\/DSC6848-Editar-199x300.jpg 199w, https:\/\/www.maistendencia.com\/blog\/wp-content\/uploads\/2017\/01\/DSC6848-Editar-678x1024.jpg 678w\" sizes=\"auto, (max-width: 1325px) 100vw, 1325px\" \/><\/li>\n                <li style=\"display: none; width: 100%;\" class=\"slide-3522 ms-image \" aria-roledescription=\"slide\" data-date=\"2017-01-30 11:48:39\" data-filename=\"DSC6859.jpg\" data-slide-type=\"image\"><img loading=\"lazy\" decoding=\"async\" width=\"1325\" height=\"2000\" src=\"https:\/\/www.maistendencia.com\/blog\/wp-content\/uploads\/2017\/01\/DSC6859.jpg\" class=\"slider-3540 slide-3522 msDefaultImage\" alt=\"Look Jack &amp; Jones The Town Concept Store en Ourense\" rel=\"\" title=\"\" style=\"margin: 0 auto; width: 66.25%\" srcset=\"https:\/\/www.maistendencia.com\/blog\/wp-content\/uploads\/2017\/01\/DSC6859.jpg 1325w, https:\/\/www.maistendencia.com\/blog\/wp-content\/uploads\/2017\/01\/DSC6859-199x300.jpg 199w, https:\/\/www.maistendencia.com\/blog\/wp-content\/uploads\/2017\/01\/DSC6859-678x1024.jpg 678w\" sizes=\"auto, (max-width: 1325px) 100vw, 1325px\" \/><\/li>\n                <li style=\"display: none; width: 100%;\" class=\"slide-3525 ms-image \" aria-roledescription=\"slide\" data-date=\"2017-01-30 11:49:04\" data-filename=\"DSC6871.jpg\" data-slide-type=\"image\"><img loading=\"lazy\" decoding=\"async\" width=\"1324\" height=\"2000\" src=\"https:\/\/www.maistendencia.com\/blog\/wp-content\/uploads\/2017\/01\/DSC6871.jpg\" class=\"slider-3540 slide-3525 msDefaultImage\" alt=\"Look Jack &amp; Jones The Town Concept Store en Ourense\" rel=\"\" title=\"\" style=\"margin: 0 auto; width: 66.2%\" srcset=\"https:\/\/www.maistendencia.com\/blog\/wp-content\/uploads\/2017\/01\/DSC6871.jpg 1324w, https:\/\/www.maistendencia.com\/blog\/wp-content\/uploads\/2017\/01\/DSC6871-199x300.jpg 199w, https:\/\/www.maistendencia.com\/blog\/wp-content\/uploads\/2017\/01\/DSC6871-678x1024.jpg 678w\" sizes=\"auto, (max-width: 1324px) 100vw, 1324px\" \/><\/li>\n                <li style=\"display: none; width: 100%;\" class=\"slide-3523 ms-image \" aria-roledescription=\"slide\" data-date=\"2017-01-30 11:48:47\" data-filename=\"DSC6861.jpg\" data-slide-type=\"image\"><img loading=\"lazy\" decoding=\"async\" width=\"2000\" height=\"1325\" src=\"https:\/\/www.maistendencia.com\/blog\/wp-content\/uploads\/2017\/01\/DSC6861.jpg\" class=\"slider-3540 slide-3523 msDefaultImage\" alt=\"Look Jack &amp; Jones The Town Concept Store en Ourense\" rel=\"\" title=\"\" style=\"margin-top: 16.875%\" srcset=\"https:\/\/www.maistendencia.com\/blog\/wp-content\/uploads\/2017\/01\/DSC6861.jpg 2000w, https:\/\/www.maistendencia.com\/blog\/wp-content\/uploads\/2017\/01\/DSC6861-300x199.jpg 300w, https:\/\/www.maistendencia.com\/blog\/wp-content\/uploads\/2017\/01\/DSC6861-1024x678.jpg 1024w, https:\/\/www.maistendencia.com\/blog\/wp-content\/uploads\/2017\/01\/DSC6861-400x266.jpg 400w, https:\/\/www.maistendencia.com\/blog\/wp-content\/uploads\/2017\/01\/DSC6861-50x33.jpg 50w\" sizes=\"auto, (max-width: 2000px) 100vw, 2000px\" \/><\/li>\n                <li style=\"display: none; width: 100%;\" class=\"slide-3521 ms-image \" aria-roledescription=\"slide\" data-date=\"2017-01-30 11:48:30\" data-filename=\"DSC6853-Editar.jpg\" data-slide-type=\"image\"><img loading=\"lazy\" decoding=\"async\" width=\"2000\" height=\"1378\" src=\"https:\/\/www.maistendencia.com\/blog\/wp-content\/uploads\/2017\/01\/DSC6853-Editar.jpg\" class=\"slider-3540 slide-3521 msDefaultImage\" alt=\"Look Jack &amp; Jones The Town Concept Store en Ourense\" rel=\"\" title=\"\" style=\"margin-top: 15.55%\" srcset=\"https:\/\/www.maistendencia.com\/blog\/wp-content\/uploads\/2017\/01\/DSC6853-Editar.jpg 2000w, https:\/\/www.maistendencia.com\/blog\/wp-content\/uploads\/2017\/01\/DSC6853-Editar-300x207.jpg 300w, https:\/\/www.maistendencia.com\/blog\/wp-content\/uploads\/2017\/01\/DSC6853-Editar-1024x706.jpg 1024w, https:\/\/www.maistendencia.com\/blog\/wp-content\/uploads\/2017\/01\/DSC6853-Editar-50x33.jpg 50w\" sizes=\"auto, (max-width: 2000px) 100vw, 2000px\" \/><\/li>\n            <\/ul>\n        <\/div>\n        \n    <\/div>\n<\/div>\n<p>\u00c9l viste aqu\u00ed un conjunto en tonos neutros, combinando una camiseta en color teja con un pantal\u00f3n verde oliva fruncido al tobillo, rematado por una chaqueta negra.<\/p>\n<div id=\"metaslider-id-3533\" style=\"width: 100%; margin: 0 auto;\" class=\"ml-slider-3-108-0 metaslider metaslider-flex metaslider-3533 ml-slider has-dots-nav has-carousel-mode ms-theme-default\" role=\"region\" aria-label=\"look 1 town\" data-height=\"700\" data-width=\"700\">\n    <div id=\"metaslider_container_3533\">\n        <div id=\"metaslider_3533\">\n            <ul class='slides'>\n                <li style=\"display: none; width: 100%;\" class=\"slide-3562 ms-image \" aria-roledescription=\"slide\" data-date=\"2017-01-30 14:39:13\" data-filename=\"principal-the-town-concept-store.jpg\" data-slide-type=\"image\"><img loading=\"lazy\" decoding=\"async\" width=\"2000\" height=\"1325\" src=\"https:\/\/www.maistendencia.com\/blog\/wp-content\/uploads\/2017\/01\/principal-the-town-concept-store.jpg\" class=\"slider-3533 slide-3562 msDefaultImage\" alt=\"The TowN Concept Store: Casual y exclusivo\" rel=\"\" title=\"\" style=\"margin-top: 16.875%\" srcset=\"https:\/\/www.maistendencia.com\/blog\/wp-content\/uploads\/2017\/01\/principal-the-town-concept-store.jpg 2000w, https:\/\/www.maistendencia.com\/blog\/wp-content\/uploads\/2017\/01\/principal-the-town-concept-store-300x199.jpg 300w, https:\/\/www.maistendencia.com\/blog\/wp-content\/uploads\/2017\/01\/principal-the-town-concept-store-1024x678.jpg 1024w, https:\/\/www.maistendencia.com\/blog\/wp-content\/uploads\/2017\/01\/principal-the-town-concept-store-400x266.jpg 400w, https:\/\/www.maistendencia.com\/blog\/wp-content\/uploads\/2017\/01\/principal-the-town-concept-store-50x33.jpg 50w\" sizes=\"auto, (max-width: 2000px) 100vw, 2000px\" \/><\/li>\n                <li style=\"display: none; width: 100%;\" class=\"slide-3526 ms-image \" aria-roledescription=\"slide\" data-date=\"2017-01-30 11:49:12\" data-filename=\"DSC6908.jpg\" data-slide-type=\"image\"><img loading=\"lazy\" decoding=\"async\" width=\"1325\" height=\"2000\" src=\"https:\/\/www.maistendencia.com\/blog\/wp-content\/uploads\/2017\/01\/DSC6908.jpg\" class=\"slider-3533 slide-3526 msDefaultImage\" alt=\"Look The Town Concept Store en Ourense\" rel=\"\" title=\"\" style=\"margin: 0 auto; width: 66.25%\" srcset=\"https:\/\/www.maistendencia.com\/blog\/wp-content\/uploads\/2017\/01\/DSC6908.jpg 1325w, https:\/\/www.maistendencia.com\/blog\/wp-content\/uploads\/2017\/01\/DSC6908-199x300.jpg 199w, https:\/\/www.maistendencia.com\/blog\/wp-content\/uploads\/2017\/01\/DSC6908-678x1024.jpg 678w\" sizes=\"auto, (max-width: 1325px) 100vw, 1325px\" \/><\/li>\n                <li style=\"display: none; width: 100%;\" class=\"slide-3527 ms-image \" aria-roledescription=\"slide\" data-date=\"2017-01-30 11:49:20\" data-filename=\"DSC6919.jpg\" data-slide-type=\"image\"><img loading=\"lazy\" decoding=\"async\" width=\"1325\" height=\"2000\" src=\"https:\/\/www.maistendencia.com\/blog\/wp-content\/uploads\/2017\/01\/DSC6919.jpg\" class=\"slider-3533 slide-3527 msDefaultImage\" alt=\"Look The Town Concept Store en Ourense\" rel=\"\" title=\"\" style=\"margin: 0 auto; width: 66.25%\" srcset=\"https:\/\/www.maistendencia.com\/blog\/wp-content\/uploads\/2017\/01\/DSC6919.jpg 1325w, https:\/\/www.maistendencia.com\/blog\/wp-content\/uploads\/2017\/01\/DSC6919-199x300.jpg 199w, https:\/\/www.maistendencia.com\/blog\/wp-content\/uploads\/2017\/01\/DSC6919-678x1024.jpg 678w\" sizes=\"auto, (max-width: 1325px) 100vw, 1325px\" \/><\/li>\n                <li style=\"display: none; width: 100%;\" class=\"slide-3528 ms-image \" aria-roledescription=\"slide\" data-date=\"2017-01-30 11:49:28\" data-filename=\"DSC6921.jpg\" data-slide-type=\"image\"><img loading=\"lazy\" decoding=\"async\" width=\"1325\" height=\"2000\" src=\"https:\/\/www.maistendencia.com\/blog\/wp-content\/uploads\/2017\/01\/DSC6921.jpg\" class=\"slider-3533 slide-3528 msDefaultImage\" alt=\"Look The Town Concept Store Ourense\" rel=\"\" title=\"\" style=\"margin: 0 auto; width: 66.25%\" srcset=\"https:\/\/www.maistendencia.com\/blog\/wp-content\/uploads\/2017\/01\/DSC6921.jpg 1325w, https:\/\/www.maistendencia.com\/blog\/wp-content\/uploads\/2017\/01\/DSC6921-199x300.jpg 199w, https:\/\/www.maistendencia.com\/blog\/wp-content\/uploads\/2017\/01\/DSC6921-678x1024.jpg 678w\" sizes=\"auto, (max-width: 1325px) 100vw, 1325px\" \/><\/li>\n                <li style=\"display: none; width: 100%;\" class=\"slide-3530 ms-image \" aria-roledescription=\"slide\" data-date=\"2017-01-30 11:49:45\" data-filename=\"DSC6944.jpg\" data-slide-type=\"image\"><img loading=\"lazy\" decoding=\"async\" width=\"2000\" height=\"1325\" src=\"https:\/\/www.maistendencia.com\/blog\/wp-content\/uploads\/2017\/01\/DSC6944.jpg\" class=\"slider-3533 slide-3530 msDefaultImage\" alt=\"Look The Town Concept Store en Ourense\" rel=\"\" title=\"\" style=\"margin-top: 16.875%\" srcset=\"https:\/\/www.maistendencia.com\/blog\/wp-content\/uploads\/2017\/01\/DSC6944.jpg 2000w, https:\/\/www.maistendencia.com\/blog\/wp-content\/uploads\/2017\/01\/DSC6944-300x199.jpg 300w, https:\/\/www.maistendencia.com\/blog\/wp-content\/uploads\/2017\/01\/DSC6944-1024x678.jpg 1024w, https:\/\/www.maistendencia.com\/blog\/wp-content\/uploads\/2017\/01\/DSC6944-400x266.jpg 400w, https:\/\/www.maistendencia.com\/blog\/wp-content\/uploads\/2017\/01\/DSC6944-50x33.jpg 50w\" sizes=\"auto, (max-width: 2000px) 100vw, 2000px\" \/><\/li>\n            <\/ul>\n        <\/div>\n        \n    <\/div>\n<\/div>\n<p>Este look m\u00e1s sport combina vaqueros, sudadera gris con capucha y parka azul, ideal para los d\u00edas lluviosos.<\/p>\n<div id=\"metaslider-id-3539\" style=\"width: 100%; margin: 0 auto;\" class=\"ml-slider-3-108-0 metaslider metaslider-flex metaslider-3539 ml-slider has-dots-nav has-carousel-mode ms-theme-default\" role=\"region\" aria-label=\"look 2 town\" data-height=\"700\" data-width=\"700\">\n    <div id=\"metaslider_container_3539\">\n        <div id=\"metaslider_3539\">\n            <ul class='slides'>\n                <li style=\"display: none; width: 100%;\" class=\"slide-3519 ms-image \" aria-roledescription=\"slide\" data-date=\"2017-01-30 11:48:13\" data-filename=\"DSC6827.jpg\" data-slide-type=\"image\"><img loading=\"lazy\" decoding=\"async\" width=\"2000\" height=\"1325\" src=\"https:\/\/www.maistendencia.com\/blog\/wp-content\/uploads\/2017\/01\/DSC6827.jpg\" class=\"slider-3539 slide-3519 msDefaultImage\" alt=\"Look Jack &amp; Jones The Town Concept Store en Ourense\" rel=\"\" title=\"\" style=\"margin-top: 16.875%\" srcset=\"https:\/\/www.maistendencia.com\/blog\/wp-content\/uploads\/2017\/01\/DSC6827.jpg 2000w, https:\/\/www.maistendencia.com\/blog\/wp-content\/uploads\/2017\/01\/DSC6827-300x199.jpg 300w, https:\/\/www.maistendencia.com\/blog\/wp-content\/uploads\/2017\/01\/DSC6827-1024x678.jpg 1024w, https:\/\/www.maistendencia.com\/blog\/wp-content\/uploads\/2017\/01\/DSC6827-400x266.jpg 400w, https:\/\/www.maistendencia.com\/blog\/wp-content\/uploads\/2017\/01\/DSC6827-50x33.jpg 50w\" sizes=\"auto, (max-width: 2000px) 100vw, 2000px\" \/><\/li>\n                <li style=\"display: none; width: 100%;\" class=\"slide-3531 ms-image \" aria-roledescription=\"slide\" data-date=\"2017-01-30 11:49:53\" data-filename=\"diptico.jpg\" data-slide-type=\"image\"><img loading=\"lazy\" decoding=\"async\" width=\"2000\" height=\"1501\" src=\"https:\/\/www.maistendencia.com\/blog\/wp-content\/uploads\/2017\/01\/diptico.jpg\" class=\"slider-3539 slide-3531 msDefaultImage\" alt=\"Look The Town Concept Store Ourense\" rel=\"\" title=\"\" style=\"margin-top: 12.475%\" srcset=\"https:\/\/www.maistendencia.com\/blog\/wp-content\/uploads\/2017\/01\/diptico.jpg 2000w, https:\/\/www.maistendencia.com\/blog\/wp-content\/uploads\/2017\/01\/diptico-300x225.jpg 300w, https:\/\/www.maistendencia.com\/blog\/wp-content\/uploads\/2017\/01\/diptico-1024x769.jpg 1024w\" sizes=\"auto, (max-width: 2000px) 100vw, 2000px\" \/><\/li>\n                <li style=\"display: none; width: 100%;\" class=\"slide-3518 ms-image \" aria-roledescription=\"slide\" data-date=\"2017-01-30 11:48:04\" data-filename=\"DSC6811.jpg\" data-slide-type=\"image\"><img loading=\"lazy\" decoding=\"async\" width=\"2000\" height=\"1325\" src=\"https:\/\/www.maistendencia.com\/blog\/wp-content\/uploads\/2017\/01\/DSC6811.jpg\" class=\"slider-3539 slide-3518 msDefaultImage\" alt=\"Look Jack &amp; Jones The Town Concept Store en Ourense\" rel=\"\" title=\"\" style=\"margin-top: 16.875%\" srcset=\"https:\/\/www.maistendencia.com\/blog\/wp-content\/uploads\/2017\/01\/DSC6811.jpg 2000w, https:\/\/www.maistendencia.com\/blog\/wp-content\/uploads\/2017\/01\/DSC6811-300x199.jpg 300w, https:\/\/www.maistendencia.com\/blog\/wp-content\/uploads\/2017\/01\/DSC6811-1024x678.jpg 1024w, https:\/\/www.maistendencia.com\/blog\/wp-content\/uploads\/2017\/01\/DSC6811-400x266.jpg 400w, https:\/\/www.maistendencia.com\/blog\/wp-content\/uploads\/2017\/01\/DSC6811-50x33.jpg 50w\" sizes=\"auto, (max-width: 2000px) 100vw, 2000px\" \/><\/li>\n                <li style=\"display: none; width: 100%;\" class=\"slide-3517 ms-image \" aria-roledescription=\"slide\" data-date=\"2017-01-30 11:47:55\" data-filename=\"DSC6810-Editar.jpg\" data-slide-type=\"image\"><img loading=\"lazy\" decoding=\"async\" width=\"2000\" height=\"1325\" src=\"https:\/\/www.maistendencia.com\/blog\/wp-content\/uploads\/2017\/01\/DSC6810-Editar.jpg\" class=\"slider-3539 slide-3517 msDefaultImage\" alt=\"Look Jack &amp; Jones The Town Concept Store en Ourense\" rel=\"\" title=\"\" style=\"margin-top: 16.875%\" srcset=\"https:\/\/www.maistendencia.com\/blog\/wp-content\/uploads\/2017\/01\/DSC6810-Editar.jpg 2000w, https:\/\/www.maistendencia.com\/blog\/wp-content\/uploads\/2017\/01\/DSC6810-Editar-300x199.jpg 300w, https:\/\/www.maistendencia.com\/blog\/wp-content\/uploads\/2017\/01\/DSC6810-Editar-1024x678.jpg 1024w, https:\/\/www.maistendencia.com\/blog\/wp-content\/uploads\/2017\/01\/DSC6810-Editar-400x266.jpg 400w, https:\/\/www.maistendencia.com\/blog\/wp-content\/uploads\/2017\/01\/DSC6810-Editar-50x33.jpg 50w\" sizes=\"auto, (max-width: 2000px) 100vw, 2000px\" \/><\/li>\n            <\/ul>\n        <\/div>\n        \n    <\/div>\n<\/div>\n<p>Aqu\u00ed el protagonismo se lo lleva el anorak de un rojo intenso\u00a0que acompa\u00f1a a un look cl\u00e1sico pero infalible de vaqueros (al tobillo tambi\u00e9n) con jersey negro.<\/p>\n<p>Estas son solo algunas de las prendas que puedes encontrar en <strong><a href=\"http:\/\/www.ourensecentro.com\/asociados-ourense-centro\/348\/the-town-concept-store\">The TowN Concept Store<\/a><\/strong>. No dudes en pasarte por all\u00ed, encontrar\u00e1s las prendas m\u00e1s actuales (ya est\u00e1n planeando la colecci\u00f3n del pr\u00f3ximo invierno, su compromiso es traer a la ciudad lo \u00faltimo para que no tardes en vestirlo), tanto en tendencias como en fondo de armario. Una elecci\u00f3n segura.<\/p>\n<p><strong>Modelo<\/strong>: \u00c1lvaro Blanco Gonz\u00e1lez\u00a0(@alvaroobg)<\/p>\n<strong>Fotograf\u00edas de<\/strong><br\/><br\/><div style=\"width:100%;height:auto;\"><div style=\"float:left;margin:0px 10px 10px 0px;\"><img loading=\"lazy\" decoding=\"async\" src=\"https:\/\/www.maistendencia.com\/blog\/wp-content\/authors\/alexcarausan-13.jpg\" class=\"avatar photo\" alt=\"Alex Carausan\" width=\"111\" height=\"111\" \/><\/div><div style=\"padding-left:25%;\"><strong>Alex Carausan<\/strong><br\/><br\/><a href=\"mailto:\">Correo electr\u00f3nico<\/a><br\/><br\/><div class=\"author-description\"><div class=\"autor-enlaces\"><a class=\"link-web\" style=\"margin-bottom:10px;margin-right:10px\" href=\"http:\/\/www.alexcarausan.com\"  target=\"_blank\">http:\/\/www.alexcarausan.com<\/a><a class=\"link-ins\" href=\"https:\/\/www.instagram.com\/alexcarausan\/\" target=\"_blank\">https:\/\/www.instagram.com\/alexcarausan\/<\/a><\/div><\/div><\/div><\/div><div class=\"clear\"><\/div>\n","protected":false},"excerpt":{"rendered":"<p>The TowN Concept Store nace en 2015 de la mano de una pareja, Jose y Patricia, que deciden comenzar una aventura empresarial. Su proyecto consist\u00eda en traer a Ourense una marca que no hubiera. Jose&#8230;<br \/><a href=\"https:\/\/www.maistendencia.com\/blog\/the-town-concept-store-3\/\"> Continuar leyendo&#8230;<\/a><\/p>\n","protected":false},"author":24,"featured_media":3567,"comment_status":"open","ping_status":"closed","sticky":false,"template":"","format":"standard","meta":{"footnotes":""},"categories":[57,3],"tags":[354,165,520,353],"class_list":["post-3553","post","type-post","status-publish","format-standard","has-post-thumbnail","hentry","category-de-tiendas","category-moda","tag-jack-and-jones","tag-lookbook","tag-looks","tag-the-town-concept-store"],"aioseo_notices":[],"_links":{"self":[{"href":"https:\/\/www.maistendencia.com\/blog\/wp-json\/wp\/v2\/posts\/3553","targetHints":{"allow":["GET"]}}],"collection":[{"href":"https:\/\/www.maistendencia.com\/blog\/wp-json\/wp\/v2\/posts"}],"about":[{"href":"https:\/\/www.maistendencia.com\/blog\/wp-json\/wp\/v2\/types\/post"}],"author":[{"embeddable":true,"href":"https:\/\/www.maistendencia.com\/blog\/wp-json\/wp\/v2\/users\/24"}],"replies":[{"embeddable":true,"href":"https:\/\/www.maistendencia.com\/blog\/wp-json\/wp\/v2\/comments?post=3553"}],"version-history":[{"count":2,"href":"https:\/\/www.maistendencia.com\/blog\/wp-json\/wp\/v2\/posts\/3553\/revisions"}],"predecessor-version":[{"id":8990,"href":"https:\/\/www.maistendencia.com\/blog\/wp-json\/wp\/v2\/posts\/3553\/revisions\/8990"}],"wp:featuredmedia":[{"embeddable":true,"href":"https:\/\/www.maistendencia.com\/blog\/wp-json\/wp\/v2\/media\/3567"}],"wp:attachment":[{"href":"https:\/\/www.maistendencia.com\/blog\/wp-json\/wp\/v2\/media?parent=3553"}],"wp:term":[{"taxonomy":"category","embeddable":true,"href":"https:\/\/www.maistendencia.com\/blog\/wp-json\/wp\/v2\/categories?post=3553"},{"taxonomy":"post_tag","embeddable":true,"href":"https:\/\/www.maistendencia.com\/blog\/wp-json\/wp\/v2\/tags?post=3553"}],"curies":[{"name":"wp","href":"https:\/\/api.w.org\/{rel}","templated":true}]}}