{"id":3513,"date":"2017-02-07T11:04:33","date_gmt":"2017-02-07T09:04:33","guid":{"rendered":"http:\/\/www.maistendencia.com\/?p=3513"},"modified":"2019-08-13T13:59:12","modified_gmt":"2019-08-13T11:59:12","slug":"ourense-centro-rincon-de-calidad-turistica","status":"publish","type":"post","link":"https:\/\/www.maistendencia.com\/blog\/ourense-centro-rincon-de-calidad-turistica\/","title":{"rendered":"Ourense Centro: Rinc\u00f3n de Calidad Tur\u00edstica"},"content":{"rendered":"<p>La <strong>Marca Q es un distintivo de calidad<\/strong> que el Instituto para la Calidad Tur\u00edstica Espa\u00f1ola otorga a aquellos establecimientos que cumplen con sus&nbsp;criterios de calidad<del> <\/del>.<\/p>\n<p>Se requiere un demostrado compromiso del establecimiento por alcanzar la plena satisfacci\u00f3n del cliente, atendiendo sus demandas y colmando sus expectativas, ofreciendo por tanto un excelente servicio. Es imprescindible superar los requisitos &nbsp;intersectoriales, as\u00ed como distintas pruebas de car\u00e1cter objetivo.<\/p>\n<p>Solo unos 2000 establecimientos cuentan con este distintivo, reconocido nacional e internacionalmente, y <a href=\"http:\/\/www.ourensecentro.com\/\">Ourense Centro<\/a> cuenta con tres negocios galardonados con este t\u00edtulo.<\/p>\n<h2>Restaurante El Coto<\/h2>\n<figure id=\"attachment_3588\" aria-describedby=\"caption-attachment-3588\" style=\"width: 604px\" class=\"wp-caption alignnone\"><img loading=\"lazy\" decoding=\"async\" class=\"wp-image-3588 size-large\" title=\"Restaurante El Coto\" src=\"https:\/\/www.maistendencia.com\/blog\/wp-content\/uploads\/2017\/02\/DSC7100-1024x678.jpg\" alt=\"Restaurante El Coto Ourense\" width=\"604\" height=\"400\" srcset=\"https:\/\/www.maistendencia.com\/blog\/wp-content\/uploads\/2017\/02\/DSC7100-1024x678.jpg 1024w, https:\/\/www.maistendencia.com\/blog\/wp-content\/uploads\/2017\/02\/DSC7100-300x199.jpg 300w, https:\/\/www.maistendencia.com\/blog\/wp-content\/uploads\/2017\/02\/DSC7100-400x266.jpg 400w, https:\/\/www.maistendencia.com\/blog\/wp-content\/uploads\/2017\/02\/DSC7100-50x33.jpg 50w, https:\/\/www.maistendencia.com\/blog\/wp-content\/uploads\/2017\/02\/DSC7100.jpg 2000w\" sizes=\"auto, (max-width: 604px) 100vw, 604px\" \/><figcaption id=\"caption-attachment-3588\" class=\"wp-caption-text\">El Coto. R\u00faa Reza n\u00ba11<\/figcaption><\/figure>\n<p>Tras treinta a\u00f1os en el negocio hostelero, el equipo siempre se ha caracterizado por su minuciosidad y cuidado respecto al producto y al servicio.<\/p>\n<p>Este reconocimiento representa para ellos un aliciente para continuar poniendo todo su esfuerzo y cari\u00f1o en su restaurante, perfeccionando a\u00fan m\u00e1s los detalles con comprobaciones de calidad constantes y formaci\u00f3n para los empleados.<\/p>\n<p>Afirman que tras recibir la <strong>Q de Calidad han notado una gran afluencia de nuevos clientes<\/strong>, que ven en ellos una garant\u00eda de calidad de producto y atenci\u00f3n, recomend\u00e1ndolo a familiares y amigos.<\/p>\n<p>Adem\u00e1s cuentan con el certificado Galicia Calidade y esta misma semana han recibido el <strong>Premio Plato de Oro<\/strong>.<\/p>\n<h2>Tamarindo Casa Cocina y Patio Bar<\/h2>\n<figure id=\"attachment_3586\" aria-describedby=\"caption-attachment-3586\" style=\"width: 604px\" class=\"wp-caption alignnone\"><img loading=\"lazy\" decoding=\"async\" class=\"wp-image-3586 size-large\" title=\"Tamarindo\" src=\"https:\/\/www.maistendencia.com\/blog\/wp-content\/uploads\/2017\/02\/DSC7078-1024x678.jpg\" alt=\"Tamarindo\" width=\"604\" height=\"400\" srcset=\"https:\/\/www.maistendencia.com\/blog\/wp-content\/uploads\/2017\/02\/DSC7078-1024x678.jpg 1024w, https:\/\/www.maistendencia.com\/blog\/wp-content\/uploads\/2017\/02\/DSC7078-300x199.jpg 300w, https:\/\/www.maistendencia.com\/blog\/wp-content\/uploads\/2017\/02\/DSC7078-400x266.jpg 400w, https:\/\/www.maistendencia.com\/blog\/wp-content\/uploads\/2017\/02\/DSC7078-50x33.jpg 50w, https:\/\/www.maistendencia.com\/blog\/wp-content\/uploads\/2017\/02\/DSC7078.jpg 2000w\" sizes=\"auto, (max-width: 604px) 100vw, 604px\" \/><figcaption id=\"caption-attachment-3586\" class=\"wp-caption-text\">Tamarindo. Rub\u00e9n Gil Dom\u00ednguez, gerente. Plaza Mayor<\/figcaption><\/figure>\n<p>Tamarindo acaba de recibir la Q de Calidad con una gran alegr\u00eda y satisfacci\u00f3n. Para ellos no solo representa el reconocimiento a su \u00abbuen hacer, gesti\u00f3n, calidad humana y atenci\u00f3n al producto, desde que este se encarga hasta que el cliente lo tiene en la mesa\u00bb; sino tambi\u00e9n un incentivo para seguir trabajando.<\/p>\n<p>Todo pasa constantes controles y ex\u00e1menes, desde los albaranes hasta la temperatura de almacenamiento del producto, ofreciendo as\u00ed al cliente una garant\u00eda de calidad en todos los \u00e1mbitos.<\/p>\n<h2>Viaxes Compostela<\/h2>\n<figure id=\"attachment_3587\" aria-describedby=\"caption-attachment-3587\" style=\"width: 604px\" class=\"wp-caption alignnone\"><img loading=\"lazy\" decoding=\"async\" class=\"wp-image-3587 size-large\" title=\"Viaxes Compostela\" src=\"https:\/\/www.maistendencia.com\/blog\/wp-content\/uploads\/2017\/02\/DSC7094-1024x678.jpg\" alt=\"Viaxes Compostela\" width=\"604\" height=\"400\" srcset=\"https:\/\/www.maistendencia.com\/blog\/wp-content\/uploads\/2017\/02\/DSC7094-1024x678.jpg 1024w, https:\/\/www.maistendencia.com\/blog\/wp-content\/uploads\/2017\/02\/DSC7094-300x199.jpg 300w, https:\/\/www.maistendencia.com\/blog\/wp-content\/uploads\/2017\/02\/DSC7094-400x266.jpg 400w, https:\/\/www.maistendencia.com\/blog\/wp-content\/uploads\/2017\/02\/DSC7094-50x33.jpg 50w, https:\/\/www.maistendencia.com\/blog\/wp-content\/uploads\/2017\/02\/DSC7094.jpg 2000w\" sizes=\"auto, (max-width: 604px) 100vw, 604px\" \/><figcaption id=\"caption-attachment-3587\" class=\"wp-caption-text\">Viaxes Compostela. R\u00faa Concordia n\u00ba13<\/figcaption><\/figure>\n<p>Esta agencia cuenta con la Q de Calidad desde hace tres a\u00f1os, habi\u00e9ndolo renovado este mismo a\u00f1o.<\/p>\n<p>Ellas se muestran orgullosas por este reconocimiento y declaran que como agencia minoritaria, su forma de mimar al cliente es clave.Para ello ofrecen servicios y atenci\u00f3n personalizada, algo que las distingue de las agencias online, y se aseguran de que el viajero se lleva la mejor experiencia.<\/p>\n<p>Adem\u00e1s, afirman que el boca-a-oreja funciona de maravilla en nuestra ciudad y ese servicio es muy agradecido.<\/p>\n<p>Estos son tres de los establecimientos a los que el Instituto para la Calidad Tur\u00edstica Espa\u00f1ola ha dado su reconocimiento. Ahora es tu turno: vis\u00edtales y dales tu propio sello de calidad.<\/p>\n<strong>Fotograf\u00edas de<\/strong><br\/><br\/><div style=\"width:100%;height:auto;\"><div style=\"float:left;margin:0px 10px 10px 0px;\"><img loading=\"lazy\" decoding=\"async\" src=\"https:\/\/www.maistendencia.com\/blog\/wp-content\/authors\/alexcarausan-13.jpg\" class=\"avatar photo\" alt=\"Alex Carausan\" width=\"111\" height=\"111\" \/><\/div><div style=\"padding-left:25%;\"><strong>Alex Carausan<\/strong><br\/><br\/><a href=\"mailto:\">Correo electr\u00f3nico<\/a><br\/><br\/><div class=\"author-description\"><div class=\"autor-enlaces\"><a class=\"link-web\" style=\"margin-bottom:10px;margin-right:10px\" href=\"http:\/\/www.alexcarausan.com\"  target=\"_blank\">http:\/\/www.alexcarausan.com<\/a><a class=\"link-ins\" href=\"https:\/\/www.instagram.com\/alexcarausan\/\" target=\"_blank\">https:\/\/www.instagram.com\/alexcarausan\/<\/a><\/div><\/div><\/div><\/div><div class=\"clear\"><\/div>\n","protected":false},"excerpt":{"rendered":"<p>La Marca Q es un distintivo de calidad que el Instituto para la Calidad Tur\u00edstica Espa\u00f1ola otorga a aquellos establecimientos que cumplen con sus&nbsp;criterios de calidad . Se requiere un demostrado compromiso del establecimiento por&#8230;<br \/><a href=\"https:\/\/www.maistendencia.com\/blog\/ourense-centro-rincon-de-calidad-turistica\/\"> Continuar leyendo&#8230;<\/a><\/p>\n","protected":false},"author":24,"featured_media":3596,"comment_status":"open","ping_status":"closed","sticky":false,"template":"","format":"standard","meta":{"footnotes":""},"categories":[57],"tags":[358,146,441,137,262],"class_list":["post-3513","post","type-post","status-publish","format-standard","has-post-thumbnail","hentry","category-de-tiendas","tag-el-coto","tag-ourense-centro","tag-restaurante","tag-tamarindo","tag-viaxes-compostela"],"aioseo_notices":[],"_links":{"self":[{"href":"https:\/\/www.maistendencia.com\/blog\/wp-json\/wp\/v2\/posts\/3513","targetHints":{"allow":["GET"]}}],"collection":[{"href":"https:\/\/www.maistendencia.com\/blog\/wp-json\/wp\/v2\/posts"}],"about":[{"href":"https:\/\/www.maistendencia.com\/blog\/wp-json\/wp\/v2\/types\/post"}],"author":[{"embeddable":true,"href":"https:\/\/www.maistendencia.com\/blog\/wp-json\/wp\/v2\/users\/24"}],"replies":[{"embeddable":true,"href":"https:\/\/www.maistendencia.com\/blog\/wp-json\/wp\/v2\/comments?post=3513"}],"version-history":[{"count":1,"href":"https:\/\/www.maistendencia.com\/blog\/wp-json\/wp\/v2\/posts\/3513\/revisions"}],"predecessor-version":[{"id":7130,"href":"https:\/\/www.maistendencia.com\/blog\/wp-json\/wp\/v2\/posts\/3513\/revisions\/7130"}],"wp:featuredmedia":[{"embeddable":true,"href":"https:\/\/www.maistendencia.com\/blog\/wp-json\/wp\/v2\/media\/3596"}],"wp:attachment":[{"href":"https:\/\/www.maistendencia.com\/blog\/wp-json\/wp\/v2\/media?parent=3513"}],"wp:term":[{"taxonomy":"category","embeddable":true,"href":"https:\/\/www.maistendencia.com\/blog\/wp-json\/wp\/v2\/categories?post=3513"},{"taxonomy":"post_tag","embeddable":true,"href":"https:\/\/www.maistendencia.com\/blog\/wp-json\/wp\/v2\/tags?post=3513"}],"curies":[{"name":"wp","href":"https:\/\/api.w.org\/{rel}","templated":true}]}}