{"id":3193,"date":"2016-12-16T14:38:40","date_gmt":"2016-12-16T12:38:40","guid":{"rendered":"http:\/\/www.maistendencia.com\/?p=3193"},"modified":"2019-08-12T09:46:09","modified_gmt":"2019-08-12T07:46:09","slug":"solidaridad-sobre-ruedas-en-ourense-centro","status":"publish","type":"post","link":"https:\/\/www.maistendencia.com\/blog\/solidaridad-sobre-ruedas-en-ourense-centro\/","title":{"rendered":"Solidaridad sobre ruedas en Ourense Centro"},"content":{"rendered":"<p>Sabemos que este fin de semana toca hacer compras: decoraci\u00f3n navide\u00f1a de \u00faltima hora, esos regalos que se te resisten (si necesitas ideas, no lo dudes y <a href=\"http:\/\/www.ourensecentro.com\/propuestas-regalos-navidad-2016\">consulta el cat\u00e1logo de Ourense Centro<\/a>, las mejores ideas a un solo click)&#8230;<\/p>\n<p>Pero seguro que tienes tiempo para tomarte un descanso. Y tenemos una sugerencia&#8230; Que disfrutes la <strong>concentraci\u00f3n y el desfile de coches cl\u00e1sicos que forman parte de la <a href=\"http:\/\/www.ourensecentro.com\/noticias\/293\/o-iii-rallye-solidario-converteu-ourense-na-capital-galega-do-motor-clasico\">Ruta Urbana Solidaria, 100 veh\u00edculos, 1000 kilos<\/a><\/strong>, que organiza CCA Ourense Centro en colaboraci\u00f3n con la <a href=\"http:\/\/www.clasicosourense.com\/\">Escuder\u00eda Ourensana de Cl\u00e1sicos<\/a>.<\/p>\n<figure id=\"attachment_3195\" aria-describedby=\"caption-attachment-3195\" style=\"width: 604px\" class=\"wp-caption alignnone\"><img loading=\"lazy\" decoding=\"async\" class=\"size-large wp-image-3195\" src=\"http:\/\/www.maistendencia.com\/wp-content\/uploads\/2016\/12\/PC1975482-1024x603.jpg\" alt=\"Rally Solidario Ourense Centro y Escuder\u00eda de Cl\u00e1sicos 2015\" width=\"604\" height=\"356\" srcset=\"https:\/\/www.maistendencia.com\/blog\/wp-content\/uploads\/2016\/12\/PC1975482-1024x603.jpg 1024w, https:\/\/www.maistendencia.com\/blog\/wp-content\/uploads\/2016\/12\/PC1975482-300x177.jpg 300w\" sizes=\"auto, (max-width: 604px) 100vw, 604px\" \/><figcaption id=\"caption-attachment-3195\" class=\"wp-caption-text\">Rallye Solidario 2015<\/figcaption><\/figure>\n<h2>Rally urb\u00e1n solidario Ourense<\/h2>\n<p>Este es un evento habitual en las navidades ourensanas y no solo alegran y dinamizan las calles, sorprendiendo a grandes y peque\u00f1os con su estilo, luces y colorido, sino que tambi\u00e9n tiene un car\u00e1cter solidario, tan necesario sobre todo en estas fechas.<\/p>\n<p>Por ello, <strong>cada coche aportar\u00e1 diez kilos de comida<\/strong>, aspir\u00e1ndose a llegar a los mil kilos con cien coches: una tonelada de alimentos no perecederos que ser\u00e1n donados al Banco de Alimentos de Ourense.<\/p>\n<p><img loading=\"lazy\" decoding=\"async\" class=\"alignnone size-large wp-image-3197\" src=\"http:\/\/www.maistendencia.com\/wp-content\/uploads\/2016\/12\/15369947_10155573010068626_1458582217362084803_o-741x1024.jpg\" alt=\"rallye solidario ourense centro\" width=\"604\" height=\"835\" srcset=\"https:\/\/www.maistendencia.com\/blog\/wp-content\/uploads\/2016\/12\/15369947_10155573010068626_1458582217362084803_o-741x1024.jpg 741w, https:\/\/www.maistendencia.com\/blog\/wp-content\/uploads\/2016\/12\/15369947_10155573010068626_1458582217362084803_o-217x300.jpg 217w, https:\/\/www.maistendencia.com\/blog\/wp-content\/uploads\/2016\/12\/15369947_10155573010068626_1458582217362084803_o.jpg 1158w\" sizes=\"auto, (max-width: 604px) 100vw, 604px\" \/><\/p>\n<p>A partir de las 16:30 comenzaran a llegar los veh\u00edculos para posteriormente a las 18.00h\u00a0 estar \u00a0Concentrados en la Plaza Mayor donde a las 18.30 h comenzar\u00e1n su ruta por las principales calles del centro de Ourense para regresar de nuevo a la Plaza Mayor.<\/p>\n<p>Ac\u00e9rcate a verlos o sigue su desfile urbano y marav\u00edllate ante estas aut\u00e9nticas <strong>piezas de historia automovil\u00edstica<\/strong> recorriendo nuestra ciudad.<\/p>\n","protected":false},"excerpt":{"rendered":"<p>Sabemos que este fin de semana toca hacer compras: decoraci\u00f3n navide\u00f1a de \u00faltima hora, esos regalos que se te resisten (si necesitas ideas, no lo dudes y consulta el cat\u00e1logo de Ourense Centro, las mejores&#8230;<br \/><a href=\"https:\/\/www.maistendencia.com\/blog\/solidaridad-sobre-ruedas-en-ourense-centro\/\"> Continuar leyendo&#8230;<\/a><\/p>\n","protected":false},"author":24,"featured_media":3196,"comment_status":"open","ping_status":"closed","sticky":false,"template":"","format":"standard","meta":{"footnotes":""},"categories":[7],"tags":[147,66,63],"class_list":["post-3193","post","type-post","status-publish","format-standard","has-post-thumbnail","hentry","category-ocio","tag-centro-comercial-aberto-ourense-centro","tag-galicia","tag-ourense"],"aioseo_notices":[],"_links":{"self":[{"href":"https:\/\/www.maistendencia.com\/blog\/wp-json\/wp\/v2\/posts\/3193","targetHints":{"allow":["GET"]}}],"collection":[{"href":"https:\/\/www.maistendencia.com\/blog\/wp-json\/wp\/v2\/posts"}],"about":[{"href":"https:\/\/www.maistendencia.com\/blog\/wp-json\/wp\/v2\/types\/post"}],"author":[{"embeddable":true,"href":"https:\/\/www.maistendencia.com\/blog\/wp-json\/wp\/v2\/users\/24"}],"replies":[{"embeddable":true,"href":"https:\/\/www.maistendencia.com\/blog\/wp-json\/wp\/v2\/comments?post=3193"}],"version-history":[{"count":1,"href":"https:\/\/www.maistendencia.com\/blog\/wp-json\/wp\/v2\/posts\/3193\/revisions"}],"predecessor-version":[{"id":6917,"href":"https:\/\/www.maistendencia.com\/blog\/wp-json\/wp\/v2\/posts\/3193\/revisions\/6917"}],"wp:featuredmedia":[{"embeddable":true,"href":"https:\/\/www.maistendencia.com\/blog\/wp-json\/wp\/v2\/media\/3196"}],"wp:attachment":[{"href":"https:\/\/www.maistendencia.com\/blog\/wp-json\/wp\/v2\/media?parent=3193"}],"wp:term":[{"taxonomy":"category","embeddable":true,"href":"https:\/\/www.maistendencia.com\/blog\/wp-json\/wp\/v2\/categories?post=3193"},{"taxonomy":"post_tag","embeddable":true,"href":"https:\/\/www.maistendencia.com\/blog\/wp-json\/wp\/v2\/tags?post=3193"}],"curies":[{"name":"wp","href":"https:\/\/api.w.org\/{rel}","templated":true}]}}