{"id":3097,"date":"2016-12-09T12:54:48","date_gmt":"2016-12-09T10:54:48","guid":{"rendered":"http:\/\/www.maistendencia.com\/?p=3097"},"modified":"2019-08-12T10:15:36","modified_gmt":"2019-08-12T08:15:36","slug":"schreck-casi-100-anos-de-fotografia-en-ourense","status":"publish","type":"post","link":"https:\/\/www.maistendencia.com\/blog\/schreck-casi-100-anos-de-fotografia-en-ourense\/","title":{"rendered":"Schreck: Casi 100 a\u00f1os de fotograf\u00eda en Ourense"},"content":{"rendered":"<p>Hay un apellido\u00a0que lleva sonando casi un siglo cuando se habla de <strong>fotograf\u00eda en Ourense<\/strong>: <a href=\"http:\/\/www.schreck.es\/\" target=\"_blank\" rel=\"noopener noreferrer\">Schreck<\/a>. Son miles los ourensanos que han pasado por delante de los objetivos de sus c\u00e1maras, ya fuese para posar para <strong>retratos, reportajes de bodas, bautizos y comuniones<\/strong> o simplemente para algo tan cotidiano como las <strong>fotograf\u00edas de carnet<\/strong>.<\/p>\n<p>Los <a href=\"http:\/\/www.ourensecentro.com\/asociados-ourense-centro\/175\/foto-ernesto-schreck\" target=\"_blank\" rel=\"noopener noreferrer\"><strong>Schreck<\/strong><\/a><strong> llevan casi cien a\u00f1os retratando la sociedad ourensana<\/strong>, habiendo posado para ellos varias generaciones de la misma familia,un claro reflejo de ellos mismos y su historia.<\/p>\n<figure id=\"attachment_3111\" aria-describedby=\"caption-attachment-3111\" style=\"width: 604px\" class=\"wp-caption alignnone\"><img loading=\"lazy\" decoding=\"async\" class=\"size-large wp-image-3111\" src=\"http:\/\/www.maistendencia.com\/wp-content\/uploads\/2016\/12\/Raquel-Rivera-web-1024x429.jpg\" alt=\"Tres generaciones de la familia Rivera: Julio, Raquel (hija de Julio), y Alvaro 8hijo de Raquel)\" width=\"604\" height=\"253\" srcset=\"https:\/\/www.maistendencia.com\/blog\/wp-content\/uploads\/2016\/12\/Raquel-Rivera-web-1024x429.jpg 1024w, https:\/\/www.maistendencia.com\/blog\/wp-content\/uploads\/2016\/12\/Raquel-Rivera-web-300x126.jpg 300w\" sizes=\"auto, (max-width: 604px) 100vw, 604px\" \/><figcaption id=\"caption-attachment-3111\" class=\"wp-caption-text\">Tres generaciones de la familia Rivera: Julio, Raquel (hija de Julio), y Alvaro (hijo de Raquel)<\/figcaption><\/figure>\n<p>Ernesto Schreck Sch\u00fclz naci\u00f3 en 1897 en un peque\u00f1o pueblo alem\u00e1n a las orillas del r\u00edo Oder que tras la Primera Guerra Guerra Mundial fue anexionado a Polonia.<\/p>\n<p>En los albores de los a\u00f1os veinte deja su pa\u00eds tras haber participado en la guerra, aunque\u00a0ejerci\u00f3 m\u00e1s de fot\u00f3grafo que de soldado en las trincheras y se enorgullec\u00eda de no haber disparado una sola vez el arma.<\/p>\n<p>Tras un breve paso por Austria y Dinamarca, sus primeras paradas en Espa\u00f1a son Barcelona y Zaragoza.<\/p>\n<p>Si bien hab\u00eda estado trabajando como fot\u00f3grafo desde que sali\u00f3 de Alemania, es aqu\u00ed d\u00f3nde reafirma su amor por este arte y aprende las t\u00e9cnicas que despuntaban en ese momento, siempre combinadas con la labor m\u00e1s artesanal.<\/p>\n<figure id=\"attachment_3113\" aria-describedby=\"caption-attachment-3113\" style=\"width: 604px\" class=\"wp-caption alignnone\"><img loading=\"lazy\" decoding=\"async\" class=\"wp-image-3113 size-large\" src=\"http:\/\/www.maistendencia.com\/wp-content\/uploads\/2016\/12\/Magazine-book-15_2-671x1024.jpg\" alt=\"Alberto Muro, bisabuelo del actual Ernesto Schreck\" width=\"604\" height=\"922\" srcset=\"https:\/\/www.maistendencia.com\/blog\/wp-content\/uploads\/2016\/12\/Magazine-book-15_2-671x1024.jpg 671w, https:\/\/www.maistendencia.com\/blog\/wp-content\/uploads\/2016\/12\/Magazine-book-15_2-197x300.jpg 197w, https:\/\/www.maistendencia.com\/blog\/wp-content\/uploads\/2016\/12\/Magazine-book-15_2.jpg 2010w\" sizes=\"auto, (max-width: 604px) 100vw, 604px\" \/><figcaption id=\"caption-attachment-3113\" class=\"wp-caption-text\">Alberto Muro, bisabuelo del actual Ernesto Schreck<\/figcaption><\/figure>\n<p>En Logro\u00f1o entra a formar parte del taller de un importante profesional, Alberto Muro (cuyo sucesor hab\u00eda sido fot\u00f3grafo de la Familia Real), qui\u00e9n al poco tiempo se convierte en su suegro, al casarse Ernesto con su hija Adoraci\u00f3n.<\/p>\n<p>La familia Muro en s\u00ed misma contaba con una amplia tradici\u00f3n de fot\u00f3grafos, ya que el abuelo, padre y hermano de Alberto tambi\u00e9n ejerc\u00edan esta profesi\u00f3n.<\/p>\n<p>Por tanto, si bien la familia Schreck actual es la tercera generaci\u00f3n en Ourense, es en parte la quinta de Espa\u00f1a dedicada a la fotograf\u00eda.<\/p>\n<figure id=\"attachment_3102\" aria-describedby=\"caption-attachment-3102\" style=\"width: 604px\" class=\"wp-caption alignnone\"><img loading=\"lazy\" decoding=\"async\" class=\"wp-image-3102 size-large\" src=\"http:\/\/www.maistendencia.com\/wp-content\/uploads\/2016\/12\/Magazine-book-15_3-1024x707.jpg\" alt=\"Ernesto y Adoraci\u00f3n\" width=\"604\" height=\"417\" srcset=\"https:\/\/www.maistendencia.com\/blog\/wp-content\/uploads\/2016\/12\/Magazine-book-15_3-1024x707.jpg 1024w, https:\/\/www.maistendencia.com\/blog\/wp-content\/uploads\/2016\/12\/Magazine-book-15_3-300x207.jpg 300w, https:\/\/www.maistendencia.com\/blog\/wp-content\/uploads\/2016\/12\/Magazine-book-15_3.jpg 1415w\" sizes=\"auto, (max-width: 604px) 100vw, 604px\" \/><figcaption id=\"caption-attachment-3102\" class=\"wp-caption-text\">Ernesto y Adoraci\u00f3n<\/figcaption><\/figure>\n<p>El matrimonio se traslada a Ourense en 1922, ocupando el local que otro fot\u00f3grafo, Samaniego, traspasaba. Poco a poco van adquiriendo prestigio y notoriedad en la ciudad y especialmente en el centro, aunque la consolidaci\u00f3n fue lenta debido a la competencia. No obstante, una vez el negocio empez\u00f3 a prosperar comenz\u00f3 un ascenso que no cesar\u00eda.<\/p>\n<figure id=\"attachment_3103\" aria-describedby=\"caption-attachment-3103\" style=\"width: 604px\" class=\"wp-caption alignnone\"><img loading=\"lazy\" decoding=\"async\" class=\"size-large wp-image-3103\" src=\"http:\/\/www.maistendencia.com\/wp-content\/uploads\/2016\/12\/Magazine-book-15_4-1024x696.jpg\" alt=\"Fachada del local en 1922, reci\u00e9n llegados a Ourense\" width=\"604\" height=\"411\" srcset=\"https:\/\/www.maistendencia.com\/blog\/wp-content\/uploads\/2016\/12\/Magazine-book-15_4-1024x696.jpg 1024w, https:\/\/www.maistendencia.com\/blog\/wp-content\/uploads\/2016\/12\/Magazine-book-15_4-300x204.jpg 300w, https:\/\/www.maistendencia.com\/blog\/wp-content\/uploads\/2016\/12\/Magazine-book-15_4-50x33.jpg 50w, https:\/\/www.maistendencia.com\/blog\/wp-content\/uploads\/2016\/12\/Magazine-book-15_4.jpg 1592w\" sizes=\"auto, (max-width: 604px) 100vw, 604px\" \/><figcaption id=\"caption-attachment-3103\" class=\"wp-caption-text\">Fachada del local en 1922, reci\u00e9n llegados a Ourense<\/figcaption><\/figure>\n<p>Pese a las dificultades del idioma, Ernesto, conocido como \u00abEl Alem\u00e1n\u00bb enseguida se adapt\u00f3 a la vida en la ciudad y se hizo un hueco entre los grandes fot\u00f3grafos ourensanos, destacando, en palabras de su hijo, \u00absu enorme laboriosidad y capacidad inventiva y creativa propia de los pa\u00edses del norte de Europa\u00bb.<\/p>\n<p>Por ello sus trabajos fueron reconocidos y valorados por los clientes y esto le permiti\u00f3 ampliar el local, que hasta entonces hab\u00eda sido tambi\u00e9n el domicilio familiar, pasando a ocupar el laboratorio el sitio del jard\u00edn de la casa.<\/p>\n<p>Los Schreck siguieron progresando pese a las dificultades de la Guerra Civil espa\u00f1ola (enfrent\u00e1ndose a la falta de recursos fabric\u00e1ndose gran parte de los productos qu\u00edmicos del laboratorio e importando el papel directamente desde Alemania) y llegaron los a\u00f1os dorados del negocio.<\/p>\n<figure id=\"attachment_3104\" aria-describedby=\"caption-attachment-3104\" style=\"width: 604px\" class=\"wp-caption alignnone\"><img loading=\"lazy\" decoding=\"async\" class=\"size-large wp-image-3104\" src=\"http:\/\/www.maistendencia.com\/wp-content\/uploads\/2016\/12\/Magazine-book-15_6-678x1024.jpg\" alt=\"Ernesto Schreck Muro\" width=\"604\" height=\"912\" srcset=\"https:\/\/www.maistendencia.com\/blog\/wp-content\/uploads\/2016\/12\/Magazine-book-15_6-678x1024.jpg 678w, https:\/\/www.maistendencia.com\/blog\/wp-content\/uploads\/2016\/12\/Magazine-book-15_6-199x300.jpg 199w, https:\/\/www.maistendencia.com\/blog\/wp-content\/uploads\/2016\/12\/Magazine-book-15_6.jpg 1660w\" sizes=\"auto, (max-width: 604px) 100vw, 604px\" \/><figcaption id=\"caption-attachment-3104\" class=\"wp-caption-text\">Ernesto Schreck Muro (hijo de Ernesto y Adoraci\u00f3n)<\/figcaption><\/figure>\n<p>Durante esta \u00e9poca llegaron a trabajar hasta nueve personas en el laboratorio y fue Ernesto hijo qui\u00e9n se hizo cargo del negocio.<\/p>\n<p>Esta fue la era del progresivo paso a la fotograf\u00eda en color y la agilizaci\u00f3n de los plazos de entrega, con lo que el volumen de trabajo se multiplic\u00f3.<\/p>\n<p>Este \u00e9xito era especialmente patente en la <strong>temporada de comuniones<\/strong> (celebradas durante el Corpus y la Ascensi\u00f3n), lo cual llevaba a jornadas maratonianas en las que los cuatro hijos trabajaban en la tienda dando n\u00famero en la entrada, peinando a los ni\u00f1os, moviendo los fondos y decorados, etc.<\/p>\n<p>Dado que los fines de semana no hab\u00eda cita previa, en primavera y verano era habitual estar hasta las nueve o diez de la noche retratando clientes.<\/p>\n<figure id=\"attachment_3105\" aria-describedby=\"caption-attachment-3105\" style=\"width: 604px\" class=\"wp-caption alignnone\"><img loading=\"lazy\" decoding=\"async\" class=\"size-large wp-image-3105\" src=\"http:\/\/www.maistendencia.com\/wp-content\/uploads\/2016\/12\/Magazine-book-15_42-1024x682.jpg\" alt=\"Fachada del local entre 1941 y 1970\" width=\"604\" height=\"402\" srcset=\"https:\/\/www.maistendencia.com\/blog\/wp-content\/uploads\/2016\/12\/Magazine-book-15_42-1024x682.jpg 1024w, https:\/\/www.maistendencia.com\/blog\/wp-content\/uploads\/2016\/12\/Magazine-book-15_42-300x200.jpg 300w, https:\/\/www.maistendencia.com\/blog\/wp-content\/uploads\/2016\/12\/Magazine-book-15_42-400x266.jpg 400w, https:\/\/www.maistendencia.com\/blog\/wp-content\/uploads\/2016\/12\/Magazine-book-15_42-50x33.jpg 50w, https:\/\/www.maistendencia.com\/blog\/wp-content\/uploads\/2016\/12\/Magazine-book-15_42.jpg 1597w\" sizes=\"auto, (max-width: 604px) 100vw, 604px\" \/><figcaption id=\"caption-attachment-3105\" class=\"wp-caption-text\">Fachada del local entre 1941 y 1970<\/figcaption><\/figure>\n<p>Pronto la tercera generaci\u00f3n se incorpor\u00f3 al negocio, llegando a coincidir los tres Ernestos, abuelo, hijo y nieto, turn\u00e1ndose para asistir a congresos y talleres de trabajo e incorporando nuevos procesos de acabado fotogr\u00e1fico, como el laminado, termosellado, texturizado e incluso enmarcado.<\/p>\n<p>Ernesto nieto asist\u00eda tambi\u00e9n a la Escuela de Artes y Oficios de Ourense, adem\u00e1s de a talleres y seminarios incluso en el extranjero , pero su mejor escuela estaba dentro, aprendiendo todo el proceso desde la concepci\u00f3n de la fotograf\u00eda hasta la entrega al cliente. Ahora contin\u00faa la labor de su familia.<\/p>\n<figure id=\"attachment_3109\" aria-describedby=\"caption-attachment-3109\" style=\"width: 604px\" class=\"wp-caption alignnone\"><img loading=\"lazy\" decoding=\"async\" class=\"size-large wp-image-3109\" src=\"http:\/\/www.maistendencia.com\/wp-content\/uploads\/2016\/12\/DSC9536-1024x681.jpg\" alt=\"Ernesto Schreck, tercera generaci\u00f3n\" width=\"604\" height=\"402\" srcset=\"https:\/\/www.maistendencia.com\/blog\/wp-content\/uploads\/2016\/12\/DSC9536-1024x681.jpg 1024w, https:\/\/www.maistendencia.com\/blog\/wp-content\/uploads\/2016\/12\/DSC9536-300x200.jpg 300w, https:\/\/www.maistendencia.com\/blog\/wp-content\/uploads\/2016\/12\/DSC9536-400x266.jpg 400w, https:\/\/www.maistendencia.com\/blog\/wp-content\/uploads\/2016\/12\/DSC9536-50x33.jpg 50w, https:\/\/www.maistendencia.com\/blog\/wp-content\/uploads\/2016\/12\/DSC9536.jpg 1500w\" sizes=\"auto, (max-width: 604px) 100vw, 604px\" \/><figcaption id=\"caption-attachment-3109\" class=\"wp-caption-text\">Ernesto Schreck en la actualidad (tercera generaci\u00f3n)<\/figcaption><\/figure>\n<p>El gran cambio de la fotograf\u00eda qu\u00edmica hasta la digital fue llevado como una transici\u00f3n suave pero firme desde los cimientos de la fotograf\u00eda m\u00e1s tradicional en los que hab\u00eda nacido y crecido el taller hasta adaptarse totalmente a las demandas de los nuevos clientes, contando para ello con la mejor tecnolog\u00eda y t\u00e9cnica.<\/p>\n<p>No obstante, la esencia Schreck que se ha pasado de generaci\u00f3n a generaci\u00f3n, la vocaci\u00f3n, el esfuerzo, el cari\u00f1o y la atenci\u00f3n a los detalles contin\u00faan presentes tanto en el papel como en la pantalla y gracias a eso el estudio mantiene el \u00e9xito y la fama que han cosechado a lo largo de casi un siglo.<\/p>\n<p>Y t\u00fa, \u00bfhas posado para Ernesto Schreck? An\u00edmate a compartir tu experiencia con nosotros<\/p>\n","protected":false},"excerpt":{"rendered":"<p>Hay un apellido\u00a0que lleva sonando casi un siglo cuando se habla de fotograf\u00eda en Ourense: Schreck. Son miles los ourensanos que han pasado por delante de los objetivos de sus c\u00e1maras, ya fuese para posar&#8230;<br \/><a href=\"https:\/\/www.maistendencia.com\/blog\/schreck-casi-100-anos-de-fotografia-en-ourense\/\"> Continuar leyendo&#8230;<\/a><\/p>\n","protected":false},"author":24,"featured_media":3108,"comment_status":"open","ping_status":"closed","sticky":false,"template":"","format":"standard","meta":{"footnotes":""},"categories":[57],"tags":[291,226,162,310,146,87],"class_list":["post-3097","post","type-post","status-publish","format-standard","has-post-thumbnail","hentry","category-de-tiendas","tag-cca","tag-ceremonia","tag-fotografia","tag-fotografo","tag-ourense-centro","tag-tiendas"],"aioseo_notices":[],"_links":{"self":[{"href":"https:\/\/www.maistendencia.com\/blog\/wp-json\/wp\/v2\/posts\/3097","targetHints":{"allow":["GET"]}}],"collection":[{"href":"https:\/\/www.maistendencia.com\/blog\/wp-json\/wp\/v2\/posts"}],"about":[{"href":"https:\/\/www.maistendencia.com\/blog\/wp-json\/wp\/v2\/types\/post"}],"author":[{"embeddable":true,"href":"https:\/\/www.maistendencia.com\/blog\/wp-json\/wp\/v2\/users\/24"}],"replies":[{"embeddable":true,"href":"https:\/\/www.maistendencia.com\/blog\/wp-json\/wp\/v2\/comments?post=3097"}],"version-history":[{"count":1,"href":"https:\/\/www.maistendencia.com\/blog\/wp-json\/wp\/v2\/posts\/3097\/revisions"}],"predecessor-version":[{"id":6923,"href":"https:\/\/www.maistendencia.com\/blog\/wp-json\/wp\/v2\/posts\/3097\/revisions\/6923"}],"wp:featuredmedia":[{"embeddable":true,"href":"https:\/\/www.maistendencia.com\/blog\/wp-json\/wp\/v2\/media\/3108"}],"wp:attachment":[{"href":"https:\/\/www.maistendencia.com\/blog\/wp-json\/wp\/v2\/media?parent=3097"}],"wp:term":[{"taxonomy":"category","embeddable":true,"href":"https:\/\/www.maistendencia.com\/blog\/wp-json\/wp\/v2\/categories?post=3097"},{"taxonomy":"post_tag","embeddable":true,"href":"https:\/\/www.maistendencia.com\/blog\/wp-json\/wp\/v2\/tags?post=3097"}],"curies":[{"name":"wp","href":"https:\/\/api.w.org\/{rel}","templated":true}]}}