{"id":2309,"date":"2016-04-21T10:27:52","date_gmt":"2016-04-21T08:27:52","guid":{"rendered":"http:\/\/www.maistendencia.com\/?p=2309"},"modified":"2022-02-07T13:54:44","modified_gmt":"2022-02-07T11:54:44","slug":"dia-madre-que-fue-collares-macarrones","status":"publish","type":"post","link":"https:\/\/www.maistendencia.com\/blog\/dia-madre-que-fue-collares-macarrones\/","title":{"rendered":"<span class=\"antetitulo\">D\u00eda de la Madre<\/span><br\/> 1 de Mayo: \u00bfQu\u00e9 fue de los collares de macarrones?"},"content":{"rendered":"<p>\u00a1Uno de Mayo! Otra vez, s\u00ed, otra vez\u2026es lo que tiene el tiempo, que transcurre r\u00e1pida e \u00a0inexorablemente \u2026 Y nada, que llega el d\u00eda de la madre (\u00bfotra vez?)\u2026y con el d\u00eda, el regalo.. \u00a1ohhh, maldito dilema! Lo de Hamlet era pan comido.<\/p>\n<h2>\u00bfQu\u00e9 puedes regalarle a una madre si ella te regal\u00f3 la vida?<\/h2>\n<p>\u00bfQu\u00e9 puedes <a href=\"https:\/\/www.maistendencia.com\/blog\/bolsos-carteras-panuelos-y-collares-que-eliges-para-el-dia-de-la-madre\/\">regalarle a una madre<\/a> si ella te regal\u00f3 la vida? As\u00famelo, nunca lo podr\u00e1s superar!\u2026y aun as\u00ed\u2026\u00bfpor qu\u00e9 nos cuesta tanto decidir qu\u00e9 regalar?<\/p>\n<p>Quiz\u00e1s sea porque las madres son seres perfectos\u2026\u00bfqu\u00e9 van a necesitar? Si tienen de todo\u2026por eso te regalan continuamente calcetines o t\u00fappers con comida\u2026 A ellas les sobran.<\/p>\n<p>Y, he aqu\u00ed donde radica la disyuntiva del buen hijo\/a&#8230;: \u00bfqu\u00e9 fue de los tiempos en que una postal con purpurina (en abundancia), un collar de macarrones o un cenicero de barro,\u00a0 digno del mejor \u201cart nouveau\u201d en decadencia, se convert\u00eda en el tesoro m\u00e1s preciado de nuestras progenitoras? \u00a1Qu\u00e9 tiempos aquellos!\u2026 Tiempos en que ellas tambi\u00e9n te solucionaban tu vida con un \u201csana, sana, culito de rana\u201d.<\/p>\n<p>Pero el tiempo pasa, \u201ccomo pasan las cosas que no tienen mucho sentido\u2026\u201d, como dir\u00eda Sabina\u2026<\/p>\n<p><iframe loading=\"lazy\" title=\"Donde habita el olvido - Joaquin Sabina  (Letra)\" width=\"604\" height=\"453\" src=\"https:\/\/www.youtube.com\/embed\/C5yJPoap14c?feature=oembed\" frameborder=\"0\" allow=\"accelerometer; autoplay; clipboard-write; encrypted-media; gyroscope; picture-in-picture; web-share\" referrerpolicy=\"strict-origin-when-cross-origin\" allowfullscreen><\/iframe><\/p>\n<p>Y, asum\u00e1moslo, hemos crecido, muchos de los que hicimos \u201cmacarro-joyer\u00eda fina\u201d\u00a0 ya somos padres y tenemos nuestra propia colecci\u00f3n\u2026pero nunca es tarde para un detalle de los de lagrim\u00f3n en el ojo. He descubierto que con un poco de imaginaci\u00f3n se abre \u00a0un mundo de posibilidades:<\/p>\n<p>Seguro que tu madre guarda alguno de tus primeros \u201cpicassos\u201d. Pues puedes cogerlo y hacer un colgante \u201cs\u00faper cool\u201d imprimi\u00e9ndolo en 3D.<\/p>\n<p><img loading=\"lazy\" decoding=\"async\" class=\"alignnone wp-image-2313 size-full\" src=\"https:\/\/www.maistendencia.com\/blog\/wp-content\/uploads\/2016\/04\/images-1-1.jpg\" alt=\"d\u00eda de la madre\" width=\"231\" height=\"218\" \/><\/p>\n<p>O hacer una \u201clitofan\u00eda\u201dcon alguna de tus primeras fotos&#8230;, o, incluso, con ecograf\u00edas.<\/p>\n<figure id=\"attachment_2315\" aria-describedby=\"caption-attachment-2315\" style=\"width: 645px\" class=\"wp-caption alignnone\"><img loading=\"lazy\" decoding=\"async\" class=\"wp-image-2315 size-full\" src=\"http:\/\/www.maistendencia.com\/wp-content\/uploads\/2016\/04\/lito.jpg\" alt=\"lito\" width=\"645\" height=\"678\" srcset=\"https:\/\/www.maistendencia.com\/blog\/wp-content\/uploads\/2016\/04\/lito.jpg 645w, https:\/\/www.maistendencia.com\/blog\/wp-content\/uploads\/2016\/04\/lito-285x300.jpg 285w\" sizes=\"auto, (max-width: 645px) 100vw, 645px\" \/><figcaption id=\"caption-attachment-2315\" class=\"wp-caption-text\">Estas litofan\u00edas las hacen por encargo en <a href=\"http:\/\/masque3d.com\/\" target=\"_blank\" rel=\"noopener noreferrer\">+que3D<\/a> , en Ourense.<\/figcaption><\/figure>\n<p><img loading=\"lazy\" decoding=\"async\" class=\"alignnone size-full wp-image-2185\" src=\"http:\/\/www.maistendencia.com\/wp-content\/uploads\/2016\/04\/Impresora_3D_01.jpg\" alt=\"ecograf\u00eda 3d\" width=\"800\" height=\"514\" srcset=\"https:\/\/www.maistendencia.com\/blog\/wp-content\/uploads\/2016\/04\/Impresora_3D_01.jpg 800w, https:\/\/www.maistendencia.com\/blog\/wp-content\/uploads\/2016\/04\/Impresora_3D_01-300x193.jpg 300w, https:\/\/www.maistendencia.com\/blog\/wp-content\/uploads\/2016\/04\/Impresora_3D_01-50x33.jpg 50w\" sizes=\"auto, (max-width: 800px) 100vw, 800px\" \/><\/p>\n<p>Una caricatura de los dos juntos y enmarcarla para poner en el sal\u00f3n y sacarle una sonrisa cada d\u00eda\u2026<\/p>\n<figure id=\"attachment_2317\" aria-describedby=\"caption-attachment-2317\" style=\"width: 392px\" class=\"wp-caption alignnone\"><img loading=\"lazy\" decoding=\"async\" class=\"wp-image-2317 size-full\" src=\"http:\/\/www.maistendencia.com\/wp-content\/uploads\/2016\/04\/caricatura.jpg\" alt=\"caricaturas\" width=\"392\" height=\"490\" srcset=\"https:\/\/www.maistendencia.com\/blog\/wp-content\/uploads\/2016\/04\/caricatura.jpg 392w, https:\/\/www.maistendencia.com\/blog\/wp-content\/uploads\/2016\/04\/caricatura-240x300.jpg 240w\" sizes=\"auto, (max-width: 392px) 100vw, 392px\" \/><figcaption id=\"caption-attachment-2317\" class=\"wp-caption-text\">(se hacen por encargo en Agosan Arte y Decoraci\u00f3n)<\/figcaption><\/figure>\n<p>O hacer un <em>collage<\/em> con m\u00faltiples fotos tuyas\u2026 Y, si ya te vienes muy arriba, regalarle una vitrina con la \u00abzapatilla voladora\u00bb dentro\u2026(s\u00f3lo para intr\u00e9pidos)<\/p>\n<figure id=\"attachment_2318\" aria-describedby=\"caption-attachment-2318\" style=\"width: 392px\" class=\"wp-caption alignnone\"><img loading=\"lazy\" decoding=\"async\" class=\"wp-image-2318 size-full\" src=\"http:\/\/www.maistendencia.com\/wp-content\/uploads\/2016\/04\/multifotos.jpg\" alt=\"estos ejemplos de multifotos para hace collage los encontramos en Agosan Arte y decoraci\u00f3n\" width=\"392\" height=\"490\" srcset=\"https:\/\/www.maistendencia.com\/blog\/wp-content\/uploads\/2016\/04\/multifotos.jpg 392w, https:\/\/www.maistendencia.com\/blog\/wp-content\/uploads\/2016\/04\/multifotos-240x300.jpg 240w\" sizes=\"auto, (max-width: 392px) 100vw, 392px\" \/><figcaption id=\"caption-attachment-2318\" class=\"wp-caption-text\">Multifotos para hacer collage, en\u00a0Agosan Arte y Decoraci\u00f3n.<\/figcaption><\/figure>\n<p><img loading=\"lazy\" decoding=\"async\" class=\"alignnone size-medium wp-image-2319\" src=\"http:\/\/www.maistendencia.com\/wp-content\/uploads\/2016\/04\/mu-300x300.jpg\" alt=\"mu\" width=\"300\" height=\"300\" srcset=\"https:\/\/www.maistendencia.com\/blog\/wp-content\/uploads\/2016\/04\/mu-300x300.jpg 300w, https:\/\/www.maistendencia.com\/blog\/wp-content\/uploads\/2016\/04\/mu-150x150.jpg 150w, https:\/\/www.maistendencia.com\/blog\/wp-content\/uploads\/2016\/04\/mu.jpg 490w\" sizes=\"auto, (max-width: 300px) 100vw, 300px\" \/> <img loading=\"lazy\" decoding=\"async\" class=\"alignnone size-medium wp-image-2320\" src=\"http:\/\/www.maistendencia.com\/wp-content\/uploads\/2016\/04\/mul-300x300.jpg\" alt=\"mul\" width=\"300\" height=\"300\" srcset=\"https:\/\/www.maistendencia.com\/blog\/wp-content\/uploads\/2016\/04\/mul-300x300.jpg 300w, https:\/\/www.maistendencia.com\/blog\/wp-content\/uploads\/2016\/04\/mul-150x150.jpg 150w, https:\/\/www.maistendencia.com\/blog\/wp-content\/uploads\/2016\/04\/mul.jpg 490w\" sizes=\"auto, (max-width: 300px) 100vw, 300px\" \/><\/p>\n<p>Lo importante es no olvidar nunca al ni\u00f1o que tenemos dentro y, sobre todo, \u00a1record\u00e1rselo a ellas!<\/p>\n","protected":false},"excerpt":{"rendered":"<p>\u00a1Uno de Mayo! Otra vez, s\u00ed, otra vez\u2026es lo que tiene el tiempo, que transcurre r\u00e1pida e \u00a0inexorablemente \u2026 Y nada, que llega el d\u00eda de la madre (\u00bfotra vez?)\u2026y con el d\u00eda, el regalo&#8230;..<br \/><a href=\"https:\/\/www.maistendencia.com\/blog\/dia-madre-que-fue-collares-macarrones\/\"> Continuar leyendo&#8230;<\/a><\/p>\n","protected":false},"author":18,"featured_media":2312,"comment_status":"open","ping_status":"closed","sticky":false,"template":"","format":"standard","meta":{"footnotes":""},"categories":[5],"tags":[30,216,194,63,60,140,13],"class_list":["post-2309","post","type-post","status-publish","format-standard","has-post-thumbnail","hentry","category-celebra","tag-decoracion","tag-dia-de-la-madre","tag-mama","tag-ourense","tag-regalos","tag-tecnologia","tag-tendencias"],"aioseo_notices":[],"_links":{"self":[{"href":"https:\/\/www.maistendencia.com\/blog\/wp-json\/wp\/v2\/posts\/2309","targetHints":{"allow":["GET"]}}],"collection":[{"href":"https:\/\/www.maistendencia.com\/blog\/wp-json\/wp\/v2\/posts"}],"about":[{"href":"https:\/\/www.maistendencia.com\/blog\/wp-json\/wp\/v2\/types\/post"}],"author":[{"embeddable":true,"href":"https:\/\/www.maistendencia.com\/blog\/wp-json\/wp\/v2\/users\/18"}],"replies":[{"embeddable":true,"href":"https:\/\/www.maistendencia.com\/blog\/wp-json\/wp\/v2\/comments?post=2309"}],"version-history":[{"count":1,"href":"https:\/\/www.maistendencia.com\/blog\/wp-json\/wp\/v2\/posts\/2309\/revisions"}],"predecessor-version":[{"id":8969,"href":"https:\/\/www.maistendencia.com\/blog\/wp-json\/wp\/v2\/posts\/2309\/revisions\/8969"}],"wp:featuredmedia":[{"embeddable":true,"href":"https:\/\/www.maistendencia.com\/blog\/wp-json\/wp\/v2\/media\/2312"}],"wp:attachment":[{"href":"https:\/\/www.maistendencia.com\/blog\/wp-json\/wp\/v2\/media?parent=2309"}],"wp:term":[{"taxonomy":"category","embeddable":true,"href":"https:\/\/www.maistendencia.com\/blog\/wp-json\/wp\/v2\/categories?post=2309"},{"taxonomy":"post_tag","embeddable":true,"href":"https:\/\/www.maistendencia.com\/blog\/wp-json\/wp\/v2\/tags?post=2309"}],"curies":[{"name":"wp","href":"https:\/\/api.w.org\/{rel}","templated":true}]}}