{"id":2097,"date":"2016-04-05T18:02:16","date_gmt":"2016-04-05T17:02:16","guid":{"rendered":"http:\/\/www.maistendencia.com\/?p=2097"},"modified":"2022-02-07T13:46:20","modified_gmt":"2022-02-07T11:46:20","slug":"lookbook-roquero-celia-rodriguez","status":"publish","type":"post","link":"https:\/\/www.maistendencia.com\/blog\/lookbook-roquero-celia-rodriguez\/","title":{"rendered":"Lookbook de estilo roqueiro: Por Celia Rodr\u00edguez"},"content":{"rendered":"<p>Hoxe acheg\u00e1mosvos a segunda entrega da <a href=\"http:\/\/www.maistendencia.com\/lookbook-de-estilo-texano-e-sofisticado-por-jennifer-novoa\/\" target=\"_blank\" rel=\"noopener noreferrer\">serie<\/a> iniciada o pasado 23 de marzo onde vos imos ir ensinando e comentando post a post o traballo sobre fotograf\u00eda de moda realizado polos alumnos do segundo curso do Ciclo Superior de Fotograf\u00eda da <a href=\"https:\/\/www.escolarte.com\/\" target=\"_blank\" rel=\"noopener noreferrer\">Escola de Arte e Superior de Dese\u00f1o Antonio Fa\u00edlde<\/a> en Ourense.<\/p>\n<p>Nesta ocasi\u00f3n a protagonista \u00e9 a alumna <strong>Celia Rodr\u00edguez<\/strong>, responsable de compor e fotografar o seguinte <em>lookbook<\/em> protagonizado por un <strong>estilo roqueiro e provocador<\/strong>, intencionadamente dirixido a un p\u00fablico mozo, segundo explica a s\u00faa autora, coa idea de transmitir a mensaxe de que \u00ab<strong>calquera persoa \u00e9 capaz de comerse o mundo, cando loita polos seus sonos<\/strong>\u00ab.<\/p>\n<p>Pero \u00f3 mesmo tempo, Celia reco\u00f1ece que buscou nas fotos as <strong>doses necesarias de liberdade, gamberrismo e incorformidade<\/strong> que o esp\u00edritu roqueiro nos inspira.<\/p>\n<p><img loading=\"lazy\" decoding=\"async\" class=\"aligncenter size-full wp-image-2099\" src=\"http:\/\/www.maistendencia.com\/wp-content\/uploads\/2016\/04\/Rguez_Celia_PL03_EV_03.jpg\" alt=\"Lookbook rocker por Celia Rodriguez\" width=\"1024\" height=\"681\" srcset=\"https:\/\/www.maistendencia.com\/blog\/wp-content\/uploads\/2016\/04\/Rguez_Celia_PL03_EV_03.jpg 1024w, https:\/\/www.maistendencia.com\/blog\/wp-content\/uploads\/2016\/04\/Rguez_Celia_PL03_EV_03-300x200.jpg 300w, https:\/\/www.maistendencia.com\/blog\/wp-content\/uploads\/2016\/04\/Rguez_Celia_PL03_EV_03-400x266.jpg 400w, https:\/\/www.maistendencia.com\/blog\/wp-content\/uploads\/2016\/04\/Rguez_Celia_PL03_EV_03-50x33.jpg 50w\" sizes=\"auto, (max-width: 1024px) 100vw, 1024px\" \/><\/p>\n<p>A fot\u00f3grafa reco\u00f1ece que as fontes das que beben os <em>looks<\/em> que compuxo tratan intencionadamente de reproducir o m\u00e1is puro estilo de reco\u00f1ecidas e exitosas <em>fashionbloggers<\/em> nas s\u00faas bit\u00e1coras, como as de Blanca Su\u00e1rez, <a href=\"http:\/\/www.dulceida.com\/\" target=\"_blank\" rel=\"noopener noreferrer\">Dulceida<\/a>, Lovely Pepa ou Trendy Taste, onde o estilo roqueiro \u00e9 un cl\u00e1sico que ningunha delas renuncia a versionar.<\/p>\n<p>Contando coa colaboraci\u00f3n de d\u00faas tendas de moda, <a href=\"https:\/\/www.facebook.com\/barrosalfombras\/\" target=\"_blank\" rel=\"noopener noreferrer\">Hermanos Barros<\/a> e Belinda, asociadas a Centro Comercial Ourense Centro, Celia Rodr\u00edguez, argallou\u00a0<em>looks<\/em>\u00a0 similares nos que s\u00f3 quixo variar as prendas accesorias do vestiario, \u00a0para conseguir efectos distintos.<\/p>\n<p>Sen embargo, a chaqueta de coiro negro \u00e9 a prenda definitoria dos <em>looks<\/em> e que vos mostramos a continuaci\u00f3n:<\/p>\n<h2>Look 1<\/h2>\n<p>A cazadora de coiro negro, neste caso de corte <em>biker<\/em>,\u00a0acomp\u00e1\u00f1ase dun<em> crop-top<\/em> cor mostaza e dun pantal\u00f3n estreito e de tiro alto que evocan un aire dos 90&#8217;s, tan de tencencia, xunto con zapatos de plataforma ancha.<\/p>\n<figure id=\"attachment_2100\" aria-describedby=\"caption-attachment-2100\" style=\"width: 511px\" class=\"wp-caption aligncenter\"><img loading=\"lazy\" decoding=\"async\" class=\"wp-image-2100 size-full\" title=\"A tenda de roupa Belinca proporcionou estes vaqueiros negros tan aca\u00eddos \u00f3 look\" src=\"https:\/\/www.maistendencia.com\/blog\/wp-content\/uploads\/2016\/04\/Rguez_Celia_PL03_CAT_02.jpg\" alt=\"A tenda de roupa Belinca proporcionou estes vaqueiros negros tan aca\u00eddos \u00f3 look\" width=\"511\" height=\"768\" srcset=\"https:\/\/www.maistendencia.com\/blog\/wp-content\/uploads\/2016\/04\/Rguez_Celia_PL03_CAT_02.jpg 511w, https:\/\/www.maistendencia.com\/blog\/wp-content\/uploads\/2016\/04\/Rguez_Celia_PL03_CAT_02-200x300.jpg 200w\" sizes=\"auto, (max-width: 511px) 100vw, 511px\" \/><figcaption id=\"caption-attachment-2100\" class=\"wp-caption-text\">A tenda de roupa Belinda proporcionou estes vaqueiros negros tan aca\u00eddos \u00f3 look<\/figcaption><\/figure>\n<h2>Look 2<\/h2>\n<p>A segunda proposta refina o estilo engad\u00edndolle pelo \u00e1 cazadora na parte dianteira e optando por uns <em>leggings<\/em>\u00a0na parte inferior do conxunto. O chapeu negro de l\u00e1 de Hermanos Barros consegue endulzar o <em>look<\/em>, que se completa cunhas botas de corte militar que funcionan \u00e1 perfecci\u00f3n no conxunto.<\/p>\n<p><img loading=\"lazy\" decoding=\"async\" class=\"aligncenter size-full wp-image-2101\" src=\"http:\/\/www.maistendencia.com\/wp-content\/uploads\/2016\/04\/Rguez_Celia_PL03_EV_10.jpg\" alt=\"Lookbook-rocker\" width=\"1024\" height=\"681\" srcset=\"https:\/\/www.maistendencia.com\/blog\/wp-content\/uploads\/2016\/04\/Rguez_Celia_PL03_EV_10.jpg 1024w, https:\/\/www.maistendencia.com\/blog\/wp-content\/uploads\/2016\/04\/Rguez_Celia_PL03_EV_10-300x200.jpg 300w, https:\/\/www.maistendencia.com\/blog\/wp-content\/uploads\/2016\/04\/Rguez_Celia_PL03_EV_10-400x266.jpg 400w, https:\/\/www.maistendencia.com\/blog\/wp-content\/uploads\/2016\/04\/Rguez_Celia_PL03_EV_10-50x33.jpg 50w\" sizes=\"auto, (max-width: 1024px) 100vw, 1024px\" \/><\/p>\n<p>Celia expl\u00edcanos que parte das localizaci\u00f3ns se fixeron sobre fondos como cristaleiras, expresamente buscados para que opuxesen un contraluz \u00f3 obxectivo e que a imaxe resultase sobreexposta, case branca, \u00a0para as\u00ed poder encher as sombras co flash.<\/p>\n<p>Deste xeito, \u00e9 a persoa quen atrae maior protagonismo e permite tam\u00e9n sobreexpo\u00f1er (en sentido figurado) o lado macarra e atrevido da modelo e o seu <em>look<\/em>.<\/p>\n<p><img loading=\"lazy\" decoding=\"async\" class=\"aligncenter size-full wp-image-2103\" src=\"http:\/\/www.maistendencia.com\/wp-content\/uploads\/2016\/04\/Rguez_Celia_PL03_EV_12.jpg\" alt=\"Celia RF\" width=\"1024\" height=\"681\" srcset=\"https:\/\/www.maistendencia.com\/blog\/wp-content\/uploads\/2016\/04\/Rguez_Celia_PL03_EV_12.jpg 1024w, https:\/\/www.maistendencia.com\/blog\/wp-content\/uploads\/2016\/04\/Rguez_Celia_PL03_EV_12-300x200.jpg 300w, https:\/\/www.maistendencia.com\/blog\/wp-content\/uploads\/2016\/04\/Rguez_Celia_PL03_EV_12-400x266.jpg 400w, https:\/\/www.maistendencia.com\/blog\/wp-content\/uploads\/2016\/04\/Rguez_Celia_PL03_EV_12-50x33.jpg 50w\" sizes=\"auto, (max-width: 1024px) 100vw, 1024px\" \/><\/p>\n<p>Se vos gustou non deixedes de visitar a seguinte galer\u00eda de imaxes e botar unha ollada \u00f3 traballo completo de Celia Rodr\u00edguez, esta futura fot\u00f3grafa profesional que, segundo ela mesma nos conta achegouse a esta faceta da arte da man dun filme inspirador: \u00abInto the wild\u00bb, unha pel\u00edcula de 2007 dirixida por Sean Penn cuxo protagonista emula o retorno \u00f3 nomadismo e a un xeito de vida naturalista, tam\u00e9n moi en sinton\u00eda con este esp\u00edritu <em>free&amp;wild<\/em> que trasladan as s\u00faas fotograf\u00edas.<\/p>\n<div class='texto-galeria'>Ver Galer\u00eda de Im\u00e1genes\n<div data-carousel-extra='{\"blog_id\":1,\"permalink\":\"https:\\\/\\\/www.maistendencia.com\\\/blog\\\/lookbook-roquero-celia-rodriguez\\\/\",\"likes_blog_id\":false}' id='gallery-1' class='gallery galleryid-2097 gallery-columns-3 gallery-size-thumbnail'><figure class='gallery-item'>\n\t\t\t<div class='gallery-icon portrait'>\n\t\t\t\t<a href='https:\/\/www.maistendencia.com\/blog\/lookbook-roquero-celia-rodriguez\/celia-rf-5\/'><img loading=\"lazy\" decoding=\"async\" width=\"150\" height=\"150\" src=\"https:\/\/www.maistendencia.com\/blog\/wp-content\/uploads\/2016\/04\/Rguez_Celia_PL03_CAT_01-150x150.jpg\" class=\"attachment-thumbnail size-thumbnail\" alt=\"Lookbook de estilo roqueiro de Celia Rodr\u00edguez\" data-attachment-id=\"2104\" data-orig-file=\"https:\/\/www.maistendencia.com\/blog\/wp-content\/uploads\/2016\/04\/Rguez_Celia_PL03_CAT_01.jpg\" data-orig-size=\"511,768\" data-comments-opened=\"1\" data-image-meta=\"{&quot;aperture&quot;:&quot;0&quot;,&quot;credit&quot;:&quot;&quot;,&quot;camera&quot;:&quot;CORPORATION&quot;,&quot;caption&quot;:&quot;&quot;,&quot;created_timestamp&quot;:&quot;1456252280&quot;,&quot;copyright&quot;:&quot;\\u00a9CeliaRF&quot;,&quot;focal_length&quot;:&quot;0.375&quot;,&quot;iso&quot;:&quot;100&quot;,&quot;shutter_speed&quot;:&quot;0.016317016317016&quot;,&quot;title&quot;:&quot;Celia RF&quot;,&quot;orientation&quot;:&quot;1&quot;,&quot;keywords&quot;:&quot;Array&quot;}\" data-image-title=\"Lookbook de estilo roqueiro\" data-image-description=\"\" data-medium-file=\"https:\/\/www.maistendencia.com\/blog\/wp-content\/uploads\/2016\/04\/Rguez_Celia_PL03_CAT_01-200x300.jpg\" data-large-file=\"https:\/\/www.maistendencia.com\/blog\/wp-content\/uploads\/2016\/04\/Rguez_Celia_PL03_CAT_01.jpg\" \/><\/a>\n\t\t\t<\/div><\/figure><figure class='gallery-item'>\n\t\t\t<div class='gallery-icon landscape'>\n\t\t\t\t<a href='https:\/\/www.maistendencia.com\/blog\/lookbook-roquero-celia-rodriguez\/celia-rf-6\/'><img loading=\"lazy\" decoding=\"async\" width=\"150\" height=\"150\" src=\"https:\/\/www.maistendencia.com\/blog\/wp-content\/uploads\/2016\/04\/Rguez_Celia_PL03_EV_02-150x150.jpg\" class=\"attachment-thumbnail size-thumbnail\" alt=\"Lookbook de estilo roqueiro de Celia Rodr\u00edguez\" data-attachment-id=\"2106\" data-orig-file=\"https:\/\/www.maistendencia.com\/blog\/wp-content\/uploads\/2016\/04\/Rguez_Celia_PL03_EV_02.jpg\" data-orig-size=\"1024,693\" data-comments-opened=\"1\" data-image-meta=\"{&quot;aperture&quot;:&quot;0&quot;,&quot;credit&quot;:&quot;&quot;,&quot;camera&quot;:&quot;CORPORATION&quot;,&quot;caption&quot;:&quot;&quot;,&quot;created_timestamp&quot;:&quot;1455965755&quot;,&quot;copyright&quot;:&quot;\\u00a9CeliaRF&quot;,&quot;focal_length&quot;:&quot;0.375&quot;,&quot;iso&quot;:&quot;100&quot;,&quot;shutter_speed&quot;:&quot;0.016949152542373&quot;,&quot;title&quot;:&quot;Celia RF&quot;,&quot;orientation&quot;:&quot;1&quot;,&quot;keywords&quot;:&quot;Array&quot;}\" data-image-title=\"Lookbook de estilo roqueiro\" data-image-description=\"\" data-medium-file=\"https:\/\/www.maistendencia.com\/blog\/wp-content\/uploads\/2016\/04\/Rguez_Celia_PL03_EV_02-300x203.jpg\" data-large-file=\"https:\/\/www.maistendencia.com\/blog\/wp-content\/uploads\/2016\/04\/Rguez_Celia_PL03_EV_02-1024x693.jpg\" \/><\/a>\n\t\t\t<\/div><\/figure><figure class='gallery-item'>\n\t\t\t<div class='gallery-icon portrait'>\n\t\t\t\t<a href='https:\/\/www.maistendencia.com\/blog\/lookbook-roquero-celia-rodriguez\/celia-rf-7\/'><img loading=\"lazy\" decoding=\"async\" width=\"150\" height=\"150\" src=\"https:\/\/www.maistendencia.com\/blog\/wp-content\/uploads\/2016\/04\/Rguez_Celia_PL03_CAT_03-150x150.jpg\" class=\"attachment-thumbnail size-thumbnail\" alt=\"Lookbook de estilo roqueiro de Celia Rodr\u00edguez\" data-attachment-id=\"2107\" data-orig-file=\"https:\/\/www.maistendencia.com\/blog\/wp-content\/uploads\/2016\/04\/Rguez_Celia_PL03_CAT_03.jpg\" data-orig-size=\"511,768\" data-comments-opened=\"1\" data-image-meta=\"{&quot;aperture&quot;:&quot;0&quot;,&quot;credit&quot;:&quot;&quot;,&quot;camera&quot;:&quot;CORPORATION&quot;,&quot;caption&quot;:&quot;&quot;,&quot;created_timestamp&quot;:&quot;1456252536&quot;,&quot;copyright&quot;:&quot;\\u00a9CeliaRF&quot;,&quot;focal_length&quot;:&quot;0.375&quot;,&quot;iso&quot;:&quot;100&quot;,&quot;shutter_speed&quot;:&quot;0.016317016317016&quot;,&quot;title&quot;:&quot;Celia RF&quot;,&quot;orientation&quot;:&quot;1&quot;,&quot;keywords&quot;:&quot;Array&quot;}\" data-image-title=\"Lookbook de estilo roqueiro\" data-image-description=\"\" data-medium-file=\"https:\/\/www.maistendencia.com\/blog\/wp-content\/uploads\/2016\/04\/Rguez_Celia_PL03_CAT_03-200x300.jpg\" data-large-file=\"https:\/\/www.maistendencia.com\/blog\/wp-content\/uploads\/2016\/04\/Rguez_Celia_PL03_CAT_03.jpg\" \/><\/a>\n\t\t\t<\/div><\/figure><figure class='gallery-item'>\n\t\t\t<div class='gallery-icon landscape'>\n\t\t\t\t<a href='https:\/\/www.maistendencia.com\/blog\/lookbook-roquero-celia-rodriguez\/celia-rf-8\/'><img loading=\"lazy\" decoding=\"async\" width=\"150\" height=\"150\" src=\"https:\/\/www.maistendencia.com\/blog\/wp-content\/uploads\/2016\/04\/Rguez_Celia_PL03_EV_04-150x150.jpg\" class=\"attachment-thumbnail size-thumbnail\" alt=\"Lookbook de estilo roqueiro de Celia Rodr\u00edguez\" data-attachment-id=\"2108\" data-orig-file=\"https:\/\/www.maistendencia.com\/blog\/wp-content\/uploads\/2016\/04\/Rguez_Celia_PL03_EV_04.jpg\" data-orig-size=\"1024,654\" data-comments-opened=\"1\" data-image-meta=\"{&quot;aperture&quot;:&quot;0&quot;,&quot;credit&quot;:&quot;&quot;,&quot;camera&quot;:&quot;CORPORATION&quot;,&quot;caption&quot;:&quot;&quot;,&quot;created_timestamp&quot;:&quot;1455966525&quot;,&quot;copyright&quot;:&quot;\\u00a9CeliaRF&quot;,&quot;focal_length&quot;:&quot;0.375&quot;,&quot;iso&quot;:&quot;100&quot;,&quot;shutter_speed&quot;:&quot;0.016317016317016&quot;,&quot;title&quot;:&quot;Celia RF&quot;,&quot;orientation&quot;:&quot;1&quot;,&quot;keywords&quot;:&quot;Array&quot;}\" data-image-title=\"Lookbook de estilo roqueiro\" data-image-description=\"\" data-medium-file=\"https:\/\/www.maistendencia.com\/blog\/wp-content\/uploads\/2016\/04\/Rguez_Celia_PL03_EV_04-300x192.jpg\" data-large-file=\"https:\/\/www.maistendencia.com\/blog\/wp-content\/uploads\/2016\/04\/Rguez_Celia_PL03_EV_04-1024x654.jpg\" \/><\/a>\n\t\t\t<\/div><\/figure><figure class='gallery-item'>\n\t\t\t<div class='gallery-icon portrait'>\n\t\t\t\t<a href='https:\/\/www.maistendencia.com\/blog\/lookbook-roquero-celia-rodriguez\/celia-rf-9\/'><img loading=\"lazy\" decoding=\"async\" width=\"150\" height=\"150\" src=\"https:\/\/www.maistendencia.com\/blog\/wp-content\/uploads\/2016\/04\/Rguez_Celia_PL03_EV_01-150x150.jpg\" class=\"attachment-thumbnail size-thumbnail\" alt=\"Lookbook de estilo roqueiro de Celia Rodr\u00edguez\" data-attachment-id=\"2109\" data-orig-file=\"https:\/\/www.maistendencia.com\/blog\/wp-content\/uploads\/2016\/04\/Rguez_Celia_PL03_EV_01.jpg\" data-orig-size=\"511,768\" data-comments-opened=\"1\" data-image-meta=\"{&quot;aperture&quot;:&quot;0&quot;,&quot;credit&quot;:&quot;&quot;,&quot;camera&quot;:&quot;CORPORATION&quot;,&quot;caption&quot;:&quot;&quot;,&quot;created_timestamp&quot;:&quot;1455965466&quot;,&quot;copyright&quot;:&quot;\\u00a9CeliaRF&quot;,&quot;focal_length&quot;:&quot;0.375&quot;,&quot;iso&quot;:&quot;100&quot;,&quot;shutter_speed&quot;:&quot;0.016949152542373&quot;,&quot;title&quot;:&quot;Celia RF&quot;,&quot;orientation&quot;:&quot;1&quot;,&quot;keywords&quot;:&quot;Array&quot;}\" data-image-title=\"Lookbook de estilo roqueiro\" data-image-description=\"\" data-medium-file=\"https:\/\/www.maistendencia.com\/blog\/wp-content\/uploads\/2016\/04\/Rguez_Celia_PL03_EV_01-200x300.jpg\" data-large-file=\"https:\/\/www.maistendencia.com\/blog\/wp-content\/uploads\/2016\/04\/Rguez_Celia_PL03_EV_01.jpg\" \/><\/a>\n\t\t\t<\/div><\/figure><figure class='gallery-item'>\n\t\t\t<div class='gallery-icon landscape'>\n\t\t\t\t<a href='https:\/\/www.maistendencia.com\/blog\/lookbook-roquero-celia-rodriguez\/celia-rf-11\/'><img loading=\"lazy\" decoding=\"async\" width=\"150\" height=\"150\" src=\"https:\/\/www.maistendencia.com\/blog\/wp-content\/uploads\/2016\/04\/Rguez_Celia_PL03_EV_13-150x150.jpg\" class=\"attachment-thumbnail size-thumbnail\" alt=\"Lookbook de estilo roqueiro de Celia Rodr\u00edguez\" data-attachment-id=\"2111\" data-orig-file=\"https:\/\/www.maistendencia.com\/blog\/wp-content\/uploads\/2016\/04\/Rguez_Celia_PL03_EV_13.jpg\" data-orig-size=\"1024,681\" data-comments-opened=\"1\" data-image-meta=\"{&quot;aperture&quot;:&quot;0&quot;,&quot;credit&quot;:&quot;&quot;,&quot;camera&quot;:&quot;CORPORATION&quot;,&quot;caption&quot;:&quot;&quot;,&quot;created_timestamp&quot;:&quot;1455975927&quot;,&quot;copyright&quot;:&quot;\\u00a9CeliaRF&quot;,&quot;focal_length&quot;:&quot;0.375&quot;,&quot;iso&quot;:&quot;200&quot;,&quot;shutter_speed&quot;:&quot;0.016949152542373&quot;,&quot;title&quot;:&quot;Celia RF&quot;,&quot;orientation&quot;:&quot;1&quot;,&quot;keywords&quot;:&quot;Array&quot;}\" data-image-title=\"Lookbook de estilo roqueiro\" data-image-description=\"\" data-medium-file=\"https:\/\/www.maistendencia.com\/blog\/wp-content\/uploads\/2016\/04\/Rguez_Celia_PL03_EV_13-300x200.jpg\" data-large-file=\"https:\/\/www.maistendencia.com\/blog\/wp-content\/uploads\/2016\/04\/Rguez_Celia_PL03_EV_13-1024x681.jpg\" \/><\/a>\n\t\t\t<\/div><\/figure><figure class='gallery-item'>\n\t\t\t<div class='gallery-icon landscape'>\n\t\t\t\t<a href='https:\/\/www.maistendencia.com\/blog\/lookbook-roquero-celia-rodriguez\/celia-rf-13\/'><img loading=\"lazy\" decoding=\"async\" width=\"150\" height=\"150\" src=\"https:\/\/www.maistendencia.com\/blog\/wp-content\/uploads\/2016\/04\/Rguez_Celia_PL03_EV_06-150x150.jpg\" class=\"attachment-thumbnail size-thumbnail\" alt=\"Lookbook de estilo roqueiro de Celia Rodr\u00edguez\" data-attachment-id=\"2113\" data-orig-file=\"https:\/\/www.maistendencia.com\/blog\/wp-content\/uploads\/2016\/04\/Rguez_Celia_PL03_EV_06.jpg\" data-orig-size=\"1024,681\" data-comments-opened=\"1\" data-image-meta=\"{&quot;aperture&quot;:&quot;0&quot;,&quot;credit&quot;:&quot;&quot;,&quot;camera&quot;:&quot;CORPORATION&quot;,&quot;caption&quot;:&quot;&quot;,&quot;created_timestamp&quot;:&quot;1455968683&quot;,&quot;copyright&quot;:&quot;\\u00a9CeliaRF&quot;,&quot;focal_length&quot;:&quot;0.375&quot;,&quot;iso&quot;:&quot;400&quot;,&quot;shutter_speed&quot;:&quot;0.016949152542373&quot;,&quot;title&quot;:&quot;Celia RF&quot;,&quot;orientation&quot;:&quot;1&quot;,&quot;keywords&quot;:&quot;Array&quot;}\" data-image-title=\"Lookbook de estilo roqueiro\" data-image-description=\"\" data-medium-file=\"https:\/\/www.maistendencia.com\/blog\/wp-content\/uploads\/2016\/04\/Rguez_Celia_PL03_EV_06-300x200.jpg\" data-large-file=\"https:\/\/www.maistendencia.com\/blog\/wp-content\/uploads\/2016\/04\/Rguez_Celia_PL03_EV_06-1024x681.jpg\" \/><\/a>\n\t\t\t<\/div><\/figure><figure class='gallery-item'>\n\t\t\t<div class='gallery-icon portrait'>\n\t\t\t\t<a href='https:\/\/www.maistendencia.com\/blog\/lookbook-roquero-celia-rodriguez\/celia-rf-14\/'><img loading=\"lazy\" decoding=\"async\" width=\"150\" height=\"150\" src=\"https:\/\/www.maistendencia.com\/blog\/wp-content\/uploads\/2016\/04\/Rguez_Celia_PL03_EV_11-150x150.jpg\" class=\"attachment-thumbnail size-thumbnail\" alt=\"Lookbook de estilo roqueiro de Celia Rodr\u00edguez\" data-attachment-id=\"2114\" data-orig-file=\"https:\/\/www.maistendencia.com\/blog\/wp-content\/uploads\/2016\/04\/Rguez_Celia_PL03_EV_11.jpg\" data-orig-size=\"511,768\" data-comments-opened=\"1\" data-image-meta=\"{&quot;aperture&quot;:&quot;3.5&quot;,&quot;credit&quot;:&quot;&quot;,&quot;camera&quot;:&quot;CORPORATION&quot;,&quot;caption&quot;:&quot;&quot;,&quot;created_timestamp&quot;:&quot;1455975787&quot;,&quot;copyright&quot;:&quot;\\u00a9CeliaRF&quot;,&quot;focal_length&quot;:&quot;35&quot;,&quot;iso&quot;:&quot;200&quot;,&quot;shutter_speed&quot;:&quot;0.003125&quot;,&quot;title&quot;:&quot;Celia RF&quot;,&quot;orientation&quot;:&quot;1&quot;,&quot;keywords&quot;:&quot;Array&quot;}\" data-image-title=\"Lookbook de estilo roqueiro\" data-image-description=\"\" data-medium-file=\"https:\/\/www.maistendencia.com\/blog\/wp-content\/uploads\/2016\/04\/Rguez_Celia_PL03_EV_11-200x300.jpg\" data-large-file=\"https:\/\/www.maistendencia.com\/blog\/wp-content\/uploads\/2016\/04\/Rguez_Celia_PL03_EV_11.jpg\" \/><\/a>\n\t\t\t<\/div><\/figure><figure class='gallery-item'>\n\t\t\t<div class='gallery-icon portrait'>\n\t\t\t\t<a href='https:\/\/www.maistendencia.com\/blog\/lookbook-roquero-celia-rodriguez\/celia-rf-17\/'><img loading=\"lazy\" decoding=\"async\" width=\"150\" height=\"150\" src=\"https:\/\/www.maistendencia.com\/blog\/wp-content\/uploads\/2016\/04\/Rguez_Celia_PL03_CAT_04-150x150.jpg\" class=\"attachment-thumbnail size-thumbnail\" alt=\"Lookbook de estilo roqueiro de Celia Rodr\u00edguez\" data-attachment-id=\"2117\" data-orig-file=\"https:\/\/www.maistendencia.com\/blog\/wp-content\/uploads\/2016\/04\/Rguez_Celia_PL03_CAT_04.jpg\" data-orig-size=\"511,768\" data-comments-opened=\"1\" data-image-meta=\"{&quot;aperture&quot;:&quot;16&quot;,&quot;credit&quot;:&quot;&quot;,&quot;camera&quot;:&quot;CORPORATION&quot;,&quot;caption&quot;:&quot;&quot;,&quot;created_timestamp&quot;:&quot;1456253432&quot;,&quot;copyright&quot;:&quot;\\u00a9CeliaRF&quot;,&quot;focal_length&quot;:&quot;35&quot;,&quot;iso&quot;:&quot;100&quot;,&quot;shutter_speed&quot;:&quot;0.008&quot;,&quot;title&quot;:&quot;Celia RF&quot;,&quot;orientation&quot;:&quot;1&quot;,&quot;keywords&quot;:&quot;Array&quot;}\" data-image-title=\"Lookbook de estilo roqueiro\" data-image-description=\"\" data-medium-file=\"https:\/\/www.maistendencia.com\/blog\/wp-content\/uploads\/2016\/04\/Rguez_Celia_PL03_CAT_04-200x300.jpg\" data-large-file=\"https:\/\/www.maistendencia.com\/blog\/wp-content\/uploads\/2016\/04\/Rguez_Celia_PL03_CAT_04.jpg\" \/><\/a>\n\t\t\t<\/div><\/figure>\n\t\t<\/div>\n\n<\/div>\n<p lang=\"de-DE\" align=\"LEFT\">\n","protected":false},"excerpt":{"rendered":"<p>Hoxe acheg\u00e1mosvos a segunda entrega da serie iniciada o pasado 23 de marzo onde vos imos ir ensinando e comentando post a post o traballo sobre fotograf\u00eda de moda realizado polos alumnos do segundo curso&#8230;<br \/><a href=\"https:\/\/www.maistendencia.com\/blog\/lookbook-roquero-celia-rodriguez\/\"> Continuar leyendo&#8230;<\/a><\/p>\n","protected":false},"author":2,"featured_media":2099,"comment_status":"open","ping_status":"closed","sticky":false,"template":"","format":"standard","meta":{"footnotes":""},"categories":[11,3],"tags":[156,162,106,165,62,187,63],"class_list":["post-2097","post","type-post","status-publish","format-standard","has-post-thumbnail","hentry","category-looks","category-moda","tag-belinda","tag-fotografia","tag-hermanos-barros","tag-lookbook","tag-moda","tag-modelo","tag-ourense"],"aioseo_notices":[],"_links":{"self":[{"href":"https:\/\/www.maistendencia.com\/blog\/wp-json\/wp\/v2\/posts\/2097","targetHints":{"allow":["GET"]}}],"collection":[{"href":"https:\/\/www.maistendencia.com\/blog\/wp-json\/wp\/v2\/posts"}],"about":[{"href":"https:\/\/www.maistendencia.com\/blog\/wp-json\/wp\/v2\/types\/post"}],"author":[{"embeddable":true,"href":"https:\/\/www.maistendencia.com\/blog\/wp-json\/wp\/v2\/users\/2"}],"replies":[{"embeddable":true,"href":"https:\/\/www.maistendencia.com\/blog\/wp-json\/wp\/v2\/comments?post=2097"}],"version-history":[{"count":1,"href":"https:\/\/www.maistendencia.com\/blog\/wp-json\/wp\/v2\/posts\/2097\/revisions"}],"predecessor-version":[{"id":8961,"href":"https:\/\/www.maistendencia.com\/blog\/wp-json\/wp\/v2\/posts\/2097\/revisions\/8961"}],"wp:featuredmedia":[{"embeddable":true,"href":"https:\/\/www.maistendencia.com\/blog\/wp-json\/wp\/v2\/media\/2099"}],"wp:attachment":[{"href":"https:\/\/www.maistendencia.com\/blog\/wp-json\/wp\/v2\/media?parent=2097"}],"wp:term":[{"taxonomy":"category","embeddable":true,"href":"https:\/\/www.maistendencia.com\/blog\/wp-json\/wp\/v2\/categories?post=2097"},{"taxonomy":"post_tag","embeddable":true,"href":"https:\/\/www.maistendencia.com\/blog\/wp-json\/wp\/v2\/tags?post=2097"}],"curies":[{"name":"wp","href":"https:\/\/api.w.org\/{rel}","templated":true}]}}