{"id":2012,"date":"2016-03-18T12:57:57","date_gmt":"2016-03-18T11:57:57","guid":{"rendered":"http:\/\/www.maistendencia.com\/?p=2012"},"modified":"2019-08-12T13:25:13","modified_gmt":"2019-08-12T11:25:13","slug":"iv-shopping-night-ourense-centro-noitedetendas","status":"publish","type":"post","link":"https:\/\/www.maistendencia.com\/blog\/iv-shopping-night-ourense-centro-noitedetendas\/","title":{"rendered":"La IV Shopping Night de Ourense Centro calienta motores #Noitedetendas"},"content":{"rendered":"<p><a href=\"http:\/\/www.ourensecentro.com\" target=\"_blank\" rel=\"noopener noreferrer\">Centro Comercial Aberto Ourense Centro<\/a> pone en marcha un a\u00f1o m\u00e1s, y \u00e9ste ya es el cuarto, todos los preparativos necesarios para la celebraci\u00f3n de la <a href=\"https:\/\/www.shoppingnightourensecentro.com\/\" target=\"_blank\" rel=\"noopener noreferrer\">Shopping Night<\/a> que organiza la entidad y que involucra tanto a los comercios asociados como a todos aquellos que se quieran sumar a la iniciativa y est\u00e9n ubicados en la zona del centro urbano de Ourense.<\/p>\n<p>\u00c9sta comprende las dos arterias comerciales m\u00e1s importantes de la ciudad, que son <strong>las r\u00faas do Paseo y Santo Domingo, as\u00ed como las aleda\u00f1as, y diversas calles del casco antiguo hasta llegar a la Praza Maior<\/strong>.<\/p>\n<p><img loading=\"lazy\" decoding=\"async\" class=\"alignnone size-full wp-image-2022\" src=\"http:\/\/www.maistendencia.com\/wp-content\/uploads\/2016\/03\/Shopping-night-2016-nerea-barros.jpg\" alt=\"Shopping nigth Ourense\" width=\"750\" height=\"499\" srcset=\"https:\/\/www.maistendencia.com\/blog\/wp-content\/uploads\/2016\/03\/Shopping-night-2016-nerea-barros.jpg 750w, https:\/\/www.maistendencia.com\/blog\/wp-content\/uploads\/2016\/03\/Shopping-night-2016-nerea-barros-300x200.jpg 300w, https:\/\/www.maistendencia.com\/blog\/wp-content\/uploads\/2016\/03\/Shopping-night-2016-nerea-barros-400x266.jpg 400w, https:\/\/www.maistendencia.com\/blog\/wp-content\/uploads\/2016\/03\/Shopping-night-2016-nerea-barros-50x33.jpg 50w\" sizes=\"auto, (max-width: 750px) 100vw, 750px\" \/><\/p>\n<p>La fecha programada para el acontecimiento ser\u00e1 <strong>el pr\u00f3ximo 29 de abril<\/strong>, cuando adem\u00e1s se conmemora el <a href=\"https:\/\/es.wikipedia.org\/wiki\/D%C3%ADa_Internacional_de_la_Danza\" target=\"_blank\" rel=\"noopener noreferrer\">D\u00eda Internacional de la Danza<\/a> y esta circunstancia no pasar\u00e1 desapercibida para la ocasi\u00f3n, aunque a\u00fan no se puedan revelar las sorpresas que nos reserva la programaci\u00f3n de este a\u00f1o.<\/p>\n<h2>La Shopping Night combinar\u00e1 una noche de compras con una noche de ocio<\/h2>\n<p><strong>\u00abNuevamente, combinaremos una noche de compras con una noche de ocio que no dejar\u00e1 a nadie indiferente en la ciudad\u00bb<\/strong>, asegura Lorena Tato, la gerente de CCA Ourense Centro.<\/p>\n<p>Por supuesto, se llevar\u00e1n a cabo una serie de actividades para animar las calles del centro con <strong>actuaciones musicales, pasacalles, degustaciones, sorteos y actividades de entretenimiento para los m\u00e1s peque\u00f1os, sin olvidarnos de las promociones<\/strong> que los establecimientos ofrecer\u00e1n y que resultan tan de agradecer en el epicentro de la campa\u00f1a de primavera\/verano 2016.<\/p>\n<p><img loading=\"lazy\" decoding=\"async\" class=\"alignnone wp-image-2020 size-full\" src=\"http:\/\/www.maistendencia.com\/wp-content\/uploads\/2016\/03\/Shopping-night-2016-baile.jpg\" alt=\"Shopping nigth Ourense 24-4-15 Baile estilo libre\" width=\"747\" height=\"500\" srcset=\"https:\/\/www.maistendencia.com\/blog\/wp-content\/uploads\/2016\/03\/Shopping-night-2016-baile.jpg 747w, https:\/\/www.maistendencia.com\/blog\/wp-content\/uploads\/2016\/03\/Shopping-night-2016-baile-300x201.jpg 300w, https:\/\/www.maistendencia.com\/blog\/wp-content\/uploads\/2016\/03\/Shopping-night-2016-baile-50x33.jpg 50w\" sizes=\"auto, (max-width: 747px) 100vw, 747px\" \/><\/p>\n<h2>El objetivo es animar a la gente a salir y a disfrutar de nuestro comercio local.<\/h2>\n<p><strong>\u00abTodo se hace con el objetivo de animar a la gente a salir y a disfrutar de nuestro comercio local\u00bb<\/strong>, dice Lorena. Adem\u00e1s, las tiendas tambi\u00e9n se \u00abvestir\u00e1n\u00bb para la ocasi\u00f3n con una decoraci\u00f3n especial que cree ambiente y en el interior de los comercios los clientes se ver\u00e1n gratamente sorprendidos con un c\u00f3ctel, canap\u00e9s, dulces u otras sorpresas que le den un toque distinto a la diaria actividad comercial.<\/p>\n<h2>Inscripci\u00f3n<\/h2>\n<p>Los establecimientos que deseen participar tienen de plazo <strong>hasta el 22 de marzo de 2016<\/strong> para hacerlo. Los comercios s\u00f3lo tienen que ponerse en contacto con CCA Ourense Centro, a trav\u00e9s del tel\u00e9fono <strong>988601297<\/strong> o a trav\u00e9s del correo <strong>info@ourensecca.com<\/strong>.<\/p>\n<p><img loading=\"lazy\" decoding=\"async\" class=\"alignnone size-full wp-image-2021\" src=\"http:\/\/www.maistendencia.com\/wp-content\/uploads\/2016\/03\/Shopping-night-2016-galeguesas.jpg\" alt=\"Shopping-night-galeguesas\" width=\"800\" height=\"450\" srcset=\"https:\/\/www.maistendencia.com\/blog\/wp-content\/uploads\/2016\/03\/Shopping-night-2016-galeguesas.jpg 800w, https:\/\/www.maistendencia.com\/blog\/wp-content\/uploads\/2016\/03\/Shopping-night-2016-galeguesas-300x169.jpg 300w\" sizes=\"auto, (max-width: 800px) 100vw, 800px\" \/><\/p>\n<h3><strong>\u00c9xito de pasadas ediciones<\/strong><\/h3>\n<p>El \u00e9xito cosechado en pasadas ediciones hace que la pr\u00f3xima cita para poder \u00abcomprar de noche\u00bb sea un esperado acontecimiento comercial en Ourense, con la particularidad de que en nuestra ciudad el evento cuenta con el aliciente de estar muy ligado al comercio local, tan nuestro, a establecimientos \u00fanicos y con encanto que esa noche se envuelven de una atm\u00f3sfera a\u00fan m\u00e1s singular y festiva.<\/p>\n<p><img loading=\"lazy\" decoding=\"async\" class=\"alignnone size-full wp-image-2024\" src=\"http:\/\/www.maistendencia.com\/wp-content\/uploads\/2016\/03\/Shopping-night-2016-publico.jpg\" alt=\"Shopping nigth Ourense flah mob\" width=\"750\" height=\"499\" srcset=\"https:\/\/www.maistendencia.com\/blog\/wp-content\/uploads\/2016\/03\/Shopping-night-2016-publico.jpg 750w, https:\/\/www.maistendencia.com\/blog\/wp-content\/uploads\/2016\/03\/Shopping-night-2016-publico-300x200.jpg 300w, https:\/\/www.maistendencia.com\/blog\/wp-content\/uploads\/2016\/03\/Shopping-night-2016-publico-400x266.jpg 400w, https:\/\/www.maistendencia.com\/blog\/wp-content\/uploads\/2016\/03\/Shopping-night-2016-publico-50x33.jpg 50w\" sizes=\"auto, (max-width: 750px) 100vw, 750px\" \/><\/p>\n<p>Para que te hagas una idea de todo lo que esta <strong>#Noitedetendas<\/strong>, te puede ofrecer visita el microsite <a href=\"https:\/\/www.shoppingnightourensecentro.com\/\" target=\"_blank\" rel=\"noopener noreferrer\">www.shoppingnightourensecentro.com<\/a> y su gran galer\u00eda de im\u00e1genes de m\u00e1gicas noches de compra.<\/p>\n<p><em>Foto de portada: <a href=\"http:\/\/www.laregion.es\/\" target=\"_blank\" rel=\"noopener noreferrer\">La Region<\/a><\/em><\/p>\n","protected":false},"excerpt":{"rendered":"<p>Centro Comercial Aberto Ourense Centro pone en marcha un a\u00f1o m\u00e1s, y \u00e9ste ya es el cuarto, todos los preparativos necesarios para la celebraci\u00f3n de la Shopping Night que organiza la entidad y que involucra&#8230;<br \/><a href=\"https:\/\/www.maistendencia.com\/blog\/iv-shopping-night-ourense-centro-noitedetendas\/\"> Continuar leyendo&#8230;<\/a><\/p>\n","protected":false},"author":2,"featured_media":2023,"comment_status":"open","ping_status":"closed","sticky":false,"template":"","format":"standard","meta":{"footnotes":""},"categories":[3,7],"tags":[149,291,147,62,63,146,148],"class_list":["post-2012","post","type-post","status-publish","format-standard","has-post-thumbnail","hentry","category-moda","category-ocio","tag-noitedetendas","tag-cca","tag-centro-comercial-aberto-ourense-centro","tag-moda","tag-ourense","tag-ourense-centro","tag-shopping-night"],"aioseo_notices":[],"_links":{"self":[{"href":"https:\/\/www.maistendencia.com\/blog\/wp-json\/wp\/v2\/posts\/2012","targetHints":{"allow":["GET"]}}],"collection":[{"href":"https:\/\/www.maistendencia.com\/blog\/wp-json\/wp\/v2\/posts"}],"about":[{"href":"https:\/\/www.maistendencia.com\/blog\/wp-json\/wp\/v2\/types\/post"}],"author":[{"embeddable":true,"href":"https:\/\/www.maistendencia.com\/blog\/wp-json\/wp\/v2\/users\/2"}],"replies":[{"embeddable":true,"href":"https:\/\/www.maistendencia.com\/blog\/wp-json\/wp\/v2\/comments?post=2012"}],"version-history":[{"count":1,"href":"https:\/\/www.maistendencia.com\/blog\/wp-json\/wp\/v2\/posts\/2012\/revisions"}],"predecessor-version":[{"id":7003,"href":"https:\/\/www.maistendencia.com\/blog\/wp-json\/wp\/v2\/posts\/2012\/revisions\/7003"}],"wp:featuredmedia":[{"embeddable":true,"href":"https:\/\/www.maistendencia.com\/blog\/wp-json\/wp\/v2\/media\/2023"}],"wp:attachment":[{"href":"https:\/\/www.maistendencia.com\/blog\/wp-json\/wp\/v2\/media?parent=2012"}],"wp:term":[{"taxonomy":"category","embeddable":true,"href":"https:\/\/www.maistendencia.com\/blog\/wp-json\/wp\/v2\/categories?post=2012"},{"taxonomy":"post_tag","embeddable":true,"href":"https:\/\/www.maistendencia.com\/blog\/wp-json\/wp\/v2\/tags?post=2012"}],"curies":[{"name":"wp","href":"https:\/\/api.w.org\/{rel}","templated":true}]}}