{"id":1990,"date":"2016-03-17T20:02:06","date_gmt":"2016-03-17T19:02:06","guid":{"rendered":"http:\/\/www.maistendencia.com\/?p=1990"},"modified":"2019-08-12T13:27:45","modified_gmt":"2019-08-12T11:27:45","slug":"dia-padre-cosmeticos-para-papa","status":"publish","type":"post","link":"https:\/\/www.maistendencia.com\/blog\/dia-padre-cosmeticos-para-papa\/","title":{"rendered":"<span class=\"antetitulo\">D\u00eda del Padre<\/span><br\/> Cosm\u00e9ticos tambi\u00e9n para pap\u00e1"},"content":{"rendered":"<p>Cada vez m\u00e1s la <strong>cosm\u00e9tica forma parte del d\u00eda a d\u00eda de la rutina de aseo y cuidado personal del g\u00e9nero masculino<\/strong>. Y tambi\u00e9n, cada vez m\u00e1s, crece el n\u00famero de hombres que se suben al carro de la est\u00e9tica y la belleza a la par que incrementa la oferta <em>beauty<\/em> para ellos.<\/p>\n<p>Poco a poco parece que van quedando atr\u00e1s los tiempos en que los cuidados \u00abpara \u00e9l\u00bb se limitaban exclusivamente a rasurarse con una cuchilla de afeitar (eso s\u00ed, cada vez m\u00e1s <em>hightech<\/em>) y a las dos palmaditas contadas de rigor sobre las mejillas para aplicarse un buen chorro de <em>aftershave<\/em> que har\u00eda escocer hasta las piedras.<\/p>\n<h2>El hombre moderno se preocupa tambi\u00e9n por el cuidado de cara y cuerpo<\/h2>\n<p>Ha dejado de ser tab\u00fa que el hombre se preocupe tambi\u00e9n por el cuidado y belleza de cara y cuerpo y vencido el pudor, en muchos casos, de admitir que tambi\u00e9n son coquetos y utilizan productos exclusivos y especializados en sus particulares necesidades est\u00e9ticas.<\/p>\n<p>En los lineales de perfumer\u00edas, peluquer\u00edas y centros de est\u00e9tica se ven cremas hidratantes, antiedad, serums regeneradores, cremas exfoliantes o mascarillas exclusivamente pensadas para ellos.<\/p>\n<p>En particular, los productos para el <strong>cuidado de las barbas y bigotes<\/strong> atraviesan una nueva edad de oro, gracias al cuidado que en los \u00faltimos tiempos legiones de <em>hipsters<\/em> vienen dedicando a sus frondosas masas de vello facial, para limpiarlas, fijarlas y darles esplendor.<\/p>\n<p>Si tu padre tambi\u00e9n practica y disfruta de su particular <strong>ritual de belleza<\/strong>, diaria u ocasionalmente, en la siguiente galer\u00eda de fotos puedes encontrar una relaci\u00f3n de propuestas cosm\u00e9ticas realizadas por <strong><a href=\"http:\/\/cachaldoraseoane.com\/\" target=\"_blank\" rel=\"noopener noreferrer\">Cachaldora Seoane<\/a><\/strong> y la <strong>Perfumer\u00eda Avenida<\/strong> de la Avenida de Buenos Aires con las que <a href=\"https:\/\/www.maistendencia.com\/blog\/dale-una-vuelta-a-los-regalos-tipicos-del-dia-del-padre\/\">agasajar a tu progenitor el pr\u00f3ximo 19 de marzo<\/a> .<\/p>\n<div class='texto-galeria'>Ver Galer\u00eda de Im\u00e1genes\n<div data-carousel-extra='{\"blog_id\":1,\"permalink\":\"https:\\\/\\\/www.maistendencia.com\\\/blog\\\/dia-padre-cosmeticos-para-papa\\\/\",\"likes_blog_id\":false}' id='gallery-1' class='gallery galleryid-1990 gallery-columns-3 gallery-size-thumbnail'><figure class='gallery-item'>\n\t\t\t<div class='gallery-icon portrait'>\n\t\t\t\t<a href='https:\/\/www.maistendencia.com\/blog\/dia-padre-cosmeticos-para-papa\/stern-2-2\/'><img loading=\"lazy\" decoding=\"async\" width=\"150\" height=\"150\" src=\"https:\/\/www.maistendencia.com\/blog\/wp-content\/uploads\/2016\/03\/stern-2-150x150.jpg\" class=\"attachment-thumbnail size-thumbnail\" alt=\"Cera para el bigote Stern de Cachaldora Seoane\" data-attachment-id=\"1995\" data-orig-file=\"https:\/\/www.maistendencia.com\/blog\/wp-content\/uploads\/2016\/03\/stern-2.jpg\" data-orig-size=\"440,558\" data-comments-opened=\"1\" data-image-meta=\"{&quot;aperture&quot;:&quot;0&quot;,&quot;credit&quot;:&quot;&quot;,&quot;camera&quot;:&quot;&quot;,&quot;caption&quot;:&quot;&quot;,&quot;created_timestamp&quot;:&quot;0&quot;,&quot;copyright&quot;:&quot;&quot;,&quot;focal_length&quot;:&quot;0&quot;,&quot;iso&quot;:&quot;0&quot;,&quot;shutter_speed&quot;:&quot;0&quot;,&quot;title&quot;:&quot;&quot;,&quot;orientation&quot;:&quot;0&quot;,&quot;keywords&quot;:&quot;Array&quot;}\" data-image-title=\"Cera para el bigote  Stern de Cachaldora Seoane\" data-image-description=\"&lt;p&gt;Es un producto para quienes tienen estilo propio, ya que esta cera de barba y bigote permite moldear y dar la forma apetecida. Es de la marca alemana Stern, con tradici\u00f3n desde 1906. Lo puedes adquirir en el centro de peluquer\u00eda y est\u00e9tica de &lt;a href =&quot;http:\/\/cachaldoraseoane.com\/&quot;target=&quot;_blank&quot; rel=&quot;noopener noreferrer&quot;&gt;Cachaldora Seoane&lt;\/a&gt;, en la r\u00faa do Paseo. &lt;\/p&gt;\n\" data-medium-file=\"https:\/\/www.maistendencia.com\/blog\/wp-content\/uploads\/2016\/03\/stern-2-237x300.jpg\" data-large-file=\"https:\/\/www.maistendencia.com\/blog\/wp-content\/uploads\/2016\/03\/stern-2.jpg\" \/><\/a>\n\t\t\t<\/div><\/figure><figure class='gallery-item'>\n\t\t\t<div class='gallery-icon landscape'>\n\t\t\t\t<a href='https:\/\/www.maistendencia.com\/blog\/dia-padre-cosmeticos-para-papa\/biotherm-homme\/'><img loading=\"lazy\" decoding=\"async\" width=\"150\" height=\"150\" src=\"https:\/\/www.maistendencia.com\/blog\/wp-content\/uploads\/2016\/03\/biotherm-homme-150x150.jpg\" class=\"attachment-thumbnail size-thumbnail\" alt=\"Crema correctora y mousse de afeitado de Perfumer\u00eda Avenida\" data-attachment-id=\"1996\" data-orig-file=\"https:\/\/www.maistendencia.com\/blog\/wp-content\/uploads\/2016\/03\/biotherm-homme.jpg\" data-orig-size=\"724,558\" data-comments-opened=\"1\" data-image-meta=\"{&quot;aperture&quot;:&quot;0&quot;,&quot;credit&quot;:&quot;&quot;,&quot;camera&quot;:&quot;&quot;,&quot;caption&quot;:&quot;&quot;,&quot;created_timestamp&quot;:&quot;0&quot;,&quot;copyright&quot;:&quot;&quot;,&quot;focal_length&quot;:&quot;0&quot;,&quot;iso&quot;:&quot;0&quot;,&quot;shutter_speed&quot;:&quot;0&quot;,&quot;title&quot;:&quot;&quot;,&quot;orientation&quot;:&quot;0&quot;,&quot;keywords&quot;:&quot;Array&quot;}\" data-image-title=\"Crema correctora y mousse de afeitado de Perfumer\u00eda Avenida\" data-image-description=\"&lt;p&gt;La crema est\u00e1 dise\u00f1ada para el cuidado de la piel madura. Dise\u00f1ado para remodelar la piel y restaurar la apariencia de juventud. Ambos productos los encontrar\u00e1s en la Perfumer\u00eda Avenida de la Avenida de Buenos Aires.&lt;\/p&gt;\n\" data-medium-file=\"https:\/\/www.maistendencia.com\/blog\/wp-content\/uploads\/2016\/03\/biotherm-homme-300x231.jpg\" data-large-file=\"https:\/\/www.maistendencia.com\/blog\/wp-content\/uploads\/2016\/03\/biotherm-homme.jpg\" \/><\/a>\n\t\t\t<\/div><\/figure><figure class='gallery-item'>\n\t\t\t<div class='gallery-icon portrait'>\n\t\t\t\t<a href='https:\/\/www.maistendencia.com\/blog\/dia-padre-cosmeticos-para-papa\/aceite-de-barba\/'><img loading=\"lazy\" decoding=\"async\" width=\"150\" height=\"150\" src=\"https:\/\/www.maistendencia.com\/blog\/wp-content\/uploads\/2016\/03\/aceite-de-barba-150x150.jpg\" class=\"attachment-thumbnail size-thumbnail\" alt=\"Aceite de barba Captain Cook de Cachaldora Seoane\" data-attachment-id=\"1997\" data-orig-file=\"https:\/\/www.maistendencia.com\/blog\/wp-content\/uploads\/2016\/03\/aceite-de-barba.jpg\" data-orig-size=\"900,1600\" data-comments-opened=\"1\" data-image-meta=\"{&quot;aperture&quot;:&quot;0&quot;,&quot;credit&quot;:&quot;&quot;,&quot;camera&quot;:&quot;&quot;,&quot;caption&quot;:&quot;&quot;,&quot;created_timestamp&quot;:&quot;0&quot;,&quot;copyright&quot;:&quot;&quot;,&quot;focal_length&quot;:&quot;0&quot;,&quot;iso&quot;:&quot;0&quot;,&quot;shutter_speed&quot;:&quot;0&quot;,&quot;title&quot;:&quot;&quot;,&quot;orientation&quot;:&quot;0&quot;,&quot;keywords&quot;:&quot;Array&quot;}\" data-image-title=\"Aceite de barba de Cachaldora Seoane\" data-image-description=\"&lt;p&gt;Es de la marca especializada CaptainCook y lleva una mezcla de aceites naturales no grados con activos calmantes y regenerativos con manzanilla y la rosa mosqueta. Adem\u00e1s, contiene aceite de \u00e1rbol de t\u00e9, de potente efecto antis\u00e9ptico. Lo ofrece  &lt;a href =&quot;http:\/\/cachaldoraseoane.com\/&quot;target=&quot;_blank&quot; rel=&quot;noopener noreferrer&quot;&gt;Cachaldora Seoane&lt;\/a&gt;&lt;\/p&gt;\n\" data-medium-file=\"https:\/\/www.maistendencia.com\/blog\/wp-content\/uploads\/2016\/03\/aceite-de-barba-169x300.jpg\" data-large-file=\"https:\/\/www.maistendencia.com\/blog\/wp-content\/uploads\/2016\/03\/aceite-de-barba-576x1024.jpg\" \/><\/a>\n\t\t\t<\/div><\/figure><figure class='gallery-item'>\n\t\t\t<div class='gallery-icon portrait'>\n\t\t\t\t<a href='https:\/\/www.maistendencia.com\/blog\/dia-padre-cosmeticos-para-papa\/crema-de-afeitado\/'><img loading=\"lazy\" decoding=\"async\" width=\"150\" height=\"150\" src=\"https:\/\/www.maistendencia.com\/blog\/wp-content\/uploads\/2016\/03\/crema-de-afeitado-150x150.jpg\" class=\"attachment-thumbnail size-thumbnail\" alt=\"Crema de afeitado Captain Cook de Cachaldora Seoane\" data-attachment-id=\"1998\" data-orig-file=\"https:\/\/www.maistendencia.com\/blog\/wp-content\/uploads\/2016\/03\/crema-de-afeitado.jpg\" data-orig-size=\"900,1600\" data-comments-opened=\"1\" data-image-meta=\"{&quot;aperture&quot;:&quot;0&quot;,&quot;credit&quot;:&quot;&quot;,&quot;camera&quot;:&quot;&quot;,&quot;caption&quot;:&quot;&quot;,&quot;created_timestamp&quot;:&quot;0&quot;,&quot;copyright&quot;:&quot;&quot;,&quot;focal_length&quot;:&quot;0&quot;,&quot;iso&quot;:&quot;0&quot;,&quot;shutter_speed&quot;:&quot;0&quot;,&quot;title&quot;:&quot;&quot;,&quot;orientation&quot;:&quot;0&quot;,&quot;keywords&quot;:&quot;Array&quot;}\" data-image-title=\"Crema de afeitado de Cachaldora Seoane\" data-image-description=\"&lt;p&gt;Est\u00e1 formulada con suaves activos que hacen espuma suficiente para la acci\u00f3n del afeitado. Tiene lanolina para mejorar la protecci\u00f3n de la piel. En &lt;a href =&quot;http:\/\/cachaldoraseoane.com\/&quot;target=&quot;_blank&quot; rel=&quot;noopener noreferrer&quot;&gt;Cachaldora Seoane&lt;\/a&gt;&lt;\/p&gt;\n\" data-medium-file=\"https:\/\/www.maistendencia.com\/blog\/wp-content\/uploads\/2016\/03\/crema-de-afeitado-169x300.jpg\" data-large-file=\"https:\/\/www.maistendencia.com\/blog\/wp-content\/uploads\/2016\/03\/crema-de-afeitado-576x1024.jpg\" \/><\/a>\n\t\t\t<\/div><\/figure><figure class='gallery-item'>\n\t\t\t<div class='gallery-icon landscape'>\n\t\t\t\t<a href='https:\/\/www.maistendencia.com\/blog\/dia-padre-cosmeticos-para-papa\/productos-nivea\/'><img loading=\"lazy\" decoding=\"async\" width=\"150\" height=\"150\" src=\"https:\/\/www.maistendencia.com\/blog\/wp-content\/uploads\/2016\/03\/Productos-Nivea-150x150.jpg\" class=\"attachment-thumbnail size-thumbnail\" alt=\"Productos Nivea hombre de Perfumer\u00eda Avenida\" aria-describedby=\"gallery-1-1999\" data-attachment-id=\"1999\" data-orig-file=\"https:\/\/www.maistendencia.com\/blog\/wp-content\/uploads\/2016\/03\/Productos-Nivea.jpg\" data-orig-size=\"735,490\" data-comments-opened=\"1\" data-image-meta=\"{&quot;aperture&quot;:&quot;0&quot;,&quot;credit&quot;:&quot;&quot;,&quot;camera&quot;:&quot;&quot;,&quot;caption&quot;:&quot;&quot;,&quot;created_timestamp&quot;:&quot;0&quot;,&quot;copyright&quot;:&quot;&quot;,&quot;focal_length&quot;:&quot;0&quot;,&quot;iso&quot;:&quot;0&quot;,&quot;shutter_speed&quot;:&quot;0&quot;,&quot;title&quot;:&quot;&quot;,&quot;orientation&quot;:&quot;0&quot;,&quot;keywords&quot;:&quot;Array&quot;}\" data-image-title=\"Productos Nivea de Perfumer\u00eda Avenida\" data-image-description=\"&lt;p&gt;Para un completo ritual de cuidado facial. Puedes llevarlos todos o elegir entre un protector hidratante, un regenerador de noche o un antiarrugas, seg\u00fan las necesidades. En la  Perfumer\u00eda Avenida de la Avenidad de Buenos Aires te sabr\u00e1n asesorar.&lt;\/p&gt;\n\" data-medium-file=\"https:\/\/www.maistendencia.com\/blog\/wp-content\/uploads\/2016\/03\/Productos-Nivea-300x200.jpg\" data-large-file=\"https:\/\/www.maistendencia.com\/blog\/wp-content\/uploads\/2016\/03\/Productos-Nivea.jpg\" \/><\/a>\n\t\t\t<\/div>\n\t\t\t\t<figcaption class='wp-caption-text gallery-caption' id='gallery-1-1999'>\n\t\t\t\tPack Nivea para hombre\n\t\t\t\t<\/figcaption><\/figure><figure class='gallery-item'>\n\t\t\t<div class='gallery-icon portrait'>\n\t\t\t\t<a href='https:\/\/www.maistendencia.com\/blog\/dia-padre-cosmeticos-para-papa\/tratamiento-anticaida\/'><img loading=\"lazy\" decoding=\"async\" width=\"150\" height=\"150\" src=\"https:\/\/www.maistendencia.com\/blog\/wp-content\/uploads\/2016\/03\/tratamiento-anticaida-150x150.jpg\" class=\"attachment-thumbnail size-thumbnail\" alt=\"Serum Tratamiento contra la ca\u00edda del cabello\" data-attachment-id=\"2000\" data-orig-file=\"https:\/\/www.maistendencia.com\/blog\/wp-content\/uploads\/2016\/03\/tratamiento-anticaida.jpg\" data-orig-size=\"900,1600\" data-comments-opened=\"1\" data-image-meta=\"{&quot;aperture&quot;:&quot;0&quot;,&quot;credit&quot;:&quot;&quot;,&quot;camera&quot;:&quot;&quot;,&quot;caption&quot;:&quot;&quot;,&quot;created_timestamp&quot;:&quot;0&quot;,&quot;copyright&quot;:&quot;&quot;,&quot;focal_length&quot;:&quot;0&quot;,&quot;iso&quot;:&quot;0&quot;,&quot;shutter_speed&quot;:&quot;0&quot;,&quot;title&quot;:&quot;&quot;,&quot;orientation&quot;:&quot;0&quot;,&quot;keywords&quot;:&quot;Array&quot;}\" data-image-title=\"Serum Tratamiento contra la ca\u00edda del cabello\" data-image-description=\"&lt;p&gt;Para retrasar los efectos de la ca\u00edda del cabello o la alopecia &lt;a href =&quot;http:\/\/cachaldoraseoane.com\/&quot;target=&quot;_blank&quot; rel=&quot;noopener noreferrer&quot;&gt;Cachaldora Seoane&lt;\/a&gt; recomienda este serum de f\u00e1cil aplicaci\u00f3n que pulveriza el producto en la cabellera desde la raiz con la ayuda de una c\u00e1nula.&lt;\/p&gt;\n\" data-medium-file=\"https:\/\/www.maistendencia.com\/blog\/wp-content\/uploads\/2016\/03\/tratamiento-anticaida-169x300.jpg\" data-large-file=\"https:\/\/www.maistendencia.com\/blog\/wp-content\/uploads\/2016\/03\/tratamiento-anticaida-576x1024.jpg\" \/><\/a>\n\t\t\t<\/div><\/figure><figure class='gallery-item'>\n\t\t\t<div class='gallery-icon landscape'>\n\t\t\t\t<a href='https:\/\/www.maistendencia.com\/blog\/dia-padre-cosmeticos-para-papa\/pack-de-estetica-con-precio-especial\/'><img loading=\"lazy\" decoding=\"async\" width=\"150\" height=\"150\" src=\"https:\/\/www.maistendencia.com\/blog\/wp-content\/uploads\/2016\/03\/Pack-de-est\u00e9tica-con-precio-especial-150x150.jpg\" class=\"attachment-thumbnail size-thumbnail\" alt=\"Pack L&#039;Oreal Afeitado de Perfumer\u00eda Avenida\" data-attachment-id=\"2001\" data-orig-file=\"https:\/\/www.maistendencia.com\/blog\/wp-content\/uploads\/2016\/03\/Pack-de-est\u00e9tica-con-precio-especial.jpg\" data-orig-size=\"626,408\" data-comments-opened=\"1\" data-image-meta=\"{&quot;aperture&quot;:&quot;0&quot;,&quot;credit&quot;:&quot;&quot;,&quot;camera&quot;:&quot;&quot;,&quot;caption&quot;:&quot;&quot;,&quot;created_timestamp&quot;:&quot;0&quot;,&quot;copyright&quot;:&quot;&quot;,&quot;focal_length&quot;:&quot;0&quot;,&quot;iso&quot;:&quot;0&quot;,&quot;shutter_speed&quot;:&quot;0&quot;,&quot;title&quot;:&quot;&quot;,&quot;orientation&quot;:&quot;0&quot;,&quot;keywords&quot;:&quot;Array&quot;}\" data-image-title=\"Pack L&#8217;Oreal Afeitado de Perfumer\u00eda Avenida\" data-image-description=\"&lt;p&gt;La marca L&#8217;Oreal ofrece este pack completo a un precio especial que contiene un gel limpiador con carb\u00f3n magn\u00e9tico, una crema hidratante con efecto antifatiga y un aftershave de regalo. Disponible en Perfumer\u00eda Avenida de la Avenida de Buenos Aires.&lt;\/p&gt;\n\" data-medium-file=\"https:\/\/www.maistendencia.com\/blog\/wp-content\/uploads\/2016\/03\/Pack-de-est\u00e9tica-con-precio-especial-300x196.jpg\" data-large-file=\"https:\/\/www.maistendencia.com\/blog\/wp-content\/uploads\/2016\/03\/Pack-de-est\u00e9tica-con-precio-especial.jpg\" \/><\/a>\n\t\t\t<\/div><\/figure><figure class='gallery-item'>\n\t\t\t<div class='gallery-icon portrait'>\n\t\t\t\t<a href='https:\/\/www.maistendencia.com\/blog\/dia-padre-cosmeticos-para-papa\/moller-for-men\/'><img loading=\"lazy\" decoding=\"async\" width=\"150\" height=\"150\" src=\"https:\/\/www.maistendencia.com\/blog\/wp-content\/uploads\/2016\/03\/moller-for-men-150x150.jpg\" class=\"attachment-thumbnail size-thumbnail\" alt=\"Pack M\u00f6ller for men de Perfumer\u00eda Avenida\" data-attachment-id=\"2002\" data-orig-file=\"https:\/\/www.maistendencia.com\/blog\/wp-content\/uploads\/2016\/03\/moller-for-men.jpg\" data-orig-size=\"534,595\" data-comments-opened=\"1\" data-image-meta=\"{&quot;aperture&quot;:&quot;0&quot;,&quot;credit&quot;:&quot;&quot;,&quot;camera&quot;:&quot;&quot;,&quot;caption&quot;:&quot;&quot;,&quot;created_timestamp&quot;:&quot;0&quot;,&quot;copyright&quot;:&quot;&quot;,&quot;focal_length&quot;:&quot;0&quot;,&quot;iso&quot;:&quot;0&quot;,&quot;shutter_speed&quot;:&quot;0&quot;,&quot;title&quot;:&quot;&quot;,&quot;orientation&quot;:&quot;0&quot;,&quot;keywords&quot;:&quot;Array&quot;}\" data-image-title=\"Pack M\u00f6ller for men de Perfumer\u00eda Avenida\" data-image-description=\"&lt;p&gt;De la marca Anne M\u00f6ller encontrar\u00e1s este completo pack en la Perfumer\u00eda Avenida de la Avenida de Buenos Aires.&lt;\/p&gt;\n\" data-medium-file=\"https:\/\/www.maistendencia.com\/blog\/wp-content\/uploads\/2016\/03\/moller-for-men-269x300.jpg\" data-large-file=\"https:\/\/www.maistendencia.com\/blog\/wp-content\/uploads\/2016\/03\/moller-for-men.jpg\" \/><\/a>\n\t\t\t<\/div><\/figure>\n\t\t<\/div>\n\n<\/div>\n","protected":false},"excerpt":{"rendered":"<p>Cada vez m\u00e1s la cosm\u00e9tica forma parte del d\u00eda a d\u00eda de la rutina de aseo y cuidado personal del g\u00e9nero masculino. Y tambi\u00e9n, cada vez m\u00e1s, crece el n\u00famero de hombres que se suben&#8230;<br \/><a href=\"https:\/\/www.maistendencia.com\/blog\/dia-padre-cosmeticos-para-papa\/\"> Continuar leyendo&#8230;<\/a><\/p>\n","protected":false},"author":2,"featured_media":2005,"comment_status":"open","ping_status":"closed","sticky":false,"template":"","format":"standard","meta":{"footnotes":""},"categories":[5,4],"tags":[139,459],"class_list":["post-1990","post","type-post","status-publish","format-standard","has-post-thumbnail","hentry","category-celebra","category-cuidate","tag-dia-del-padre","tag-papa"],"aioseo_notices":[],"_links":{"self":[{"href":"https:\/\/www.maistendencia.com\/blog\/wp-json\/wp\/v2\/posts\/1990","targetHints":{"allow":["GET"]}}],"collection":[{"href":"https:\/\/www.maistendencia.com\/blog\/wp-json\/wp\/v2\/posts"}],"about":[{"href":"https:\/\/www.maistendencia.com\/blog\/wp-json\/wp\/v2\/types\/post"}],"author":[{"embeddable":true,"href":"https:\/\/www.maistendencia.com\/blog\/wp-json\/wp\/v2\/users\/2"}],"replies":[{"embeddable":true,"href":"https:\/\/www.maistendencia.com\/blog\/wp-json\/wp\/v2\/comments?post=1990"}],"version-history":[{"count":1,"href":"https:\/\/www.maistendencia.com\/blog\/wp-json\/wp\/v2\/posts\/1990\/revisions"}],"predecessor-version":[{"id":7005,"href":"https:\/\/www.maistendencia.com\/blog\/wp-json\/wp\/v2\/posts\/1990\/revisions\/7005"}],"wp:featuredmedia":[{"embeddable":true,"href":"https:\/\/www.maistendencia.com\/blog\/wp-json\/wp\/v2\/media\/2005"}],"wp:attachment":[{"href":"https:\/\/www.maistendencia.com\/blog\/wp-json\/wp\/v2\/media?parent=1990"}],"wp:term":[{"taxonomy":"category","embeddable":true,"href":"https:\/\/www.maistendencia.com\/blog\/wp-json\/wp\/v2\/categories?post=1990"},{"taxonomy":"post_tag","embeddable":true,"href":"https:\/\/www.maistendencia.com\/blog\/wp-json\/wp\/v2\/tags?post=1990"}],"curies":[{"name":"wp","href":"https:\/\/api.w.org\/{rel}","templated":true}]}}