{"id":1896,"date":"2016-03-15T13:03:45","date_gmt":"2016-03-15T12:03:45","guid":{"rendered":"http:\/\/www.maistendencia.com\/?p=1896"},"modified":"2019-08-13T10:05:38","modified_gmt":"2019-08-13T08:05:38","slug":"lumeal","status":"publish","type":"post","link":"https:\/\/www.maistendencia.com\/blog\/lumeal\/","title":{"rendered":"Lumeal, decoraci\u00f3n e interiorismo"},"content":{"rendered":"<p><a href=\"http:\/\/www.lumeal.com\/\" target=\"_blank\" rel=\"noopener noreferrer\">Lumeal <\/a>es una <strong>tienda de interiorismo y decoraci\u00f3n<\/strong> que ocupa el n\u00famero 13 de la Praza Maior de Ourense, situada en la esquina superior de la mayor plaza inclinada de Espa\u00f1a.<\/p>\n<h2>Lumeal se especializa en<strong> papel pintado y textil de hogar.<\/strong><\/h2>\n<p>El establecimiento <strong>se especializa en papel pintado y textil de hogar<\/strong>. Elaboran e instalan cortinas, visillos, estores, tapicer\u00eda, alfombras, cojines o colchas. Pero, su verdadera se\u00f1a de identidad es que no hay a la venta ninguna pieza estandarizada, \u00abtodo se hace a medida\u00bb, comenta su gerente, Luis Rivera Fern\u00e1ndez.<\/p>\n<p>En interiorismo ofrecen un servicio de asesoramiento que incluye <strong>trabajos de reforma, donde se presentan originales propuestas decorativas que conjugan la pintura con el papel pintado<\/strong>.<\/p>\n<figure id=\"attachment_1899\" aria-describedby=\"caption-attachment-1899\" style=\"width: 600px\" class=\"wp-caption alignnone\"><img loading=\"lazy\" decoding=\"async\" class=\"wp-image-1899 size-full\" title=\"Tienda Lumeal en Ourense\" src=\"https:\/\/www.maistendencia.com\/blog\/wp-content\/uploads\/2016\/03\/lumeal-decoracion-interiorismo.jpg\" alt=\"lumeal decoracion e interiorismo en Ourense\" width=\"600\" height=\"800\" srcset=\"https:\/\/www.maistendencia.com\/blog\/wp-content\/uploads\/2016\/03\/lumeal-decoracion-interiorismo.jpg 600w, https:\/\/www.maistendencia.com\/blog\/wp-content\/uploads\/2016\/03\/lumeal-decoracion-interiorismo-225x300.jpg 225w\" sizes=\"auto, (max-width: 600px) 100vw, 600px\" \/><figcaption id=\"caption-attachment-1899\" class=\"wp-caption-text\">Luis Rivera en su establecimiento asesorando a una clienta.<\/figcaption><\/figure>\n<h2>En Lumeal trabajan con primeros proveedores nacionales.<\/h2>\n<p>La mayor parte de las telas y papeles que se encuentran en bobinas, muestrarios, armarios y percheros distribuidos en tienda con orden y gusto, seg\u00fan los \u00faltimos estilos y colecciones, pertenecen a <strong>reconocidas marcas del sector, nacionales en su mayor\u00eda<\/strong>.&nbsp;\u00ab<strong>Procuramos trabajar con primeros proveedores nacionales, que ofrezcan calidades excelentes tanto en&nbsp;el hilo, el acabado y el dise\u00f1o<\/strong>\u00ab, dice Luis. Por ejemplo, <em><a href=\"http:\/\/www.yutes.com\/youtes\/\" target=\"_blank\" rel=\"noopener noreferrer\">Yutes<\/a><\/em>, que es el principal proveedor nacional de lino; <a href=\"https:\/\/www.rioma.com\/\" target=\"_blank\" rel=\"noopener noreferrer\">Rioma<\/a>, f\u00e1brica textil malague\u00f1a; la madrile\u00f1a <a href=\"http:\/\/alfombraskp.com\/\" target=\"_blank\" rel=\"noopener noreferrer\">KP<\/a> y la portuguesa Carving, para las alfombras; <a href=\"https:\/\/www.sanderson-uk.com\/shop\/wallpaper\/?act=ssocomplete\" target=\"_blank\" rel=\"noopener noreferrer\">Sanderson <\/a>o <a href=\"http:\/\/www.fischbacher.com\/en\/\" target=\"_blank\" rel=\"noopener noreferrer\">Fischbacher<\/a>, en papel pintado.<\/p>\n<figure id=\"attachment_1902\" aria-describedby=\"caption-attachment-1902\" style=\"width: 600px\" class=\"wp-caption alignnone\"><img loading=\"lazy\" decoding=\"async\" class=\"wp-image-1902 size-full\" title=\"Tienda Lumeal decoracion e interiorismo en Ourense\" src=\"https:\/\/www.maistendencia.com\/blog\/wp-content\/uploads\/2016\/03\/lumeal-decoracion-interiorismo-tienda.jpg\" alt=\"Tienda lumeal decoracion e interiorismo en Ourense\" width=\"600\" height=\"800\" srcset=\"https:\/\/www.maistendencia.com\/blog\/wp-content\/uploads\/2016\/03\/lumeal-decoracion-interiorismo-tienda.jpg 600w, https:\/\/www.maistendencia.com\/blog\/wp-content\/uploads\/2016\/03\/lumeal-decoracion-interiorismo-tienda-225x300.jpg 225w\" sizes=\"auto, (max-width: 600px) 100vw, 600px\" \/><figcaption id=\"caption-attachment-1902\" class=\"wp-caption-text\">Lumeal cuenta con una gran abanico de art\u00edculos textiles de excelentes calidades<\/figcaption><\/figure>\n<h2>En Lumeal Interiorismo siempre est\u00e1 al tanto de \u00faltimas tendencias decorativas.<\/h2>\n<p>En Lumeal siempre est\u00e1n al tanto de las \u00faltimas tendencias decorativas. Luis nos cuenta que <strong>en 2016 se mantendr\u00e1n los tonos crudos y los colores naturales sin ninguna estridencia<\/strong>.<\/p>\n<p>El estilo de decoraci\u00f3n n\u00f3rdico de motivos geom\u00e9tricos y colores llamativos no perder\u00e1 vigencia y tampoco lo har\u00e1n los estilos m\u00e1s caracter\u00edsticos del sur, que se distinguen por motivos de flor menuda, tipo cretonera, de inspiraci\u00f3n vintage.<\/p>\n<figure id=\"attachment_1905\" aria-describedby=\"caption-attachment-1905\" style=\"width: 600px\" class=\"wp-caption alignnone\"><img loading=\"lazy\" decoding=\"async\" class=\"wp-image-1905 size-full\" title=\"Telas Japonesas en Lumeal\" src=\"https:\/\/www.maistendencia.com\/blog\/wp-content\/uploads\/2016\/03\/lumeal-decoracion-interiorismo-tela-japonesa.jpg\" alt=\"Telas Japonesas en Lumeal\" width=\"600\" height=\"450\" srcset=\"https:\/\/www.maistendencia.com\/blog\/wp-content\/uploads\/2016\/03\/lumeal-decoracion-interiorismo-tela-japonesa.jpg 600w, https:\/\/www.maistendencia.com\/blog\/wp-content\/uploads\/2016\/03\/lumeal-decoracion-interiorismo-tela-japonesa-300x225.jpg 300w\" sizes=\"auto, (max-width: 600px) 100vw, 600px\" \/><figcaption id=\"caption-attachment-1905\" class=\"wp-caption-text\">Los terciopelos son uno de los tejidos naturales en los que est\u00e1 especializada la tienda<\/figcaption><\/figure>\n<p>Lumeal es un negocio que trabaja un concepto de producto y servicio exclusivo, de calidad, que <strong>prioriza el producto nacional y los tejidos naturales, como el lino o el terciopelo, <\/strong>aunque tambi\u00e9n podemos encontrar los de<strong> poli\u00e9ster t\u00e9cnico muy resistentes y c\u00f3modos en manejo y limpieza<\/strong> y \u00abcon efectos sensacionales al tacto y la vista\u00bb reconoce Luis, aunque \u00e9l sea un gran defensor \u00abde los naturales\u00bb, porque dice que \u00ab\u00e9stos tienen vida\u00bb.<\/p>\n<h2>Lumeal est\u00e1 ubicado en plena Praza Maior de Ourense.<\/h2>\n<p>La ubicaci\u00f3n de Lumeal en pleno casco hist\u00f3rico y peatonal tampoco es al azar. Est\u00e1 pensada para que el <strong>hecho de comprar adquiera una dimensi\u00f3n diferente<\/strong>: \u00abEstar rodeados de arquitectura hist\u00f3rica, caf\u00e9s con encanto y un ambiente tranquilo sin coches invita al cliente a comprar de manera relajada, a entrar en la tienda, hablar y tomarse tiempo para disfrutar del tacto de las telas y los papeles\u00bb.<\/p>\n<figure id=\"attachment_1911\" aria-describedby=\"caption-attachment-1911\" style=\"width: 585px\" class=\"wp-caption alignnone\"><img loading=\"lazy\" decoding=\"async\" class=\"wp-image-1911\" title=\"Praza Maior Ourense\" src=\"http:\/\/www.maistendencia.com\/wp-content\/uploads\/2016\/03\/lumeal-decoracion-interiorismo-enclave.jpg\" alt=\"Praza Maior Ourense\" width=\"585\" height=\"779\"><figcaption id=\"caption-attachment-1911\" class=\"wp-caption-text\">El entorno hist\u00f3rico del que se rodea Lumeal es el ideal para disfrutar de una experiencia de compra pausada y personal<\/figcaption><\/figure>\n<h2>Los trabajos de Lumeal Interiorismo<\/h2>\n<p>En cuanto al trabajo, Lumeal hace posible cualquier idea decorativa que involucre un papel pintado o cualquier g\u00e9nero textil, <strong>desde un encargo sencillo hasta trabajos donde se necesita t\u00e9cnica y experiencia en el oficio<\/strong> e, incluso, una buena dosis de entusiasmo como la que demuestra el gerente de Lumeal al hablar de los proyectos realizados por la empresa.<\/p>\n<p>Todos los defiende con el mismo orgullo, ya se trate de unos sencillos coj\u00ednes monocrom\u00e1ticos en piel lisa (como los encargados para el <a href=\"http:\/\/www.bardeco.es\/\" target=\"_blank\" rel=\"noopener noreferrer\">Bardec\u00f3<\/a>&nbsp;en Vigo, establecimiento ganador de la XVI edici\u00f3n de los Premios que otorga el <a href=\"http:\/\/portal.coag.es\/\" target=\"_blank\" rel=\"noopener noreferrer\">Colegio Oficial de Arquitectos de Galicia<\/a> en la categor\u00eda de Interiorismo y Reforma Interior), hasta obras de gran empaque como las grandes cortinas del Sal\u00f3n de Plenos del <a href=\"http:\/\/www.ourense.es\/portalOurense\/home.jsp\" target=\"_blank\" rel=\"noopener noreferrer\">Concello de Ourense<\/a>. \u00abFueron elaboradas en terciopelo de seda con un forro de loneta para darle la consistencia requerida\u00bb, explica. Adem\u00e1s del complicado manejo del terciopelo, \u00abel cosido deb\u00eda de ser perfecto para reproducir el efecto deseado en la ca\u00edda\u00bb.<\/p>\n<figure id=\"attachment_1903\" aria-describedby=\"caption-attachment-1903\" style=\"width: 600px\" class=\"wp-caption alignnone\"><img loading=\"lazy\" decoding=\"async\" class=\"wp-image-1903 size-full\" src=\"http:\/\/www.maistendencia.com\/wp-content\/uploads\/2016\/03\/lumeal-decoracion-interiorismo-buscando-telas.jpg\" alt=\"lumeal-decoracion-interiorismo-buscando-telas\" width=\"600\" height=\"800\" srcset=\"https:\/\/www.maistendencia.com\/blog\/wp-content\/uploads\/2016\/03\/lumeal-decoracion-interiorismo-buscando-telas.jpg 600w, https:\/\/www.maistendencia.com\/blog\/wp-content\/uploads\/2016\/03\/lumeal-decoracion-interiorismo-buscando-telas-225x300.jpg 225w\" sizes=\"auto, (max-width: 600px) 100vw, 600px\" \/><figcaption id=\"caption-attachment-1903\" class=\"wp-caption-text\">Adem\u00e1s de looks m\u00e1s cl\u00e1sicos en Lumeal encuentras divertidos estampados para llenar tus espacios de color<\/figcaption><\/figure>\n<p>Las experiencias que figuran en el curriculum de Lumeal son un suma y sigue durante sus a\u00f1os de experiencia. Luis recuerda sus intervenciones con <strong>papel pintado y telas para decorar establecimientos de tendencia en Ourense<\/strong> como el Restaurante <a href=\"http:\/\/www.portovelloauria.com\/\" target=\"_blank\" rel=\"noopener noreferrer\">Portovello<\/a>, en la Praza das Mercedes, o la <a href=\"http:\/\/www.bartamarindo.com\/\" target=\"_blank\" rel=\"noopener noreferrer\">Casa-Cocina y Patio-Bar Tamarindo<\/a>, en la Praza Maior; pasando por el trabajo de visiller\u00eda acompa\u00f1ado de telas opacas en los Balnearios de <a href=\"http:\/\/www.caldaria.es\/laias\/\" target=\"_blank\" rel=\"noopener noreferrer\">Laias<\/a> y <a href=\"http:\/\/www.caldaria.es\/arnoia\/\" target=\"_blank\" rel=\"noopener noreferrer\">Arnoia<\/a>, del grupo <a href=\"http:\/\/www.caldaria.es\/\" target=\"_blank\" rel=\"noopener noreferrer\">Caldaria<\/a>, y m\u00faltiples encargos en casas particulares.<\/p>\n<p>Es curioso observar como al gerente de Lumeal se le enciende la expresi\u00f3n recordando el efecto lum\u00ednico que el trabajo de su establecimiento consigui\u00f3 recrear en el interior de un espectacular inmueble situado frente a las <a href=\"http:\/\/www.parquenacionalillasatlanticas.com\/index.php?lang=gl\" target=\"_blank\" rel=\"noopener noreferrer\">Illas C\u00edes<\/a>, gracias a la instalaci\u00f3n de unos paneles japoneses muy trasl\u00facidos para dejar circular, apenas tamizada, la luz solar en este paisaje paradis\u00edaco.<\/p>\n","protected":false},"excerpt":{"rendered":"<p>Lumeal es una tienda de interiorismo y decoraci\u00f3n que ocupa el n\u00famero 13 de la Praza Maior de Ourense, situada en la esquina superior de la mayor plaza inclinada de Espa\u00f1a. Lumeal se especializa en&#8230;<br \/><a href=\"https:\/\/www.maistendencia.com\/blog\/lumeal\/\"> Continuar leyendo&#8230;<\/a><\/p>\n","protected":false},"author":2,"featured_media":1904,"comment_status":"open","ping_status":"closed","sticky":false,"template":"","format":"standard","meta":{"footnotes":""},"categories":[57],"tags":[138,30,63,137],"class_list":["post-1896","post","type-post","status-publish","format-standard","has-post-thumbnail","hentry","category-de-tiendas","tag-caldaria","tag-decoracion","tag-ourense","tag-tamarindo"],"aioseo_notices":[],"_links":{"self":[{"href":"https:\/\/www.maistendencia.com\/blog\/wp-json\/wp\/v2\/posts\/1896","targetHints":{"allow":["GET"]}}],"collection":[{"href":"https:\/\/www.maistendencia.com\/blog\/wp-json\/wp\/v2\/posts"}],"about":[{"href":"https:\/\/www.maistendencia.com\/blog\/wp-json\/wp\/v2\/types\/post"}],"author":[{"embeddable":true,"href":"https:\/\/www.maistendencia.com\/blog\/wp-json\/wp\/v2\/users\/2"}],"replies":[{"embeddable":true,"href":"https:\/\/www.maistendencia.com\/blog\/wp-json\/wp\/v2\/comments?post=1896"}],"version-history":[{"count":2,"href":"https:\/\/www.maistendencia.com\/blog\/wp-json\/wp\/v2\/posts\/1896\/revisions"}],"predecessor-version":[{"id":9027,"href":"https:\/\/www.maistendencia.com\/blog\/wp-json\/wp\/v2\/posts\/1896\/revisions\/9027"}],"wp:featuredmedia":[{"embeddable":true,"href":"https:\/\/www.maistendencia.com\/blog\/wp-json\/wp\/v2\/media\/1904"}],"wp:attachment":[{"href":"https:\/\/www.maistendencia.com\/blog\/wp-json\/wp\/v2\/media?parent=1896"}],"wp:term":[{"taxonomy":"category","embeddable":true,"href":"https:\/\/www.maistendencia.com\/blog\/wp-json\/wp\/v2\/categories?post=1896"},{"taxonomy":"post_tag","embeddable":true,"href":"https:\/\/www.maistendencia.com\/blog\/wp-json\/wp\/v2\/tags?post=1896"}],"curies":[{"name":"wp","href":"https:\/\/api.w.org\/{rel}","templated":true}]}}