{"id":1554,"date":"2016-02-16T18:42:39","date_gmt":"2016-02-16T17:42:39","guid":{"rendered":"http:\/\/www.maistendencia.com\/?p=1554"},"modified":"2019-08-12T14:23:21","modified_gmt":"2019-08-12T12:23:21","slug":"granny-hair-moda-enorgullece-canas","status":"publish","type":"post","link":"https:\/\/www.maistendencia.com\/blog\/granny-hair-moda-enorgullece-canas\/","title":{"rendered":"<i>Granny hair<\/i>, la moda para presumir de canas (y consejos para cuidarlas)"},"content":{"rendered":"<p><strong>El color blanco es sin\u00f3nimo de elegancia y distinci\u00f3n<\/strong>. Pero cuando aparece en la cabeza con las \u00abtemidas\u00bb canas lo asociamos a m\u00e1s significados. Por lo general siempre se escucha que en los hombres otorga atractivo y en las mujeres que pone a\u00f1os. Injusto \u00bfverdad? Pero ha sido as\u00ed&#8230;\u00bfhasta ahora?<\/p>\n<h2>Tendencia <em>vintage<\/em> de decolorarse o te\u00f1irse el pelo de blanco.<\/h2>\n<p>La nueva tendencia <em>vintage<\/em> de <strong>decolorarse o te\u00f1irse el pelo de blanco<\/strong> (o en m\u00faltiples tonalidades de gris) tambi\u00e9n est\u00e1 siendo aprovechada para despertar o revivir un debate siempre necesario: replantear los estereotipos de belleza, asociados a la edad, en este caso.<\/p>\n<p>Famosas (unas j\u00f3venes y otras menos), que tambi\u00e9n son iconos de moda y estilo, ya han lucido su \u00abpelo de abuela\u00bb (<em>granny hair<\/em>), como Lady Gaga, <a href=\"https:\/\/es.wikipedia.org\/wiki\/Rihanna\" target=\"_blank\" rel=\"noopener noreferrer\">Rihanna<\/a>, o <a href=\"https:\/\/es.wikipedia.org\/wiki\/Angelina_Jolie\" target=\"_blank\" rel=\"noopener noreferrer\">Angelina Jolie<\/a>.<\/p>\n<h2>Cabellos blancos en protagonistas femeninas.<\/h2>\n<p>Tambi\u00e9n la ficci\u00f3n cinematogr\u00e1fica y televisiva ha apostado por el blanco en los cabellos de las protagonistas femeninas. <a href=\"https:\/\/es.wikipedia.org\/wiki\/Daenerys_Targaryen\" target=\"_blank\" rel=\"noopener noreferrer\">Daenarys Targaryen,<\/a> conocida como la \u00abmadre de dragones\u00bb en <a href=\"https:\/\/es.wikipedia.org\/wiki\/Juego_de_tronos_(serie_de_televisi%C3%B3n)\" target=\"_blank\" rel=\"noopener noreferrer\">Juego de Tronos<\/a> o la princesa Elsa de Frozen nos sirven de ejemplo.<\/p>\n<p>En los casos anteriores se trata de te\u00f1idos o decolorados, pero actrices y modelos m\u00e1s a\u00f1osas llevan tiempo reivindicando con sus melenas grises o blancas pobladas de canas la belleza natural y el derecho a lucir el paso de los a\u00f1os, sin dejar de ser o sentirse guapas.\u00a0Ejemplos como los de la modelo <a href=\"http:\/\/www.yasminarossi.com\/YAZEMEENAH\/YAZEMEENAH.COM.html\" target=\"_blank\" rel=\"noopener noreferrer\">Yasmina Rossi<\/a> o las actrices <a href=\"http:\/\/www.helenmirren.com\/\" target=\"_blank\" rel=\"noopener noreferrer\">Ellen Mirren<\/a>, <a href=\"http:\/\/www.imdb.com\/name\/nm0001132\/\" target=\"_blank\" rel=\"noopener noreferrer\">Judi Dench<\/a>, o <a href=\"http:\/\/www.imdb.com\/name\/nm0000130\/\" target=\"_blank\" rel=\"noopener noreferrer\">Jamie Lee Curtis<\/a>, hablan por s\u00ed mismos.<\/p>\n<figure id=\"attachment_1556\" aria-describedby=\"caption-attachment-1556\" style=\"width: 400px\" class=\"wp-caption aligncenter\"><img loading=\"lazy\" decoding=\"async\" class=\"wp-image-1556 size-full\" src=\"http:\/\/www.maistendencia.com\/wp-content\/uploads\/2016\/02\/Yasmina-Rossi-e1455640764107.jpg\" alt=\"Yasmina Rossi\" width=\"400\" height=\"300\" \/><figcaption id=\"caption-attachment-1556\" class=\"wp-caption-text\">La modelo Yasmina Rossi<\/figcaption><\/figure>\n<p>Y tambi\u00e9n cada vez son m\u00e1s las mujeres an\u00f3nimas que, por necesidad (tienen reacciones al\u00e9rgicas o intolerancias a los tintes) o convicci\u00f3n, \u00a0lucen con orgullo sus canas y comparten sus experiencias como mujeres liberadas de los tintes en comunidades de Facebook como <a href=\"https:\/\/www.facebook.com\/SilverStories\/?fref=ts\" target=\"_blank\" rel=\"noopener noreferrer\">Silver Stories<\/a> o <a href=\"https:\/\/www.facebook.com\/YoMeAtrevoLucirMisCanasiLoveMygrayHair\" target=\"_blank\" rel=\"noopener noreferrer\">Yo me atrevo a lucir mis canas (I love my silver hairs)<\/a>.<\/p>\n<p><img loading=\"lazy\" decoding=\"async\" class=\"aligncenter size-full wp-image-1562\" src=\"http:\/\/www.maistendencia.com\/wp-content\/uploads\/2016\/02\/mujer-pelo-gris.jpg\" alt=\"Mujer de pelo gris\" width=\"640\" height=\"480\" srcset=\"https:\/\/www.maistendencia.com\/blog\/wp-content\/uploads\/2016\/02\/mujer-pelo-gris.jpg 640w, https:\/\/www.maistendencia.com\/blog\/wp-content\/uploads\/2016\/02\/mujer-pelo-gris-300x225.jpg 300w\" sizes=\"auto, (max-width: 640px) 100vw, 640px\" \/><\/p>\n<p>Es de agradecer a todas su contribuci\u00f3n por cambiar uno de los estereotipos m\u00e1s arraigados en el mundo de la moda y la belleza: que las canas son sin\u00f3nimo de vejez y falta de atractivo en la mujer, adem\u00e1s de descuido y desali\u00f1o si se trata de treinta\u00f1eras o \u00abcuarenta\u00f1eras\u00bb que deciden no ocultarlas.<\/p>\n<h2 style=\"text-align: left;\"><strong>C\u00d3MO CUIDAR LAS CANAS<\/strong><\/h2>\n<p>La <strong>canicie es el cambio de color del cabello<\/strong> que ocurre cuando la melanina (pigmento responsable de la coloraci\u00f3n) deja de producirse en la ra\u00edz. Las canas primero son grises y despu\u00e9s se vuelven blancas. La oxidaci\u00f3n y otros agentes las amarillean. Tambi\u00e9n se hacen m\u00e1s fr\u00e1giles, secas y encrespadas.<\/p>\n<p>Jorge Cachaldora, propietario de la <a href=\"https:\/\/www.maistendencia.com\/blog\/cachaldora-seoane-peluqueria\/\">peluquer\u00eda Cachaldora Seoane<\/a>\u00a0 es un reconocido peluquero de la ciudad, tambi\u00e9n reconocible por su n\u00edvea cabellera. Asegura que quien quiere lucir melena de grises platinados, lil\u00e1ceos o pizarra, debe esmerar su cuidado. El corte tambi\u00e9n se debe repasar con m\u00e1s frecuencia. \u00abLo ideal -establece- es pasarse dos veces a la semana por la peluquer\u00eda para estos retoques\u00bb. Sin embargo, si nos falta tiempo o recursos, Jorge nos recomienda utilizar tratamientos como \u00e9stos:<\/p>\n<h3><strong>Prolab Blue Mask<\/strong><\/h3>\n<p>Se trata de una mascarilla matizadora que realza el platinado y brillo de la cana. Est\u00e1 enriquecido con prote\u00edna de arroz y protege el cabello contra los rayos uv&#8217;s.<\/p>\n<h3><strong>Kinactif Shampoo Silver<\/strong><\/h3>\n<p>Utiliza principios activos como el aceite de camelia, el pantenol y las prote\u00ednas de seda para devolver blancura y brillo a los cabellos amarilleados.<\/p>\n<h3><strong>Age Exigence Keragenique Essentiel de Eugene Perma-<\/strong><\/h3>\n<p>Es un complejo con derivado de queratina (prote\u00edna constitutiva del cabello) que regenera la estructura interna del cabello, aumentando la resistencia a las agresiones, redensific\u00e1ndolo y fortaleciendo la fibra capilar.<\/p>\n<p><em>Foto de\u00a0<a href=\"https:\/\/www.flickr.com\/photos\/111328486@N08\/12977587345\" target=\"_blank\" rel=\"noopener noreferrer\">Lady Gaga<\/a>\u00a0por <a href=\"https:\/\/www.flickr.com\/photos\/111328486@N08\/12977587345\" target=\"_blank\" rel=\"noopener noreferrer\">David Bj\u00f6rk<\/a>, bajo licencia cc by 2.0<\/em><\/p>\n<p><em>Foto de <a href=\"https:\/\/www.youtube.com\/watch?v=tkFxzXLXvrc\" target=\"_blank\" rel=\"noopener noreferrer\">portada<\/a> de <a href=\"https:\/\/www.youtube.com\/channel\/UCtS6sgTp9jWR3rZ9RF_FDEA\" target=\"_blank\" rel=\"noopener noreferrer\">Victoria Lyn Beauty<\/a>, bajo licencia cc by 3.0<\/em><\/p>\n","protected":false},"excerpt":{"rendered":"<p>El color blanco es sin\u00f3nimo de elegancia y distinci\u00f3n. Pero cuando aparece en la cabeza con las \u00abtemidas\u00bb canas lo asociamos a m\u00e1s significados. Por lo general siempre se escucha que en los hombres otorga&#8230;<br \/><a href=\"https:\/\/www.maistendencia.com\/blog\/granny-hair-moda-enorgullece-canas\/\"> Continuar leyendo&#8230;<\/a><\/p>\n","protected":false},"author":2,"featured_media":1566,"comment_status":"open","ping_status":"closed","sticky":false,"template":"","format":"standard","meta":{"footnotes":""},"categories":[4],"tags":[],"class_list":["post-1554","post","type-post","status-publish","format-standard","has-post-thumbnail","hentry","category-cuidate"],"aioseo_notices":[],"_links":{"self":[{"href":"https:\/\/www.maistendencia.com\/blog\/wp-json\/wp\/v2\/posts\/1554","targetHints":{"allow":["GET"]}}],"collection":[{"href":"https:\/\/www.maistendencia.com\/blog\/wp-json\/wp\/v2\/posts"}],"about":[{"href":"https:\/\/www.maistendencia.com\/blog\/wp-json\/wp\/v2\/types\/post"}],"author":[{"embeddable":true,"href":"https:\/\/www.maistendencia.com\/blog\/wp-json\/wp\/v2\/users\/2"}],"replies":[{"embeddable":true,"href":"https:\/\/www.maistendencia.com\/blog\/wp-json\/wp\/v2\/comments?post=1554"}],"version-history":[{"count":1,"href":"https:\/\/www.maistendencia.com\/blog\/wp-json\/wp\/v2\/posts\/1554\/revisions"}],"predecessor-version":[{"id":7029,"href":"https:\/\/www.maistendencia.com\/blog\/wp-json\/wp\/v2\/posts\/1554\/revisions\/7029"}],"wp:featuredmedia":[{"embeddable":true,"href":"https:\/\/www.maistendencia.com\/blog\/wp-json\/wp\/v2\/media\/1566"}],"wp:attachment":[{"href":"https:\/\/www.maistendencia.com\/blog\/wp-json\/wp\/v2\/media?parent=1554"}],"wp:term":[{"taxonomy":"category","embeddable":true,"href":"https:\/\/www.maistendencia.com\/blog\/wp-json\/wp\/v2\/categories?post=1554"},{"taxonomy":"post_tag","embeddable":true,"href":"https:\/\/www.maistendencia.com\/blog\/wp-json\/wp\/v2\/tags?post=1554"}],"curies":[{"name":"wp","href":"https:\/\/api.w.org\/{rel}","templated":true}]}}