{"id":1129,"date":"2016-01-20T16:45:16","date_gmt":"2016-01-20T15:45:16","guid":{"rendered":"http:\/\/www.maistendencia.com\/?p=1129"},"modified":"2019-08-13T11:52:23","modified_gmt":"2019-08-13T09:52:23","slug":"peluqueria-por-los-pelos","status":"publish","type":"post","link":"https:\/\/www.maistendencia.com\/blog\/peluqueria-por-los-pelos\/","title":{"rendered":"Por los Pelos"},"content":{"rendered":"<p>Durante mi visita a la <a href=\"https:\/\/www.facebook.com\/porlospelosourense\"><strong>peluquer\u00eda Por los Pelos<\/strong><\/a>\u00a0encontr\u00e9 a su propietaria, Ana V\u00e1zquez, aplicando un tratamiento de color llamado <i>elumen <\/i>sobre la cabellera de una clienta. Esta fue la manera de tener un ratito, en su ajetreado quehacer diario, para poder hablar con ella y conocer mejor su negocio, situado en la calle Florentino Cuevillas.<\/p>\n<p>Empez\u00f3 por contarme que si su oficio no hubiese sido vocacional, est\u00e1 segura de que, en lugar de peluquera, habr\u00eda terminado siendo respostera, por continuar con la tradici\u00f3n familiar iniciada por sus padres, que regentan un negocio de pasteler\u00eda.<\/p>\n<p>Y parece que \u00e9sta ha sido la \u00fanica licencia profesional tomada por esta experta de la tijera a la hora de seguir los pasos de la familia. Por lo dem\u00e1s, ha establecido su peluquer\u00eda en el mismo barrio en el que ha vivido de ni\u00f1a y cerca tambi\u00e9n del negocio paterno.<\/p>\n<figure id=\"attachment_1339\" aria-describedby=\"caption-attachment-1339\" style=\"width: 540px\" class=\"wp-caption alignnone\"><img loading=\"lazy\" decoding=\"async\" class=\"wp-image-1339 size-full\" title=\"Ana de Peluquer\u00eda por los pelos cortando el pelo a una clienta\" src=\"https:\/\/www.maistendencia.com\/blog\/wp-content\/uploads\/2016\/01\/foto-1-Por-los-pelos.jpg\" alt=\"Ana cortando el pelo a una clienta - Peluquer\u00eda por los pelos Ourense\" width=\"540\" height=\"960\" srcset=\"https:\/\/www.maistendencia.com\/blog\/wp-content\/uploads\/2016\/01\/foto-1-Por-los-pelos.jpg 540w, https:\/\/www.maistendencia.com\/blog\/wp-content\/uploads\/2016\/01\/foto-1-Por-los-pelos-169x300.jpg 169w\" sizes=\"auto, (max-width: 540px) 100vw, 540px\" \/><figcaption id=\"caption-attachment-1339\" class=\"wp-caption-text\">Ana cortando el pelo a una clienta<\/figcaption><\/figure>\n<p>La buena mano de Ana, que en principio parec\u00eda estar predestinada para manejar con acierto la esp\u00e1tula y la manga pastelera en creaciones reposteras, se ha trasladado a las tijeras, que con estudiada habilidad y t\u00e9cnica parecen bailar sobre las cabelleras y melenas de quien se sienta frente al espejo de <strong>Por los Pelos<\/strong>.<\/p>\n<h2>Peluquer\u00eda por los Pelos en un peque\u00f1o sal\u00f3n donde se palpa el \u00abbuen rollo\u00bb<\/h2>\n<p>La peluquer\u00eda de Ana es un peque\u00f1o sal\u00f3n donde se palpa el \u00abbuen rollo\u00bb, tanto con su clientela, variada en sexo y edad, como con el equipo que la forma, integrado adem\u00e1s de por Ana, por Vero Pi\u00f1eiro, Pilar Su\u00e1rez e Iria Molares.<\/p>\n<figure id=\"attachment_1342\" aria-describedby=\"caption-attachment-1342\" style=\"width: 528px\" class=\"wp-caption alignnone\"><img loading=\"lazy\" decoding=\"async\" class=\"wp-image-1342 size-full\" title=\"Equipo humano de Peluquer\u00eda Por los Pelos\" src=\"https:\/\/www.maistendencia.com\/blog\/wp-content\/uploads\/2016\/01\/foto-2-equipo.jpg\" alt=\"Equipo humano de Peluquer\u00eda Por los Pelos en Ourense\" width=\"528\" height=\"960\" srcset=\"https:\/\/www.maistendencia.com\/blog\/wp-content\/uploads\/2016\/01\/foto-2-equipo.jpg 528w, https:\/\/www.maistendencia.com\/blog\/wp-content\/uploads\/2016\/01\/foto-2-equipo-165x300.jpg 165w\" sizes=\"auto, (max-width: 528px) 100vw, 528px\" \/><figcaption id=\"caption-attachment-1342\" class=\"wp-caption-text\">El equipo al completo de \u00abPor los Pelos\u00bb<\/figcaption><\/figure>\n<p>Ana nos asegura que \u00abson una peluquer\u00eda de mensajes\u00bb, donde en el hueco m\u00e1s visible o inesperado del local podemos encontrar consignas que transmiten positivismo y alegr\u00eda y donde, incluso clientes y amigos puedan dar rienda suelta a su creatividad.<\/p>\n<p><img loading=\"lazy\" decoding=\"async\" class=\"alignnone wp-image-1287\" title=\"Peluquer\u00eda por los pelos en Ourense\" src=\"http:\/\/www.maistendencia.com\/wp-content\/uploads\/2016\/01\/Peluqueria-por-los-pelos.jpg\" alt=\"Peluquer\u00eda por los pelos en Ourense\" width=\"540\" height=\"960\" srcset=\"https:\/\/www.maistendencia.com\/blog\/wp-content\/uploads\/2016\/01\/Peluqueria-por-los-pelos.jpg 540w, https:\/\/www.maistendencia.com\/blog\/wp-content\/uploads\/2016\/01\/Peluqueria-por-los-pelos-169x300.jpg 169w\" sizes=\"auto, (max-width: 540px) 100vw, 540px\" \/><\/p>\n<h2>En peluquer\u00eda por los pelos apuestan por las nuevas tecnolog\u00edas.<\/h2>\n<p>Una parte del negocio se desarrolla en\u00a0la <a href=\"https:\/\/www.facebook.com\/porlospelosourense\" target=\"_blank\" rel=\"noopener noreferrer\">p\u00e1gina de Facebook<\/a> del establecimiento, una red social a la que le est\u00e1n sacando partido, pues al negocio local tambi\u00e9n le conviene subirse al carro de las nuevas tecnolog\u00edas con ganas. En este caso es Iria quien da \u00abvidilla\u00bb a la peluquer\u00eda desde las redes.<\/p>\n<p>La decoraci\u00f3n del sal\u00f3n, con muebles de l\u00edneas sencillas y modernas, muy abierto y claro, a doble altura, con un frente de piedra de granito y mucha presencia de elementos de madera le a\u00f1ade calidez y modernidad.<\/p>\n<p><img loading=\"lazy\" decoding=\"async\" class=\"alignnone wp-image-1099\" title=\"Peluquer\u00eda por los pelos en Ourense\" src=\"http:\/\/www.maistendencia.com\/wp-content\/uploads\/2016\/01\/peluqueria-por-los-pelos-5.jpg\" alt=\"Peluquer\u00eda por los pelos en Ourense\" width=\"472\" height=\"839\" srcset=\"https:\/\/www.maistendencia.com\/blog\/wp-content\/uploads\/2016\/01\/peluqueria-por-los-pelos-5.jpg 405w, https:\/\/www.maistendencia.com\/blog\/wp-content\/uploads\/2016\/01\/peluqueria-por-los-pelos-5-169x300.jpg 169w\" sizes=\"auto, (max-width: 472px) 100vw, 472px\" \/><\/p>\n<p>As\u00ed es, en esencia, la <strong>Peluquer\u00eda Por los Pelos<\/strong>.<\/p>\n<p>Por cierto, si alguien se ha quedado con la curiosidad de saber algo m\u00e1s sobre el <i>elumen<\/i>, \u00a0Ana y tambi\u00e9n Pili nos explican que se trata de un pigmento natural que no lleva ning\u00fan tipo de oxidante ni amon\u00edaco, a diferencia de los convencionales. A trav\u00e9s del uso de iones, el pigmento se adhiere al cabello agarr\u00e1ndose mejor en la fibra capilar. De esta manera, el resultado es m\u00e1s duradero y aporta un brillo muy intenso.<\/p>\n<p>Dada la duraci\u00f3n del tratamiento no he tenido tiempo de quedarme para comprobar los resultados, as\u00ed que el que sienta curiosidad puede acercarse sin dudarlo a \u00abPor los Pelos\u00bb.<\/p>\n<p><strong>Como llegar:<\/strong><\/p>\n<iframe loading=\"lazy\" width=\"420\" height=\"400\" frameborder=\"0\" scrolling=\"no\" marginheight=\"0\" marginwidth=\"0\" src=\"https:\/\/www.google.com\/maps\/embed?pb=!1m14!1m12!1m3!1d567.6990684574922!2d-7.8656778636741524!3d42.343180573192896!2m3!1f0!2f0!3f0!3m2!1i1024!2i768!4f13.1!5e1!3m2!1ses!2ses!4v1453304622084\"><\/iframe>\n","protected":false},"excerpt":{"rendered":"<p>Durante mi visita a la peluquer\u00eda Por los Pelos\u00a0encontr\u00e9 a su propietaria, Ana V\u00e1zquez, aplicando un tratamiento de color llamado elumen sobre la cabellera de una clienta. Esta fue la manera de tener un ratito,&#8230;<br \/><a href=\"https:\/\/www.maistendencia.com\/blog\/peluqueria-por-los-pelos\/\"> Continuar leyendo&#8230;<\/a><\/p>\n","protected":false},"author":2,"featured_media":1341,"comment_status":"open","ping_status":"closed","sticky":false,"template":"","format":"standard","meta":{"footnotes":""},"categories":[4,57],"tags":[467,63,69],"class_list":["post-1129","post","type-post","status-publish","format-standard","has-post-thumbnail","hentry","category-cuidate","category-de-tiendas","tag-belleza","tag-ourense","tag-peluqueria"],"aioseo_notices":[],"_links":{"self":[{"href":"https:\/\/www.maistendencia.com\/blog\/wp-json\/wp\/v2\/posts\/1129","targetHints":{"allow":["GET"]}}],"collection":[{"href":"https:\/\/www.maistendencia.com\/blog\/wp-json\/wp\/v2\/posts"}],"about":[{"href":"https:\/\/www.maistendencia.com\/blog\/wp-json\/wp\/v2\/types\/post"}],"author":[{"embeddable":true,"href":"https:\/\/www.maistendencia.com\/blog\/wp-json\/wp\/v2\/users\/2"}],"replies":[{"embeddable":true,"href":"https:\/\/www.maistendencia.com\/blog\/wp-json\/wp\/v2\/comments?post=1129"}],"version-history":[{"count":1,"href":"https:\/\/www.maistendencia.com\/blog\/wp-json\/wp\/v2\/posts\/1129\/revisions"}],"predecessor-version":[{"id":7106,"href":"https:\/\/www.maistendencia.com\/blog\/wp-json\/wp\/v2\/posts\/1129\/revisions\/7106"}],"wp:featuredmedia":[{"embeddable":true,"href":"https:\/\/www.maistendencia.com\/blog\/wp-json\/wp\/v2\/media\/1341"}],"wp:attachment":[{"href":"https:\/\/www.maistendencia.com\/blog\/wp-json\/wp\/v2\/media?parent=1129"}],"wp:term":[{"taxonomy":"category","embeddable":true,"href":"https:\/\/www.maistendencia.com\/blog\/wp-json\/wp\/v2\/categories?post=1129"},{"taxonomy":"post_tag","embeddable":true,"href":"https:\/\/www.maistendencia.com\/blog\/wp-json\/wp\/v2\/tags?post=1129"}],"curies":[{"name":"wp","href":"https:\/\/api.w.org\/{rel}","templated":true}]}}