{"id":1125,"date":"2016-01-20T16:46:00","date_gmt":"2016-01-20T14:46:00","guid":{"rendered":"http:\/\/www.maistendencia.com\/?p=1125"},"modified":"2022-02-07T13:32:17","modified_gmt":"2022-02-07T11:32:17","slug":"clothesandco","status":"publish","type":"post","link":"https:\/\/www.maistendencia.com\/blog\/clothesandco\/","title":{"rendered":"Clothes&#038;CO"},"content":{"rendered":"<p>La <a href=\"https:\/\/www.facebook.com\/clothesandcoshop\/?fref=ts\">tienda de ropa femenina Clothes&amp;CO<\/a> es un negocio al que se sube en ascensor (tambi\u00e9n por las escaleras), pues est\u00e1 situada en una vivienda, ahora convertida en boutique, en el segundo derecha del n\u00famero 23 de la c\u00e9ntrica r\u00faa del Paseo en <a href=\"http:\/\/www.ourensecentro.com\/\" target=\"_blank\" rel=\"noopener noreferrer\">Ourense<\/a>.<\/p>\n<p>Su ubicaci\u00f3n, alejada de la primera l\u00ednea de calle, transita un concepto de negocio cosmopolita, no desconocido en grandes ciudades, pero innovador, donde las <strong>tiendas montadas en pisos o apartamentos<\/strong> crean espacios personales, acogedores, incluso familiares, donde \u00abla clientela se siente como en casa\u00bb, no s\u00f3lo en sentido figurado.<\/p>\n<p><img loading=\"lazy\" decoding=\"async\" class=\"alignnone size-full wp-image-1120\" src=\"http:\/\/www.maistendencia.com\/wp-content\/uploads\/2016\/01\/clothes-CO-9.jpg\" alt=\"clothes-&amp;-CO-9\" width=\"585\" height=\"594\" srcset=\"https:\/\/www.maistendencia.com\/blog\/wp-content\/uploads\/2016\/01\/clothes-CO-9.jpg 585w, https:\/\/www.maistendencia.com\/blog\/wp-content\/uploads\/2016\/01\/clothes-CO-9-295x300.jpg 295w\" sizes=\"auto, (max-width: 585px) 100vw, 585px\" \/><\/p>\n<p><strong>La idea, pionera en nuestra capital<\/strong>, se concret\u00f3 en marzo de 2015, fruto de la inspiraci\u00f3n de Pilar L\u00f3pez, emprendedora titulada en Publicidad y RRPP y enamorada de la ropa \u00abdesde muy peque\u00f1a -afirma-, cuando jugaba con la rueda de Dise\u00f1a la moda\u00bb, aquel juguete que hoy es objeto de culto para quienes pertenecimos a la llamada generaci\u00f3n de la EGB.<\/p>\n<p>\u00abLa gente primero entra con algo de reparo, as\u00ed que dejamos que transite libremente y enseguida se hace al espacio. Una vez sucede se sienten tan c\u00f3modos que muchos ni usan los probadores, porque est\u00e1n como en su casa\u00bb, comenta Pilar.<\/p>\n<p><img loading=\"lazy\" decoding=\"async\" class=\"alignnone size-full wp-image-1116\" src=\"http:\/\/www.maistendencia.com\/wp-content\/uploads\/2016\/01\/clothes-CO-5.jpg\" alt=\"clothes-&amp;-CO-5\" width=\"587\" height=\"592\" srcset=\"https:\/\/www.maistendencia.com\/blog\/wp-content\/uploads\/2016\/01\/clothes-CO-5.jpg 587w, https:\/\/www.maistendencia.com\/blog\/wp-content\/uploads\/2016\/01\/clothes-CO-5-150x150.jpg 150w, https:\/\/www.maistendencia.com\/blog\/wp-content\/uploads\/2016\/01\/clothes-CO-5-297x300.jpg 297w\" sizes=\"auto, (max-width: 587px) 100vw, 587px\" \/><\/p>\n<p>Esta es la reacci\u00f3n que produce este espacio que, ciertamente transmite calidez e intimidad, y, al final, \u00abayuda a establecer una estrecha relaci\u00f3n con las clientas\u00bb, admite.<\/p>\n<p>Sin duda, este efecto se debe en parte a la decoraci\u00f3n y elecci\u00f3n de la vivienda, un piso antiguo que rezuma un estilo parisino, con techos altos, suelos de anchos listones de madera, barnizados para resaltar su color miel, grandes ventanas y una preciosa cristalera en el interior.<\/p>\n<p><img loading=\"lazy\" decoding=\"async\" class=\"alignnone size-full wp-image-1114\" src=\"http:\/\/www.maistendencia.com\/wp-content\/uploads\/2016\/01\/clothes-CO-3.jpg\" alt=\"clothes-&amp;-CO-3\" width=\"591\" height=\"592\" srcset=\"https:\/\/www.maistendencia.com\/blog\/wp-content\/uploads\/2016\/01\/clothes-CO-3.jpg 591w, https:\/\/www.maistendencia.com\/blog\/wp-content\/uploads\/2016\/01\/clothes-CO-3-150x150.jpg 150w, https:\/\/www.maistendencia.com\/blog\/wp-content\/uploads\/2016\/01\/clothes-CO-3-300x300.jpg 300w\" sizes=\"auto, (max-width: 591px) 100vw, 591px\" \/><\/p>\n<p>El azul gris\u00e1ceo de las paredes ha sido siempre el color de Pilar y se combina con el blanco de la madera y del resto de la marqueter\u00eda interior. Su madre confeccion\u00f3 delicados visillos que adornan las ventanas y las puertas de dos armarios antiguos de madera oscura recuperados de la casa de los bisabuelos, piezas que a muchos nos resultan familiares por conformar el mobiliario del hogar de nuestros respectivos ascendentes.<\/p>\n<p>En uno de ellos se exhibe un delicado conjunto de lencer\u00eda de terciopelo de la marca TCN, cuyo brillo y color deja resaltar la discreta iluminaci\u00f3n del interior del mueble, para que la madera oscura no coma luz a la prenda.<\/p>\n<p><img loading=\"lazy\" decoding=\"async\" class=\"alignnone size-full wp-image-1113\" src=\"http:\/\/www.maistendencia.com\/wp-content\/uploads\/2016\/01\/clothes-CO-2.jpg\" alt=\"clothes-&amp;-CO-2\" width=\"585\" height=\"593\" srcset=\"https:\/\/www.maistendencia.com\/blog\/wp-content\/uploads\/2016\/01\/clothes-CO-2.jpg 585w, https:\/\/www.maistendencia.com\/blog\/wp-content\/uploads\/2016\/01\/clothes-CO-2-296x300.jpg 296w\" sizes=\"auto, (max-width: 585px) 100vw, 585px\" \/><\/p>\n<p>En otra estancia destaca una c\u00f3moda de madera pintada de blanco, que una amiga de Pilar se ocup\u00f3 de transformar en vitrina y donde se exhiben contadas piezas de alta bisuter\u00eda-joyer\u00eda de la marca <a href=\"http:\/\/www.5octobre.com\/\" target=\"_blank\" rel=\"noopener noreferrer\">5 Octobre<\/a>.<\/p>\n<p>Un herrero de Pontevedra elabor\u00f3 los burros de forja de donde cuelgan prendas de <a href=\"http:\/\/www.miandco.es\/\" target=\"_blank\" rel=\"noopener noreferrer\">Mi&amp;co<\/a>, Amator (de una de las dise\u00f1adoras del equipo de Isabel Marant), <a href=\"http:\/\/www.americanvintage-store.com\/en\/\" target=\"_blank\" rel=\"noopener noreferrer\">American Vintage<\/a> , <a href=\"http:\/\/www.samsoe.com\/\" target=\"_blank\" rel=\"noopener noreferrer\">Samsoe<\/a>, Jolie Jolie o <a href=\"https:\/\/masscob.com\/\" target=\"_blank\" rel=\"nofollow noopener noreferrer\">Masscob<\/a> (la se\u00f1a bajo la que se comercializan las prendas del joven matrimonio de dise\u00f1adores, formado por Marga Massanet y Jacobo Cobi\u00e1n, establecidos en A Coru\u00f1a y que constituye una de las firmas ense\u00f1a de la tienda de Pilar).<\/p>\n<p><img loading=\"lazy\" decoding=\"async\" class=\"alignnone size-full wp-image-1115\" src=\"http:\/\/www.maistendencia.com\/wp-content\/uploads\/2016\/01\/clothes-CO-4.jpg\" alt=\"clothes-&amp;-CO-4\" width=\"589\" height=\"593\" srcset=\"https:\/\/www.maistendencia.com\/blog\/wp-content\/uploads\/2016\/01\/clothes-CO-4.jpg 589w, https:\/\/www.maistendencia.com\/blog\/wp-content\/uploads\/2016\/01\/clothes-CO-4-150x150.jpg 150w, https:\/\/www.maistendencia.com\/blog\/wp-content\/uploads\/2016\/01\/clothes-CO-4-298x300.jpg 298w\" sizes=\"auto, (max-width: 589px) 100vw, 589px\" \/><\/p>\n<p>\u00c9stas son algunas de las marcas que nos encontramos de entre una estudiada selecci\u00f3n realizada por la propietaria, donde la criba se sit\u00faa en los <strong>altos est\u00e1ndares de calidad de los tejidos<\/strong>, de la que se asegura personalmente, porque \u00abesta es la ropa que me compro y que uso desde hace much\u00edsimo tiempo\u00bb, asegura.<\/p>\n<p>La <strong>atemporalidad de los patrones de dise\u00f1o<\/strong> es otra de las se\u00f1as de identidad que marcan el estilo de Clothes&amp;Co. De nuevo Pilar es su propio referente, pues responden a sus gustos y preferencias.\u00bbSe trata de prendas que forman un excelente fondo de armario, vers\u00e1tiles, que sirvan para el d\u00eda a d\u00eda, pero que con un complemento adecuado se lleven en ocasiones especiales, con gamas de colores suaves y muy combinables\u00bb, explica.<\/p>\n<p><img loading=\"lazy\" decoding=\"async\" class=\"alignnone size-full wp-image-1118\" src=\"http:\/\/www.maistendencia.com\/wp-content\/uploads\/2016\/01\/clothes-CO-7.jpg\" alt=\"clothes-&amp;-CO-7\" width=\"580\" height=\"586\" srcset=\"https:\/\/www.maistendencia.com\/blog\/wp-content\/uploads\/2016\/01\/clothes-CO-7.jpg 580w, https:\/\/www.maistendencia.com\/blog\/wp-content\/uploads\/2016\/01\/clothes-CO-7-297x300.jpg 297w\" sizes=\"auto, (max-width: 580px) 100vw, 580px\" \/><\/p>\n<p>La ropa est\u00e1 tan arm\u00f3nicamente dispuesta en la tienda, metida en cajones abiertos de armarios o c\u00f3modas, sobre cajas a modo de estanter\u00edas o pelda\u00f1os de escaleras m\u00f3viles, lo que permite cogerla, y mirarla como si lo hic\u00e9semos en casa de una amiga, cuando nos invita a curiosear y probar de su propio armario recientes adquisiciones.<\/p>\n<p>Como llegar:<br \/>\n<iframe loading=\"lazy\" width=\"420\" height=\"400\" frameborder=\"0\" scrolling=\"no\" marginheight=\"0\" marginwidth=\"0\" src=\"https:\/\/www.google.com\/maps\/embed?pb=!1m13!1m11!1m3!1d1077.8995462753276!2d-7.864477706701248!3d42.340396488121904!2m2!1f0!2f0!3m2!1i1024!2i768!4f13.1!5e1!3m2!1ses!2ses!4v1453294546089\"><\/iframe><\/p>\n","protected":false},"excerpt":{"rendered":"<p>La tienda de ropa femenina Clothes&amp;CO es un negocio al que se sube en ascensor (tambi\u00e9n por las escaleras), pues est\u00e1 situada en una vivienda, ahora convertida en boutique, en el segundo derecha del n\u00famero&#8230;<br \/><a href=\"https:\/\/www.maistendencia.com\/blog\/clothesandco\/\"> Continuar leyendo&#8230;<\/a><\/p>\n","protected":false},"author":2,"featured_media":1123,"comment_status":"open","ping_status":"closed","sticky":false,"template":"","format":"standard","meta":{"footnotes":""},"categories":[57,3],"tags":[581,71,62,518,12,324],"class_list":["post-1125","post","type-post","status-publish","format-standard","has-post-thumbnail","hentry","category-de-tiendas","category-moda","tag-clothes-co","tag-lenceria","tag-moda","tag-moda-joven","tag-ropa","tag-vestidos"],"aioseo_notices":[],"_links":{"self":[{"href":"https:\/\/www.maistendencia.com\/blog\/wp-json\/wp\/v2\/posts\/1125","targetHints":{"allow":["GET"]}}],"collection":[{"href":"https:\/\/www.maistendencia.com\/blog\/wp-json\/wp\/v2\/posts"}],"about":[{"href":"https:\/\/www.maistendencia.com\/blog\/wp-json\/wp\/v2\/types\/post"}],"author":[{"embeddable":true,"href":"https:\/\/www.maistendencia.com\/blog\/wp-json\/wp\/v2\/users\/2"}],"replies":[{"embeddable":true,"href":"https:\/\/www.maistendencia.com\/blog\/wp-json\/wp\/v2\/comments?post=1125"}],"version-history":[{"count":2,"href":"https:\/\/www.maistendencia.com\/blog\/wp-json\/wp\/v2\/posts\/1125\/revisions"}],"predecessor-version":[{"id":8955,"href":"https:\/\/www.maistendencia.com\/blog\/wp-json\/wp\/v2\/posts\/1125\/revisions\/8955"}],"wp:featuredmedia":[{"embeddable":true,"href":"https:\/\/www.maistendencia.com\/blog\/wp-json\/wp\/v2\/media\/1123"}],"wp:attachment":[{"href":"https:\/\/www.maistendencia.com\/blog\/wp-json\/wp\/v2\/media?parent=1125"}],"wp:term":[{"taxonomy":"category","embeddable":true,"href":"https:\/\/www.maistendencia.com\/blog\/wp-json\/wp\/v2\/categories?post=1125"},{"taxonomy":"post_tag","embeddable":true,"href":"https:\/\/www.maistendencia.com\/blog\/wp-json\/wp\/v2\/tags?post=1125"}],"curies":[{"name":"wp","href":"https:\/\/api.w.org\/{rel}","templated":true}]}}